{"id":9617,"date":"2019-09-16T06:18:53","date_gmt":"2019-09-16T04:18:53","guid":{"rendered":"https:\/\/www.lengyelrobert.hu\/2019\/09\/2019-09-16-i-facebook-bejegyzes-2\/"},"modified":"2019-09-16T06:18:53","modified_gmt":"2019-09-16T04:18:53","slug":"2019-09-16-i-facebook-bejegyzes-2","status":"publish","type":"post","link":"https:\/\/www.lengyelrobert.hu\/index.php\/2019\/09\/16\/2019-09-16-i-facebook-bejegyzes-2\/","title":{"rendered":"2019.09.16-i Facebook bejegyz\u00e9s"},"content":{"rendered":"<p>Egy kis mosoly \u00edgy h\u00e9tf\u0151 reggel a kamp\u00e1nyban, a sok \u00f6sszeh\u00fazott szem\u00f6ld\u00f6k k\u00f6z\u00f6tt\u2026<\/p>\n<p>A kl\u00edmav\u00e1ltoz\u00e1s negat\u00edv hat\u00e1sai cs\u00f6kkent\u00e9s\u00e9nek egyik legk\u00e9zenfekv\u0151bb \u00e9s legegyszer\u0171bb m\u00f3dja a hozz\u00e1\u00e9rt\u0151k szerint is a fa\u00fcltet\u00e9s. Erre biztatom magam is v\u00e1rosunk azon polg\u00e1rait, akik megfelel\u0151 ter\u00fclettel rendelkeznek ehhez. De a v\u00e1ros sem lehet t\u00e9tlen. A minap figyeltem fel egy olyan \u00f6nzetlen ember kezdem\u00e9nyez\u00e9s\u00e9re, aki facsemet\u00e9k \u00f6nkorm\u00e1nyzatok r\u00e9sz\u00e9re t\u00f6rt\u00e9n\u0151 ingyenes biztos\u00edt\u00e1s\u00e1val akar tenni az \u00fcgy \u00e9rdek\u00e9ben. Felvettem vele a kapcsolatot \u00e9s l\u00e1ss csod\u00e1t: adom\u00e1nyk\u00e9nt r\u00f6videsen 150 db. kocs\u00e1nyos t\u00f6lgy csemet\u00e9vel gazdagodhatunk. A v\u00e1ros f\u0151kert\u00e9sze m\u00e1r a telep\u00edt\u00e9sre alkalmas ter\u00fcleteket is kijel\u00f6lte. Erdei fafajt\u00e1r\u00f3l l\u00e9v\u00e9n sz\u00f3, utcai sorfa \u00fcltet\u00e9sre nem val\u00f3, de a t\u00f6reki term\u00e9szetv\u00e9delmi ter\u00fclet\u00fcnket, valamint a Somlay utc\u00e1ban, a t\u0171zolt\u00f3 laktanya el\u0151tti parlagot be\u00fcltetj\u00fck vel\u00fck. (Az sem v\u00e9letlen, hogy a v\u00e1laszt\u00e1si programomban is szerepel \u00e9vente minimum 100-100 db. fa el\u00fcltet\u00e9se v\u00e1rosszerte.)<\/p>\n<p>Bar\u00e1ts\u00e1ggal: R.<\/p>\n","protected":false},"excerpt":{"rendered":"<p>Egy kis mosoly \u00edgy h\u00e9tf\u0151 reggel a kamp\u00e1nyban, a sok \u00f6sszeh\u00fazott szem\u00f6ld\u00f6k k\u00f6z\u00f6tt\u2026 A kl\u00edmav\u00e1ltoz\u00e1s negat\u00edv hat\u00e1sai cs\u00f6kkent\u00e9s\u00e9nek egyik legk\u00e9zenfekv\u0151bb \u00e9s legegyszer\u0171bb m\u00f3dja a hozz\u00e1\u00e9rt\u0151k szerint is a fa\u00fcltet\u00e9s. Erre biztatom magam is v\u00e1rosunk azon polg\u00e1rait, akik megfelel\u0151 ter\u00fclettel rendelkeznek ehhez. De a v\u00e1ros sem lehet t\u00e9tlen. A minap figyeltem fel egy olyan \u00f6nzetlen ember [&hellip;]<\/p>\n","protected":false},"author":1,"featured_media":9618,"comment_status":"closed","ping_status":"closed","sticky":false,"template":"","format":"standard","meta":{"_acf_changed":false,"_et_pb_use_builder":"","_et_pb_old_content":"","_et_gb_content_width":"","footnotes":""},"categories":[1],"tags":[],"class_list":["post-9617","post","type-post","status-publish","format-standard","has-post-thumbnail","hentry","category-uncategorized"],"acf":[],"yoast_head":"<!-- This site is optimized with the Yoast SEO plugin v23.8 - https:\/\/yoast.com\/wordpress\/plugins\/seo\/ -->\n<title>2019.09.16-i Facebook bejegyz\u00e9s - dr. Lengyel R\u00f3bert<\/title>\n<meta name=\"robots\" content=\"index, follow, max-snippet:-1, max-image-preview:large, max-video-preview:-1\" \/>\n<link rel=\"canonical\" href=\"https:\/\/www.lengyelrobert.hu\/index.php\/2019\/09\/16\/2019-09-16-i-facebook-bejegyzes-2\/\" \/>\n<meta property=\"og:locale\" content=\"hu_HU\" \/>\n<meta property=\"og:type\" content=\"article\" \/>\n<meta property=\"og:title\" content=\"2019.09.16-i Facebook bejegyz\u00e9s - dr. Lengyel R\u00f3bert\" \/>\n<meta property=\"og:description\" content=\"Egy kis mosoly \u00edgy h\u00e9tf\u0151 reggel a kamp\u00e1nyban, a sok \u00f6sszeh\u00fazott szem\u00f6ld\u00f6k k\u00f6z\u00f6tt\u2026 A kl\u00edmav\u00e1ltoz\u00e1s negat\u00edv hat\u00e1sai cs\u00f6kkent\u00e9s\u00e9nek egyik legk\u00e9zenfekv\u0151bb \u00e9s legegyszer\u0171bb m\u00f3dja a hozz\u00e1\u00e9rt\u0151k szerint is a fa\u00fcltet\u00e9s. Erre biztatom magam is v\u00e1rosunk azon polg\u00e1rait, akik megfelel\u0151 ter\u00fclettel rendelkeznek ehhez. De a v\u00e1ros sem lehet t\u00e9tlen. A minap figyeltem fel egy olyan \u00f6nzetlen ember [&hellip;]\" \/>\n<meta property=\"og:url\" content=\"https:\/\/www.lengyelrobert.hu\/index.php\/2019\/09\/16\/2019-09-16-i-facebook-bejegyzes-2\/\" \/>\n<meta property=\"og:site_name\" content=\"dr. Lengyel R\u00f3bert\" \/>\n<meta property=\"article:published_time\" content=\"2019-09-16T04:18:53+00:00\" \/>\n<meta property=\"og:image\" content=\"https:\/\/www.lengyelrobert.hu\/wp-content\/uploads\/2019\/09\/70084043_2327858387481306_6890290263445471232_n_2327858384147973-1.png\" \/>\n\t<meta property=\"og:image:width\" content=\"225\" \/>\n\t<meta property=\"og:image:height\" content=\"328\" \/>\n\t<meta property=\"og:image:type\" content=\"image\/png\" \/>\n<meta name=\"author\" content=\"webmaster\" \/>\n<meta name=\"twitter:card\" content=\"summary_large_image\" \/>\n<meta name=\"twitter:label1\" content=\"Szerz\u0151:\" \/>\n\t<meta name=\"twitter:data1\" content=\"webmaster\" \/>\n\t<meta name=\"twitter:label2\" content=\"Becs\u00fclt olvas\u00e1si id\u0151\" \/>\n\t<meta name=\"twitter:data2\" content=\"1 perc\" \/>\n<script type=\"application\/ld+json\" class=\"yoast-schema-graph\">{\"@context\":\"https:\/\/schema.org\",\"@graph\":[{\"@type\":\"WebPage\",\"@id\":\"https:\/\/www.lengyelrobert.hu\/index.php\/2019\/09\/16\/2019-09-16-i-facebook-bejegyzes-2\/\",\"url\":\"https:\/\/www.lengyelrobert.hu\/index.php\/2019\/09\/16\/2019-09-16-i-facebook-bejegyzes-2\/\",\"name\":\"2019.09.16-i Facebook bejegyz\u00e9s - dr. Lengyel R\u00f3bert\",\"isPartOf\":{\"@id\":\"https:\/\/www.lengyelrobert.hu\/#website\"},\"primaryImageOfPage\":{\"@id\":\"https:\/\/www.lengyelrobert.hu\/index.php\/2019\/09\/16\/2019-09-16-i-facebook-bejegyzes-2\/#primaryimage\"},\"image\":{\"@id\":\"https:\/\/www.lengyelrobert.hu\/index.php\/2019\/09\/16\/2019-09-16-i-facebook-bejegyzes-2\/#primaryimage\"},\"thumbnailUrl\":\"https:\/\/www.lengyelrobert.hu\/wp-content\/uploads\/2019\/09\/70084043_2327858387481306_6890290263445471232_n_2327858384147973-1.png\",\"datePublished\":\"2019-09-16T04:18:53+00:00\",\"dateModified\":\"2019-09-16T04:18:53+00:00\",\"author\":{\"@id\":\"https:\/\/www.lengyelrobert.hu\/#\/schema\/person\/2926fe5141a59e6530d8a411eb7bfb2d\"},\"breadcrumb\":{\"@id\":\"https:\/\/www.lengyelrobert.hu\/index.php\/2019\/09\/16\/2019-09-16-i-facebook-bejegyzes-2\/#breadcrumb\"},\"inLanguage\":\"hu\",\"potentialAction\":[{\"@type\":\"ReadAction\",\"target\":[\"https:\/\/www.lengyelrobert.hu\/index.php\/2019\/09\/16\/2019-09-16-i-facebook-bejegyzes-2\/\"]}]},{\"@type\":\"ImageObject\",\"inLanguage\":\"hu\",\"@id\":\"https:\/\/www.lengyelrobert.hu\/index.php\/2019\/09\/16\/2019-09-16-i-facebook-bejegyzes-2\/#primaryimage\",\"url\":\"https:\/\/www.lengyelrobert.hu\/wp-content\/uploads\/2019\/09\/70084043_2327858387481306_6890290263445471232_n_2327858384147973-1.png\",\"contentUrl\":\"https:\/\/www.lengyelrobert.hu\/wp-content\/uploads\/2019\/09\/70084043_2327858387481306_6890290263445471232_n_2327858384147973-1.png\",\"width\":225,\"height\":328},{\"@type\":\"BreadcrumbList\",\"@id\":\"https:\/\/www.lengyelrobert.hu\/index.php\/2019\/09\/16\/2019-09-16-i-facebook-bejegyzes-2\/#breadcrumb\",\"itemListElement\":[{\"@type\":\"ListItem\",\"position\":1,\"name\":\"Home\",\"item\":\"https:\/\/www.lengyelrobert.hu\/\"},{\"@type\":\"ListItem\",\"position\":2,\"name\":\"2019.09.16-i Facebook bejegyz\u00e9s\"}]},{\"@type\":\"WebSite\",\"@id\":\"https:\/\/www.lengyelrobert.hu\/#website\",\"url\":\"https:\/\/www.lengyelrobert.hu\/\",\"name\":\"dr. Lengyel R\u00f3bert\",\"description\":\"A Becs\u00fclettel Si\u00f3fok\u00e9rt Egyes\u00fclet honlapja\",\"potentialAction\":[{\"@type\":\"SearchAction\",\"target\":{\"@type\":\"EntryPoint\",\"urlTemplate\":\"https:\/\/www.lengyelrobert.hu\/?s={search_term_string}\"},\"query-input\":{\"@type\":\"PropertyValueSpecification\",\"valueRequired\":true,\"valueName\":\"search_term_string\"}}],\"inLanguage\":\"hu\"},{\"@type\":\"Person\",\"@id\":\"https:\/\/www.lengyelrobert.hu\/#\/schema\/person\/2926fe5141a59e6530d8a411eb7bfb2d\",\"name\":\"webmaster\",\"image\":{\"@type\":\"ImageObject\",\"inLanguage\":\"hu\",\"@id\":\"https:\/\/www.lengyelrobert.hu\/#\/schema\/person\/image\/\",\"url\":\"https:\/\/secure.gravatar.com\/avatar\/d53f7fc01f188bb097ecc2caf950c777c2cdc1ec48a2d1726a8399a2188940b0?s=96&d=mm&r=g\",\"contentUrl\":\"https:\/\/secure.gravatar.com\/avatar\/d53f7fc01f188bb097ecc2caf950c777c2cdc1ec48a2d1726a8399a2188940b0?s=96&d=mm&r=g\",\"caption\":\"webmaster\"},\"sameAs\":[\"https:\/\/www.lengyelrobert.hu\"],\"url\":\"https:\/\/www.lengyelrobert.hu\/index.php\/author\/webmaster\/\"}]}<\/script>\n<!-- \/ Yoast SEO plugin. -->","yoast_head_json":{"title":"2019.09.16-i Facebook bejegyz\u00e9s - dr. Lengyel R\u00f3bert","robots":{"index":"index","follow":"follow","max-snippet":"max-snippet:-1","max-image-preview":"max-image-preview:large","max-video-preview":"max-video-preview:-1"},"canonical":"https:\/\/www.lengyelrobert.hu\/index.php\/2019\/09\/16\/2019-09-16-i-facebook-bejegyzes-2\/","og_locale":"hu_HU","og_type":"article","og_title":"2019.09.16-i Facebook bejegyz\u00e9s - dr. Lengyel R\u00f3bert","og_description":"Egy kis mosoly \u00edgy h\u00e9tf\u0151 reggel a kamp\u00e1nyban, a sok \u00f6sszeh\u00fazott szem\u00f6ld\u00f6k k\u00f6z\u00f6tt\u2026 A kl\u00edmav\u00e1ltoz\u00e1s negat\u00edv hat\u00e1sai cs\u00f6kkent\u00e9s\u00e9nek egyik legk\u00e9zenfekv\u0151bb \u00e9s legegyszer\u0171bb m\u00f3dja a hozz\u00e1\u00e9rt\u0151k szerint is a fa\u00fcltet\u00e9s. Erre biztatom magam is v\u00e1rosunk azon polg\u00e1rait, akik megfelel\u0151 ter\u00fclettel rendelkeznek ehhez. De a v\u00e1ros sem lehet t\u00e9tlen. A minap figyeltem fel egy olyan \u00f6nzetlen ember [&hellip;]","og_url":"https:\/\/www.lengyelrobert.hu\/index.php\/2019\/09\/16\/2019-09-16-i-facebook-bejegyzes-2\/","og_site_name":"dr. Lengyel R\u00f3bert","article_published_time":"2019-09-16T04:18:53+00:00","og_image":[{"width":225,"height":328,"url":"https:\/\/www.lengyelrobert.hu\/wp-content\/uploads\/2019\/09\/70084043_2327858387481306_6890290263445471232_n_2327858384147973-1.png","type":"image\/png"}],"author":"webmaster","twitter_card":"summary_large_image","twitter_misc":{"Szerz\u0151:":"webmaster","Becs\u00fclt olvas\u00e1si id\u0151":"1 perc"},"schema":{"@context":"https:\/\/schema.org","@graph":[{"@type":"WebPage","@id":"https:\/\/www.lengyelrobert.hu\/index.php\/2019\/09\/16\/2019-09-16-i-facebook-bejegyzes-2\/","url":"https:\/\/www.lengyelrobert.hu\/index.php\/2019\/09\/16\/2019-09-16-i-facebook-bejegyzes-2\/","name":"2019.09.16-i Facebook bejegyz\u00e9s - dr. Lengyel R\u00f3bert","isPartOf":{"@id":"https:\/\/www.lengyelrobert.hu\/#website"},"primaryImageOfPage":{"@id":"https:\/\/www.lengyelrobert.hu\/index.php\/2019\/09\/16\/2019-09-16-i-facebook-bejegyzes-2\/#primaryimage"},"image":{"@id":"https:\/\/www.lengyelrobert.hu\/index.php\/2019\/09\/16\/2019-09-16-i-facebook-bejegyzes-2\/#primaryimage"},"thumbnailUrl":"https:\/\/www.lengyelrobert.hu\/wp-content\/uploads\/2019\/09\/70084043_2327858387481306_6890290263445471232_n_2327858384147973-1.png","datePublished":"2019-09-16T04:18:53+00:00","dateModified":"2019-09-16T04:18:53+00:00","author":{"@id":"https:\/\/www.lengyelrobert.hu\/#\/schema\/person\/2926fe5141a59e6530d8a411eb7bfb2d"},"breadcrumb":{"@id":"https:\/\/www.lengyelrobert.hu\/index.php\/2019\/09\/16\/2019-09-16-i-facebook-bejegyzes-2\/#breadcrumb"},"inLanguage":"hu","potentialAction":[{"@type":"ReadAction","target":["https:\/\/www.lengyelrobert.hu\/index.php\/2019\/09\/16\/2019-09-16-i-facebook-bejegyzes-2\/"]}]},{"@type":"ImageObject","inLanguage":"hu","@id":"https:\/\/www.lengyelrobert.hu\/index.php\/2019\/09\/16\/2019-09-16-i-facebook-bejegyzes-2\/#primaryimage","url":"https:\/\/www.lengyelrobert.hu\/wp-content\/uploads\/2019\/09\/70084043_2327858387481306_6890290263445471232_n_2327858384147973-1.png","contentUrl":"https:\/\/www.lengyelrobert.hu\/wp-content\/uploads\/2019\/09\/70084043_2327858387481306_6890290263445471232_n_2327858384147973-1.png","width":225,"height":328},{"@type":"BreadcrumbList","@id":"https:\/\/www.lengyelrobert.hu\/index.php\/2019\/09\/16\/2019-09-16-i-facebook-bejegyzes-2\/#breadcrumb","itemListElement":[{"@type":"ListItem","position":1,"name":"Home","item":"https:\/\/www.lengyelrobert.hu\/"},{"@type":"ListItem","position":2,"name":"2019.09.16-i Facebook bejegyz\u00e9s"}]},{"@type":"WebSite","@id":"https:\/\/www.lengyelrobert.hu\/#website","url":"https:\/\/www.lengyelrobert.hu\/","name":"dr. Lengyel R\u00f3bert","description":"A Becs\u00fclettel Si\u00f3fok\u00e9rt Egyes\u00fclet honlapja","potentialAction":[{"@type":"SearchAction","target":{"@type":"EntryPoint","urlTemplate":"https:\/\/www.lengyelrobert.hu\/?s={search_term_string}"},"query-input":{"@type":"PropertyValueSpecification","valueRequired":true,"valueName":"search_term_string"}}],"inLanguage":"hu"},{"@type":"Person","@id":"https:\/\/www.lengyelrobert.hu\/#\/schema\/person\/2926fe5141a59e6530d8a411eb7bfb2d","name":"webmaster","image":{"@type":"ImageObject","inLanguage":"hu","@id":"https:\/\/www.lengyelrobert.hu\/#\/schema\/person\/image\/","url":"https:\/\/secure.gravatar.com\/avatar\/d53f7fc01f188bb097ecc2caf950c777c2cdc1ec48a2d1726a8399a2188940b0?s=96&d=mm&r=g","contentUrl":"https:\/\/secure.gravatar.com\/avatar\/d53f7fc01f188bb097ecc2caf950c777c2cdc1ec48a2d1726a8399a2188940b0?s=96&d=mm&r=g","caption":"webmaster"},"sameAs":["https:\/\/www.lengyelrobert.hu"],"url":"https:\/\/www.lengyelrobert.hu\/index.php\/author\/webmaster\/"}]}},"_links":{"self":[{"href":"https:\/\/www.lengyelrobert.hu\/index.php\/wp-json\/wp\/v2\/posts\/9617","targetHints":{"allow":["GET"]}}],"collection":[{"href":"https:\/\/www.lengyelrobert.hu\/index.php\/wp-json\/wp\/v2\/posts"}],"about":[{"href":"https:\/\/www.lengyelrobert.hu\/index.php\/wp-json\/wp\/v2\/types\/post"}],"author":[{"embeddable":true,"href":"https:\/\/www.lengyelrobert.hu\/index.php\/wp-json\/wp\/v2\/users\/1"}],"replies":[{"embeddable":true,"href":"https:\/\/www.lengyelrobert.hu\/index.php\/wp-json\/wp\/v2\/comments?post=9617"}],"version-history":[{"count":0,"href":"https:\/\/www.lengyelrobert.hu\/index.php\/wp-json\/wp\/v2\/posts\/9617\/revisions"}],"wp:featuredmedia":[{"embeddable":true,"href":"https:\/\/www.lengyelrobert.hu\/index.php\/wp-json\/wp\/v2\/media\/9618"}],"wp:attachment":[{"href":"https:\/\/www.lengyelrobert.hu\/index.php\/wp-json\/wp\/v2\/media?parent=9617"}],"wp:term":[{"taxonomy":"category","embeddable":true,"href":"https:\/\/www.lengyelrobert.hu\/index.php\/wp-json\/wp\/v2\/categories?post=9617"},{"taxonomy":"post_tag","embeddable":true,"href":"https:\/\/www.lengyelrobert.hu\/index.php\/wp-json\/wp\/v2\/tags?post=9617"}],"curies":[{"name":"wp","href":"https:\/\/api.w.org\/{rel}","templated":true}]}}