{"id":9614,"date":"2019-09-17T07:43:40","date_gmt":"2019-09-17T05:43:40","guid":{"rendered":"https:\/\/www.lengyelrobert.hu\/2019\/09\/2019-09-17-i-facebook-bejegyzes-2\/"},"modified":"2019-09-17T07:43:40","modified_gmt":"2019-09-17T05:43:40","slug":"2019-09-17-i-facebook-bejegyzes-2","status":"publish","type":"post","link":"https:\/\/www.lengyelrobert.hu\/index.php\/2019\/09\/17\/2019-09-17-i-facebook-bejegyzes-2\/","title":{"rendered":"2019.09.17-i Facebook bejegyz\u00e9s"},"content":{"rendered":"<p>A \u201etisztess\u00e9ges kamp\u00e1ny\u201d jegy\u00e9ben&#8230;<\/p>\n<p>\u00d6mlik a si\u00f3foki postal\u00e1d\u00e1kba a lej\u00e1rat\u00e1somat c\u00e9lz\u00f3 szennyes sz\u00f3r\u00f3lapok sokas\u00e1ga, \u00f6mlenek a r\u00e1galmak r\u00e1m. \u00dajabban \u201eGyurcs\u00e1nyista\u201d, ad\u00f3kkal nyomorgatni akar\u00f3, s\u0151t, most m\u00e1r WC-s n\u00e9niket zaklat\u00f3, mindenre alkalmatlan gazemberk\u00e9nt igyekeznek be\u00e1ll\u00edtani. Ezen k\u00edv\u00fcl gy\u0171l\u00f6letet is keltek \u00e9s mocskol\u00f3dok. (Ld. pl. a lenti fot\u00f3n \ud83d\ude42 ) Mindezt z\u00f6m\u00e9ben a FIDESZ \u00e9s Gruber Attila nev\u00e9t visel\u0151 sz\u00f3r\u00f3lapokon. \u00c9s, hogy m\u00e9g a r\u00e9szletekre sem figyelnek: \u00f6ntik az aljas r\u00e1galmakat, de ugyan azon sz\u00f3r\u00f3lapon meg b\u00e9k\u00e9s, nyugalmas k\u00f6z\u00e9letr\u0151l papolnak. K\u00ednos mosolyra fakaszt\u00f3.<\/p>\n<p>Attila, sz\u00e1modra t\u00e9nyleg ez a jobboldalis\u00e1g, t\u00e9nyleg ez a kereszt\u00e9ny demokr\u00e1cia, ezek a konzervat\u00edv \u00e9rt\u00e9kek? Az \u00e9n olvasatomban, az \u00e9n \u00e9rt\u00e9krendemben nem. Sz\u00e1momra ez egyszer\u0171 gazembers\u00e9g, egyszer\u0171 gazemberek \u00e1ltal kifund\u00e1lva \u00e9s v\u00e9grehajtva. Mindennek semmi k\u00f6ze a nemzeti \u00e9rt\u00e9kekhez \u00e9s persze a kereszt\u00e9ny hit\u00fcnkh\u00f6z sem.<\/p>\n<p>Igazi lej\u00e1rat\u00f3 \u00e9s mindenhova befurakod\u00f3 kamp\u00e1nny\u00e1 sil\u00e1ny\u00edtj\u00e1k a politikai ellenfeleim ezt a p\u00e1r hetet. (Ha valaki felmegy az ut\u00f3bbi napokban az internetre, m\u00e9g a viagra rekl\u00e1mmal egy\u00fctt is Gruber \u00far hirdet\u00e9s\u00e9t dobja fel a g\u00e9p, a sz\u00f3r\u00f3lapok, \u00fajs\u00e1gok t\u00edzezreir\u0151l, az \u00f3ri\u00e1s plak\u00e1tok tucatjair\u00f3l nem is besz\u00e9lve. \ud83d\ude42 ). Sokat \u00e9s sok emberrel besz\u00e9lek, \u00e9s azt hiszem, nagyon kezd eleg\u00fck lenni, egyr\u00e9szt ebb\u0151l a rengeteg aljass\u00e1gb\u00f3l, m\u00e1sr\u00e9szt pedig a pimasz nyomul\u00e1sb\u00f3l is. M\u00e9g egy\u00e9bk\u00e9nt fideszes szavaz\u00f3k k\u00f6z\u00f6tt is vannak sz\u00e9p sz\u00e1mmal, akik a j\u00f3\u00edzl\u00e9s hat\u00e1r\u00e1n t\u00falinak \u00edt\u00e9lik Gruber \u00far kamp\u00e1ny\u00e1t. \u00c9n tov\u00e1bbra sem k\u00edv\u00e1nom felvenni ezt a szennyes keszty\u0171t. Igyekszem higgadt \u00e9s er\u0151s maradni, megmutatni, hogy nem mindenki ijed meg a saj\u00e1t \u00e1rny\u00e9k\u00e1t\u00f3l.<\/p>\n<p>De persze ez nem jelenti azt, hogy nekem nem lenne lehet\u0151s\u00e9gem arra, hogy b\u00f6kjek egy-egy f\u00e1j\u00f3t valakinek, r\u00e1ad\u00e1sul nem csak \u00fagy l\u00e9gb\u0151l kapott bubor\u00e9kokon. Csendben fel is tenn\u00e9k n\u00e9h\u00e1ny k\u00e9rd\u00e9st, amelyekre \u00e9n a v\u00e1laszt is tudom \u00e9s rajtam k\u00edv\u00fcl is sokan tudj\u00e1k a v\u00e1rosban. Nekem a ciklusban alig volt vagyongyarapod\u00e1som. (Ami kev\u00e9s meg volt, az annak k\u00f6sz\u00f6nhet\u0151, hogy takar\u00e9koskodunk, fogjuk a p\u00e9nzt, ahol lehet, hogy a lak\u00e1shitelt kifizethess\u00fck.) Vajon minden k\u00e9pvisel\u0151 elmondhatja ugyan ezt? \u00c9n nem dugdostam be \u00f6nkorm\u00e1nyzati c\u00e9gbe, vagy \u00e9pp fels\u0151oktat\u00e1si int\u00e9zm\u00e9nyi \u00e1ll\u00e1sba egyetlen csal\u00e1dtagomat sem. Vajon minden k\u00e9pvisel\u0151 elmondhatja ugyan ezt? (A h\u00fagom ugyan az egyik v\u00e1rosi int\u00e9zm\u00e9ny dolgoz\u00f3ja, de imm\u00e1r t\u00f6bb mint 20 \u00e9ve, \u00edgy nem nekem k\u00f6sz\u00f6nheti a munk\u00e1j\u00e1t.)<\/p>\n<p>Nekem egyetlen csal\u00e1dtagom sem \u00fcl \u00f6nkorm\u00e1nyzati tulajdon\u00fa c\u00e9g igazgat\u00f3s\u00e1g\u00e1ban. Vajon minden k\u00e9pvisel\u0151 elmondhatja ezt mag\u00e1r\u00f3l? <\/p>\n<p>Nekem, vagy csal\u00e1dtagomnak egyetlen egy t\u00f6bb milli\u00f3s v\u00e1llalkoz\u00e1si\/b\u00e9rleti szerz\u0151d\u00e9sem sincs a si\u00f3foki \u00f6nkorm\u00e1nyzattal. Vajon minden k\u00e9pvisel\u0151, avagy fideszes k\u00e9pvisel\u0151-jel\u00f6lt elmondhatja ugyan ezt? <\/p>\n<p>\u00c9n, vagy csal\u00e1dtagom \u00f6nkorm\u00e1nyzati rendezv\u00e9nyeken nem \u00e1rus\u00edtunk, r\u00e1ad\u00e1sul \u00fagy, hogy a rendezv\u00e9ny legjobb helye jutna mindig nek\u00fcnk, a \u201enem cs\u00f3kos\u201d \u00e1rusokat a placc sz\u00e9l\u00e9re szor\u00edtva. Vajon ezt a m\u00e1sik oldalon mindenki elmondhatja mag\u00e1r\u00f3l? H\u00e1t a v\u00e1laszok bizony: nem, nem, nem, nem \u00e9s nem.<\/p>\n<p>Sz\u00f3val egy dolog a szenny \u00f6mleszt\u00e9se r\u00e1m \u00e9s a k\u00f6rnyezetemre, a m\u00e1sik meg a rideg val\u00f3s\u00e1g kedves k\u00e9pvisel\u0151, illetve k\u00e9pvisel\u0151-jel\u00f6lt h\u00f6lgyek \u00e9s urak. T\u00e9nyszer\u0171s\u00e9gre, nyugalomra \u00e9s kell\u0151 szer\u00e9nys\u00e9gre intek mindenkit, aki a lej\u00e1rat\u00e1somban l\u00e1tja a saj\u00e1t \u00e9rv\u00e9nyes\u00fcl\u00e9s\u00e9nek \u00fatj\u00e1t. N\u00e9zze m\u00e1r k\u00f6rbe el\u0151sz\u00f6r mag\u00e1t az, aki ebben a szenny\u00e1radatban b\u00e1rmilyen szerepet v\u00e1llal \u00e9s gondolkozzon el miel\u0151tt a m\u00e1sokra val\u00f3 fr\u00f6cs\u00f6g\u00e9sben v\u00e1llal cinkoss\u00e1got\u2026<\/p>\n<p>Nem v\u00e9letlen az a v\u00e1laszt\u00e1si \u00edg\u00e9retem, hogy a leend\u0151 k\u00e9pvisel\u0151-test\u00fclettel etikai szab\u00e1lyzatot k\u00edv\u00e1nok elfogadtatni, amely kiz\u00e1rn\u00e1, hogy k\u00e9pvisel\u0151, avagy k\u00f6zeli hozz\u00e1tartoz\u00f3ja \u00f6nkorm\u00e1nyzati \u201eszerz\u0151d\u00e9sekben\u201d r\u00e9szes\u00fclhessen. D\u00f6ntse el mindenki: k\u00e9pvisel\u0151 akar-e lenni, avagy v\u00e1rosi k\u00f6zp\u00e9nzhez k\u00edv\u00e1n-e jutni. A kett\u0151 egy\u00fctt az \u00e9n olvasatomban ugyan is kiz\u00e1rja egym\u00e1st&#8230;<\/p>\n<p>Osszuk h\u00e1t&#8230;<\/p>\n<p>Bar\u00e1ts\u00e1ggal: R.<\/p>\n","protected":false},"excerpt":{"rendered":"<p>A \u201etisztess\u00e9ges kamp\u00e1ny\u201d jegy\u00e9ben&#8230; \u00d6mlik a si\u00f3foki postal\u00e1d\u00e1kba a lej\u00e1rat\u00e1somat c\u00e9lz\u00f3 szennyes sz\u00f3r\u00f3lapok sokas\u00e1ga, \u00f6mlenek a r\u00e1galmak r\u00e1m. \u00dajabban \u201eGyurcs\u00e1nyista\u201d, ad\u00f3kkal nyomorgatni akar\u00f3, s\u0151t, most m\u00e1r WC-s n\u00e9niket zaklat\u00f3, mindenre alkalmatlan gazemberk\u00e9nt igyekeznek be\u00e1ll\u00edtani. Ezen k\u00edv\u00fcl gy\u0171l\u00f6letet is keltek \u00e9s mocskol\u00f3dok. (Ld. pl. a lenti fot\u00f3n \ud83d\ude42 ) Mindezt z\u00f6m\u00e9ben a FIDESZ \u00e9s Gruber Attila [&hellip;]<\/p>\n","protected":false},"author":1,"featured_media":9615,"comment_status":"closed","ping_status":"closed","sticky":false,"template":"","format":"standard","meta":{"_acf_changed":false,"_et_pb_use_builder":"","_et_pb_old_content":"","_et_gb_content_width":"","footnotes":""},"categories":[1],"tags":[],"class_list":["post-9614","post","type-post","status-publish","format-standard","has-post-thumbnail","hentry","category-uncategorized"],"acf":[],"yoast_head":"<!-- This site is optimized with the Yoast SEO plugin v23.8 - https:\/\/yoast.com\/wordpress\/plugins\/seo\/ -->\n<title>2019.09.17-i Facebook bejegyz\u00e9s - dr. Lengyel R\u00f3bert<\/title>\n<meta name=\"robots\" content=\"index, follow, max-snippet:-1, max-image-preview:large, max-video-preview:-1\" \/>\n<link rel=\"canonical\" href=\"https:\/\/www.lengyelrobert.hu\/index.php\/2019\/09\/17\/2019-09-17-i-facebook-bejegyzes-2\/\" \/>\n<meta property=\"og:locale\" content=\"hu_HU\" \/>\n<meta property=\"og:type\" content=\"article\" \/>\n<meta property=\"og:title\" content=\"2019.09.17-i Facebook bejegyz\u00e9s - dr. Lengyel R\u00f3bert\" \/>\n<meta property=\"og:description\" content=\"A \u201etisztess\u00e9ges kamp\u00e1ny\u201d jegy\u00e9ben&#8230; \u00d6mlik a si\u00f3foki postal\u00e1d\u00e1kba a lej\u00e1rat\u00e1somat c\u00e9lz\u00f3 szennyes sz\u00f3r\u00f3lapok sokas\u00e1ga, \u00f6mlenek a r\u00e1galmak r\u00e1m. \u00dajabban \u201eGyurcs\u00e1nyista\u201d, ad\u00f3kkal nyomorgatni akar\u00f3, s\u0151t, most m\u00e1r WC-s n\u00e9niket zaklat\u00f3, mindenre alkalmatlan gazemberk\u00e9nt igyekeznek be\u00e1ll\u00edtani. Ezen k\u00edv\u00fcl gy\u0171l\u00f6letet is keltek \u00e9s mocskol\u00f3dok. (Ld. pl. a lenti fot\u00f3n \ud83d\ude42 ) Mindezt z\u00f6m\u00e9ben a FIDESZ \u00e9s Gruber Attila [&hellip;]\" \/>\n<meta property=\"og:url\" content=\"https:\/\/www.lengyelrobert.hu\/index.php\/2019\/09\/17\/2019-09-17-i-facebook-bejegyzes-2\/\" \/>\n<meta property=\"og:site_name\" content=\"dr. Lengyel R\u00f3bert\" \/>\n<meta property=\"article:published_time\" content=\"2019-09-17T05:43:40+00:00\" \/>\n<meta property=\"og:image\" content=\"https:\/\/www.lengyelrobert.hu\/wp-content\/uploads\/2019\/09\/70770815_2328613134072498_7301429581267861504_n_2328613130739165-1.png\" \/>\n\t<meta property=\"og:image:width\" content=\"884\" \/>\n\t<meta property=\"og:image:height\" content=\"624\" \/>\n\t<meta property=\"og:image:type\" content=\"image\/png\" \/>\n<meta name=\"author\" content=\"webmaster\" \/>\n<meta name=\"twitter:card\" content=\"summary_large_image\" \/>\n<meta name=\"twitter:label1\" content=\"Szerz\u0151:\" \/>\n\t<meta name=\"twitter:data1\" content=\"webmaster\" \/>\n\t<meta name=\"twitter:label2\" content=\"Becs\u00fclt olvas\u00e1si id\u0151\" \/>\n\t<meta name=\"twitter:data2\" content=\"4 perc\" \/>\n<script type=\"application\/ld+json\" class=\"yoast-schema-graph\">{\"@context\":\"https:\/\/schema.org\",\"@graph\":[{\"@type\":\"WebPage\",\"@id\":\"https:\/\/www.lengyelrobert.hu\/index.php\/2019\/09\/17\/2019-09-17-i-facebook-bejegyzes-2\/\",\"url\":\"https:\/\/www.lengyelrobert.hu\/index.php\/2019\/09\/17\/2019-09-17-i-facebook-bejegyzes-2\/\",\"name\":\"2019.09.17-i Facebook bejegyz\u00e9s - dr. Lengyel R\u00f3bert\",\"isPartOf\":{\"@id\":\"https:\/\/www.lengyelrobert.hu\/#website\"},\"primaryImageOfPage\":{\"@id\":\"https:\/\/www.lengyelrobert.hu\/index.php\/2019\/09\/17\/2019-09-17-i-facebook-bejegyzes-2\/#primaryimage\"},\"image\":{\"@id\":\"https:\/\/www.lengyelrobert.hu\/index.php\/2019\/09\/17\/2019-09-17-i-facebook-bejegyzes-2\/#primaryimage\"},\"thumbnailUrl\":\"https:\/\/www.lengyelrobert.hu\/wp-content\/uploads\/2019\/09\/70770815_2328613134072498_7301429581267861504_n_2328613130739165-1.png\",\"datePublished\":\"2019-09-17T05:43:40+00:00\",\"dateModified\":\"2019-09-17T05:43:40+00:00\",\"author\":{\"@id\":\"https:\/\/www.lengyelrobert.hu\/#\/schema\/person\/2926fe5141a59e6530d8a411eb7bfb2d\"},\"breadcrumb\":{\"@id\":\"https:\/\/www.lengyelrobert.hu\/index.php\/2019\/09\/17\/2019-09-17-i-facebook-bejegyzes-2\/#breadcrumb\"},\"inLanguage\":\"hu\",\"potentialAction\":[{\"@type\":\"ReadAction\",\"target\":[\"https:\/\/www.lengyelrobert.hu\/index.php\/2019\/09\/17\/2019-09-17-i-facebook-bejegyzes-2\/\"]}]},{\"@type\":\"ImageObject\",\"inLanguage\":\"hu\",\"@id\":\"https:\/\/www.lengyelrobert.hu\/index.php\/2019\/09\/17\/2019-09-17-i-facebook-bejegyzes-2\/#primaryimage\",\"url\":\"https:\/\/www.lengyelrobert.hu\/wp-content\/uploads\/2019\/09\/70770815_2328613134072498_7301429581267861504_n_2328613130739165-1.png\",\"contentUrl\":\"https:\/\/www.lengyelrobert.hu\/wp-content\/uploads\/2019\/09\/70770815_2328613134072498_7301429581267861504_n_2328613130739165-1.png\",\"width\":884,\"height\":624},{\"@type\":\"BreadcrumbList\",\"@id\":\"https:\/\/www.lengyelrobert.hu\/index.php\/2019\/09\/17\/2019-09-17-i-facebook-bejegyzes-2\/#breadcrumb\",\"itemListElement\":[{\"@type\":\"ListItem\",\"position\":1,\"name\":\"Home\",\"item\":\"https:\/\/www.lengyelrobert.hu\/\"},{\"@type\":\"ListItem\",\"position\":2,\"name\":\"2019.09.17-i Facebook bejegyz\u00e9s\"}]},{\"@type\":\"WebSite\",\"@id\":\"https:\/\/www.lengyelrobert.hu\/#website\",\"url\":\"https:\/\/www.lengyelrobert.hu\/\",\"name\":\"dr. Lengyel R\u00f3bert\",\"description\":\"A Becs\u00fclettel Si\u00f3fok\u00e9rt Egyes\u00fclet honlapja\",\"potentialAction\":[{\"@type\":\"SearchAction\",\"target\":{\"@type\":\"EntryPoint\",\"urlTemplate\":\"https:\/\/www.lengyelrobert.hu\/?s={search_term_string}\"},\"query-input\":{\"@type\":\"PropertyValueSpecification\",\"valueRequired\":true,\"valueName\":\"search_term_string\"}}],\"inLanguage\":\"hu\"},{\"@type\":\"Person\",\"@id\":\"https:\/\/www.lengyelrobert.hu\/#\/schema\/person\/2926fe5141a59e6530d8a411eb7bfb2d\",\"name\":\"webmaster\",\"image\":{\"@type\":\"ImageObject\",\"inLanguage\":\"hu\",\"@id\":\"https:\/\/www.lengyelrobert.hu\/#\/schema\/person\/image\/\",\"url\":\"https:\/\/secure.gravatar.com\/avatar\/d53f7fc01f188bb097ecc2caf950c777c2cdc1ec48a2d1726a8399a2188940b0?s=96&d=mm&r=g\",\"contentUrl\":\"https:\/\/secure.gravatar.com\/avatar\/d53f7fc01f188bb097ecc2caf950c777c2cdc1ec48a2d1726a8399a2188940b0?s=96&d=mm&r=g\",\"caption\":\"webmaster\"},\"sameAs\":[\"https:\/\/www.lengyelrobert.hu\"],\"url\":\"https:\/\/www.lengyelrobert.hu\/index.php\/author\/webmaster\/\"}]}<\/script>\n<!-- \/ Yoast SEO plugin. -->","yoast_head_json":{"title":"2019.09.17-i Facebook bejegyz\u00e9s - dr. Lengyel R\u00f3bert","robots":{"index":"index","follow":"follow","max-snippet":"max-snippet:-1","max-image-preview":"max-image-preview:large","max-video-preview":"max-video-preview:-1"},"canonical":"https:\/\/www.lengyelrobert.hu\/index.php\/2019\/09\/17\/2019-09-17-i-facebook-bejegyzes-2\/","og_locale":"hu_HU","og_type":"article","og_title":"2019.09.17-i Facebook bejegyz\u00e9s - dr. Lengyel R\u00f3bert","og_description":"A \u201etisztess\u00e9ges kamp\u00e1ny\u201d jegy\u00e9ben&#8230; \u00d6mlik a si\u00f3foki postal\u00e1d\u00e1kba a lej\u00e1rat\u00e1somat c\u00e9lz\u00f3 szennyes sz\u00f3r\u00f3lapok sokas\u00e1ga, \u00f6mlenek a r\u00e1galmak r\u00e1m. \u00dajabban \u201eGyurcs\u00e1nyista\u201d, ad\u00f3kkal nyomorgatni akar\u00f3, s\u0151t, most m\u00e1r WC-s n\u00e9niket zaklat\u00f3, mindenre alkalmatlan gazemberk\u00e9nt igyekeznek be\u00e1ll\u00edtani. Ezen k\u00edv\u00fcl gy\u0171l\u00f6letet is keltek \u00e9s mocskol\u00f3dok. (Ld. pl. a lenti fot\u00f3n \ud83d\ude42 ) Mindezt z\u00f6m\u00e9ben a FIDESZ \u00e9s Gruber Attila [&hellip;]","og_url":"https:\/\/www.lengyelrobert.hu\/index.php\/2019\/09\/17\/2019-09-17-i-facebook-bejegyzes-2\/","og_site_name":"dr. Lengyel R\u00f3bert","article_published_time":"2019-09-17T05:43:40+00:00","og_image":[{"width":884,"height":624,"url":"https:\/\/www.lengyelrobert.hu\/wp-content\/uploads\/2019\/09\/70770815_2328613134072498_7301429581267861504_n_2328613130739165-1.png","type":"image\/png"}],"author":"webmaster","twitter_card":"summary_large_image","twitter_misc":{"Szerz\u0151:":"webmaster","Becs\u00fclt olvas\u00e1si id\u0151":"4 perc"},"schema":{"@context":"https:\/\/schema.org","@graph":[{"@type":"WebPage","@id":"https:\/\/www.lengyelrobert.hu\/index.php\/2019\/09\/17\/2019-09-17-i-facebook-bejegyzes-2\/","url":"https:\/\/www.lengyelrobert.hu\/index.php\/2019\/09\/17\/2019-09-17-i-facebook-bejegyzes-2\/","name":"2019.09.17-i Facebook bejegyz\u00e9s - dr. Lengyel R\u00f3bert","isPartOf":{"@id":"https:\/\/www.lengyelrobert.hu\/#website"},"primaryImageOfPage":{"@id":"https:\/\/www.lengyelrobert.hu\/index.php\/2019\/09\/17\/2019-09-17-i-facebook-bejegyzes-2\/#primaryimage"},"image":{"@id":"https:\/\/www.lengyelrobert.hu\/index.php\/2019\/09\/17\/2019-09-17-i-facebook-bejegyzes-2\/#primaryimage"},"thumbnailUrl":"https:\/\/www.lengyelrobert.hu\/wp-content\/uploads\/2019\/09\/70770815_2328613134072498_7301429581267861504_n_2328613130739165-1.png","datePublished":"2019-09-17T05:43:40+00:00","dateModified":"2019-09-17T05:43:40+00:00","author":{"@id":"https:\/\/www.lengyelrobert.hu\/#\/schema\/person\/2926fe5141a59e6530d8a411eb7bfb2d"},"breadcrumb":{"@id":"https:\/\/www.lengyelrobert.hu\/index.php\/2019\/09\/17\/2019-09-17-i-facebook-bejegyzes-2\/#breadcrumb"},"inLanguage":"hu","potentialAction":[{"@type":"ReadAction","target":["https:\/\/www.lengyelrobert.hu\/index.php\/2019\/09\/17\/2019-09-17-i-facebook-bejegyzes-2\/"]}]},{"@type":"ImageObject","inLanguage":"hu","@id":"https:\/\/www.lengyelrobert.hu\/index.php\/2019\/09\/17\/2019-09-17-i-facebook-bejegyzes-2\/#primaryimage","url":"https:\/\/www.lengyelrobert.hu\/wp-content\/uploads\/2019\/09\/70770815_2328613134072498_7301429581267861504_n_2328613130739165-1.png","contentUrl":"https:\/\/www.lengyelrobert.hu\/wp-content\/uploads\/2019\/09\/70770815_2328613134072498_7301429581267861504_n_2328613130739165-1.png","width":884,"height":624},{"@type":"BreadcrumbList","@id":"https:\/\/www.lengyelrobert.hu\/index.php\/2019\/09\/17\/2019-09-17-i-facebook-bejegyzes-2\/#breadcrumb","itemListElement":[{"@type":"ListItem","position":1,"name":"Home","item":"https:\/\/www.lengyelrobert.hu\/"},{"@type":"ListItem","position":2,"name":"2019.09.17-i Facebook bejegyz\u00e9s"}]},{"@type":"WebSite","@id":"https:\/\/www.lengyelrobert.hu\/#website","url":"https:\/\/www.lengyelrobert.hu\/","name":"dr. Lengyel R\u00f3bert","description":"A Becs\u00fclettel Si\u00f3fok\u00e9rt Egyes\u00fclet honlapja","potentialAction":[{"@type":"SearchAction","target":{"@type":"EntryPoint","urlTemplate":"https:\/\/www.lengyelrobert.hu\/?s={search_term_string}"},"query-input":{"@type":"PropertyValueSpecification","valueRequired":true,"valueName":"search_term_string"}}],"inLanguage":"hu"},{"@type":"Person","@id":"https:\/\/www.lengyelrobert.hu\/#\/schema\/person\/2926fe5141a59e6530d8a411eb7bfb2d","name":"webmaster","image":{"@type":"ImageObject","inLanguage":"hu","@id":"https:\/\/www.lengyelrobert.hu\/#\/schema\/person\/image\/","url":"https:\/\/secure.gravatar.com\/avatar\/d53f7fc01f188bb097ecc2caf950c777c2cdc1ec48a2d1726a8399a2188940b0?s=96&d=mm&r=g","contentUrl":"https:\/\/secure.gravatar.com\/avatar\/d53f7fc01f188bb097ecc2caf950c777c2cdc1ec48a2d1726a8399a2188940b0?s=96&d=mm&r=g","caption":"webmaster"},"sameAs":["https:\/\/www.lengyelrobert.hu"],"url":"https:\/\/www.lengyelrobert.hu\/index.php\/author\/webmaster\/"}]}},"_links":{"self":[{"href":"https:\/\/www.lengyelrobert.hu\/index.php\/wp-json\/wp\/v2\/posts\/9614","targetHints":{"allow":["GET"]}}],"collection":[{"href":"https:\/\/www.lengyelrobert.hu\/index.php\/wp-json\/wp\/v2\/posts"}],"about":[{"href":"https:\/\/www.lengyelrobert.hu\/index.php\/wp-json\/wp\/v2\/types\/post"}],"author":[{"embeddable":true,"href":"https:\/\/www.lengyelrobert.hu\/index.php\/wp-json\/wp\/v2\/users\/1"}],"replies":[{"embeddable":true,"href":"https:\/\/www.lengyelrobert.hu\/index.php\/wp-json\/wp\/v2\/comments?post=9614"}],"version-history":[{"count":0,"href":"https:\/\/www.lengyelrobert.hu\/index.php\/wp-json\/wp\/v2\/posts\/9614\/revisions"}],"wp:featuredmedia":[{"embeddable":true,"href":"https:\/\/www.lengyelrobert.hu\/index.php\/wp-json\/wp\/v2\/media\/9615"}],"wp:attachment":[{"href":"https:\/\/www.lengyelrobert.hu\/index.php\/wp-json\/wp\/v2\/media?parent=9614"}],"wp:term":[{"taxonomy":"category","embeddable":true,"href":"https:\/\/www.lengyelrobert.hu\/index.php\/wp-json\/wp\/v2\/categories?post=9614"},{"taxonomy":"post_tag","embeddable":true,"href":"https:\/\/www.lengyelrobert.hu\/index.php\/wp-json\/wp\/v2\/tags?post=9614"}],"curies":[{"name":"wp","href":"https:\/\/api.w.org\/{rel}","templated":true}]}}