{"id":8950,"date":"2019-05-06T07:44:48","date_gmt":"2019-05-06T05:44:48","guid":{"rendered":"https:\/\/www.lengyelrobert.hu\/2019\/05\/2019-05-06-i-facebook-bejegyzes-2\/"},"modified":"2019-05-06T07:44:48","modified_gmt":"2019-05-06T05:44:48","slug":"2019-05-06-i-facebook-bejegyzes","status":"publish","type":"post","link":"https:\/\/www.lengyelrobert.hu\/index.php\/2019\/05\/06\/2019-05-06-i-facebook-bejegyzes\/","title":{"rendered":"2019.05.06-i Facebook bejegyz\u00e9s"},"content":{"rendered":"<p>Tisztelt Olvas\u00f3im!<\/p>\n<p>M\u00e1jus 4. Szent Fl\u00f3ri\u00e1n, egyben a t\u0171zolt\u00f3s\u00e1g napja. Ebb\u0151l az alkalomb\u00f3l, ma reggel, a v\u00e1rosi t\u0171zolt\u00f3 laktany\u00e1ban tartott \u00e1llom\u00e1nygy\u0171l\u00e9s keret\u00e9ben volt szerencs\u00e9m 2 si\u00f3foki t\u0171zolt\u00f3 r\u00e9sz\u00e9re elismer\u00e9seket \u00e1tadni. Parancsnokaik javaslat\u00e1ra polg\u00e1rmesteri oklev\u00e9l \u00e9s t\u00e1rgyjutalom elismer\u00e9sben r\u00e9szes\u00edtettem Kiss L\u00e1szl\u00f3 t\u0171zolt\u00f3 sz\u00e1zados \u00e9s Szabadi Zolt\u00e1n t\u0171zolt\u00f3 f\u0151t\u00f6rzs\u0151rmester urakat.<\/p>\n<p>K\u00f6sz\u00f6nt\u0151mben elmondtam, hogy nemr\u00e9giben egyik k\u00e9pvisel\u0151 t\u00e1rsam tr\u00e9f\u00e1san megjegyezte, hogy elfogult vagyok az egyenruh\u00e1sokkal. H\u00e1t, hogyne lenn\u00e9k? Gyerekkoromt\u00f3l feln\u00e9ztem r\u00e1juk, azt\u00e1n meg magam is hossz\u00fa \u00e9vekig viseltem a mund\u00e9rt. Tudom milyen lemond\u00e1sokkal, vesz\u00e9lyekkel \u00e9s felel\u0151ss\u00e9ggel j\u00e1r\u00f3 munk\u00e1k ezek \u00e9s igen is, a tisztess\u00e9ges t\u0171zolt\u00f3i munka elismer\u00e9st \u00e9rdemel. B\u00e1r j\u00f3magam rend\u0151r voltam, az egyik testv\u00e9rem t\u0171zolt\u00f3 tiszt, h\u00e1t ilyen szempontb\u00f3l is van egy kis plusz r\u00e1l\u00e1t\u00e1som az \u0151 munk\u00e1jukra. K\u00f6sz\u00f6net kedves mindny\u00e1juknak az\u00e9rt, amit \u00e9rt\u00fcnk tesznek \u00e9s k\u00fcl\u00f6n k\u00f6sz\u00f6net a ma elismer\u00e9sben r\u00e9szes\u00edtetteknek (ld. a lenti fot\u00f3n).<\/p>\n<p>Bar\u00e1ts\u00e1ggal: R.<\/p>\n","protected":false},"excerpt":{"rendered":"<p>Tisztelt Olvas\u00f3im! M\u00e1jus 4. Szent Fl\u00f3ri\u00e1n, egyben a t\u0171zolt\u00f3s\u00e1g napja. Ebb\u0151l az alkalomb\u00f3l, ma reggel, a v\u00e1rosi t\u0171zolt\u00f3 laktany\u00e1ban tartott \u00e1llom\u00e1nygy\u0171l\u00e9s keret\u00e9ben volt szerencs\u00e9m 2 si\u00f3foki t\u0171zolt\u00f3 r\u00e9sz\u00e9re elismer\u00e9seket \u00e1tadni. Parancsnokaik javaslat\u00e1ra polg\u00e1rmesteri oklev\u00e9l \u00e9s t\u00e1rgyjutalom elismer\u00e9sben r\u00e9szes\u00edtettem Kiss L\u00e1szl\u00f3 t\u0171zolt\u00f3 sz\u00e1zados \u00e9s Szabadi Zolt\u00e1n t\u0171zolt\u00f3 f\u0151t\u00f6rzs\u0151rmester urakat. K\u00f6sz\u00f6nt\u0151mben elmondtam, hogy nemr\u00e9giben egyik k\u00e9pvisel\u0151 t\u00e1rsam [&hellip;]<\/p>\n","protected":false},"author":1,"featured_media":8623,"comment_status":"closed","ping_status":"closed","sticky":false,"template":"","format":"standard","meta":{"_acf_changed":false,"_et_pb_use_builder":"","_et_pb_old_content":"","_et_gb_content_width":"","footnotes":""},"categories":[1],"tags":[],"class_list":["post-8950","post","type-post","status-publish","format-standard","has-post-thumbnail","hentry","category-uncategorized"],"acf":[],"yoast_head":"<!-- This site is optimized with the Yoast SEO plugin v23.8 - https:\/\/yoast.com\/wordpress\/plugins\/seo\/ -->\n<title>2019.05.06-i Facebook bejegyz\u00e9s - dr. Lengyel R\u00f3bert<\/title>\n<meta name=\"robots\" content=\"index, follow, max-snippet:-1, max-image-preview:large, max-video-preview:-1\" \/>\n<link rel=\"canonical\" href=\"https:\/\/www.lengyelrobert.hu\/index.php\/2019\/05\/06\/2019-05-06-i-facebook-bejegyzes\/\" \/>\n<meta property=\"og:locale\" content=\"hu_HU\" \/>\n<meta property=\"og:type\" content=\"article\" \/>\n<meta property=\"og:title\" content=\"2019.05.06-i Facebook bejegyz\u00e9s - dr. Lengyel R\u00f3bert\" \/>\n<meta property=\"og:description\" content=\"Tisztelt Olvas\u00f3im! M\u00e1jus 4. Szent Fl\u00f3ri\u00e1n, egyben a t\u0171zolt\u00f3s\u00e1g napja. Ebb\u0151l az alkalomb\u00f3l, ma reggel, a v\u00e1rosi t\u0171zolt\u00f3 laktany\u00e1ban tartott \u00e1llom\u00e1nygy\u0171l\u00e9s keret\u00e9ben volt szerencs\u00e9m 2 si\u00f3foki t\u0171zolt\u00f3 r\u00e9sz\u00e9re elismer\u00e9seket \u00e1tadni. Parancsnokaik javaslat\u00e1ra polg\u00e1rmesteri oklev\u00e9l \u00e9s t\u00e1rgyjutalom elismer\u00e9sben r\u00e9szes\u00edtettem Kiss L\u00e1szl\u00f3 t\u0171zolt\u00f3 sz\u00e1zados \u00e9s Szabadi Zolt\u00e1n t\u0171zolt\u00f3 f\u0151t\u00f6rzs\u0151rmester urakat. K\u00f6sz\u00f6nt\u0151mben elmondtam, hogy nemr\u00e9giben egyik k\u00e9pvisel\u0151 t\u00e1rsam [&hellip;]\" \/>\n<meta property=\"og:url\" content=\"https:\/\/www.lengyelrobert.hu\/index.php\/2019\/05\/06\/2019-05-06-i-facebook-bejegyzes\/\" \/>\n<meta property=\"og:site_name\" content=\"dr. Lengyel R\u00f3bert\" \/>\n<meta property=\"article:published_time\" content=\"2019-05-06T05:44:48+00:00\" \/>\n<meta property=\"og:image\" content=\"https:\/\/www.lengyelrobert.hu\/wp-content\/uploads\/2019\/07\/59387046_2239131779687301_5515997846525968384_o_2239131773020635-1.jpg\" \/>\n\t<meta property=\"og:image:width\" content=\"1920\" \/>\n\t<meta property=\"og:image:height\" content=\"1280\" \/>\n\t<meta property=\"og:image:type\" content=\"image\/jpeg\" \/>\n<meta name=\"author\" content=\"webmaster\" \/>\n<meta name=\"twitter:card\" content=\"summary_large_image\" \/>\n<meta name=\"twitter:label1\" content=\"Szerz\u0151:\" \/>\n\t<meta name=\"twitter:data1\" content=\"webmaster\" \/>\n\t<meta name=\"twitter:label2\" content=\"Becs\u00fclt olvas\u00e1si id\u0151\" \/>\n\t<meta name=\"twitter:data2\" content=\"1 perc\" \/>\n<script type=\"application\/ld+json\" class=\"yoast-schema-graph\">{\"@context\":\"https:\/\/schema.org\",\"@graph\":[{\"@type\":\"WebPage\",\"@id\":\"https:\/\/www.lengyelrobert.hu\/index.php\/2019\/05\/06\/2019-05-06-i-facebook-bejegyzes\/\",\"url\":\"https:\/\/www.lengyelrobert.hu\/index.php\/2019\/05\/06\/2019-05-06-i-facebook-bejegyzes\/\",\"name\":\"2019.05.06-i Facebook bejegyz\u00e9s - dr. Lengyel R\u00f3bert\",\"isPartOf\":{\"@id\":\"https:\/\/www.lengyelrobert.hu\/#website\"},\"primaryImageOfPage\":{\"@id\":\"https:\/\/www.lengyelrobert.hu\/index.php\/2019\/05\/06\/2019-05-06-i-facebook-bejegyzes\/#primaryimage\"},\"image\":{\"@id\":\"https:\/\/www.lengyelrobert.hu\/index.php\/2019\/05\/06\/2019-05-06-i-facebook-bejegyzes\/#primaryimage\"},\"thumbnailUrl\":\"https:\/\/www.lengyelrobert.hu\/wp-content\/uploads\/2019\/07\/59387046_2239131779687301_5515997846525968384_o_2239131773020635-1.jpg\",\"datePublished\":\"2019-05-06T05:44:48+00:00\",\"dateModified\":\"2019-05-06T05:44:48+00:00\",\"author\":{\"@id\":\"https:\/\/www.lengyelrobert.hu\/#\/schema\/person\/2926fe5141a59e6530d8a411eb7bfb2d\"},\"breadcrumb\":{\"@id\":\"https:\/\/www.lengyelrobert.hu\/index.php\/2019\/05\/06\/2019-05-06-i-facebook-bejegyzes\/#breadcrumb\"},\"inLanguage\":\"hu\",\"potentialAction\":[{\"@type\":\"ReadAction\",\"target\":[\"https:\/\/www.lengyelrobert.hu\/index.php\/2019\/05\/06\/2019-05-06-i-facebook-bejegyzes\/\"]}]},{\"@type\":\"ImageObject\",\"inLanguage\":\"hu\",\"@id\":\"https:\/\/www.lengyelrobert.hu\/index.php\/2019\/05\/06\/2019-05-06-i-facebook-bejegyzes\/#primaryimage\",\"url\":\"https:\/\/www.lengyelrobert.hu\/wp-content\/uploads\/2019\/07\/59387046_2239131779687301_5515997846525968384_o_2239131773020635-1.jpg\",\"contentUrl\":\"https:\/\/www.lengyelrobert.hu\/wp-content\/uploads\/2019\/07\/59387046_2239131779687301_5515997846525968384_o_2239131773020635-1.jpg\",\"width\":1920,\"height\":1280},{\"@type\":\"BreadcrumbList\",\"@id\":\"https:\/\/www.lengyelrobert.hu\/index.php\/2019\/05\/06\/2019-05-06-i-facebook-bejegyzes\/#breadcrumb\",\"itemListElement\":[{\"@type\":\"ListItem\",\"position\":1,\"name\":\"Home\",\"item\":\"https:\/\/www.lengyelrobert.hu\/\"},{\"@type\":\"ListItem\",\"position\":2,\"name\":\"2019.05.06-i Facebook bejegyz\u00e9s\"}]},{\"@type\":\"WebSite\",\"@id\":\"https:\/\/www.lengyelrobert.hu\/#website\",\"url\":\"https:\/\/www.lengyelrobert.hu\/\",\"name\":\"dr. Lengyel R\u00f3bert\",\"description\":\"A Becs\u00fclettel Si\u00f3fok\u00e9rt Egyes\u00fclet honlapja\",\"potentialAction\":[{\"@type\":\"SearchAction\",\"target\":{\"@type\":\"EntryPoint\",\"urlTemplate\":\"https:\/\/www.lengyelrobert.hu\/?s={search_term_string}\"},\"query-input\":{\"@type\":\"PropertyValueSpecification\",\"valueRequired\":true,\"valueName\":\"search_term_string\"}}],\"inLanguage\":\"hu\"},{\"@type\":\"Person\",\"@id\":\"https:\/\/www.lengyelrobert.hu\/#\/schema\/person\/2926fe5141a59e6530d8a411eb7bfb2d\",\"name\":\"webmaster\",\"image\":{\"@type\":\"ImageObject\",\"inLanguage\":\"hu\",\"@id\":\"https:\/\/www.lengyelrobert.hu\/#\/schema\/person\/image\/\",\"url\":\"https:\/\/secure.gravatar.com\/avatar\/d53f7fc01f188bb097ecc2caf950c777c2cdc1ec48a2d1726a8399a2188940b0?s=96&d=mm&r=g\",\"contentUrl\":\"https:\/\/secure.gravatar.com\/avatar\/d53f7fc01f188bb097ecc2caf950c777c2cdc1ec48a2d1726a8399a2188940b0?s=96&d=mm&r=g\",\"caption\":\"webmaster\"},\"sameAs\":[\"https:\/\/www.lengyelrobert.hu\"],\"url\":\"https:\/\/www.lengyelrobert.hu\/index.php\/author\/webmaster\/\"}]}<\/script>\n<!-- \/ Yoast SEO plugin. -->","yoast_head_json":{"title":"2019.05.06-i Facebook bejegyz\u00e9s - dr. Lengyel R\u00f3bert","robots":{"index":"index","follow":"follow","max-snippet":"max-snippet:-1","max-image-preview":"max-image-preview:large","max-video-preview":"max-video-preview:-1"},"canonical":"https:\/\/www.lengyelrobert.hu\/index.php\/2019\/05\/06\/2019-05-06-i-facebook-bejegyzes\/","og_locale":"hu_HU","og_type":"article","og_title":"2019.05.06-i Facebook bejegyz\u00e9s - dr. Lengyel R\u00f3bert","og_description":"Tisztelt Olvas\u00f3im! M\u00e1jus 4. Szent Fl\u00f3ri\u00e1n, egyben a t\u0171zolt\u00f3s\u00e1g napja. Ebb\u0151l az alkalomb\u00f3l, ma reggel, a v\u00e1rosi t\u0171zolt\u00f3 laktany\u00e1ban tartott \u00e1llom\u00e1nygy\u0171l\u00e9s keret\u00e9ben volt szerencs\u00e9m 2 si\u00f3foki t\u0171zolt\u00f3 r\u00e9sz\u00e9re elismer\u00e9seket \u00e1tadni. Parancsnokaik javaslat\u00e1ra polg\u00e1rmesteri oklev\u00e9l \u00e9s t\u00e1rgyjutalom elismer\u00e9sben r\u00e9szes\u00edtettem Kiss L\u00e1szl\u00f3 t\u0171zolt\u00f3 sz\u00e1zados \u00e9s Szabadi Zolt\u00e1n t\u0171zolt\u00f3 f\u0151t\u00f6rzs\u0151rmester urakat. K\u00f6sz\u00f6nt\u0151mben elmondtam, hogy nemr\u00e9giben egyik k\u00e9pvisel\u0151 t\u00e1rsam [&hellip;]","og_url":"https:\/\/www.lengyelrobert.hu\/index.php\/2019\/05\/06\/2019-05-06-i-facebook-bejegyzes\/","og_site_name":"dr. Lengyel R\u00f3bert","article_published_time":"2019-05-06T05:44:48+00:00","og_image":[{"width":1920,"height":1280,"url":"https:\/\/www.lengyelrobert.hu\/wp-content\/uploads\/2019\/07\/59387046_2239131779687301_5515997846525968384_o_2239131773020635-1.jpg","type":"image\/jpeg"}],"author":"webmaster","twitter_card":"summary_large_image","twitter_misc":{"Szerz\u0151:":"webmaster","Becs\u00fclt olvas\u00e1si id\u0151":"1 perc"},"schema":{"@context":"https:\/\/schema.org","@graph":[{"@type":"WebPage","@id":"https:\/\/www.lengyelrobert.hu\/index.php\/2019\/05\/06\/2019-05-06-i-facebook-bejegyzes\/","url":"https:\/\/www.lengyelrobert.hu\/index.php\/2019\/05\/06\/2019-05-06-i-facebook-bejegyzes\/","name":"2019.05.06-i Facebook bejegyz\u00e9s - dr. Lengyel R\u00f3bert","isPartOf":{"@id":"https:\/\/www.lengyelrobert.hu\/#website"},"primaryImageOfPage":{"@id":"https:\/\/www.lengyelrobert.hu\/index.php\/2019\/05\/06\/2019-05-06-i-facebook-bejegyzes\/#primaryimage"},"image":{"@id":"https:\/\/www.lengyelrobert.hu\/index.php\/2019\/05\/06\/2019-05-06-i-facebook-bejegyzes\/#primaryimage"},"thumbnailUrl":"https:\/\/www.lengyelrobert.hu\/wp-content\/uploads\/2019\/07\/59387046_2239131779687301_5515997846525968384_o_2239131773020635-1.jpg","datePublished":"2019-05-06T05:44:48+00:00","dateModified":"2019-05-06T05:44:48+00:00","author":{"@id":"https:\/\/www.lengyelrobert.hu\/#\/schema\/person\/2926fe5141a59e6530d8a411eb7bfb2d"},"breadcrumb":{"@id":"https:\/\/www.lengyelrobert.hu\/index.php\/2019\/05\/06\/2019-05-06-i-facebook-bejegyzes\/#breadcrumb"},"inLanguage":"hu","potentialAction":[{"@type":"ReadAction","target":["https:\/\/www.lengyelrobert.hu\/index.php\/2019\/05\/06\/2019-05-06-i-facebook-bejegyzes\/"]}]},{"@type":"ImageObject","inLanguage":"hu","@id":"https:\/\/www.lengyelrobert.hu\/index.php\/2019\/05\/06\/2019-05-06-i-facebook-bejegyzes\/#primaryimage","url":"https:\/\/www.lengyelrobert.hu\/wp-content\/uploads\/2019\/07\/59387046_2239131779687301_5515997846525968384_o_2239131773020635-1.jpg","contentUrl":"https:\/\/www.lengyelrobert.hu\/wp-content\/uploads\/2019\/07\/59387046_2239131779687301_5515997846525968384_o_2239131773020635-1.jpg","width":1920,"height":1280},{"@type":"BreadcrumbList","@id":"https:\/\/www.lengyelrobert.hu\/index.php\/2019\/05\/06\/2019-05-06-i-facebook-bejegyzes\/#breadcrumb","itemListElement":[{"@type":"ListItem","position":1,"name":"Home","item":"https:\/\/www.lengyelrobert.hu\/"},{"@type":"ListItem","position":2,"name":"2019.05.06-i Facebook bejegyz\u00e9s"}]},{"@type":"WebSite","@id":"https:\/\/www.lengyelrobert.hu\/#website","url":"https:\/\/www.lengyelrobert.hu\/","name":"dr. Lengyel R\u00f3bert","description":"A Becs\u00fclettel Si\u00f3fok\u00e9rt Egyes\u00fclet honlapja","potentialAction":[{"@type":"SearchAction","target":{"@type":"EntryPoint","urlTemplate":"https:\/\/www.lengyelrobert.hu\/?s={search_term_string}"},"query-input":{"@type":"PropertyValueSpecification","valueRequired":true,"valueName":"search_term_string"}}],"inLanguage":"hu"},{"@type":"Person","@id":"https:\/\/www.lengyelrobert.hu\/#\/schema\/person\/2926fe5141a59e6530d8a411eb7bfb2d","name":"webmaster","image":{"@type":"ImageObject","inLanguage":"hu","@id":"https:\/\/www.lengyelrobert.hu\/#\/schema\/person\/image\/","url":"https:\/\/secure.gravatar.com\/avatar\/d53f7fc01f188bb097ecc2caf950c777c2cdc1ec48a2d1726a8399a2188940b0?s=96&d=mm&r=g","contentUrl":"https:\/\/secure.gravatar.com\/avatar\/d53f7fc01f188bb097ecc2caf950c777c2cdc1ec48a2d1726a8399a2188940b0?s=96&d=mm&r=g","caption":"webmaster"},"sameAs":["https:\/\/www.lengyelrobert.hu"],"url":"https:\/\/www.lengyelrobert.hu\/index.php\/author\/webmaster\/"}]}},"_links":{"self":[{"href":"https:\/\/www.lengyelrobert.hu\/index.php\/wp-json\/wp\/v2\/posts\/8950","targetHints":{"allow":["GET"]}}],"collection":[{"href":"https:\/\/www.lengyelrobert.hu\/index.php\/wp-json\/wp\/v2\/posts"}],"about":[{"href":"https:\/\/www.lengyelrobert.hu\/index.php\/wp-json\/wp\/v2\/types\/post"}],"author":[{"embeddable":true,"href":"https:\/\/www.lengyelrobert.hu\/index.php\/wp-json\/wp\/v2\/users\/1"}],"replies":[{"embeddable":true,"href":"https:\/\/www.lengyelrobert.hu\/index.php\/wp-json\/wp\/v2\/comments?post=8950"}],"version-history":[{"count":0,"href":"https:\/\/www.lengyelrobert.hu\/index.php\/wp-json\/wp\/v2\/posts\/8950\/revisions"}],"wp:featuredmedia":[{"embeddable":true,"href":"https:\/\/www.lengyelrobert.hu\/index.php\/wp-json\/wp\/v2\/media\/8623"}],"wp:attachment":[{"href":"https:\/\/www.lengyelrobert.hu\/index.php\/wp-json\/wp\/v2\/media?parent=8950"}],"wp:term":[{"taxonomy":"category","embeddable":true,"href":"https:\/\/www.lengyelrobert.hu\/index.php\/wp-json\/wp\/v2\/categories?post=8950"},{"taxonomy":"post_tag","embeddable":true,"href":"https:\/\/www.lengyelrobert.hu\/index.php\/wp-json\/wp\/v2\/tags?post=8950"}],"curies":[{"name":"wp","href":"https:\/\/api.w.org\/{rel}","templated":true}]}}