{"id":8923,"date":"2019-06-06T05:47:35","date_gmt":"2019-06-06T03:47:35","guid":{"rendered":"https:\/\/www.lengyelrobert.hu\/2019\/06\/2019-06-06-i-facebook-bejegyzes-2\/"},"modified":"2019-06-06T05:47:35","modified_gmt":"2019-06-06T03:47:35","slug":"2019-06-06-i-facebook-bejegyzes","status":"publish","type":"post","link":"https:\/\/www.lengyelrobert.hu\/index.php\/2019\/06\/06\/2019-06-06-i-facebook-bejegyzes\/","title":{"rendered":"2019.06.06-i Facebook bejegyz\u00e9s"},"content":{"rendered":"<p>Tisztelt Olvas\u00f3im!<\/p>\n<p>A minap h\u00edvt\u00e1k fel a figyelmemet, hogy egy troll oldalon \u00e9pp azon tr\u00e9f\u00e1lkozik egy arctalan valaki, hogy \u00e9n &#x27;csak egy egyszer\u0171 paraszt csal\u00e1d&#x27; sarja vagyok. Kor\u00e1bban m\u00e1sok meg azon \u00e9lcel\u0151dtek, hogy \u00fagy n\u00e9zek ki, mint egy tsz eln\u00f6k. Az el\u0151bbi biztosan igaz. Egyik \u00e1gon is egyszer\u0171 parasztok, a m\u00e1sikon is, illetve az ut\u00f3bbiak eset\u00e9ben a kommunist\u00e1k \u00e1ltal gy\u00f6t\u00f6rt kul\u00e1kok is vannak. Van egy v\u00e9gtelen\u00fcl tisztess\u00e9ges, most, 77 \u00e9vesen is hajnalt\u00f3l napestig a kis f\u00f6ldjein dolgoz\u00f3, igazi p\u00e9ldak\u00e9p ap\u00e1m \u00e9s egy melegsz\u00edv\u0171, mindig is a csal\u00e1dj\u00e1\u00e9rt \u00e9l\u0151 any\u00e1m. Vagyok \u00e9n, aki saj\u00e1t erej\u00e9b\u0151l lett, aki lett, van egy h\u00fagom, aki szoci\u00e1lis ter\u00fcleten dolgozva seg\u00edt m\u00e1sokon \u00e9s van egy t\u0171zolt\u00f3 f\u0151hadnagy \u00f6cs\u00e9m, aki meg ebb\u00e9li min\u0151s\u00e9g\u00e9ben ment \u00e9leteket, javakat. Nincs mit sz\u00e9gyellnem, s\u0151t, b\u00fcszke vagyok a sz\u00e1rmaz\u00e1somra. <\/p>\n<p>De aj\u00e1nlom figyelm\u00fckbe a magas parip\u00e1k magas nyerg\u00e9ben \u00fccs\u00f6rg\u0151 fr\u00f6cs\u00f6g\u0151knek a lenti sorokat. Persze miel\u0151tt m\u00e9g azzal j\u00f6nn\u00e9nek nekem, hogy egy amerikai eln\u00f6kh\u00f6z m\u00e9rem magam, nem, t\u00e1vol \u00e1lljon t\u0151lem. Hanem csak a tanuls\u00e1gok ok\u00e1n&#8230;<\/p>\n<p>&#x27;Lincoln apja suszter volt, \u00e9s tulajdonk\u00e9ppen az eg\u00e9sz szen\u00e1tus egy kicsit k\u00e9nyelmetlen\u00fcl \u00e9rezte mag\u00e1t emiatt. Nehezen nyelt\u00e9k le, hogy egy suszter fia fog eln\u00f6k\u00f6lni a leggazdagabb emberek, a fels\u0151 t\u00edzezer felett is, akik ugye m\u00e9giscsak \u00fagy gondolt\u00e1k, hogy \u0151k fels\u0151bbrend\u0171ek, hiszen rengeteg p\u00e9nz\u00fck van, \u00e9s nagynev\u0171 csal\u00e1dok lesz\u00e1rmazottai. Egysz\u00f3val a szen\u00e1torok kiss\u00e9 kelletlenek voltak, kifejezetten irrit\u00e1lta \u0151ket ez a helyzet. Senki nem \u00f6r\u00fclt annak, hogy Lincoln lett az eln\u00f6k. \u00cdgy azt\u00e1n miel\u0151tt Lincoln megtarthatta volna az els\u0151 besz\u00e9d\u00e9t a szen\u00e1tus el\u0151tt, az egyik arrog\u00e1ns szen\u00e1tor fel is \u00e1llt, \u00e9s \u00edgy sz\u00f3lt:<\/p>\n<p>Mr. Lincoln, miel\u0151tt belekezdene, ne feledje, hogy \u00f6n egy suszter fia.<\/p>\n<p>Az eg\u00e9sz szen\u00e1tus nevetett. Meg akart\u00e1k al\u00e1zni; ha nem is gy\u0151zhett\u00e9k le, legal\u00e1bb meg akart\u00e1k al\u00e1zni. Csakhogy egy olyan embert, mint Lincoln, nem k\u00f6nny\u0171 megal\u00e1zni \u00e9s \u00edgy v\u00e1laszolt:<\/p>\n<p>\u0150szint\u00e9n h\u00e1l\u00e1s vagyok, uram, hogy eml\u00e9keztet dr\u00e1ga, j\u00f3 ap\u00e1mra, aki m\u00e1r sajnos nincs az \u00e9l\u0151k sor\u00e1ban. \u00c9s mindig eml\u00e9kezni fogok az \u00f6n tan\u00e1cs\u00e1ra! Tudom j\u00f3l, hogy soha nem lehetek olyan nagyszer\u0171 eln\u00f6k, mint amilyen nagyszer\u0171 suszter az ap\u00e1m volt.<\/p>\n<p>A teremben ekkor m\u00e1r s\u00edri csend volt. Lincoln pedig kiv\u00e1rt&#8230; majd \u00edgy folytatta a felsz\u00f3lal\u00f3hoz int\u00e9zett szavait:<\/p>\n<p>Ha j\u00f3l tudom, ap\u00e1m az \u00f6n csal\u00e1dj\u00e1nak is remek cip\u0151ket k\u00e9sz\u00edtett. Ha esetleg b\u00e1rmi gondja volna a cip\u0151j\u00e9vel: szor\u00edt vagy elengedett a varr\u00e1s &#8211; \u00e9n ugyan nem vagyok olyan nagy mester ebben a szakm\u00e1ban, mint az ap\u00e1m volt, de egy-k\u00e9t fog\u00e1sra megtan\u00edtott m\u00e9g gyermekkoromban &#8211; teh\u00e1t ak\u00e1r meg is jav\u00edthatom. Ez minden szen\u00e1torra vonatkozik a teremben: ha b\u00e1rmelyik\u00fck olyan cip\u0151t hord, amit ap\u00e1m k\u00e9sz\u00edtett, \u00e9s b\u00e1rmi gondjuk akadna ezekkel a l\u00e1bbelikkel, forduljanak hozz\u00e1m bizalommal. Azt azonban el kell ismernem, \u00e9n nem vagyok olyan nagyszer\u0171, mint \u0151. Ap\u00e1mnak aranykeze volt.<\/p>\n<p>Ahogy befejezte a besz\u00e9det, apja eml\u00e9k\u00e9nek hat\u00e1s\u00e1ra Lincolnnak k\u00f6nnybe l\u00e1badt a szeme.<\/p>\n<p>V\u00e9g\u00fcl is teljesen mindegy: lehetsz harmadoszt\u00e1ly\u00fa eln\u00f6k, vagy els\u0151 oszt\u00e1ly\u00fa cip\u00e9sz.&#x27;<\/p>\n<p>Bar\u00e1ts\u00e1ggal: R.<\/p>\n","protected":false},"excerpt":{"rendered":"<p>Tisztelt Olvas\u00f3im! A minap h\u00edvt\u00e1k fel a figyelmemet, hogy egy troll oldalon \u00e9pp azon tr\u00e9f\u00e1lkozik egy arctalan valaki, hogy \u00e9n &#x27;csak egy egyszer\u0171 paraszt csal\u00e1d&#x27; sarja vagyok. Kor\u00e1bban m\u00e1sok meg azon \u00e9lcel\u0151dtek, hogy \u00fagy n\u00e9zek ki, mint egy tsz eln\u00f6k. Az el\u0151bbi biztosan igaz. Egyik \u00e1gon is egyszer\u0171 parasztok, a m\u00e1sikon is, illetve az ut\u00f3bbiak [&hellip;]<\/p>\n","protected":false},"author":1,"featured_media":8570,"comment_status":"closed","ping_status":"closed","sticky":false,"template":"","format":"standard","meta":{"_acf_changed":false,"_et_pb_use_builder":"","_et_pb_old_content":"","_et_gb_content_width":"","footnotes":""},"categories":[1],"tags":[],"class_list":["post-8923","post","type-post","status-publish","format-standard","has-post-thumbnail","hentry","category-uncategorized"],"acf":[],"yoast_head":"<!-- This site is optimized with the Yoast SEO plugin v23.8 - https:\/\/yoast.com\/wordpress\/plugins\/seo\/ -->\n<title>2019.06.06-i Facebook bejegyz\u00e9s - dr. Lengyel R\u00f3bert<\/title>\n<meta name=\"robots\" content=\"index, follow, max-snippet:-1, max-image-preview:large, max-video-preview:-1\" \/>\n<link rel=\"canonical\" href=\"https:\/\/www.lengyelrobert.hu\/index.php\/2019\/06\/06\/2019-06-06-i-facebook-bejegyzes\/\" \/>\n<meta property=\"og:locale\" content=\"hu_HU\" \/>\n<meta property=\"og:type\" content=\"article\" \/>\n<meta property=\"og:title\" content=\"2019.06.06-i Facebook bejegyz\u00e9s - dr. Lengyel R\u00f3bert\" \/>\n<meta property=\"og:description\" content=\"Tisztelt Olvas\u00f3im! A minap h\u00edvt\u00e1k fel a figyelmemet, hogy egy troll oldalon \u00e9pp azon tr\u00e9f\u00e1lkozik egy arctalan valaki, hogy \u00e9n &#x27;csak egy egyszer\u0171 paraszt csal\u00e1d&#x27; sarja vagyok. Kor\u00e1bban m\u00e1sok meg azon \u00e9lcel\u0151dtek, hogy \u00fagy n\u00e9zek ki, mint egy tsz eln\u00f6k. Az el\u0151bbi biztosan igaz. Egyik \u00e1gon is egyszer\u0171 parasztok, a m\u00e1sikon is, illetve az ut\u00f3bbiak [&hellip;]\" \/>\n<meta property=\"og:url\" content=\"https:\/\/www.lengyelrobert.hu\/index.php\/2019\/06\/06\/2019-06-06-i-facebook-bejegyzes\/\" \/>\n<meta property=\"og:site_name\" content=\"dr. Lengyel R\u00f3bert\" \/>\n<meta property=\"article:published_time\" content=\"2019-06-06T03:47:35+00:00\" \/>\n<meta property=\"og:image\" content=\"https:\/\/www.lengyelrobert.hu\/wp-content\/uploads\/2019\/07\/61976880_2259436857656793_150175747707764736_n_2259436854323460-1.png\" \/>\n\t<meta property=\"og:image:width\" content=\"710\" \/>\n\t<meta property=\"og:image:height\" content=\"225\" \/>\n\t<meta property=\"og:image:type\" content=\"image\/png\" \/>\n<meta name=\"author\" content=\"webmaster\" \/>\n<meta name=\"twitter:card\" content=\"summary_large_image\" \/>\n<meta name=\"twitter:label1\" content=\"Szerz\u0151:\" \/>\n\t<meta name=\"twitter:data1\" content=\"webmaster\" \/>\n\t<meta name=\"twitter:label2\" content=\"Becs\u00fclt olvas\u00e1si id\u0151\" \/>\n\t<meta name=\"twitter:data2\" content=\"3 perc\" \/>\n<script type=\"application\/ld+json\" class=\"yoast-schema-graph\">{\"@context\":\"https:\/\/schema.org\",\"@graph\":[{\"@type\":\"WebPage\",\"@id\":\"https:\/\/www.lengyelrobert.hu\/index.php\/2019\/06\/06\/2019-06-06-i-facebook-bejegyzes\/\",\"url\":\"https:\/\/www.lengyelrobert.hu\/index.php\/2019\/06\/06\/2019-06-06-i-facebook-bejegyzes\/\",\"name\":\"2019.06.06-i Facebook bejegyz\u00e9s - dr. Lengyel R\u00f3bert\",\"isPartOf\":{\"@id\":\"https:\/\/www.lengyelrobert.hu\/#website\"},\"primaryImageOfPage\":{\"@id\":\"https:\/\/www.lengyelrobert.hu\/index.php\/2019\/06\/06\/2019-06-06-i-facebook-bejegyzes\/#primaryimage\"},\"image\":{\"@id\":\"https:\/\/www.lengyelrobert.hu\/index.php\/2019\/06\/06\/2019-06-06-i-facebook-bejegyzes\/#primaryimage\"},\"thumbnailUrl\":\"https:\/\/www.lengyelrobert.hu\/wp-content\/uploads\/2019\/07\/61976880_2259436857656793_150175747707764736_n_2259436854323460-1.png\",\"datePublished\":\"2019-06-06T03:47:35+00:00\",\"dateModified\":\"2019-06-06T03:47:35+00:00\",\"author\":{\"@id\":\"https:\/\/www.lengyelrobert.hu\/#\/schema\/person\/2926fe5141a59e6530d8a411eb7bfb2d\"},\"breadcrumb\":{\"@id\":\"https:\/\/www.lengyelrobert.hu\/index.php\/2019\/06\/06\/2019-06-06-i-facebook-bejegyzes\/#breadcrumb\"},\"inLanguage\":\"hu\",\"potentialAction\":[{\"@type\":\"ReadAction\",\"target\":[\"https:\/\/www.lengyelrobert.hu\/index.php\/2019\/06\/06\/2019-06-06-i-facebook-bejegyzes\/\"]}]},{\"@type\":\"ImageObject\",\"inLanguage\":\"hu\",\"@id\":\"https:\/\/www.lengyelrobert.hu\/index.php\/2019\/06\/06\/2019-06-06-i-facebook-bejegyzes\/#primaryimage\",\"url\":\"https:\/\/www.lengyelrobert.hu\/wp-content\/uploads\/2019\/07\/61976880_2259436857656793_150175747707764736_n_2259436854323460-1.png\",\"contentUrl\":\"https:\/\/www.lengyelrobert.hu\/wp-content\/uploads\/2019\/07\/61976880_2259436857656793_150175747707764736_n_2259436854323460-1.png\",\"width\":710,\"height\":225},{\"@type\":\"BreadcrumbList\",\"@id\":\"https:\/\/www.lengyelrobert.hu\/index.php\/2019\/06\/06\/2019-06-06-i-facebook-bejegyzes\/#breadcrumb\",\"itemListElement\":[{\"@type\":\"ListItem\",\"position\":1,\"name\":\"Home\",\"item\":\"https:\/\/www.lengyelrobert.hu\/\"},{\"@type\":\"ListItem\",\"position\":2,\"name\":\"2019.06.06-i Facebook bejegyz\u00e9s\"}]},{\"@type\":\"WebSite\",\"@id\":\"https:\/\/www.lengyelrobert.hu\/#website\",\"url\":\"https:\/\/www.lengyelrobert.hu\/\",\"name\":\"dr. Lengyel R\u00f3bert\",\"description\":\"A Becs\u00fclettel Si\u00f3fok\u00e9rt Egyes\u00fclet honlapja\",\"potentialAction\":[{\"@type\":\"SearchAction\",\"target\":{\"@type\":\"EntryPoint\",\"urlTemplate\":\"https:\/\/www.lengyelrobert.hu\/?s={search_term_string}\"},\"query-input\":{\"@type\":\"PropertyValueSpecification\",\"valueRequired\":true,\"valueName\":\"search_term_string\"}}],\"inLanguage\":\"hu\"},{\"@type\":\"Person\",\"@id\":\"https:\/\/www.lengyelrobert.hu\/#\/schema\/person\/2926fe5141a59e6530d8a411eb7bfb2d\",\"name\":\"webmaster\",\"image\":{\"@type\":\"ImageObject\",\"inLanguage\":\"hu\",\"@id\":\"https:\/\/www.lengyelrobert.hu\/#\/schema\/person\/image\/\",\"url\":\"https:\/\/secure.gravatar.com\/avatar\/d53f7fc01f188bb097ecc2caf950c777c2cdc1ec48a2d1726a8399a2188940b0?s=96&d=mm&r=g\",\"contentUrl\":\"https:\/\/secure.gravatar.com\/avatar\/d53f7fc01f188bb097ecc2caf950c777c2cdc1ec48a2d1726a8399a2188940b0?s=96&d=mm&r=g\",\"caption\":\"webmaster\"},\"sameAs\":[\"https:\/\/www.lengyelrobert.hu\"],\"url\":\"https:\/\/www.lengyelrobert.hu\/index.php\/author\/webmaster\/\"}]}<\/script>\n<!-- \/ Yoast SEO plugin. -->","yoast_head_json":{"title":"2019.06.06-i Facebook bejegyz\u00e9s - dr. Lengyel R\u00f3bert","robots":{"index":"index","follow":"follow","max-snippet":"max-snippet:-1","max-image-preview":"max-image-preview:large","max-video-preview":"max-video-preview:-1"},"canonical":"https:\/\/www.lengyelrobert.hu\/index.php\/2019\/06\/06\/2019-06-06-i-facebook-bejegyzes\/","og_locale":"hu_HU","og_type":"article","og_title":"2019.06.06-i Facebook bejegyz\u00e9s - dr. Lengyel R\u00f3bert","og_description":"Tisztelt Olvas\u00f3im! A minap h\u00edvt\u00e1k fel a figyelmemet, hogy egy troll oldalon \u00e9pp azon tr\u00e9f\u00e1lkozik egy arctalan valaki, hogy \u00e9n &#x27;csak egy egyszer\u0171 paraszt csal\u00e1d&#x27; sarja vagyok. Kor\u00e1bban m\u00e1sok meg azon \u00e9lcel\u0151dtek, hogy \u00fagy n\u00e9zek ki, mint egy tsz eln\u00f6k. Az el\u0151bbi biztosan igaz. Egyik \u00e1gon is egyszer\u0171 parasztok, a m\u00e1sikon is, illetve az ut\u00f3bbiak [&hellip;]","og_url":"https:\/\/www.lengyelrobert.hu\/index.php\/2019\/06\/06\/2019-06-06-i-facebook-bejegyzes\/","og_site_name":"dr. Lengyel R\u00f3bert","article_published_time":"2019-06-06T03:47:35+00:00","og_image":[{"width":710,"height":225,"url":"https:\/\/www.lengyelrobert.hu\/wp-content\/uploads\/2019\/07\/61976880_2259436857656793_150175747707764736_n_2259436854323460-1.png","type":"image\/png"}],"author":"webmaster","twitter_card":"summary_large_image","twitter_misc":{"Szerz\u0151:":"webmaster","Becs\u00fclt olvas\u00e1si id\u0151":"3 perc"},"schema":{"@context":"https:\/\/schema.org","@graph":[{"@type":"WebPage","@id":"https:\/\/www.lengyelrobert.hu\/index.php\/2019\/06\/06\/2019-06-06-i-facebook-bejegyzes\/","url":"https:\/\/www.lengyelrobert.hu\/index.php\/2019\/06\/06\/2019-06-06-i-facebook-bejegyzes\/","name":"2019.06.06-i Facebook bejegyz\u00e9s - dr. Lengyel R\u00f3bert","isPartOf":{"@id":"https:\/\/www.lengyelrobert.hu\/#website"},"primaryImageOfPage":{"@id":"https:\/\/www.lengyelrobert.hu\/index.php\/2019\/06\/06\/2019-06-06-i-facebook-bejegyzes\/#primaryimage"},"image":{"@id":"https:\/\/www.lengyelrobert.hu\/index.php\/2019\/06\/06\/2019-06-06-i-facebook-bejegyzes\/#primaryimage"},"thumbnailUrl":"https:\/\/www.lengyelrobert.hu\/wp-content\/uploads\/2019\/07\/61976880_2259436857656793_150175747707764736_n_2259436854323460-1.png","datePublished":"2019-06-06T03:47:35+00:00","dateModified":"2019-06-06T03:47:35+00:00","author":{"@id":"https:\/\/www.lengyelrobert.hu\/#\/schema\/person\/2926fe5141a59e6530d8a411eb7bfb2d"},"breadcrumb":{"@id":"https:\/\/www.lengyelrobert.hu\/index.php\/2019\/06\/06\/2019-06-06-i-facebook-bejegyzes\/#breadcrumb"},"inLanguage":"hu","potentialAction":[{"@type":"ReadAction","target":["https:\/\/www.lengyelrobert.hu\/index.php\/2019\/06\/06\/2019-06-06-i-facebook-bejegyzes\/"]}]},{"@type":"ImageObject","inLanguage":"hu","@id":"https:\/\/www.lengyelrobert.hu\/index.php\/2019\/06\/06\/2019-06-06-i-facebook-bejegyzes\/#primaryimage","url":"https:\/\/www.lengyelrobert.hu\/wp-content\/uploads\/2019\/07\/61976880_2259436857656793_150175747707764736_n_2259436854323460-1.png","contentUrl":"https:\/\/www.lengyelrobert.hu\/wp-content\/uploads\/2019\/07\/61976880_2259436857656793_150175747707764736_n_2259436854323460-1.png","width":710,"height":225},{"@type":"BreadcrumbList","@id":"https:\/\/www.lengyelrobert.hu\/index.php\/2019\/06\/06\/2019-06-06-i-facebook-bejegyzes\/#breadcrumb","itemListElement":[{"@type":"ListItem","position":1,"name":"Home","item":"https:\/\/www.lengyelrobert.hu\/"},{"@type":"ListItem","position":2,"name":"2019.06.06-i Facebook bejegyz\u00e9s"}]},{"@type":"WebSite","@id":"https:\/\/www.lengyelrobert.hu\/#website","url":"https:\/\/www.lengyelrobert.hu\/","name":"dr. Lengyel R\u00f3bert","description":"A Becs\u00fclettel Si\u00f3fok\u00e9rt Egyes\u00fclet honlapja","potentialAction":[{"@type":"SearchAction","target":{"@type":"EntryPoint","urlTemplate":"https:\/\/www.lengyelrobert.hu\/?s={search_term_string}"},"query-input":{"@type":"PropertyValueSpecification","valueRequired":true,"valueName":"search_term_string"}}],"inLanguage":"hu"},{"@type":"Person","@id":"https:\/\/www.lengyelrobert.hu\/#\/schema\/person\/2926fe5141a59e6530d8a411eb7bfb2d","name":"webmaster","image":{"@type":"ImageObject","inLanguage":"hu","@id":"https:\/\/www.lengyelrobert.hu\/#\/schema\/person\/image\/","url":"https:\/\/secure.gravatar.com\/avatar\/d53f7fc01f188bb097ecc2caf950c777c2cdc1ec48a2d1726a8399a2188940b0?s=96&d=mm&r=g","contentUrl":"https:\/\/secure.gravatar.com\/avatar\/d53f7fc01f188bb097ecc2caf950c777c2cdc1ec48a2d1726a8399a2188940b0?s=96&d=mm&r=g","caption":"webmaster"},"sameAs":["https:\/\/www.lengyelrobert.hu"],"url":"https:\/\/www.lengyelrobert.hu\/index.php\/author\/webmaster\/"}]}},"_links":{"self":[{"href":"https:\/\/www.lengyelrobert.hu\/index.php\/wp-json\/wp\/v2\/posts\/8923","targetHints":{"allow":["GET"]}}],"collection":[{"href":"https:\/\/www.lengyelrobert.hu\/index.php\/wp-json\/wp\/v2\/posts"}],"about":[{"href":"https:\/\/www.lengyelrobert.hu\/index.php\/wp-json\/wp\/v2\/types\/post"}],"author":[{"embeddable":true,"href":"https:\/\/www.lengyelrobert.hu\/index.php\/wp-json\/wp\/v2\/users\/1"}],"replies":[{"embeddable":true,"href":"https:\/\/www.lengyelrobert.hu\/index.php\/wp-json\/wp\/v2\/comments?post=8923"}],"version-history":[{"count":0,"href":"https:\/\/www.lengyelrobert.hu\/index.php\/wp-json\/wp\/v2\/posts\/8923\/revisions"}],"wp:featuredmedia":[{"embeddable":true,"href":"https:\/\/www.lengyelrobert.hu\/index.php\/wp-json\/wp\/v2\/media\/8570"}],"wp:attachment":[{"href":"https:\/\/www.lengyelrobert.hu\/index.php\/wp-json\/wp\/v2\/media?parent=8923"}],"wp:term":[{"taxonomy":"category","embeddable":true,"href":"https:\/\/www.lengyelrobert.hu\/index.php\/wp-json\/wp\/v2\/categories?post=8923"},{"taxonomy":"post_tag","embeddable":true,"href":"https:\/\/www.lengyelrobert.hu\/index.php\/wp-json\/wp\/v2\/tags?post=8923"}],"curies":[{"name":"wp","href":"https:\/\/api.w.org\/{rel}","templated":true}]}}