{"id":8909,"date":"2019-06-20T08:46:10","date_gmt":"2019-06-20T06:46:10","guid":{"rendered":"https:\/\/www.lengyelrobert.hu\/2019\/06\/2019-06-20-i-facebook-bejegyzes-5\/"},"modified":"2019-06-20T08:46:10","modified_gmt":"2019-06-20T06:46:10","slug":"2019-06-20-i-facebook-bejegyzes-2","status":"publish","type":"post","link":"https:\/\/www.lengyelrobert.hu\/index.php\/2019\/06\/20\/2019-06-20-i-facebook-bejegyzes-2\/","title":{"rendered":"2019.06.20-i Facebook bejegyz\u00e9s"},"content":{"rendered":"<p>Tisztelt Olvas\u00f3im!<\/p>\n<p>T\u00f6bbsz\u00f6r is \u00edrtam a szabad strandokon foly\u00f3 munk\u00e1latokr\u00f3l, melyek r\u00e9sz\u00e9t k\u00e9pezte \u00faj padok telep\u00edt\u00e9se is. Ut\u00f3bbiak tekintet\u00e9ben persze voltak, akik nemtetsz\u00e9s\u00fcknek adtak hangot, mondv\u00e1n, nincs t\u00e1ml\u00e1juk, k\u00e9nyelmetlenek, a f\u00e9mr\u00e9szek felforr\u00f3sodnak, stb, stb&#8230; A fel\u00faj\u00edt\u00e1sok p\u00e1ly\u00e1zati forr\u00e1sokb\u00f3l mennek, a tendernyertes Balaton-Parti Kft. pedig ezen t\u00edpus mellett d\u00f6nt\u00f6tt. <\/p>\n<p>Persze lehet mindenkinek v\u00e9lem\u00e9nye, ak\u00e1r j\u00f3, ak\u00e1r rossz \u00e9s ezeket tiszteletben is tartom, de az, ami most t\u00f6rt\u00e9nt, sz\u00e1momra \u00e9s minden j\u00f3\u00e9rz\u00e9s\u0171 si\u00f3foki sz\u00e1m\u00e1ra elfogadhatatlan. Az \u00faj padokb\u00f3l imm\u00e1r nyolcat vand\u00e1l m\u00f3don megrong\u00e1ltak, a nemtetsz\u00e9snek \u00edgy adva hangot (ld. a fot\u00f3n). Tal\u00e1n arr\u00f3l feledkezett meg a &#x27;b\u00e1tor&#x27; \u00e9jszakai grafikus-denev\u00e9r, hogy ezek k\u00f6ztulajdonban \u00e1ll\u00f3 eszk\u00f6z\u00f6k. Az eny\u00e9mek, az \u00f6v\u00e9, a mi\u00e9nk, mindny\u00e1junk\u00e9. \u00c9s amikor ezt tette, nem a Balaton-Parti, hanem a si\u00f3foki emberek vagyon\u00e1t rong\u00e1lta&#8230;<\/p>\n","protected":false},"excerpt":{"rendered":"<p>Tisztelt Olvas\u00f3im! T\u00f6bbsz\u00f6r is \u00edrtam a szabad strandokon foly\u00f3 munk\u00e1latokr\u00f3l, melyek r\u00e9sz\u00e9t k\u00e9pezte \u00faj padok telep\u00edt\u00e9se is. Ut\u00f3bbiak tekintet\u00e9ben persze voltak, akik nemtetsz\u00e9s\u00fcknek adtak hangot, mondv\u00e1n, nincs t\u00e1ml\u00e1juk, k\u00e9nyelmetlenek, a f\u00e9mr\u00e9szek felforr\u00f3sodnak, stb, stb&#8230; A fel\u00faj\u00edt\u00e1sok p\u00e1ly\u00e1zati forr\u00e1sokb\u00f3l mennek, a tendernyertes Balaton-Parti Kft. pedig ezen t\u00edpus mellett d\u00f6nt\u00f6tt. Persze lehet mindenkinek v\u00e9lem\u00e9nye, ak\u00e1r j\u00f3, ak\u00e1r [&hellip;]<\/p>\n","protected":false},"author":1,"featured_media":8542,"comment_status":"closed","ping_status":"closed","sticky":false,"template":"","format":"standard","meta":{"_acf_changed":false,"_et_pb_use_builder":"","_et_pb_old_content":"","_et_gb_content_width":"","footnotes":""},"categories":[1],"tags":[],"class_list":["post-8909","post","type-post","status-publish","format-standard","has-post-thumbnail","hentry","category-uncategorized"],"acf":[],"yoast_head":"<!-- This site is optimized with the Yoast SEO plugin v23.8 - https:\/\/yoast.com\/wordpress\/plugins\/seo\/ -->\n<title>2019.06.20-i Facebook bejegyz\u00e9s - dr. Lengyel R\u00f3bert<\/title>\n<meta name=\"robots\" content=\"index, follow, max-snippet:-1, max-image-preview:large, max-video-preview:-1\" \/>\n<link rel=\"canonical\" href=\"https:\/\/www.lengyelrobert.hu\/index.php\/2019\/06\/20\/2019-06-20-i-facebook-bejegyzes-2\/\" \/>\n<meta property=\"og:locale\" content=\"hu_HU\" \/>\n<meta property=\"og:type\" content=\"article\" \/>\n<meta property=\"og:title\" content=\"2019.06.20-i Facebook bejegyz\u00e9s - dr. Lengyel R\u00f3bert\" \/>\n<meta property=\"og:description\" content=\"Tisztelt Olvas\u00f3im! T\u00f6bbsz\u00f6r is \u00edrtam a szabad strandokon foly\u00f3 munk\u00e1latokr\u00f3l, melyek r\u00e9sz\u00e9t k\u00e9pezte \u00faj padok telep\u00edt\u00e9se is. Ut\u00f3bbiak tekintet\u00e9ben persze voltak, akik nemtetsz\u00e9s\u00fcknek adtak hangot, mondv\u00e1n, nincs t\u00e1ml\u00e1juk, k\u00e9nyelmetlenek, a f\u00e9mr\u00e9szek felforr\u00f3sodnak, stb, stb&#8230; A fel\u00faj\u00edt\u00e1sok p\u00e1ly\u00e1zati forr\u00e1sokb\u00f3l mennek, a tendernyertes Balaton-Parti Kft. pedig ezen t\u00edpus mellett d\u00f6nt\u00f6tt. Persze lehet mindenkinek v\u00e9lem\u00e9nye, ak\u00e1r j\u00f3, ak\u00e1r [&hellip;]\" \/>\n<meta property=\"og:url\" content=\"https:\/\/www.lengyelrobert.hu\/index.php\/2019\/06\/20\/2019-06-20-i-facebook-bejegyzes-2\/\" \/>\n<meta property=\"og:site_name\" content=\"dr. Lengyel R\u00f3bert\" \/>\n<meta property=\"article:published_time\" content=\"2019-06-20T06:46:10+00:00\" \/>\n<meta property=\"og:image\" content=\"https:\/\/www.lengyelrobert.hu\/wp-content\/uploads\/2019\/07\/64719762_2269185950015217_6368945937393385472_o_2269185946681884-1.jpg\" \/>\n\t<meta property=\"og:image:width\" content=\"1148\" \/>\n\t<meta property=\"og:image:height\" content=\"2040\" \/>\n\t<meta property=\"og:image:type\" content=\"image\/jpeg\" \/>\n<meta name=\"author\" content=\"webmaster\" \/>\n<meta name=\"twitter:card\" content=\"summary_large_image\" \/>\n<meta name=\"twitter:label1\" content=\"Szerz\u0151:\" \/>\n\t<meta name=\"twitter:data1\" content=\"webmaster\" \/>\n\t<meta name=\"twitter:label2\" content=\"Becs\u00fclt olvas\u00e1si id\u0151\" \/>\n\t<meta name=\"twitter:data2\" content=\"1 perc\" \/>\n<script type=\"application\/ld+json\" class=\"yoast-schema-graph\">{\"@context\":\"https:\/\/schema.org\",\"@graph\":[{\"@type\":\"WebPage\",\"@id\":\"https:\/\/www.lengyelrobert.hu\/index.php\/2019\/06\/20\/2019-06-20-i-facebook-bejegyzes-2\/\",\"url\":\"https:\/\/www.lengyelrobert.hu\/index.php\/2019\/06\/20\/2019-06-20-i-facebook-bejegyzes-2\/\",\"name\":\"2019.06.20-i Facebook bejegyz\u00e9s - dr. Lengyel R\u00f3bert\",\"isPartOf\":{\"@id\":\"https:\/\/www.lengyelrobert.hu\/#website\"},\"primaryImageOfPage\":{\"@id\":\"https:\/\/www.lengyelrobert.hu\/index.php\/2019\/06\/20\/2019-06-20-i-facebook-bejegyzes-2\/#primaryimage\"},\"image\":{\"@id\":\"https:\/\/www.lengyelrobert.hu\/index.php\/2019\/06\/20\/2019-06-20-i-facebook-bejegyzes-2\/#primaryimage\"},\"thumbnailUrl\":\"https:\/\/www.lengyelrobert.hu\/wp-content\/uploads\/2019\/07\/64719762_2269185950015217_6368945937393385472_o_2269185946681884-1.jpg\",\"datePublished\":\"2019-06-20T06:46:10+00:00\",\"dateModified\":\"2019-06-20T06:46:10+00:00\",\"author\":{\"@id\":\"https:\/\/www.lengyelrobert.hu\/#\/schema\/person\/2926fe5141a59e6530d8a411eb7bfb2d\"},\"breadcrumb\":{\"@id\":\"https:\/\/www.lengyelrobert.hu\/index.php\/2019\/06\/20\/2019-06-20-i-facebook-bejegyzes-2\/#breadcrumb\"},\"inLanguage\":\"hu\",\"potentialAction\":[{\"@type\":\"ReadAction\",\"target\":[\"https:\/\/www.lengyelrobert.hu\/index.php\/2019\/06\/20\/2019-06-20-i-facebook-bejegyzes-2\/\"]}]},{\"@type\":\"ImageObject\",\"inLanguage\":\"hu\",\"@id\":\"https:\/\/www.lengyelrobert.hu\/index.php\/2019\/06\/20\/2019-06-20-i-facebook-bejegyzes-2\/#primaryimage\",\"url\":\"https:\/\/www.lengyelrobert.hu\/wp-content\/uploads\/2019\/07\/64719762_2269185950015217_6368945937393385472_o_2269185946681884-1.jpg\",\"contentUrl\":\"https:\/\/www.lengyelrobert.hu\/wp-content\/uploads\/2019\/07\/64719762_2269185950015217_6368945937393385472_o_2269185946681884-1.jpg\",\"width\":1148,\"height\":2040},{\"@type\":\"BreadcrumbList\",\"@id\":\"https:\/\/www.lengyelrobert.hu\/index.php\/2019\/06\/20\/2019-06-20-i-facebook-bejegyzes-2\/#breadcrumb\",\"itemListElement\":[{\"@type\":\"ListItem\",\"position\":1,\"name\":\"Home\",\"item\":\"https:\/\/www.lengyelrobert.hu\/\"},{\"@type\":\"ListItem\",\"position\":2,\"name\":\"2019.06.20-i Facebook bejegyz\u00e9s\"}]},{\"@type\":\"WebSite\",\"@id\":\"https:\/\/www.lengyelrobert.hu\/#website\",\"url\":\"https:\/\/www.lengyelrobert.hu\/\",\"name\":\"dr. Lengyel R\u00f3bert\",\"description\":\"A Becs\u00fclettel Si\u00f3fok\u00e9rt Egyes\u00fclet honlapja\",\"potentialAction\":[{\"@type\":\"SearchAction\",\"target\":{\"@type\":\"EntryPoint\",\"urlTemplate\":\"https:\/\/www.lengyelrobert.hu\/?s={search_term_string}\"},\"query-input\":{\"@type\":\"PropertyValueSpecification\",\"valueRequired\":true,\"valueName\":\"search_term_string\"}}],\"inLanguage\":\"hu\"},{\"@type\":\"Person\",\"@id\":\"https:\/\/www.lengyelrobert.hu\/#\/schema\/person\/2926fe5141a59e6530d8a411eb7bfb2d\",\"name\":\"webmaster\",\"image\":{\"@type\":\"ImageObject\",\"inLanguage\":\"hu\",\"@id\":\"https:\/\/www.lengyelrobert.hu\/#\/schema\/person\/image\/\",\"url\":\"https:\/\/secure.gravatar.com\/avatar\/d53f7fc01f188bb097ecc2caf950c777c2cdc1ec48a2d1726a8399a2188940b0?s=96&d=mm&r=g\",\"contentUrl\":\"https:\/\/secure.gravatar.com\/avatar\/d53f7fc01f188bb097ecc2caf950c777c2cdc1ec48a2d1726a8399a2188940b0?s=96&d=mm&r=g\",\"caption\":\"webmaster\"},\"sameAs\":[\"https:\/\/www.lengyelrobert.hu\"],\"url\":\"https:\/\/www.lengyelrobert.hu\/index.php\/author\/webmaster\/\"}]}<\/script>\n<!-- \/ Yoast SEO plugin. -->","yoast_head_json":{"title":"2019.06.20-i Facebook bejegyz\u00e9s - dr. Lengyel R\u00f3bert","robots":{"index":"index","follow":"follow","max-snippet":"max-snippet:-1","max-image-preview":"max-image-preview:large","max-video-preview":"max-video-preview:-1"},"canonical":"https:\/\/www.lengyelrobert.hu\/index.php\/2019\/06\/20\/2019-06-20-i-facebook-bejegyzes-2\/","og_locale":"hu_HU","og_type":"article","og_title":"2019.06.20-i Facebook bejegyz\u00e9s - dr. Lengyel R\u00f3bert","og_description":"Tisztelt Olvas\u00f3im! T\u00f6bbsz\u00f6r is \u00edrtam a szabad strandokon foly\u00f3 munk\u00e1latokr\u00f3l, melyek r\u00e9sz\u00e9t k\u00e9pezte \u00faj padok telep\u00edt\u00e9se is. Ut\u00f3bbiak tekintet\u00e9ben persze voltak, akik nemtetsz\u00e9s\u00fcknek adtak hangot, mondv\u00e1n, nincs t\u00e1ml\u00e1juk, k\u00e9nyelmetlenek, a f\u00e9mr\u00e9szek felforr\u00f3sodnak, stb, stb&#8230; A fel\u00faj\u00edt\u00e1sok p\u00e1ly\u00e1zati forr\u00e1sokb\u00f3l mennek, a tendernyertes Balaton-Parti Kft. pedig ezen t\u00edpus mellett d\u00f6nt\u00f6tt. Persze lehet mindenkinek v\u00e9lem\u00e9nye, ak\u00e1r j\u00f3, ak\u00e1r [&hellip;]","og_url":"https:\/\/www.lengyelrobert.hu\/index.php\/2019\/06\/20\/2019-06-20-i-facebook-bejegyzes-2\/","og_site_name":"dr. Lengyel R\u00f3bert","article_published_time":"2019-06-20T06:46:10+00:00","og_image":[{"width":1148,"height":2040,"url":"https:\/\/www.lengyelrobert.hu\/wp-content\/uploads\/2019\/07\/64719762_2269185950015217_6368945937393385472_o_2269185946681884-1.jpg","type":"image\/jpeg"}],"author":"webmaster","twitter_card":"summary_large_image","twitter_misc":{"Szerz\u0151:":"webmaster","Becs\u00fclt olvas\u00e1si id\u0151":"1 perc"},"schema":{"@context":"https:\/\/schema.org","@graph":[{"@type":"WebPage","@id":"https:\/\/www.lengyelrobert.hu\/index.php\/2019\/06\/20\/2019-06-20-i-facebook-bejegyzes-2\/","url":"https:\/\/www.lengyelrobert.hu\/index.php\/2019\/06\/20\/2019-06-20-i-facebook-bejegyzes-2\/","name":"2019.06.20-i Facebook bejegyz\u00e9s - dr. Lengyel R\u00f3bert","isPartOf":{"@id":"https:\/\/www.lengyelrobert.hu\/#website"},"primaryImageOfPage":{"@id":"https:\/\/www.lengyelrobert.hu\/index.php\/2019\/06\/20\/2019-06-20-i-facebook-bejegyzes-2\/#primaryimage"},"image":{"@id":"https:\/\/www.lengyelrobert.hu\/index.php\/2019\/06\/20\/2019-06-20-i-facebook-bejegyzes-2\/#primaryimage"},"thumbnailUrl":"https:\/\/www.lengyelrobert.hu\/wp-content\/uploads\/2019\/07\/64719762_2269185950015217_6368945937393385472_o_2269185946681884-1.jpg","datePublished":"2019-06-20T06:46:10+00:00","dateModified":"2019-06-20T06:46:10+00:00","author":{"@id":"https:\/\/www.lengyelrobert.hu\/#\/schema\/person\/2926fe5141a59e6530d8a411eb7bfb2d"},"breadcrumb":{"@id":"https:\/\/www.lengyelrobert.hu\/index.php\/2019\/06\/20\/2019-06-20-i-facebook-bejegyzes-2\/#breadcrumb"},"inLanguage":"hu","potentialAction":[{"@type":"ReadAction","target":["https:\/\/www.lengyelrobert.hu\/index.php\/2019\/06\/20\/2019-06-20-i-facebook-bejegyzes-2\/"]}]},{"@type":"ImageObject","inLanguage":"hu","@id":"https:\/\/www.lengyelrobert.hu\/index.php\/2019\/06\/20\/2019-06-20-i-facebook-bejegyzes-2\/#primaryimage","url":"https:\/\/www.lengyelrobert.hu\/wp-content\/uploads\/2019\/07\/64719762_2269185950015217_6368945937393385472_o_2269185946681884-1.jpg","contentUrl":"https:\/\/www.lengyelrobert.hu\/wp-content\/uploads\/2019\/07\/64719762_2269185950015217_6368945937393385472_o_2269185946681884-1.jpg","width":1148,"height":2040},{"@type":"BreadcrumbList","@id":"https:\/\/www.lengyelrobert.hu\/index.php\/2019\/06\/20\/2019-06-20-i-facebook-bejegyzes-2\/#breadcrumb","itemListElement":[{"@type":"ListItem","position":1,"name":"Home","item":"https:\/\/www.lengyelrobert.hu\/"},{"@type":"ListItem","position":2,"name":"2019.06.20-i Facebook bejegyz\u00e9s"}]},{"@type":"WebSite","@id":"https:\/\/www.lengyelrobert.hu\/#website","url":"https:\/\/www.lengyelrobert.hu\/","name":"dr. Lengyel R\u00f3bert","description":"A Becs\u00fclettel Si\u00f3fok\u00e9rt Egyes\u00fclet honlapja","potentialAction":[{"@type":"SearchAction","target":{"@type":"EntryPoint","urlTemplate":"https:\/\/www.lengyelrobert.hu\/?s={search_term_string}"},"query-input":{"@type":"PropertyValueSpecification","valueRequired":true,"valueName":"search_term_string"}}],"inLanguage":"hu"},{"@type":"Person","@id":"https:\/\/www.lengyelrobert.hu\/#\/schema\/person\/2926fe5141a59e6530d8a411eb7bfb2d","name":"webmaster","image":{"@type":"ImageObject","inLanguage":"hu","@id":"https:\/\/www.lengyelrobert.hu\/#\/schema\/person\/image\/","url":"https:\/\/secure.gravatar.com\/avatar\/d53f7fc01f188bb097ecc2caf950c777c2cdc1ec48a2d1726a8399a2188940b0?s=96&d=mm&r=g","contentUrl":"https:\/\/secure.gravatar.com\/avatar\/d53f7fc01f188bb097ecc2caf950c777c2cdc1ec48a2d1726a8399a2188940b0?s=96&d=mm&r=g","caption":"webmaster"},"sameAs":["https:\/\/www.lengyelrobert.hu"],"url":"https:\/\/www.lengyelrobert.hu\/index.php\/author\/webmaster\/"}]}},"_links":{"self":[{"href":"https:\/\/www.lengyelrobert.hu\/index.php\/wp-json\/wp\/v2\/posts\/8909","targetHints":{"allow":["GET"]}}],"collection":[{"href":"https:\/\/www.lengyelrobert.hu\/index.php\/wp-json\/wp\/v2\/posts"}],"about":[{"href":"https:\/\/www.lengyelrobert.hu\/index.php\/wp-json\/wp\/v2\/types\/post"}],"author":[{"embeddable":true,"href":"https:\/\/www.lengyelrobert.hu\/index.php\/wp-json\/wp\/v2\/users\/1"}],"replies":[{"embeddable":true,"href":"https:\/\/www.lengyelrobert.hu\/index.php\/wp-json\/wp\/v2\/comments?post=8909"}],"version-history":[{"count":0,"href":"https:\/\/www.lengyelrobert.hu\/index.php\/wp-json\/wp\/v2\/posts\/8909\/revisions"}],"wp:featuredmedia":[{"embeddable":true,"href":"https:\/\/www.lengyelrobert.hu\/index.php\/wp-json\/wp\/v2\/media\/8542"}],"wp:attachment":[{"href":"https:\/\/www.lengyelrobert.hu\/index.php\/wp-json\/wp\/v2\/media?parent=8909"}],"wp:term":[{"taxonomy":"category","embeddable":true,"href":"https:\/\/www.lengyelrobert.hu\/index.php\/wp-json\/wp\/v2\/categories?post=8909"},{"taxonomy":"post_tag","embeddable":true,"href":"https:\/\/www.lengyelrobert.hu\/index.php\/wp-json\/wp\/v2\/tags?post=8909"}],"curies":[{"name":"wp","href":"https:\/\/api.w.org\/{rel}","templated":true}]}}