{"id":5621,"date":"2015-11-03T14:31:22","date_gmt":"2015-11-03T13:31:22","guid":{"rendered":"https:\/\/www.lengyelrobert.hu\/uncategorized\/2015-11-03-i-facebook-bejegyzes\/"},"modified":"2015-11-03T14:31:22","modified_gmt":"2015-11-03T13:31:22","slug":"2015-11-03-i-facebook-bejegyzes","status":"publish","type":"post","link":"https:\/\/www.lengyelrobert.hu\/index.php\/2015\/11\/03\/2015-11-03-i-facebook-bejegyzes\/","title":{"rendered":"2015.11.03-i Facebook bejegyz\u00e9s"},"content":{"rendered":"<p>Kedves Olvas\u00f3im!<\/p>\n<p>        Mint azt kor\u00e1bban jeleztem, a b\u00edr\u00f3s\u00e1g k\u00f6z\u00e9rdek\u0171 adatk\u00e9nt, kiadni rendelte hivatalunk sz\u00e1m\u00e1ra a Balaton-Parti Kft. \u00e1tvil\u00e1g\u00edt\u00e1s\u00e1r\u00f3l sz\u00f3l\u00f3 teljes dokument\u00e1ci\u00f3t. A mai napon a pernyertes r\u00e9sz\u00e9re megk\u00fcldt\u00fck a jelent\u00e9st. Ezzel kapcsolatosan kiadtam az al\u00e1bbi sajt\u00f3k\u00f6zlem\u00e9nyt.<\/p>\n<p>        S A J T \u00d3 K \u00d6 Z L E M \u00c9 N Y<br \/>\n        si\u00f3foki \u00f6nkorm\u00e1nyzati c\u00e9g \u00e1tvil\u00e1g\u00edt\u00e1si jelent\u00e9s\u00e9r\u0151l<\/p>\n<p>        Egy mag\u00e1nszem\u00e9ly felperes \u00f6nkorm\u00e1nyzatunk ellen ind\u00edtott, polg\u00e1ri peres elj\u00e1r\u00e1st. Az \u00fcgy el\u0151zm\u00e9nye, hogy m\u00e9g 2015. \u00e1prilis 15-i keltez\u00e9ssel vizsg\u00e1lati jelent\u00e9s k\u00e9sz\u00fclt a Si\u00f3fok v\u00e1ros 100 %-os tulajdon\u00e1ban l\u00e9v\u0151 c\u00e9g, a Balaton-Parti Kft. gazdas\u00e1gi \u00e1tvil\u00e1g\u00edt\u00e1s\u00e1r\u00f3l. Felperes beadv\u00e1nyban k\u00e9rte, hogy a jelent\u00e9st k\u00f6z\u00e9rdek\u0171 adatk\u00e9nt bocs\u00e1ssuk a rendelkez\u00e9s\u00e9re. Hivatalunk a k\u00e9r\u00e9st arra hivatkoz\u00e1ssal utas\u00edtotta el, hogy az anyag test\u00fclet \u00e1ltal nem t\u00e1rgyalt, \u00edgy d\u00f6nt\u00e9s-el\u0151k\u00e9sz\u00edt\u0151 iratnak min\u0151s\u00fcl, s mint ilyen, nem adhat\u00f3 ki. A k\u00e9s\u0151bbi felperes nem nyugodott bele a d\u00f6nt\u00e9sbe \u00e9s b\u00edr\u00f3s\u00e1gt\u00f3l k\u00e9rte a hozz\u00e1f\u00e9rhet\u0151v\u00e9 t\u00e9tel elrendel\u00e9s\u00e9t.<br \/>\n        A Kaposv\u00e1ri J\u00e1r\u00e1sb\u00edr\u00f3s\u00e1g a 6.P.21.105\/6\/II. sz\u00e1m\u00fa, 2015. okt\u00f3ber 22-i keltez\u00e9s\u0171 joger\u0151s \u00edt\u00e9let\u00e9ben mondta ki, miszerint: &#8220;&#8230; A b\u00edr\u00f3s\u00e1g k\u00f6telezi az alpereseket, hogy 15 napon bel\u00fcl adj\u00e1k ki a felperes r\u00e9sz\u00e9re a Balaton-Parti Kft. m\u0171k\u00f6d\u00e9s\u00e9nek \u00e1tvil\u00e1g\u00edt\u00e1s\u00e1r\u00f3l sz\u00f3l\u00f3 szak\u00e9rt\u0151i jelent\u00e9s teljes anyag\u00e1t, a vizsg\u00e1latokkal \u00e9s konkl\u00fazi\u00f3kkal egy\u00fctt&#8230;.&#8221;<br \/>\n        Az \u00fcgy tov\u00e1bbi el\u0151zm\u00e9nyei summ\u00e1zottan a k\u00f6vetkez\u0151k voltak:<br \/>\n        Javaslatomra a k\u00e9pvisel\u0151 test\u00fclet m\u00e9g 2014 december\u00e9ben, egyhang\u00fa hat\u00e1rozatot hozott az \u00f6nkorm\u00e1nyzatunk 100 %-os tulajdon\u00e1ban l\u00e9v\u0151 Balaton-Parti Kft. megel\u0151z\u0151 5 gazdas\u00e1gi \u00e9v\u00e9re vonatkoz\u00f3 \u00e1tvil\u00e1g\u00edt\u00e1s v\u00e9grehajt\u00e1s\u00e1ra. Akkor m\u00e9g teljes \u00f6sszhang mutatkozott arra is, hogy valamennyi c\u00e9g\u00fcnk gazd\u00e1lkod\u00e1s\u00e1nak \u00fctemezett visszaellen\u0151rz\u00e9s\u00e9re ker\u00fclhet sor a tov\u00e1bbiakban.<br \/>\n        A test\u00fcleti d\u00f6nt\u00e9snek megfelel\u0151en, az egy\u00e9bk\u00e9nt ad\u00f3szak\u00e9rt\u0151-k\u00f6zgazd\u00e1sz v\u00e9gzetts\u00e9g\u0171 alpolg\u00e1rmester \u00e1ltal vezetett ellen\u0151rz\u0151 csoport, a hivatal \u00e1llom\u00e1ny\u00e1ba tartoz\u00f3 jogi \u00e9s p\u00e9nz\u00fcgyi szakemberekb\u0151l, valamint egy k\u00fcls\u0151s p\u00e9nz\u00fcgyi szak\u00e9rt\u0151b\u0151l fel\u00e1llt \u00e9s megkezdte munk\u00e1j\u00e1t. 3 h\u00f3nap alatt v\u00e9gezt\u00e9k el az ellen\u0151rz\u00e9st, majd terjesztett\u00e9k t\u00f6bbek k\u00f6z\u00f6tt el\u00e9m is jelent\u00e9s\u00fcket, melyet azt\u00e1n a k\u00e9pvisel\u0151 test\u00fclet tagjai is megismertek. Az anyag sz\u00e1mos szab\u00e1lytalans\u00e1g gyan\u00faj\u00e1t t\u00e1rta fel a gazd\u00e1lkod\u00e1ssal \u00f6sszef\u00fcgg\u00e9sben, amelyek tov\u00e1bbi int\u00e9zked\u00e9sek meghat\u00e1roz\u00e1s\u00e1t k\u00edv\u00e1nt\u00e1k volna meg.<br \/>\n        Az ez \u00e9v m\u00e1jusi test\u00fcleti \u00fcl\u00e9sen t\u0171ztem napirendre az inkrimin\u00e1lt jelent\u00e9s megt\u00e1rgyal\u00e1s\u00e1t a tov\u00e1bbi sz\u00fcks\u00e9ges int\u00e9zked\u00e9sek &#8211; egyebek mellett szem\u00e9lyzeti d\u00f6nt\u00e9sek- elrendel\u00e9se \u00e9rdek\u00e9ben. A FIDESZ frakci\u00f3 vezet\u0151j\u00e9nek javaslat\u00e1ra, a test\u00fcleti t\u00f6bbs\u00e9g a jelent\u00e9s megt\u00e1rgyal\u00e1s\u00e1t, ezzel egy\u00fctt szem\u00e9lyi d\u00f6nt\u00e9sek meghozatal\u00e1t a napirendr\u0151l levetette. Ilyen el\u0151zm\u00e9nyek ut\u00e1n, a b\u00fcntet\u0151elj\u00e1r\u00e1si t\u00f6rv\u00e9ny vonatkoz\u00f3 rendelkez\u00e9s\u00e9nek, \u00edgy hivatali k\u00f6teless\u00e9gemnek is eleget t\u00e9ve -miszerint a hivatalos szem\u00e9ly, \u00edgy a polg\u00e1rmester, de b\u00e1rmely k\u00e9pvisel\u0151 is, amennyiben b\u0171ncselekm\u00e9ny elk\u00f6vet\u00e9s\u00e9nek gyan\u00faj\u00e1r\u00f3l szerez tudom\u00e1st, k\u00f6teles feljelent\u00e9st tenni- a Si\u00f3foki Rend\u0151rkapit\u00e1nys\u00e1gon, h\u00e9t k\u00fcl\u00f6nb\u00f6z\u0151 \u00e9s r\u00e9szben folytat\u00f3lagosan elk\u00f6vetett b\u0171ncselekm\u00e9ny (lop\u00e1s, csal\u00e1s, sikkaszt\u00e1s h\u0171tlen kezel\u00e9s, hivatali vissza\u00e9l\u00e9s, a hullad\u00e9kgazd\u00e1lkod\u00e1s rendj\u00e9nek megs\u00e9rt\u00e9se \u00e9s okirat hamis\u00edt\u00e1s) gyan\u00faja miatt, m\u00e1jus 27-\u00e9n feljelent\u00e9st tettem. A gyan\u00famat a rend\u0151rs\u00e9g is megalapozottnak tal\u00e1lta, \u00edgy a nyomoz\u00e1s is halad\u00e9ktalanul elrendel\u00e9sre ker\u00fclt. Miut\u00e1n kor\u00e1bban t\u00f6bb \u00e9vig a v\u00e1ros rend\u0151rkapit\u00e1nya voltam, elfogults\u00e1gra hivatkozva k\u00e9rtem a Somogy Megyei Rend\u0151r-f\u0151kapit\u00e1nys\u00e1g elj\u00e1r\u00e1sb\u00f3l val\u00f3 kiz\u00e1r\u00e1s\u00e1t, \u00edgy jelenleg a Veszpr\u00e9m Megyei Rend\u0151r-f\u0151kapit\u00e1nys\u00e1g Gazdas\u00e1gv\u00e9delmi Oszt\u00e1lya nyomoz az \u00fcgyben.<br \/>\n        A j\u00faniusi test\u00fcleti \u00fcl\u00e9sen ism\u00e9t napirendre szerettem volna t\u0171zni a megt\u00e1rgyal\u00e1st, a szavaz\u00e1s el\u0151tt ismertettem a k\u00e9pvisel\u0151kkel a fentebb le\u00edrtakat is, de a FIDESZ frakci\u00f3j\u00e1nak vezet\u0151je ism\u00e9t kezdem\u00e9nyezte a napirendr\u0151l val\u00f3 lev\u00e9telt, amit a test\u00fcleti t\u00f6bbs\u00e9g \u00fajra meg is szavazott. Ezzel egy\u00fctt Frakci\u00f3vezet\u0151 \u00dar javaslat\u00e1ra olyan d\u00f6nt\u00e9s sz\u00fcletett, hogy a tov\u00e1bbi \u00e1tvil\u00e1g\u00edt\u00e1sok v\u00e9grehajt\u00e1s\u00e1ra k\u00e9rj\u00fck fel az \u00c1llami Sz\u00e1mvev\u0151sz\u00e9ket. (Az \u00c1SZ felk\u00e9r\u0151 level\u00fcnkre reag\u00e1lt, de nem tudott egy\u00e9rtelm\u0171en \u00e1ll\u00e1st foglalni, hogy tudja-e \u00e9s mikorra \u00fctemezni ezeket a munk\u00e1kat.)<br \/>\n        A fentiekre figyelemmel a szeptemberi \u00fcl\u00e9s\u00fcnk\u00f6n, napirendi javaslatomban kezdem\u00e9nyeztem a k\u00f6vetkez\u0151 \u00f6nkorm\u00e1nyzati c\u00e9g, a SI\u00d3TOUR Kft. \u00e1tvil\u00e1g\u00edt\u00e1s\u00e1t is ez\u00fattal m\u00e1r f\u00fcggetlen, k\u00fcls\u0151s audit c\u00e9g bevon\u00e1s\u00e1val, de ism\u00e9t Frakci\u00f3vezet\u0151 \u00dar javaslat\u00e1ra, a test\u00fcleti t\u00f6bbs\u00e9g ezt is levetette a napirendr\u0151l, \u00edgy jelenleg a tov\u00e1bbi \u00e1tvil\u00e1g\u00edt\u00e1sok megrekedtek.<br \/>\n        Az\u00f3ta \u00fajabb levelet k\u00fcldtem az \u00c1SZ-nak \u00e9s k\u00e9rtem, egy\u00e9rtelm\u0171en foglaljanak \u00e1ll\u00e1st: 6 h\u00f3napon bel\u00fcl van-e lehet\u0151s\u00e9g\u00fck megkezdeni a tov\u00e1bbi \u00e1tvil\u00e1g\u00edt\u00e1sokat vagy sem? Ha \u00e9s amennyiben a v\u00e1lasz nemleges lesz, ism\u00e9t test\u00fclet el\u00e9 viszem a tov\u00e1bbi \u00e1tvil\u00e1g\u00edt\u00e1sok elrendel\u00e9s\u00e9t, k\u00fcls\u0151s szakc\u00e9g bevon\u00e1s\u00e1val.<br \/>\n        Tov\u00e1bbra is azt gondolom, c\u00e9geink m\u0171k\u00f6d\u00e9s\u00e9t illet\u0151en tiszt\u00e1n kell l\u00e1tnunk a m\u00faltat \u00e9s a jelent, hogy felel\u0151sen d\u00f6nthess\u00fcnk a j\u00f6v\u0151re vonatkoz\u00f3an. L\u00e1tnunk kell mire, mennyit ford\u00edtottak az elm\u00falt id\u0151szakban, hol lehet sp\u00f3rolni, hol vannak, lehetnek olyan csapok, amelyeket el lehet vagy \u00e9pp el kell z\u00e1rni ahhoz, hogy a m\u0171k\u00f6d\u00e9s\u00fck rent\u00e1bilisabb legyen. Ez r\u00e9szemr\u0151l nem harc, nem boszork\u00e1ny\u00fcld\u00f6z\u00e9s, hanem v\u00e1rosi gazdas\u00e1gi \u00e9rdek. \u00c9s igen, egyet \u00e9rtek azzal is, hogy az embereknek joguk van tudni, mire ford\u00edt\u00f3dott a k\u00f6z\u00f6s vagyonunk.<br \/>\n        A b\u00edr\u00f3s\u00e1gi k\u00f6telez\u00e9snek eleget tett\u00fcnk, felperes r\u00e9sz\u00e9re -k\u00e9r\u00e9s\u00e9nek megfelel\u0151en elektronikus form\u00e1ban- a kiadni rendelt iratanyagot a mai napon megk\u00fcldt\u00fck. A tov\u00e1bbi, egyedi adatk\u00e9r\u00e9sek megel\u0151z\u00e9se \u00e9rdek\u00e9ben a http:\/\/siofok.hu\/files\/Jelentes.pdf linken az anyagot, mint k\u00f6z\u00e9rdek\u0171 adatot, mindenki sz\u00e1m\u00e1ra hozz\u00e1f\u00e9rhet\u0151v\u00e9 tett\u00fck.<\/p>\n<p>        Si\u00f3fok, 2015. november 3.<\/p>\n<p>        dr. Lengyel R\u00f3bert<\/p>\n<p><a href=\"http:\/\/siofok.hu\/files\/Jelentes.pdf\">http:\/\/siofok.hu\/files\/Jelentes.pdf<\/a><\/p>\n","protected":false},"excerpt":{"rendered":"<p>Kedves Olvas\u00f3im! Mint azt kor\u00e1bban jeleztem, a b\u00edr\u00f3s\u00e1g k\u00f6z\u00e9rdek\u0171 adatk\u00e9nt, kiadni rendelte hivatalunk sz\u00e1m\u00e1ra a Balaton-Parti Kft. \u00e1tvil\u00e1g\u00edt\u00e1s\u00e1r\u00f3l sz\u00f3l\u00f3 teljes dokument\u00e1ci\u00f3t. A mai napon a pernyertes r\u00e9sz\u00e9re megk\u00fcldt\u00fck a jelent\u00e9st. Ezzel kapcsolatosan kiadtam az al\u00e1bbi sajt\u00f3k\u00f6zlem\u00e9nyt. S A J T \u00d3 K \u00d6 Z L E M \u00c9 N Y si\u00f3foki \u00f6nkorm\u00e1nyzati c\u00e9g \u00e1tvil\u00e1g\u00edt\u00e1si jelent\u00e9s\u00e9r\u0151l [&hellip;]<\/p>\n","protected":false},"author":1,"featured_media":0,"comment_status":"closed","ping_status":"closed","sticky":false,"template":"","format":"standard","meta":{"_acf_changed":false,"_et_pb_use_builder":"","_et_pb_old_content":"","_et_gb_content_width":"","footnotes":""},"categories":[1],"tags":[],"class_list":["post-5621","post","type-post","status-publish","format-standard","hentry","category-uncategorized"],"acf":[],"yoast_head":"<!-- This site is optimized with the Yoast SEO plugin v23.8 - https:\/\/yoast.com\/wordpress\/plugins\/seo\/ -->\n<title>2015.11.03-i Facebook bejegyz\u00e9s - dr. Lengyel R\u00f3bert<\/title>\n<meta name=\"robots\" content=\"index, follow, max-snippet:-1, max-image-preview:large, max-video-preview:-1\" \/>\n<link rel=\"canonical\" href=\"https:\/\/www.lengyelrobert.hu\/index.php\/2015\/11\/03\/2015-11-03-i-facebook-bejegyzes\/\" \/>\n<meta property=\"og:locale\" content=\"hu_HU\" \/>\n<meta property=\"og:type\" content=\"article\" \/>\n<meta property=\"og:title\" content=\"2015.11.03-i Facebook bejegyz\u00e9s - dr. Lengyel R\u00f3bert\" \/>\n<meta property=\"og:description\" content=\"Kedves Olvas\u00f3im! Mint azt kor\u00e1bban jeleztem, a b\u00edr\u00f3s\u00e1g k\u00f6z\u00e9rdek\u0171 adatk\u00e9nt, kiadni rendelte hivatalunk sz\u00e1m\u00e1ra a Balaton-Parti Kft. \u00e1tvil\u00e1g\u00edt\u00e1s\u00e1r\u00f3l sz\u00f3l\u00f3 teljes dokument\u00e1ci\u00f3t. A mai napon a pernyertes r\u00e9sz\u00e9re megk\u00fcldt\u00fck a jelent\u00e9st. Ezzel kapcsolatosan kiadtam az al\u00e1bbi sajt\u00f3k\u00f6zlem\u00e9nyt. S A J T \u00d3 K \u00d6 Z L E M \u00c9 N Y si\u00f3foki \u00f6nkorm\u00e1nyzati c\u00e9g \u00e1tvil\u00e1g\u00edt\u00e1si jelent\u00e9s\u00e9r\u0151l [&hellip;]\" \/>\n<meta property=\"og:url\" content=\"https:\/\/www.lengyelrobert.hu\/index.php\/2015\/11\/03\/2015-11-03-i-facebook-bejegyzes\/\" \/>\n<meta property=\"og:site_name\" content=\"dr. Lengyel R\u00f3bert\" \/>\n<meta property=\"article:published_time\" content=\"2015-11-03T13:31:22+00:00\" \/>\n<meta name=\"author\" content=\"webmaster\" \/>\n<meta name=\"twitter:card\" content=\"summary_large_image\" \/>\n<meta name=\"twitter:label1\" content=\"Szerz\u0151:\" \/>\n\t<meta name=\"twitter:data1\" content=\"webmaster\" \/>\n\t<meta name=\"twitter:label2\" content=\"Becs\u00fclt olvas\u00e1si id\u0151\" \/>\n\t<meta name=\"twitter:data2\" content=\"6 perc\" \/>\n<script type=\"application\/ld+json\" class=\"yoast-schema-graph\">{\"@context\":\"https:\/\/schema.org\",\"@graph\":[{\"@type\":\"WebPage\",\"@id\":\"https:\/\/www.lengyelrobert.hu\/index.php\/2015\/11\/03\/2015-11-03-i-facebook-bejegyzes\/\",\"url\":\"https:\/\/www.lengyelrobert.hu\/index.php\/2015\/11\/03\/2015-11-03-i-facebook-bejegyzes\/\",\"name\":\"2015.11.03-i Facebook bejegyz\u00e9s - dr. Lengyel R\u00f3bert\",\"isPartOf\":{\"@id\":\"https:\/\/www.lengyelrobert.hu\/#website\"},\"datePublished\":\"2015-11-03T13:31:22+00:00\",\"dateModified\":\"2015-11-03T13:31:22+00:00\",\"author\":{\"@id\":\"https:\/\/www.lengyelrobert.hu\/#\/schema\/person\/2926fe5141a59e6530d8a411eb7bfb2d\"},\"breadcrumb\":{\"@id\":\"https:\/\/www.lengyelrobert.hu\/index.php\/2015\/11\/03\/2015-11-03-i-facebook-bejegyzes\/#breadcrumb\"},\"inLanguage\":\"hu\",\"potentialAction\":[{\"@type\":\"ReadAction\",\"target\":[\"https:\/\/www.lengyelrobert.hu\/index.php\/2015\/11\/03\/2015-11-03-i-facebook-bejegyzes\/\"]}]},{\"@type\":\"BreadcrumbList\",\"@id\":\"https:\/\/www.lengyelrobert.hu\/index.php\/2015\/11\/03\/2015-11-03-i-facebook-bejegyzes\/#breadcrumb\",\"itemListElement\":[{\"@type\":\"ListItem\",\"position\":1,\"name\":\"Home\",\"item\":\"https:\/\/www.lengyelrobert.hu\/\"},{\"@type\":\"ListItem\",\"position\":2,\"name\":\"2015.11.03-i Facebook bejegyz\u00e9s\"}]},{\"@type\":\"WebSite\",\"@id\":\"https:\/\/www.lengyelrobert.hu\/#website\",\"url\":\"https:\/\/www.lengyelrobert.hu\/\",\"name\":\"dr. Lengyel R\u00f3bert\",\"description\":\"A Becs\u00fclettel Si\u00f3fok\u00e9rt Egyes\u00fclet honlapja\",\"potentialAction\":[{\"@type\":\"SearchAction\",\"target\":{\"@type\":\"EntryPoint\",\"urlTemplate\":\"https:\/\/www.lengyelrobert.hu\/?s={search_term_string}\"},\"query-input\":{\"@type\":\"PropertyValueSpecification\",\"valueRequired\":true,\"valueName\":\"search_term_string\"}}],\"inLanguage\":\"hu\"},{\"@type\":\"Person\",\"@id\":\"https:\/\/www.lengyelrobert.hu\/#\/schema\/person\/2926fe5141a59e6530d8a411eb7bfb2d\",\"name\":\"webmaster\",\"image\":{\"@type\":\"ImageObject\",\"inLanguage\":\"hu\",\"@id\":\"https:\/\/www.lengyelrobert.hu\/#\/schema\/person\/image\/\",\"url\":\"https:\/\/secure.gravatar.com\/avatar\/d53f7fc01f188bb097ecc2caf950c777c2cdc1ec48a2d1726a8399a2188940b0?s=96&d=mm&r=g\",\"contentUrl\":\"https:\/\/secure.gravatar.com\/avatar\/d53f7fc01f188bb097ecc2caf950c777c2cdc1ec48a2d1726a8399a2188940b0?s=96&d=mm&r=g\",\"caption\":\"webmaster\"},\"sameAs\":[\"https:\/\/www.lengyelrobert.hu\"],\"url\":\"https:\/\/www.lengyelrobert.hu\/index.php\/author\/webmaster\/\"}]}<\/script>\n<!-- \/ Yoast SEO plugin. -->","yoast_head_json":{"title":"2015.11.03-i Facebook bejegyz\u00e9s - dr. Lengyel R\u00f3bert","robots":{"index":"index","follow":"follow","max-snippet":"max-snippet:-1","max-image-preview":"max-image-preview:large","max-video-preview":"max-video-preview:-1"},"canonical":"https:\/\/www.lengyelrobert.hu\/index.php\/2015\/11\/03\/2015-11-03-i-facebook-bejegyzes\/","og_locale":"hu_HU","og_type":"article","og_title":"2015.11.03-i Facebook bejegyz\u00e9s - dr. Lengyel R\u00f3bert","og_description":"Kedves Olvas\u00f3im! Mint azt kor\u00e1bban jeleztem, a b\u00edr\u00f3s\u00e1g k\u00f6z\u00e9rdek\u0171 adatk\u00e9nt, kiadni rendelte hivatalunk sz\u00e1m\u00e1ra a Balaton-Parti Kft. \u00e1tvil\u00e1g\u00edt\u00e1s\u00e1r\u00f3l sz\u00f3l\u00f3 teljes dokument\u00e1ci\u00f3t. A mai napon a pernyertes r\u00e9sz\u00e9re megk\u00fcldt\u00fck a jelent\u00e9st. Ezzel kapcsolatosan kiadtam az al\u00e1bbi sajt\u00f3k\u00f6zlem\u00e9nyt. S A J T \u00d3 K \u00d6 Z L E M \u00c9 N Y si\u00f3foki \u00f6nkorm\u00e1nyzati c\u00e9g \u00e1tvil\u00e1g\u00edt\u00e1si jelent\u00e9s\u00e9r\u0151l [&hellip;]","og_url":"https:\/\/www.lengyelrobert.hu\/index.php\/2015\/11\/03\/2015-11-03-i-facebook-bejegyzes\/","og_site_name":"dr. Lengyel R\u00f3bert","article_published_time":"2015-11-03T13:31:22+00:00","author":"webmaster","twitter_card":"summary_large_image","twitter_misc":{"Szerz\u0151:":"webmaster","Becs\u00fclt olvas\u00e1si id\u0151":"6 perc"},"schema":{"@context":"https:\/\/schema.org","@graph":[{"@type":"WebPage","@id":"https:\/\/www.lengyelrobert.hu\/index.php\/2015\/11\/03\/2015-11-03-i-facebook-bejegyzes\/","url":"https:\/\/www.lengyelrobert.hu\/index.php\/2015\/11\/03\/2015-11-03-i-facebook-bejegyzes\/","name":"2015.11.03-i Facebook bejegyz\u00e9s - dr. Lengyel R\u00f3bert","isPartOf":{"@id":"https:\/\/www.lengyelrobert.hu\/#website"},"datePublished":"2015-11-03T13:31:22+00:00","dateModified":"2015-11-03T13:31:22+00:00","author":{"@id":"https:\/\/www.lengyelrobert.hu\/#\/schema\/person\/2926fe5141a59e6530d8a411eb7bfb2d"},"breadcrumb":{"@id":"https:\/\/www.lengyelrobert.hu\/index.php\/2015\/11\/03\/2015-11-03-i-facebook-bejegyzes\/#breadcrumb"},"inLanguage":"hu","potentialAction":[{"@type":"ReadAction","target":["https:\/\/www.lengyelrobert.hu\/index.php\/2015\/11\/03\/2015-11-03-i-facebook-bejegyzes\/"]}]},{"@type":"BreadcrumbList","@id":"https:\/\/www.lengyelrobert.hu\/index.php\/2015\/11\/03\/2015-11-03-i-facebook-bejegyzes\/#breadcrumb","itemListElement":[{"@type":"ListItem","position":1,"name":"Home","item":"https:\/\/www.lengyelrobert.hu\/"},{"@type":"ListItem","position":2,"name":"2015.11.03-i Facebook bejegyz\u00e9s"}]},{"@type":"WebSite","@id":"https:\/\/www.lengyelrobert.hu\/#website","url":"https:\/\/www.lengyelrobert.hu\/","name":"dr. Lengyel R\u00f3bert","description":"A Becs\u00fclettel Si\u00f3fok\u00e9rt Egyes\u00fclet honlapja","potentialAction":[{"@type":"SearchAction","target":{"@type":"EntryPoint","urlTemplate":"https:\/\/www.lengyelrobert.hu\/?s={search_term_string}"},"query-input":{"@type":"PropertyValueSpecification","valueRequired":true,"valueName":"search_term_string"}}],"inLanguage":"hu"},{"@type":"Person","@id":"https:\/\/www.lengyelrobert.hu\/#\/schema\/person\/2926fe5141a59e6530d8a411eb7bfb2d","name":"webmaster","image":{"@type":"ImageObject","inLanguage":"hu","@id":"https:\/\/www.lengyelrobert.hu\/#\/schema\/person\/image\/","url":"https:\/\/secure.gravatar.com\/avatar\/d53f7fc01f188bb097ecc2caf950c777c2cdc1ec48a2d1726a8399a2188940b0?s=96&d=mm&r=g","contentUrl":"https:\/\/secure.gravatar.com\/avatar\/d53f7fc01f188bb097ecc2caf950c777c2cdc1ec48a2d1726a8399a2188940b0?s=96&d=mm&r=g","caption":"webmaster"},"sameAs":["https:\/\/www.lengyelrobert.hu"],"url":"https:\/\/www.lengyelrobert.hu\/index.php\/author\/webmaster\/"}]}},"_links":{"self":[{"href":"https:\/\/www.lengyelrobert.hu\/index.php\/wp-json\/wp\/v2\/posts\/5621","targetHints":{"allow":["GET"]}}],"collection":[{"href":"https:\/\/www.lengyelrobert.hu\/index.php\/wp-json\/wp\/v2\/posts"}],"about":[{"href":"https:\/\/www.lengyelrobert.hu\/index.php\/wp-json\/wp\/v2\/types\/post"}],"author":[{"embeddable":true,"href":"https:\/\/www.lengyelrobert.hu\/index.php\/wp-json\/wp\/v2\/users\/1"}],"replies":[{"embeddable":true,"href":"https:\/\/www.lengyelrobert.hu\/index.php\/wp-json\/wp\/v2\/comments?post=5621"}],"version-history":[{"count":0,"href":"https:\/\/www.lengyelrobert.hu\/index.php\/wp-json\/wp\/v2\/posts\/5621\/revisions"}],"wp:attachment":[{"href":"https:\/\/www.lengyelrobert.hu\/index.php\/wp-json\/wp\/v2\/media?parent=5621"}],"wp:term":[{"taxonomy":"category","embeddable":true,"href":"https:\/\/www.lengyelrobert.hu\/index.php\/wp-json\/wp\/v2\/categories?post=5621"},{"taxonomy":"post_tag","embeddable":true,"href":"https:\/\/www.lengyelrobert.hu\/index.php\/wp-json\/wp\/v2\/tags?post=5621"}],"curies":[{"name":"wp","href":"https:\/\/api.w.org\/{rel}","templated":true}]}}