{"id":5558,"date":"2015-12-31T08:12:36","date_gmt":"2015-12-31T07:12:36","guid":{"rendered":"https:\/\/www.lengyelrobert.hu\/uncategorized\/2015-12-31-i-facebook-bejegyzes-2\/"},"modified":"2015-12-31T08:12:36","modified_gmt":"2015-12-31T07:12:36","slug":"2015-12-31-i-facebook-bejegyzes-2","status":"publish","type":"post","link":"https:\/\/www.lengyelrobert.hu\/index.php\/2015\/12\/31\/2015-12-31-i-facebook-bejegyzes-2\/","title":{"rendered":"2015.12.31-i Facebook bejegyz\u00e9s"},"content":{"rendered":"<p>\u00c9v v\u00e9gi gondolataim&#8230;<br \/>\n        Polg\u00e1rmesterk\u00e9nt a m\u00e1sodik si\u00f3foki Szilveszteremre k\u00e9sz\u00fcl\u00f6k, eltelt egy \u00e9v. De micsoda \u00e9v! Kaptam \u00edzel\u00edt\u0151t az emberi ostobas\u00e1gb\u00f3l \u00e9s rosszindulatb\u00f3l rengeteget, t\u00f6bbnyire gy\u00e1va, \u00f6nmagukat m\u00e9g csak nem is v\u00e1llal\u00f3 megmond\u00f3 emberekt\u0151l, vagy szimpla idi\u00f3t\u00e1kt\u00f3l. Mert a j\u00f3zan, \u00e9p\u00edt\u0151 kritika, az bizony keny\u00e9r, azt el kell fogadni, meg kell r\u00e1gni, le kell nyelni, ak\u00e1r tetszik, ak\u00e1r nem \u00e9s m\u00e9g meg is lehet k\u00f6sz\u00f6nni. Voltak ilyenek is sz\u00e9p sz\u00e1mmal, k\u00f6sz\u00f6n\u00f6m mindenkinek, akiket illet. De az \u00e1tmosott agy sz\u00fclem\u00e9nyei, vagy \u00e9pp a kisebb-nagyobb sz\u00edvess\u00e9gekkel, \u00e1ll\u00e1sokkal, apr\u00f3 p\u00e9nzecsk\u00e9kkel megv\u00e1s\u00e1rolt n\u00e9v \u00e9s arc n\u00e9lk\u00fcli lej\u00e1rat\u00f3-hadj\u00e1rat, no, az nem ez a kateg\u00f3ria. Faluhelyen azt mondj\u00e1k, hogy am\u00edg van l\u00f3tr\u00e1gya, amiben lehet kapirg\u00e1lni, addig verebek is lesznek. H\u00e1t csak csipegessenek ezek a bizonyos verebek, am\u00edg van mit&#8230;<br \/>\n        Egy\u00e9bk\u00e9nt meg \u00e9v v\u00e9gi sz\u00e1mvet\u00e9s idej\u00e9t \u00e9lj\u00fck, \u00e9rdemes ink\u00e1bb a j\u00f3 dolgokkal foglalkozni. Mert h\u00e1t volt j\u00f3 is. Ha nem is nagy l\u00e1tv\u00e1ny beruh\u00e1z\u00e1sok, de a mindennapjainkat egyszer\u0171bb\u00e9, \u00e9lhet\u0151bb\u00e9 tev\u0151k sz\u00e9p sz\u00e1mmal. T\u00f6bbsz\u00f6r lehettem r\u00e9szese nagy \u00f6sszefog\u00e1soknak j\u00f3 c\u00e9lok \u00e9rdek\u00e9ben \u00e9s bizony kaptam tiszteletet, szeretetet, sok-sok b\u00edztat\u00e1st \u00e9s er\u0151t is az emberekt\u0151l. Azokt\u00f3l a si\u00f3foki \u00e9s nem si\u00f3foki emberekt\u0151l, akik hittek \u00e9s hisznek bennem. Hisznek abban, hogy az er\u0151fesz\u00edt\u00e9seim nem maradnak eredm\u00e9ny n\u00e9lk\u00fcl \u00e9s \u00e9lhet\u0151bb\u00e9 v\u00e1lik v\u00e1rosunk. A korrupci\u00f3t leh\u00fazhatjuk a WC-n, a b\u00e9rtollnokok tollait a kuk\u00e1ba dobhatjuk, az \u00fcres \u00edg\u00e9reteket tev\u0151k meg mehetnek a s\u00f3hivatalba. Hisznek abban, hogy a politikai palett\u00e1n is egyre t\u00f6bb olyan helyi \u00e9s nem helyi politikus lesz, akik mell\u00e9m \u00e1llnak, mert felismerik, hogy tisztess\u00e9ges \u00faton l\u00e9pegetek \u00e9s hossz\u00fa t\u00e1von ez a j\u00e1rhat\u00f3bb. \u00c9s hiba lenne nem megeml\u00edteni a munkat\u00e1rsaimat a hivatalban. Azokat, akiknek a d\u00f6nt\u0151 t\u00f6bbs\u00e9ge elfogadott, t\u00e1mogatott, seg\u00edtett a napi k\u00fczdelmek sor\u00e1n. Sokan, sokszor k\u00e9rdezt\u00e9k t\u0151lem, ugye nem adom fel? Nos, am\u00edg a si\u00f3foki emberek t\u00f6bbs\u00e9g\u00e9nek a bizalma ir\u00e1nyomba kitart, az \u00e9n hitem \u00e9s kitart\u00e1som is megingathatatlan lesz.<br \/>\n        Sz\u00f3val kedves EMBEREK! K\u00f6sz\u00f6n\u00f6m az eddigi t\u00e1mogat\u00e1st mindny\u00e1juknak, mindny\u00e1jatoknak.   Legyen eredm\u00e9nyes, b\u00e9k\u00e9s, a mag\u00e1n\u00e9letben pedig szeretetteljes az \u00fajesztend\u0151 mindenkinek. M\u00e9g a verebeknek is&#8230;<\/p>\n<p><a href=\"\"><\/a><\/p>\n","protected":false},"excerpt":{"rendered":"<p>\u00c9v v\u00e9gi gondolataim&#8230; Polg\u00e1rmesterk\u00e9nt a m\u00e1sodik si\u00f3foki Szilveszteremre k\u00e9sz\u00fcl\u00f6k, eltelt egy \u00e9v. De micsoda \u00e9v! Kaptam \u00edzel\u00edt\u0151t az emberi ostobas\u00e1gb\u00f3l \u00e9s rosszindulatb\u00f3l rengeteget, t\u00f6bbnyire gy\u00e1va, \u00f6nmagukat m\u00e9g csak nem is v\u00e1llal\u00f3 megmond\u00f3 emberekt\u0151l, vagy szimpla idi\u00f3t\u00e1kt\u00f3l. Mert a j\u00f3zan, \u00e9p\u00edt\u0151 kritika, az bizony keny\u00e9r, azt el kell fogadni, meg kell r\u00e1gni, le kell nyelni, ak\u00e1r [&hellip;]<\/p>\n","protected":false},"author":1,"featured_media":0,"comment_status":"closed","ping_status":"closed","sticky":false,"template":"","format":"standard","meta":{"_acf_changed":false,"_et_pb_use_builder":"","_et_pb_old_content":"","_et_gb_content_width":"","footnotes":""},"categories":[1],"tags":[],"class_list":["post-5558","post","type-post","status-publish","format-standard","hentry","category-uncategorized"],"acf":[],"yoast_head":"<!-- This site is optimized with the Yoast SEO plugin v23.8 - https:\/\/yoast.com\/wordpress\/plugins\/seo\/ -->\n<title>2015.12.31-i Facebook bejegyz\u00e9s - dr. Lengyel R\u00f3bert<\/title>\n<meta name=\"robots\" content=\"index, follow, max-snippet:-1, max-image-preview:large, max-video-preview:-1\" \/>\n<link rel=\"canonical\" href=\"https:\/\/www.lengyelrobert.hu\/index.php\/2015\/12\/31\/2015-12-31-i-facebook-bejegyzes-2\/\" \/>\n<meta property=\"og:locale\" content=\"hu_HU\" \/>\n<meta property=\"og:type\" content=\"article\" \/>\n<meta property=\"og:title\" content=\"2015.12.31-i Facebook bejegyz\u00e9s - dr. Lengyel R\u00f3bert\" \/>\n<meta property=\"og:description\" content=\"\u00c9v v\u00e9gi gondolataim&#8230; Polg\u00e1rmesterk\u00e9nt a m\u00e1sodik si\u00f3foki Szilveszteremre k\u00e9sz\u00fcl\u00f6k, eltelt egy \u00e9v. De micsoda \u00e9v! Kaptam \u00edzel\u00edt\u0151t az emberi ostobas\u00e1gb\u00f3l \u00e9s rosszindulatb\u00f3l rengeteget, t\u00f6bbnyire gy\u00e1va, \u00f6nmagukat m\u00e9g csak nem is v\u00e1llal\u00f3 megmond\u00f3 emberekt\u0151l, vagy szimpla idi\u00f3t\u00e1kt\u00f3l. Mert a j\u00f3zan, \u00e9p\u00edt\u0151 kritika, az bizony keny\u00e9r, azt el kell fogadni, meg kell r\u00e1gni, le kell nyelni, ak\u00e1r [&hellip;]\" \/>\n<meta property=\"og:url\" content=\"https:\/\/www.lengyelrobert.hu\/index.php\/2015\/12\/31\/2015-12-31-i-facebook-bejegyzes-2\/\" \/>\n<meta property=\"og:site_name\" content=\"dr. Lengyel R\u00f3bert\" \/>\n<meta property=\"article:published_time\" content=\"2015-12-31T07:12:36+00:00\" \/>\n<meta name=\"author\" content=\"webmaster\" \/>\n<meta name=\"twitter:card\" content=\"summary_large_image\" \/>\n<meta name=\"twitter:label1\" content=\"Szerz\u0151:\" \/>\n\t<meta name=\"twitter:data1\" content=\"webmaster\" \/>\n\t<meta name=\"twitter:label2\" content=\"Becs\u00fclt olvas\u00e1si id\u0151\" \/>\n\t<meta name=\"twitter:data2\" content=\"2 perc\" \/>\n<script type=\"application\/ld+json\" class=\"yoast-schema-graph\">{\"@context\":\"https:\/\/schema.org\",\"@graph\":[{\"@type\":\"WebPage\",\"@id\":\"https:\/\/www.lengyelrobert.hu\/index.php\/2015\/12\/31\/2015-12-31-i-facebook-bejegyzes-2\/\",\"url\":\"https:\/\/www.lengyelrobert.hu\/index.php\/2015\/12\/31\/2015-12-31-i-facebook-bejegyzes-2\/\",\"name\":\"2015.12.31-i Facebook bejegyz\u00e9s - dr. Lengyel R\u00f3bert\",\"isPartOf\":{\"@id\":\"https:\/\/www.lengyelrobert.hu\/#website\"},\"datePublished\":\"2015-12-31T07:12:36+00:00\",\"dateModified\":\"2015-12-31T07:12:36+00:00\",\"author\":{\"@id\":\"https:\/\/www.lengyelrobert.hu\/#\/schema\/person\/2926fe5141a59e6530d8a411eb7bfb2d\"},\"breadcrumb\":{\"@id\":\"https:\/\/www.lengyelrobert.hu\/index.php\/2015\/12\/31\/2015-12-31-i-facebook-bejegyzes-2\/#breadcrumb\"},\"inLanguage\":\"hu\",\"potentialAction\":[{\"@type\":\"ReadAction\",\"target\":[\"https:\/\/www.lengyelrobert.hu\/index.php\/2015\/12\/31\/2015-12-31-i-facebook-bejegyzes-2\/\"]}]},{\"@type\":\"BreadcrumbList\",\"@id\":\"https:\/\/www.lengyelrobert.hu\/index.php\/2015\/12\/31\/2015-12-31-i-facebook-bejegyzes-2\/#breadcrumb\",\"itemListElement\":[{\"@type\":\"ListItem\",\"position\":1,\"name\":\"Home\",\"item\":\"https:\/\/www.lengyelrobert.hu\/\"},{\"@type\":\"ListItem\",\"position\":2,\"name\":\"2015.12.31-i Facebook bejegyz\u00e9s\"}]},{\"@type\":\"WebSite\",\"@id\":\"https:\/\/www.lengyelrobert.hu\/#website\",\"url\":\"https:\/\/www.lengyelrobert.hu\/\",\"name\":\"dr. Lengyel R\u00f3bert\",\"description\":\"A Becs\u00fclettel Si\u00f3fok\u00e9rt Egyes\u00fclet honlapja\",\"potentialAction\":[{\"@type\":\"SearchAction\",\"target\":{\"@type\":\"EntryPoint\",\"urlTemplate\":\"https:\/\/www.lengyelrobert.hu\/?s={search_term_string}\"},\"query-input\":{\"@type\":\"PropertyValueSpecification\",\"valueRequired\":true,\"valueName\":\"search_term_string\"}}],\"inLanguage\":\"hu\"},{\"@type\":\"Person\",\"@id\":\"https:\/\/www.lengyelrobert.hu\/#\/schema\/person\/2926fe5141a59e6530d8a411eb7bfb2d\",\"name\":\"webmaster\",\"image\":{\"@type\":\"ImageObject\",\"inLanguage\":\"hu\",\"@id\":\"https:\/\/www.lengyelrobert.hu\/#\/schema\/person\/image\/\",\"url\":\"https:\/\/secure.gravatar.com\/avatar\/d53f7fc01f188bb097ecc2caf950c777c2cdc1ec48a2d1726a8399a2188940b0?s=96&d=mm&r=g\",\"contentUrl\":\"https:\/\/secure.gravatar.com\/avatar\/d53f7fc01f188bb097ecc2caf950c777c2cdc1ec48a2d1726a8399a2188940b0?s=96&d=mm&r=g\",\"caption\":\"webmaster\"},\"sameAs\":[\"https:\/\/www.lengyelrobert.hu\"],\"url\":\"https:\/\/www.lengyelrobert.hu\/index.php\/author\/webmaster\/\"}]}<\/script>\n<!-- \/ Yoast SEO plugin. -->","yoast_head_json":{"title":"2015.12.31-i Facebook bejegyz\u00e9s - dr. Lengyel R\u00f3bert","robots":{"index":"index","follow":"follow","max-snippet":"max-snippet:-1","max-image-preview":"max-image-preview:large","max-video-preview":"max-video-preview:-1"},"canonical":"https:\/\/www.lengyelrobert.hu\/index.php\/2015\/12\/31\/2015-12-31-i-facebook-bejegyzes-2\/","og_locale":"hu_HU","og_type":"article","og_title":"2015.12.31-i Facebook bejegyz\u00e9s - dr. Lengyel R\u00f3bert","og_description":"\u00c9v v\u00e9gi gondolataim&#8230; Polg\u00e1rmesterk\u00e9nt a m\u00e1sodik si\u00f3foki Szilveszteremre k\u00e9sz\u00fcl\u00f6k, eltelt egy \u00e9v. De micsoda \u00e9v! Kaptam \u00edzel\u00edt\u0151t az emberi ostobas\u00e1gb\u00f3l \u00e9s rosszindulatb\u00f3l rengeteget, t\u00f6bbnyire gy\u00e1va, \u00f6nmagukat m\u00e9g csak nem is v\u00e1llal\u00f3 megmond\u00f3 emberekt\u0151l, vagy szimpla idi\u00f3t\u00e1kt\u00f3l. Mert a j\u00f3zan, \u00e9p\u00edt\u0151 kritika, az bizony keny\u00e9r, azt el kell fogadni, meg kell r\u00e1gni, le kell nyelni, ak\u00e1r [&hellip;]","og_url":"https:\/\/www.lengyelrobert.hu\/index.php\/2015\/12\/31\/2015-12-31-i-facebook-bejegyzes-2\/","og_site_name":"dr. Lengyel R\u00f3bert","article_published_time":"2015-12-31T07:12:36+00:00","author":"webmaster","twitter_card":"summary_large_image","twitter_misc":{"Szerz\u0151:":"webmaster","Becs\u00fclt olvas\u00e1si id\u0151":"2 perc"},"schema":{"@context":"https:\/\/schema.org","@graph":[{"@type":"WebPage","@id":"https:\/\/www.lengyelrobert.hu\/index.php\/2015\/12\/31\/2015-12-31-i-facebook-bejegyzes-2\/","url":"https:\/\/www.lengyelrobert.hu\/index.php\/2015\/12\/31\/2015-12-31-i-facebook-bejegyzes-2\/","name":"2015.12.31-i Facebook bejegyz\u00e9s - dr. Lengyel R\u00f3bert","isPartOf":{"@id":"https:\/\/www.lengyelrobert.hu\/#website"},"datePublished":"2015-12-31T07:12:36+00:00","dateModified":"2015-12-31T07:12:36+00:00","author":{"@id":"https:\/\/www.lengyelrobert.hu\/#\/schema\/person\/2926fe5141a59e6530d8a411eb7bfb2d"},"breadcrumb":{"@id":"https:\/\/www.lengyelrobert.hu\/index.php\/2015\/12\/31\/2015-12-31-i-facebook-bejegyzes-2\/#breadcrumb"},"inLanguage":"hu","potentialAction":[{"@type":"ReadAction","target":["https:\/\/www.lengyelrobert.hu\/index.php\/2015\/12\/31\/2015-12-31-i-facebook-bejegyzes-2\/"]}]},{"@type":"BreadcrumbList","@id":"https:\/\/www.lengyelrobert.hu\/index.php\/2015\/12\/31\/2015-12-31-i-facebook-bejegyzes-2\/#breadcrumb","itemListElement":[{"@type":"ListItem","position":1,"name":"Home","item":"https:\/\/www.lengyelrobert.hu\/"},{"@type":"ListItem","position":2,"name":"2015.12.31-i Facebook bejegyz\u00e9s"}]},{"@type":"WebSite","@id":"https:\/\/www.lengyelrobert.hu\/#website","url":"https:\/\/www.lengyelrobert.hu\/","name":"dr. Lengyel R\u00f3bert","description":"A Becs\u00fclettel Si\u00f3fok\u00e9rt Egyes\u00fclet honlapja","potentialAction":[{"@type":"SearchAction","target":{"@type":"EntryPoint","urlTemplate":"https:\/\/www.lengyelrobert.hu\/?s={search_term_string}"},"query-input":{"@type":"PropertyValueSpecification","valueRequired":true,"valueName":"search_term_string"}}],"inLanguage":"hu"},{"@type":"Person","@id":"https:\/\/www.lengyelrobert.hu\/#\/schema\/person\/2926fe5141a59e6530d8a411eb7bfb2d","name":"webmaster","image":{"@type":"ImageObject","inLanguage":"hu","@id":"https:\/\/www.lengyelrobert.hu\/#\/schema\/person\/image\/","url":"https:\/\/secure.gravatar.com\/avatar\/d53f7fc01f188bb097ecc2caf950c777c2cdc1ec48a2d1726a8399a2188940b0?s=96&d=mm&r=g","contentUrl":"https:\/\/secure.gravatar.com\/avatar\/d53f7fc01f188bb097ecc2caf950c777c2cdc1ec48a2d1726a8399a2188940b0?s=96&d=mm&r=g","caption":"webmaster"},"sameAs":["https:\/\/www.lengyelrobert.hu"],"url":"https:\/\/www.lengyelrobert.hu\/index.php\/author\/webmaster\/"}]}},"_links":{"self":[{"href":"https:\/\/www.lengyelrobert.hu\/index.php\/wp-json\/wp\/v2\/posts\/5558","targetHints":{"allow":["GET"]}}],"collection":[{"href":"https:\/\/www.lengyelrobert.hu\/index.php\/wp-json\/wp\/v2\/posts"}],"about":[{"href":"https:\/\/www.lengyelrobert.hu\/index.php\/wp-json\/wp\/v2\/types\/post"}],"author":[{"embeddable":true,"href":"https:\/\/www.lengyelrobert.hu\/index.php\/wp-json\/wp\/v2\/users\/1"}],"replies":[{"embeddable":true,"href":"https:\/\/www.lengyelrobert.hu\/index.php\/wp-json\/wp\/v2\/comments?post=5558"}],"version-history":[{"count":0,"href":"https:\/\/www.lengyelrobert.hu\/index.php\/wp-json\/wp\/v2\/posts\/5558\/revisions"}],"wp:attachment":[{"href":"https:\/\/www.lengyelrobert.hu\/index.php\/wp-json\/wp\/v2\/media?parent=5558"}],"wp:term":[{"taxonomy":"category","embeddable":true,"href":"https:\/\/www.lengyelrobert.hu\/index.php\/wp-json\/wp\/v2\/categories?post=5558"},{"taxonomy":"post_tag","embeddable":true,"href":"https:\/\/www.lengyelrobert.hu\/index.php\/wp-json\/wp\/v2\/tags?post=5558"}],"curies":[{"name":"wp","href":"https:\/\/api.w.org\/{rel}","templated":true}]}}