{"id":5539,"date":"2016-01-19T11:31:31","date_gmt":"2016-01-19T10:31:31","guid":{"rendered":"https:\/\/www.lengyelrobert.hu\/uncategorized\/2016-01-19-i-facebook-bejegyzes\/"},"modified":"2016-01-19T11:31:31","modified_gmt":"2016-01-19T10:31:31","slug":"2016-01-19-i-facebook-bejegyzes","status":"publish","type":"post","link":"https:\/\/www.lengyelrobert.hu\/index.php\/2016\/01\/19\/2016-01-19-i-facebook-bejegyzes\/","title":{"rendered":"2016.01.19-i Facebook bejegyz\u00e9s"},"content":{"rendered":"<p>M\u00e9g egyszer Walnut Creekr\u0151l&#8230;<br \/>\n        B\u00e1r a magam r\u00e9sz\u00e9r\u0151l azt gondoltam, lez\u00e1rom ezt a bizonyos amerikai testv\u00e9rv\u00e1rosi \u00fattal kapcsolatos t\u00f6rt\u00e9netet, hisz a hat\u00f3s\u00e1gi elj\u00e1r\u00e1s joger\u0151sen befejez\u0151d\u00f6tt, de \u00fagy t\u0171nik, egy-k\u00e9t dolgot m\u00e9gis csak helyre kell tenni. Vannak tov\u00e1bbi megsz\u00f3lal\u00e1sok, sajt\u00f3\u00e9rdekl\u0151d\u00e9s, adatk\u00e9r\u00e9s, nem akar v\u00e9ge lenni&#8230; M\u00falt h\u00e9ten \u00dajv\u00e1ri \u00far nyilatkozott a sajt\u00f3nak, a minap meg el\u0151d\u00f6m, Bal\u00e1zs \u00c1rp\u00e1d \u00fajabb k\u00f6z\u00e9rdek\u0171 adatk\u00e9r\u00e9ssel kapcsolatos levele \u00e9rkezett az \u00fcgyben.<br \/>\n        Nos. 2015 m\u00e1rcius\u00e1ban tettem feljelent\u00e9st h\u0171tlen kezel\u00e9s b\u0171ntett elk\u00f6vet\u00e9s\u00e9nek gyan\u00faja miatt. Nem volt l\u00e9p\u00e9sem el\u0151zm\u00e9ny n\u00e9lk\u00fcli, hisz el\u0151sz\u00f6r egy bels\u0151 ellen\u0151ri vizsg\u00e1lat ker\u00fclt elrendel\u00e9sre, majd pedig igazs\u00e1g\u00fcgyi k\u00f6nyvszak\u00e9rt\u0151t b\u00edztunk meg, az egy\u00e9bk\u00e9nt furcsa m\u00f3d hi\u00e1nyos iratanyag \u00e1ttekint\u00e9s\u00e9vel. Amellett, hogy szakk\u00e9rd\u00e9sekben kellett \u00e1ll\u00e1st foglalni \u00e9s ezzel teljesebb\u00e9 tenni a k\u00e9pet, szerettem volna elker\u00fclni azt is, hogy ut\u00f3bb azzal v\u00e1doljanak, hogy boszork\u00e1ny\u00fcld\u00f6z\u00e9st folytatok. \u00c1llap\u00edts\u00e1k meg \u00e9s mondj\u00e1k ki erre hivatott szakemberek az esetleges jogs\u00e9rt\u00e9seket. Mindk\u00e9t anyag szab\u00e1lytalans\u00e1gokra mutatott r\u00e1 \u00e9s ezek birtok\u00e1ban fordultam, hivatali k\u00f6teless\u00e9gemnek eleget t\u00e9ve a hat\u00f3s\u00e1gokhoz.<br \/>\n        Mik is voltak az alapvet\u0151 probl\u00e9m\u00e1k?<br \/>\n        A megh\u00edv\u00e1s 2 f\u0151re \u00e9s 4 napra sz\u00f3lt, a kiutaz\u00f3 deleg\u00e1ci\u00f3 viszont m\u00e1r 9 f\u0151re duzzadt (4 test\u00fcleti tag, 1 tolm\u00e1cs, 4 csal\u00e1dtag) a kint tart\u00f3zkod\u00e1s ideje pedig 2 h\u00e9tre.  Tan\u00e1csnoki \u00fcl\u00e9snek kellett volna d\u00f6nteni a kiutaz\u00f3 deleg\u00e1ci\u00f3 \u00f6sszet\u00e9tel\u00e9r\u0151l, ez a dokument\u00e1ci\u00f3k szerint nem t\u00f6rt\u00e9nt meg. Az igazs\u00e1g\u00fcgyi szak\u00e9rt\u0151 le\u00edrta, hogy &#8220;&#8230; Az utaz\u00e1s szakmai besz\u00e1mol\u00f3 hi\u00e1ny\u00e1ban \u00e9s a 4 napos program alapj\u00e1n hivatali \u00fatnak, illetve k\u00fclf\u00f6ldi kik\u00fcldet\u00e9snek v\u00e9lem\u00e9nyem szerint nem min\u0151s\u00edthet\u0151, mert a k\u00fcld\u00f6tts\u00e9g feladata nem azonos\u00edthat\u00f3 \u00e9s a testv\u00e9rv\u00e1rosi program nem teszi ki az utaz\u00e1s 50 %-\u00e1t sem.&#8221; A csal\u00e1dtagok rep\u00fcl\u0151jegyeinek \u00e1r\u00e1t az \u00e9rintettek befizett\u00e9k a v\u00e1ros kassz\u00e1j\u00e1ba, azonban a beutaz\u00e1si enged\u00e9lyek d\u00edjait, a j\u00e1rm\u0171k\u00f6lcs\u00f6nz\u00e9si, tankol\u00e1si k\u00f6lts\u00e9geket, a sz\u00e1llodai d\u00edjakat a v\u00e1ros \u00e1llta. Nos, ez ut\u00f3bbi \u00f6sszegek voltak azok, amelyek megalapozt\u00e1k a h\u0171tlen kezel\u00e9s gyan\u00faj\u00e1t, illetve a nyomoz\u00e1s elrendel\u00e9s\u00e9nek sz\u00fcks\u00e9gess\u00e9g\u00e9t.<br \/>\n        \u00c9s ezekkel az \u00f6sszegekkel kapcsolatosan \u00edrja a nyomoz\u00e1st megsz\u00fcntet\u0151 hat\u00e1rozatban az elj\u00e1r\u00f3 \u00fcgy\u00e9sz: &#8220;&#8230; Megjegyzem, ha kett\u00e9osztan\u00e1nk az utaz\u00e1s teljes k\u00f6lts\u00e9g\u00e9t egyfel\u0151l a k\u00e9t megh\u00edvottra -dr. Bal\u00e1zs \u00c1rp\u00e1dra \u00e9s feles\u00e9g\u00e9re- valamint a tolm\u00e1csk\u00e9nt elj\u00e1rt \u00f6nkorm\u00e1nyzati alkalmazottra es\u0151 k\u00f6lts\u00e9gre, m\u00e1sr\u00e9szt a tov\u00e1bbi kiutaz\u00f3 szem\u00e9lyekre es\u0151 plusz k\u00f6lts\u00e9gekre, \u00e9s k\u00e9ts\u00e9get kiz\u00e1r\u00f3an bizony\u00edtan\u00e1nk, hogy ut\u00f3bbi k\u00f6lts\u00e9gr\u00e9sz vonatkoz\u00e1s\u00e1ban vagyoni h\u00e1tr\u00e1ny \u00e9rte a k\u00f6lts\u00e9gvet\u00e9st, \u00fagy a h\u0171tlen kezel\u00e9s b\u00fcntethet\u0151s\u00e9ge -a 2 milli\u00f3 forintos \u00e9rt\u00e9khat\u00e1r miatt- m\u00e1r 2014-ben el\u00e9v\u00fclt volna.&#8221;<br \/>\n        Sz\u00f3val az id\u0151 m\u00fal\u00e1sa ok\u00e1n be\u00e1llt el\u00e9v\u00fcl\u00e9s a g\u00e1tja annak, hogy tov\u00e1bbi nyomoz\u00e1si cselekm\u00e9nyekre, bizony\u00edt\u00e1sra ker\u00fclj\u00f6n sor. Ezt kell tudom\u00e1sul vennem nekem is \u00e9s minden si\u00f3fokinak is \u00e9s pontot tenni a dolog v\u00e9g\u00e9re. Le kell vonni a tanuls\u00e1gokat \u00e9s el kell v\u00e9gre engedni ezt a t\u00f6rt\u00e9netet&#8230;<\/p>\n<p>        Bar\u00e1ts\u00e1ggal: R.<\/p>\n<p>        \u0150 prostizott \u00e9s pasizott, \u00e9n n\u0151ket vertem \u00e9s az alvil\u00e1ggal kokett\u00e1ltam. Pedig Miskolc messze van&#8230;<\/p>\n<p>        http:\/\/n1tv.hu\/kitalal-a-fidesz-titkos-kampany-segitoje\/<\/p>\n<p><a href=\"\"><\/a><\/p>\n","protected":false},"excerpt":{"rendered":"<p>M\u00e9g egyszer Walnut Creekr\u0151l&#8230; B\u00e1r a magam r\u00e9sz\u00e9r\u0151l azt gondoltam, lez\u00e1rom ezt a bizonyos amerikai testv\u00e9rv\u00e1rosi \u00fattal kapcsolatos t\u00f6rt\u00e9netet, hisz a hat\u00f3s\u00e1gi elj\u00e1r\u00e1s joger\u0151sen befejez\u0151d\u00f6tt, de \u00fagy t\u0171nik, egy-k\u00e9t dolgot m\u00e9gis csak helyre kell tenni. Vannak tov\u00e1bbi megsz\u00f3lal\u00e1sok, sajt\u00f3\u00e9rdekl\u0151d\u00e9s, adatk\u00e9r\u00e9s, nem akar v\u00e9ge lenni&#8230; M\u00falt h\u00e9ten \u00dajv\u00e1ri \u00far nyilatkozott a sajt\u00f3nak, a minap meg el\u0151d\u00f6m, [&hellip;]<\/p>\n","protected":false},"author":1,"featured_media":0,"comment_status":"closed","ping_status":"closed","sticky":false,"template":"","format":"standard","meta":{"_acf_changed":false,"_et_pb_use_builder":"","_et_pb_old_content":"","_et_gb_content_width":"","footnotes":""},"categories":[1],"tags":[],"class_list":["post-5539","post","type-post","status-publish","format-standard","hentry","category-uncategorized"],"acf":[],"yoast_head":"<!-- This site is optimized with the Yoast SEO plugin v23.8 - https:\/\/yoast.com\/wordpress\/plugins\/seo\/ -->\n<title>2016.01.19-i Facebook bejegyz\u00e9s - dr. Lengyel R\u00f3bert<\/title>\n<meta name=\"robots\" content=\"index, follow, max-snippet:-1, max-image-preview:large, max-video-preview:-1\" \/>\n<link rel=\"canonical\" href=\"https:\/\/www.lengyelrobert.hu\/index.php\/2016\/01\/19\/2016-01-19-i-facebook-bejegyzes\/\" \/>\n<meta property=\"og:locale\" content=\"hu_HU\" \/>\n<meta property=\"og:type\" content=\"article\" \/>\n<meta property=\"og:title\" content=\"2016.01.19-i Facebook bejegyz\u00e9s - dr. Lengyel R\u00f3bert\" \/>\n<meta property=\"og:description\" content=\"M\u00e9g egyszer Walnut Creekr\u0151l&#8230; B\u00e1r a magam r\u00e9sz\u00e9r\u0151l azt gondoltam, lez\u00e1rom ezt a bizonyos amerikai testv\u00e9rv\u00e1rosi \u00fattal kapcsolatos t\u00f6rt\u00e9netet, hisz a hat\u00f3s\u00e1gi elj\u00e1r\u00e1s joger\u0151sen befejez\u0151d\u00f6tt, de \u00fagy t\u0171nik, egy-k\u00e9t dolgot m\u00e9gis csak helyre kell tenni. Vannak tov\u00e1bbi megsz\u00f3lal\u00e1sok, sajt\u00f3\u00e9rdekl\u0151d\u00e9s, adatk\u00e9r\u00e9s, nem akar v\u00e9ge lenni&#8230; M\u00falt h\u00e9ten \u00dajv\u00e1ri \u00far nyilatkozott a sajt\u00f3nak, a minap meg el\u0151d\u00f6m, [&hellip;]\" \/>\n<meta property=\"og:url\" content=\"https:\/\/www.lengyelrobert.hu\/index.php\/2016\/01\/19\/2016-01-19-i-facebook-bejegyzes\/\" \/>\n<meta property=\"og:site_name\" content=\"dr. Lengyel R\u00f3bert\" \/>\n<meta property=\"article:published_time\" content=\"2016-01-19T10:31:31+00:00\" \/>\n<meta name=\"author\" content=\"webmaster\" \/>\n<meta name=\"twitter:card\" content=\"summary_large_image\" \/>\n<meta name=\"twitter:label1\" content=\"Szerz\u0151:\" \/>\n\t<meta name=\"twitter:data1\" content=\"webmaster\" \/>\n\t<meta name=\"twitter:label2\" content=\"Becs\u00fclt olvas\u00e1si id\u0151\" \/>\n\t<meta name=\"twitter:data2\" content=\"3 perc\" \/>\n<script type=\"application\/ld+json\" class=\"yoast-schema-graph\">{\"@context\":\"https:\/\/schema.org\",\"@graph\":[{\"@type\":\"WebPage\",\"@id\":\"https:\/\/www.lengyelrobert.hu\/index.php\/2016\/01\/19\/2016-01-19-i-facebook-bejegyzes\/\",\"url\":\"https:\/\/www.lengyelrobert.hu\/index.php\/2016\/01\/19\/2016-01-19-i-facebook-bejegyzes\/\",\"name\":\"2016.01.19-i Facebook bejegyz\u00e9s - dr. Lengyel R\u00f3bert\",\"isPartOf\":{\"@id\":\"https:\/\/www.lengyelrobert.hu\/#website\"},\"datePublished\":\"2016-01-19T10:31:31+00:00\",\"dateModified\":\"2016-01-19T10:31:31+00:00\",\"author\":{\"@id\":\"https:\/\/www.lengyelrobert.hu\/#\/schema\/person\/2926fe5141a59e6530d8a411eb7bfb2d\"},\"breadcrumb\":{\"@id\":\"https:\/\/www.lengyelrobert.hu\/index.php\/2016\/01\/19\/2016-01-19-i-facebook-bejegyzes\/#breadcrumb\"},\"inLanguage\":\"hu\",\"potentialAction\":[{\"@type\":\"ReadAction\",\"target\":[\"https:\/\/www.lengyelrobert.hu\/index.php\/2016\/01\/19\/2016-01-19-i-facebook-bejegyzes\/\"]}]},{\"@type\":\"BreadcrumbList\",\"@id\":\"https:\/\/www.lengyelrobert.hu\/index.php\/2016\/01\/19\/2016-01-19-i-facebook-bejegyzes\/#breadcrumb\",\"itemListElement\":[{\"@type\":\"ListItem\",\"position\":1,\"name\":\"Home\",\"item\":\"https:\/\/www.lengyelrobert.hu\/\"},{\"@type\":\"ListItem\",\"position\":2,\"name\":\"2016.01.19-i Facebook bejegyz\u00e9s\"}]},{\"@type\":\"WebSite\",\"@id\":\"https:\/\/www.lengyelrobert.hu\/#website\",\"url\":\"https:\/\/www.lengyelrobert.hu\/\",\"name\":\"dr. Lengyel R\u00f3bert\",\"description\":\"A Becs\u00fclettel Si\u00f3fok\u00e9rt Egyes\u00fclet honlapja\",\"potentialAction\":[{\"@type\":\"SearchAction\",\"target\":{\"@type\":\"EntryPoint\",\"urlTemplate\":\"https:\/\/www.lengyelrobert.hu\/?s={search_term_string}\"},\"query-input\":{\"@type\":\"PropertyValueSpecification\",\"valueRequired\":true,\"valueName\":\"search_term_string\"}}],\"inLanguage\":\"hu\"},{\"@type\":\"Person\",\"@id\":\"https:\/\/www.lengyelrobert.hu\/#\/schema\/person\/2926fe5141a59e6530d8a411eb7bfb2d\",\"name\":\"webmaster\",\"image\":{\"@type\":\"ImageObject\",\"inLanguage\":\"hu\",\"@id\":\"https:\/\/www.lengyelrobert.hu\/#\/schema\/person\/image\/\",\"url\":\"https:\/\/secure.gravatar.com\/avatar\/d53f7fc01f188bb097ecc2caf950c777c2cdc1ec48a2d1726a8399a2188940b0?s=96&d=mm&r=g\",\"contentUrl\":\"https:\/\/secure.gravatar.com\/avatar\/d53f7fc01f188bb097ecc2caf950c777c2cdc1ec48a2d1726a8399a2188940b0?s=96&d=mm&r=g\",\"caption\":\"webmaster\"},\"sameAs\":[\"https:\/\/www.lengyelrobert.hu\"],\"url\":\"https:\/\/www.lengyelrobert.hu\/index.php\/author\/webmaster\/\"}]}<\/script>\n<!-- \/ Yoast SEO plugin. -->","yoast_head_json":{"title":"2016.01.19-i Facebook bejegyz\u00e9s - dr. Lengyel R\u00f3bert","robots":{"index":"index","follow":"follow","max-snippet":"max-snippet:-1","max-image-preview":"max-image-preview:large","max-video-preview":"max-video-preview:-1"},"canonical":"https:\/\/www.lengyelrobert.hu\/index.php\/2016\/01\/19\/2016-01-19-i-facebook-bejegyzes\/","og_locale":"hu_HU","og_type":"article","og_title":"2016.01.19-i Facebook bejegyz\u00e9s - dr. Lengyel R\u00f3bert","og_description":"M\u00e9g egyszer Walnut Creekr\u0151l&#8230; B\u00e1r a magam r\u00e9sz\u00e9r\u0151l azt gondoltam, lez\u00e1rom ezt a bizonyos amerikai testv\u00e9rv\u00e1rosi \u00fattal kapcsolatos t\u00f6rt\u00e9netet, hisz a hat\u00f3s\u00e1gi elj\u00e1r\u00e1s joger\u0151sen befejez\u0151d\u00f6tt, de \u00fagy t\u0171nik, egy-k\u00e9t dolgot m\u00e9gis csak helyre kell tenni. Vannak tov\u00e1bbi megsz\u00f3lal\u00e1sok, sajt\u00f3\u00e9rdekl\u0151d\u00e9s, adatk\u00e9r\u00e9s, nem akar v\u00e9ge lenni&#8230; M\u00falt h\u00e9ten \u00dajv\u00e1ri \u00far nyilatkozott a sajt\u00f3nak, a minap meg el\u0151d\u00f6m, [&hellip;]","og_url":"https:\/\/www.lengyelrobert.hu\/index.php\/2016\/01\/19\/2016-01-19-i-facebook-bejegyzes\/","og_site_name":"dr. Lengyel R\u00f3bert","article_published_time":"2016-01-19T10:31:31+00:00","author":"webmaster","twitter_card":"summary_large_image","twitter_misc":{"Szerz\u0151:":"webmaster","Becs\u00fclt olvas\u00e1si id\u0151":"3 perc"},"schema":{"@context":"https:\/\/schema.org","@graph":[{"@type":"WebPage","@id":"https:\/\/www.lengyelrobert.hu\/index.php\/2016\/01\/19\/2016-01-19-i-facebook-bejegyzes\/","url":"https:\/\/www.lengyelrobert.hu\/index.php\/2016\/01\/19\/2016-01-19-i-facebook-bejegyzes\/","name":"2016.01.19-i Facebook bejegyz\u00e9s - dr. Lengyel R\u00f3bert","isPartOf":{"@id":"https:\/\/www.lengyelrobert.hu\/#website"},"datePublished":"2016-01-19T10:31:31+00:00","dateModified":"2016-01-19T10:31:31+00:00","author":{"@id":"https:\/\/www.lengyelrobert.hu\/#\/schema\/person\/2926fe5141a59e6530d8a411eb7bfb2d"},"breadcrumb":{"@id":"https:\/\/www.lengyelrobert.hu\/index.php\/2016\/01\/19\/2016-01-19-i-facebook-bejegyzes\/#breadcrumb"},"inLanguage":"hu","potentialAction":[{"@type":"ReadAction","target":["https:\/\/www.lengyelrobert.hu\/index.php\/2016\/01\/19\/2016-01-19-i-facebook-bejegyzes\/"]}]},{"@type":"BreadcrumbList","@id":"https:\/\/www.lengyelrobert.hu\/index.php\/2016\/01\/19\/2016-01-19-i-facebook-bejegyzes\/#breadcrumb","itemListElement":[{"@type":"ListItem","position":1,"name":"Home","item":"https:\/\/www.lengyelrobert.hu\/"},{"@type":"ListItem","position":2,"name":"2016.01.19-i Facebook bejegyz\u00e9s"}]},{"@type":"WebSite","@id":"https:\/\/www.lengyelrobert.hu\/#website","url":"https:\/\/www.lengyelrobert.hu\/","name":"dr. Lengyel R\u00f3bert","description":"A Becs\u00fclettel Si\u00f3fok\u00e9rt Egyes\u00fclet honlapja","potentialAction":[{"@type":"SearchAction","target":{"@type":"EntryPoint","urlTemplate":"https:\/\/www.lengyelrobert.hu\/?s={search_term_string}"},"query-input":{"@type":"PropertyValueSpecification","valueRequired":true,"valueName":"search_term_string"}}],"inLanguage":"hu"},{"@type":"Person","@id":"https:\/\/www.lengyelrobert.hu\/#\/schema\/person\/2926fe5141a59e6530d8a411eb7bfb2d","name":"webmaster","image":{"@type":"ImageObject","inLanguage":"hu","@id":"https:\/\/www.lengyelrobert.hu\/#\/schema\/person\/image\/","url":"https:\/\/secure.gravatar.com\/avatar\/d53f7fc01f188bb097ecc2caf950c777c2cdc1ec48a2d1726a8399a2188940b0?s=96&d=mm&r=g","contentUrl":"https:\/\/secure.gravatar.com\/avatar\/d53f7fc01f188bb097ecc2caf950c777c2cdc1ec48a2d1726a8399a2188940b0?s=96&d=mm&r=g","caption":"webmaster"},"sameAs":["https:\/\/www.lengyelrobert.hu"],"url":"https:\/\/www.lengyelrobert.hu\/index.php\/author\/webmaster\/"}]}},"_links":{"self":[{"href":"https:\/\/www.lengyelrobert.hu\/index.php\/wp-json\/wp\/v2\/posts\/5539","targetHints":{"allow":["GET"]}}],"collection":[{"href":"https:\/\/www.lengyelrobert.hu\/index.php\/wp-json\/wp\/v2\/posts"}],"about":[{"href":"https:\/\/www.lengyelrobert.hu\/index.php\/wp-json\/wp\/v2\/types\/post"}],"author":[{"embeddable":true,"href":"https:\/\/www.lengyelrobert.hu\/index.php\/wp-json\/wp\/v2\/users\/1"}],"replies":[{"embeddable":true,"href":"https:\/\/www.lengyelrobert.hu\/index.php\/wp-json\/wp\/v2\/comments?post=5539"}],"version-history":[{"count":0,"href":"https:\/\/www.lengyelrobert.hu\/index.php\/wp-json\/wp\/v2\/posts\/5539\/revisions"}],"wp:attachment":[{"href":"https:\/\/www.lengyelrobert.hu\/index.php\/wp-json\/wp\/v2\/media?parent=5539"}],"wp:term":[{"taxonomy":"category","embeddable":true,"href":"https:\/\/www.lengyelrobert.hu\/index.php\/wp-json\/wp\/v2\/categories?post=5539"},{"taxonomy":"post_tag","embeddable":true,"href":"https:\/\/www.lengyelrobert.hu\/index.php\/wp-json\/wp\/v2\/tags?post=5539"}],"curies":[{"name":"wp","href":"https:\/\/api.w.org\/{rel}","templated":true}]}}