{"id":5508,"date":"2016-02-20T10:04:50","date_gmt":"2016-02-20T09:04:50","guid":{"rendered":"https:\/\/www.lengyelrobert.hu\/uncategorized\/2016-02-20-i-facebook-bejegyzes\/"},"modified":"2016-02-20T10:04:50","modified_gmt":"2016-02-20T09:04:50","slug":"2016-02-20-i-facebook-bejegyzes","status":"publish","type":"post","link":"https:\/\/www.lengyelrobert.hu\/index.php\/2016\/02\/20\/2016-02-20-i-facebook-bejegyzes\/","title":{"rendered":"2016.02.20-i Facebook bejegyz\u00e9s"},"content":{"rendered":"<p>Tisztelt dr. F\u00e1bi\u00e1n K\u00e1roly si\u00f3foki FIDESZ Eln\u00f6k \u00dar!<\/p>\n<p>        Mindenek el\u0151tt, sajn\u00e1lattal veszem tudom\u00e1sul, hogy v\u00e9lem\u00e9nyem szerint \u00f6nh\u00f6z, a si\u00f3foki \u00fcgyv\u00e9dhez teljesen m\u00e9ltatlan m\u00f3don, ilyen bugyuta sajt\u00f3k\u00f6zlem\u00e9nyhez egy\u00e1ltal\u00e1n a nev\u00e9t adta. <\/p>\n<p>        Olyannyira bugyuta, hogy nem is fogok r\u00e1 pontonk\u00e9nt reag\u00e1lni. Ezzel egy\u00fctt engedje meg, hogy egy r\u00f6vid eszmefuttat\u00e1st m\u00e9gis megtegyek.<\/p>\n<p>          El\u0151sz\u00f6r is, sz\u00edveskedj\u00e9k nem sz\u00e1mon k\u00e9rni rajtam, hogy a helyi Fidesszel nem z\u00f6kken\u0151 mentes a kapcsolatom. Mindazok, akik hellyel-k\u00f6zzel figyelemmel k\u00eds\u00e9rt\u00e9k \u00e9s k\u00eds\u00e9rik a v\u00e1laszt\u00e1s \u00f3ta eltelt id\u0151szak t\u00f6rt\u00e9n\u00e9seit, azt gondolom kialak\u00edtott\u00e1k az ezzel kapcsolatos v\u00e9lem\u00e9ny\u00fcket (m\u00e9g igen tisztess\u00e9ges jobboldali emberek is sz\u00e9p sz\u00e1mban).<br \/>\n           Azt se tess\u00e9k rajtam sz\u00e1mon k\u00e9rni \u00e9s k\u00fcl\u00f6n\u00f6sen ne tess\u00e9k csod\u00e1lkozni azon, hogy ellenz\u00e9ki p\u00e1rtok k\u00e9pvisel\u0151ivel igyekszem emberi nexust, konstrukt\u00edv egy\u00fcttm\u0171k\u00f6d\u00e9st kialak\u00edtani. Amikor megv\u00e1lasztottak, nyitott voltam a Fidesszel val\u00f3 szoros egy\u00fcttm\u0171k\u00f6d\u00e9sre is, ehhez k\u00e9pest m\u00e1r az els\u0151 test\u00fcleti \u00fcl\u00e9sen arcul csaptak engem \u00e9s a r\u00e1m szavaz\u00f3 si\u00f3foki ezreket is. A r\u00e1m szavaz\u00f3, nagy l\u00e9tsz\u00e1m\u00fa Fidesz szimpatiz\u00e1nsokat is!<br \/>\n          \u00c9s ne tess\u00e9k r\u00e1m az\u00e9rt sem neheztelni, hogy nem zengek dics\u0151 \u00f3d\u00e1kat a helyben t\u00f6bbek k\u00f6z\u00f6tt \u00d6n \u00e1ltal is f\u00e9mjelzett Fidesz orsz\u00e1gos tev\u00e9kenys\u00e9g\u00e9r\u0151l sem. Ha lesz alkalma az elk\u00f6vetkezend\u0151 napokban egy kicsit f\u00e9lre vonulni \u00e9s elgondolkodni azon, hogy ez a Fidesz m\u00e9g az a Fidesz-e, r\u00e1 fog j\u00f6nni, hogy NEM. Nem tudok \u00e9s nem akarok azonosulni Habonyokkal, M\u00e9sz\u00e1rosokkal, a pedag\u00f3gusokat p\u00e9nzs\u00f3v\u00e1rnak be\u00e1ll\u00edt\u00f3 agymos\u00f3kkal, a n\u00e9zhetetlen propagand\u00e1t \u00f6mleszt\u0151 k\u00f6ztelev\u00edzi\u00f3kkal, stb. stb. Hol vannak m\u00e1r az \u00e1ltalam nagyra becs\u00fclt Pokornik, Navracsicsok a k\u00f6z\u00e9letb\u0151l?  Hol van az \u00e1ltaluk sugallt tisztess\u00e9g&#8230; Legfeljebb az eml\u00e9kekben Eln\u00f6k \u00dar.<\/p>\n<p>        Ezzel egy\u00fctt maradok a legnagyobb tisztelettel \u00d6n ir\u00e1nt.<\/p>\n<p>        (A Fidesz k\u00f6zlem\u00e9ny\u00e9t ld. lentebb.)<\/p>\n<p><a href=\"\"><\/a><\/p>\n","protected":false},"excerpt":{"rendered":"<p>Tisztelt dr. F\u00e1bi\u00e1n K\u00e1roly si\u00f3foki FIDESZ Eln\u00f6k \u00dar! Mindenek el\u0151tt, sajn\u00e1lattal veszem tudom\u00e1sul, hogy v\u00e9lem\u00e9nyem szerint \u00f6nh\u00f6z, a si\u00f3foki \u00fcgyv\u00e9dhez teljesen m\u00e9ltatlan m\u00f3don, ilyen bugyuta sajt\u00f3k\u00f6zlem\u00e9nyhez egy\u00e1ltal\u00e1n a nev\u00e9t adta. Olyannyira bugyuta, hogy nem is fogok r\u00e1 pontonk\u00e9nt reag\u00e1lni. Ezzel egy\u00fctt engedje meg, hogy egy r\u00f6vid eszmefuttat\u00e1st m\u00e9gis megtegyek. El\u0151sz\u00f6r is, sz\u00edveskedj\u00e9k nem sz\u00e1mon k\u00e9rni [&hellip;]<\/p>\n","protected":false},"author":1,"featured_media":0,"comment_status":"closed","ping_status":"closed","sticky":false,"template":"","format":"standard","meta":{"_acf_changed":false,"_et_pb_use_builder":"","_et_pb_old_content":"","_et_gb_content_width":"","footnotes":""},"categories":[1],"tags":[],"class_list":["post-5508","post","type-post","status-publish","format-standard","hentry","category-uncategorized"],"acf":[],"yoast_head":"<!-- This site is optimized with the Yoast SEO plugin v23.8 - https:\/\/yoast.com\/wordpress\/plugins\/seo\/ -->\n<title>2016.02.20-i Facebook bejegyz\u00e9s - dr. Lengyel R\u00f3bert<\/title>\n<meta name=\"robots\" content=\"index, follow, max-snippet:-1, max-image-preview:large, max-video-preview:-1\" \/>\n<link rel=\"canonical\" href=\"https:\/\/www.lengyelrobert.hu\/index.php\/2016\/02\/20\/2016-02-20-i-facebook-bejegyzes\/\" \/>\n<meta property=\"og:locale\" content=\"hu_HU\" \/>\n<meta property=\"og:type\" content=\"article\" \/>\n<meta property=\"og:title\" content=\"2016.02.20-i Facebook bejegyz\u00e9s - dr. Lengyel R\u00f3bert\" \/>\n<meta property=\"og:description\" content=\"Tisztelt dr. F\u00e1bi\u00e1n K\u00e1roly si\u00f3foki FIDESZ Eln\u00f6k \u00dar! Mindenek el\u0151tt, sajn\u00e1lattal veszem tudom\u00e1sul, hogy v\u00e9lem\u00e9nyem szerint \u00f6nh\u00f6z, a si\u00f3foki \u00fcgyv\u00e9dhez teljesen m\u00e9ltatlan m\u00f3don, ilyen bugyuta sajt\u00f3k\u00f6zlem\u00e9nyhez egy\u00e1ltal\u00e1n a nev\u00e9t adta. Olyannyira bugyuta, hogy nem is fogok r\u00e1 pontonk\u00e9nt reag\u00e1lni. Ezzel egy\u00fctt engedje meg, hogy egy r\u00f6vid eszmefuttat\u00e1st m\u00e9gis megtegyek. El\u0151sz\u00f6r is, sz\u00edveskedj\u00e9k nem sz\u00e1mon k\u00e9rni [&hellip;]\" \/>\n<meta property=\"og:url\" content=\"https:\/\/www.lengyelrobert.hu\/index.php\/2016\/02\/20\/2016-02-20-i-facebook-bejegyzes\/\" \/>\n<meta property=\"og:site_name\" content=\"dr. Lengyel R\u00f3bert\" \/>\n<meta property=\"article:published_time\" content=\"2016-02-20T09:04:50+00:00\" \/>\n<meta name=\"author\" content=\"webmaster\" \/>\n<meta name=\"twitter:card\" content=\"summary_large_image\" \/>\n<meta name=\"twitter:label1\" content=\"Szerz\u0151:\" \/>\n\t<meta name=\"twitter:data1\" content=\"webmaster\" \/>\n\t<meta name=\"twitter:label2\" content=\"Becs\u00fclt olvas\u00e1si id\u0151\" \/>\n\t<meta name=\"twitter:data2\" content=\"2 perc\" \/>\n<script type=\"application\/ld+json\" class=\"yoast-schema-graph\">{\"@context\":\"https:\/\/schema.org\",\"@graph\":[{\"@type\":\"WebPage\",\"@id\":\"https:\/\/www.lengyelrobert.hu\/index.php\/2016\/02\/20\/2016-02-20-i-facebook-bejegyzes\/\",\"url\":\"https:\/\/www.lengyelrobert.hu\/index.php\/2016\/02\/20\/2016-02-20-i-facebook-bejegyzes\/\",\"name\":\"2016.02.20-i Facebook bejegyz\u00e9s - dr. Lengyel R\u00f3bert\",\"isPartOf\":{\"@id\":\"https:\/\/www.lengyelrobert.hu\/#website\"},\"datePublished\":\"2016-02-20T09:04:50+00:00\",\"dateModified\":\"2016-02-20T09:04:50+00:00\",\"author\":{\"@id\":\"https:\/\/www.lengyelrobert.hu\/#\/schema\/person\/2926fe5141a59e6530d8a411eb7bfb2d\"},\"breadcrumb\":{\"@id\":\"https:\/\/www.lengyelrobert.hu\/index.php\/2016\/02\/20\/2016-02-20-i-facebook-bejegyzes\/#breadcrumb\"},\"inLanguage\":\"hu\",\"potentialAction\":[{\"@type\":\"ReadAction\",\"target\":[\"https:\/\/www.lengyelrobert.hu\/index.php\/2016\/02\/20\/2016-02-20-i-facebook-bejegyzes\/\"]}]},{\"@type\":\"BreadcrumbList\",\"@id\":\"https:\/\/www.lengyelrobert.hu\/index.php\/2016\/02\/20\/2016-02-20-i-facebook-bejegyzes\/#breadcrumb\",\"itemListElement\":[{\"@type\":\"ListItem\",\"position\":1,\"name\":\"Home\",\"item\":\"https:\/\/www.lengyelrobert.hu\/\"},{\"@type\":\"ListItem\",\"position\":2,\"name\":\"2016.02.20-i Facebook bejegyz\u00e9s\"}]},{\"@type\":\"WebSite\",\"@id\":\"https:\/\/www.lengyelrobert.hu\/#website\",\"url\":\"https:\/\/www.lengyelrobert.hu\/\",\"name\":\"dr. Lengyel R\u00f3bert\",\"description\":\"A Becs\u00fclettel Si\u00f3fok\u00e9rt Egyes\u00fclet honlapja\",\"potentialAction\":[{\"@type\":\"SearchAction\",\"target\":{\"@type\":\"EntryPoint\",\"urlTemplate\":\"https:\/\/www.lengyelrobert.hu\/?s={search_term_string}\"},\"query-input\":{\"@type\":\"PropertyValueSpecification\",\"valueRequired\":true,\"valueName\":\"search_term_string\"}}],\"inLanguage\":\"hu\"},{\"@type\":\"Person\",\"@id\":\"https:\/\/www.lengyelrobert.hu\/#\/schema\/person\/2926fe5141a59e6530d8a411eb7bfb2d\",\"name\":\"webmaster\",\"image\":{\"@type\":\"ImageObject\",\"inLanguage\":\"hu\",\"@id\":\"https:\/\/www.lengyelrobert.hu\/#\/schema\/person\/image\/\",\"url\":\"https:\/\/secure.gravatar.com\/avatar\/d53f7fc01f188bb097ecc2caf950c777c2cdc1ec48a2d1726a8399a2188940b0?s=96&d=mm&r=g\",\"contentUrl\":\"https:\/\/secure.gravatar.com\/avatar\/d53f7fc01f188bb097ecc2caf950c777c2cdc1ec48a2d1726a8399a2188940b0?s=96&d=mm&r=g\",\"caption\":\"webmaster\"},\"sameAs\":[\"https:\/\/www.lengyelrobert.hu\"],\"url\":\"https:\/\/www.lengyelrobert.hu\/index.php\/author\/webmaster\/\"}]}<\/script>\n<!-- \/ Yoast SEO plugin. -->","yoast_head_json":{"title":"2016.02.20-i Facebook bejegyz\u00e9s - dr. Lengyel R\u00f3bert","robots":{"index":"index","follow":"follow","max-snippet":"max-snippet:-1","max-image-preview":"max-image-preview:large","max-video-preview":"max-video-preview:-1"},"canonical":"https:\/\/www.lengyelrobert.hu\/index.php\/2016\/02\/20\/2016-02-20-i-facebook-bejegyzes\/","og_locale":"hu_HU","og_type":"article","og_title":"2016.02.20-i Facebook bejegyz\u00e9s - dr. Lengyel R\u00f3bert","og_description":"Tisztelt dr. F\u00e1bi\u00e1n K\u00e1roly si\u00f3foki FIDESZ Eln\u00f6k \u00dar! Mindenek el\u0151tt, sajn\u00e1lattal veszem tudom\u00e1sul, hogy v\u00e9lem\u00e9nyem szerint \u00f6nh\u00f6z, a si\u00f3foki \u00fcgyv\u00e9dhez teljesen m\u00e9ltatlan m\u00f3don, ilyen bugyuta sajt\u00f3k\u00f6zlem\u00e9nyhez egy\u00e1ltal\u00e1n a nev\u00e9t adta. Olyannyira bugyuta, hogy nem is fogok r\u00e1 pontonk\u00e9nt reag\u00e1lni. Ezzel egy\u00fctt engedje meg, hogy egy r\u00f6vid eszmefuttat\u00e1st m\u00e9gis megtegyek. El\u0151sz\u00f6r is, sz\u00edveskedj\u00e9k nem sz\u00e1mon k\u00e9rni [&hellip;]","og_url":"https:\/\/www.lengyelrobert.hu\/index.php\/2016\/02\/20\/2016-02-20-i-facebook-bejegyzes\/","og_site_name":"dr. Lengyel R\u00f3bert","article_published_time":"2016-02-20T09:04:50+00:00","author":"webmaster","twitter_card":"summary_large_image","twitter_misc":{"Szerz\u0151:":"webmaster","Becs\u00fclt olvas\u00e1si id\u0151":"2 perc"},"schema":{"@context":"https:\/\/schema.org","@graph":[{"@type":"WebPage","@id":"https:\/\/www.lengyelrobert.hu\/index.php\/2016\/02\/20\/2016-02-20-i-facebook-bejegyzes\/","url":"https:\/\/www.lengyelrobert.hu\/index.php\/2016\/02\/20\/2016-02-20-i-facebook-bejegyzes\/","name":"2016.02.20-i Facebook bejegyz\u00e9s - dr. Lengyel R\u00f3bert","isPartOf":{"@id":"https:\/\/www.lengyelrobert.hu\/#website"},"datePublished":"2016-02-20T09:04:50+00:00","dateModified":"2016-02-20T09:04:50+00:00","author":{"@id":"https:\/\/www.lengyelrobert.hu\/#\/schema\/person\/2926fe5141a59e6530d8a411eb7bfb2d"},"breadcrumb":{"@id":"https:\/\/www.lengyelrobert.hu\/index.php\/2016\/02\/20\/2016-02-20-i-facebook-bejegyzes\/#breadcrumb"},"inLanguage":"hu","potentialAction":[{"@type":"ReadAction","target":["https:\/\/www.lengyelrobert.hu\/index.php\/2016\/02\/20\/2016-02-20-i-facebook-bejegyzes\/"]}]},{"@type":"BreadcrumbList","@id":"https:\/\/www.lengyelrobert.hu\/index.php\/2016\/02\/20\/2016-02-20-i-facebook-bejegyzes\/#breadcrumb","itemListElement":[{"@type":"ListItem","position":1,"name":"Home","item":"https:\/\/www.lengyelrobert.hu\/"},{"@type":"ListItem","position":2,"name":"2016.02.20-i Facebook bejegyz\u00e9s"}]},{"@type":"WebSite","@id":"https:\/\/www.lengyelrobert.hu\/#website","url":"https:\/\/www.lengyelrobert.hu\/","name":"dr. Lengyel R\u00f3bert","description":"A Becs\u00fclettel Si\u00f3fok\u00e9rt Egyes\u00fclet honlapja","potentialAction":[{"@type":"SearchAction","target":{"@type":"EntryPoint","urlTemplate":"https:\/\/www.lengyelrobert.hu\/?s={search_term_string}"},"query-input":{"@type":"PropertyValueSpecification","valueRequired":true,"valueName":"search_term_string"}}],"inLanguage":"hu"},{"@type":"Person","@id":"https:\/\/www.lengyelrobert.hu\/#\/schema\/person\/2926fe5141a59e6530d8a411eb7bfb2d","name":"webmaster","image":{"@type":"ImageObject","inLanguage":"hu","@id":"https:\/\/www.lengyelrobert.hu\/#\/schema\/person\/image\/","url":"https:\/\/secure.gravatar.com\/avatar\/d53f7fc01f188bb097ecc2caf950c777c2cdc1ec48a2d1726a8399a2188940b0?s=96&d=mm&r=g","contentUrl":"https:\/\/secure.gravatar.com\/avatar\/d53f7fc01f188bb097ecc2caf950c777c2cdc1ec48a2d1726a8399a2188940b0?s=96&d=mm&r=g","caption":"webmaster"},"sameAs":["https:\/\/www.lengyelrobert.hu"],"url":"https:\/\/www.lengyelrobert.hu\/index.php\/author\/webmaster\/"}]}},"_links":{"self":[{"href":"https:\/\/www.lengyelrobert.hu\/index.php\/wp-json\/wp\/v2\/posts\/5508","targetHints":{"allow":["GET"]}}],"collection":[{"href":"https:\/\/www.lengyelrobert.hu\/index.php\/wp-json\/wp\/v2\/posts"}],"about":[{"href":"https:\/\/www.lengyelrobert.hu\/index.php\/wp-json\/wp\/v2\/types\/post"}],"author":[{"embeddable":true,"href":"https:\/\/www.lengyelrobert.hu\/index.php\/wp-json\/wp\/v2\/users\/1"}],"replies":[{"embeddable":true,"href":"https:\/\/www.lengyelrobert.hu\/index.php\/wp-json\/wp\/v2\/comments?post=5508"}],"version-history":[{"count":0,"href":"https:\/\/www.lengyelrobert.hu\/index.php\/wp-json\/wp\/v2\/posts\/5508\/revisions"}],"wp:attachment":[{"href":"https:\/\/www.lengyelrobert.hu\/index.php\/wp-json\/wp\/v2\/media?parent=5508"}],"wp:term":[{"taxonomy":"category","embeddable":true,"href":"https:\/\/www.lengyelrobert.hu\/index.php\/wp-json\/wp\/v2\/categories?post=5508"},{"taxonomy":"post_tag","embeddable":true,"href":"https:\/\/www.lengyelrobert.hu\/index.php\/wp-json\/wp\/v2\/tags?post=5508"}],"curies":[{"name":"wp","href":"https:\/\/api.w.org\/{rel}","templated":true}]}}