{"id":5441,"date":"2016-04-12T12:42:22","date_gmt":"2016-04-12T10:42:22","guid":{"rendered":"https:\/\/www.lengyelrobert.hu\/uncategorized\/2016-04-12-i-facebook-bejegyzes-2\/"},"modified":"2016-04-12T12:42:22","modified_gmt":"2016-04-12T10:42:22","slug":"2016-04-12-i-facebook-bejegyzes-2","status":"publish","type":"post","link":"https:\/\/www.lengyelrobert.hu\/index.php\/2016\/04\/12\/2016-04-12-i-facebook-bejegyzes-2\/","title":{"rendered":"2016.04.12-i Facebook bejegyz\u00e9s"},"content":{"rendered":"<p>\u00dcdv\u00f6zlet az oldal l\u00e1togat\u00f3inak!<\/p>\n<p>        \u00d6nkorm\u00e1nyzati lak\u00e1sfronton megmozdult valami. A mai post\u00e1mban egy lev\u00e9l, ami arr\u00f3l sz\u00f3l, hogy az egyik lak\u00e1sunk b\u00e9rl\u0151je, megfelel\u0151 lel\u00e9p\u00e9si d\u00edj ellen\u00e9ben, (a multikorihoz hasonl\u00f3an) szint\u00e9n szeretn\u00e9 leadni az ingatlant. Mell\u00e9kel egy 2014. febru\u00e1ri d\u00e1tum\u00fa levelet, akkori polg\u00e1rmesteri al\u00e1\u00edr\u00e1ssal, amelyben anno 4100 000 Ft lel\u00e9p\u00e9si d\u00edjat aj\u00e1nlott fel neki a v\u00e1ros. Akkor nem szerette volna ki\u00fcr\u00edteni a lak\u00e1st, most viszont m\u00e1r igen. A levelet tov\u00e1bb\u00edtom a jegyz\u0151nek, a test\u00fclet pedig majd d\u00f6nt.<\/p>\n<p>        Ma d\u00e9lut\u00e1n Alpolg\u00e1rmester Asszony Budapesten t\u00e1rgyal a k\u00e9pviseletemben az uszoda projekt\u00fcnkkel kapcsolatosan. Rendk\u00edv\u00fcl bizakod\u00f3 vagyok a dolgot illet\u0151en \u00e9s mindent elk\u00f6vetek az\u00e9rt, hogy az \u00e1lom val\u00f3s\u00e1gg\u00e1 v\u00e1ljon. Egyebek mellett cs\u00fct\u00f6rt\u00f6k\u00f6n is utazok Budapestre, hogy t\u00e1mogat\u00f3kat szerezzek a megval\u00f3s\u00edt\u00e1shoz. A fejlem\u00e9nyekr\u0151l k\u00e9s\u0151bb.<\/p>\n<p>        A minap arra k\u00e9rtem Bar\u00e1th urat, a Balaton-Parti Kft. \u00fcgyvezet\u0151j\u00e9t, sz\u00edveskedjen t\u00e1j\u00e9koztatni arr\u00f3l, mit is akar id\u00e9n a parti illemhelyekkel, mert egyre kev\u00e9sb\u00e9 l\u00e1tom \u00e1t a koncepci\u00f3j\u00e1t. A v\u00e1lasz meg\u00e9rkezett, melynek zanz\u00e1s\u00edtott l\u00e9nyege, hogy vissza \u00e1ll az \u00e1ltalam egy\u00e1ltal\u00e1n nem t\u00e1mogatott \u00e9s t\u00f6bb szempontb\u00f3l is agg\u00e1lyos &#8220;eredeti rend&#8221;.<br \/>\n        Id\u00e9zet a lev\u00e9lb\u0151l: &#8220;&#8230; &#8221; A hirdetm\u00e9ny el\u0151k\u00e9sz\u00edt\u00e9se sor\u00e1n egyeztett\u00fcnk a Cig\u00e1ny Kisebbs\u00e9gi \u00d6nkorm\u00e1nyzat vezet\u0151s\u00e9g\u00e9vel is, akik azt k\u00e9rt\u00e9k&#8230;. Utalni szeretn\u00e9k arra, hogy a p\u00e1ly\u00e1z\u00f3k k\u00f6r\u00e9ben nem k\u00edv\u00e1ntunk zavart kelteni, valamint arra is, hogy a 2014. \u00e9vben \u00e9s a kor\u00e1bbi \u00e9vekben is j\u00f3l m\u0171k\u00f6d\u0151 rendszer elemeit szeretn\u00e9nk 2016-ban is figyelembe venni \u00e9s alkalmazni.&#8221;<br \/>\n        \u00d6r\u00fcl\u00f6k, hogy a cig\u00e1ny vezet\u0151kkel egyeztetett az \u00fcgyvezet\u0151, annak m\u00e1r nem, hogy velem elfelejtette ezt kezdem\u00e9nyezni. Az meg, hogy az \u00e9n regn\u00e1l\u00e1som el\u0151tti id\u0151ben milyen remek\u00fcl m\u0171k\u00f6d\u00f6tt a &#8220;rendszer&#8221;, eld\u00f6ntheti mindenki maga, aki j\u00e1rt a strandjainkon \u00e9s l\u00e1tta. Ebbe tal\u00e1n nem menn\u00e9k bele. Sajnos am\u00edg ilyen fel\u00e1ll\u00e1s van a v\u00e1rosban \u00e9s a kft. \u00fcgyvezet\u0151je ilyen szinten \u00e9lvezi a FIDESZ-es t\u00f6bbs\u00e9g\u0171 test\u00fclet felt\u00e9tlen bizalm\u00e1t, addig gyakorlatilag puszt\u00e1ba ki\u00e1ltott sz\u00f3 az eny\u00e9m.<\/p>\n<p>        Ma asztalomra ker\u00fclt a Si\u00f3foki H\u00edrek e havi tervezete. Ha \u00e9s amennyiben ezzel a tartalommal jelenik meg, azt gondolom a leend\u0151 olvas\u00f3k sz\u00e1m\u00e1ra nem lesz k\u00e9ts\u00e9ges: propaganda nyomtatv\u00e1ny, amelyben a v\u00e1ros polg\u00e1rmester\u00e9nek legfeljebb jelk\u00e9pes megjelen\u00e9si lehetnek. Nem gond, az \u00e9n postal\u00e1d\u00e1mb\u00f3l rep\u00fcl egyenest a kuk\u00e1ba.<\/p>\n<p>        \u00c1prilis 22-\u00e9n MSZP-s lakoss\u00e1gi f\u00f3rum lesz v\u00e1rosunkban, melynek vend\u00e9ge a telev\u00edzi\u00f3b\u00f3l ismert, Tarj\u00e1nyi P\u00e9ter biztons\u00e1gi szak\u00e9rt\u0151. A pontos helysz\u00edn \u00e9s id\u0151pont ismeret\u00e9ben azokat is k\u00f6z\u00f6lni fogom.<br \/>\n        M\u00e1jus 10-\u00e9n 18.00 \u00f3r\u00e1t\u00f3l pedig a KIKK-ben, Vona G\u00e1bor a Jobbik eln\u00f6ke tart f\u00f3rumot. J\u00f3magam mindkett\u0151n r\u00e9szt veszek.<\/p>\n<p>        Lentebb egy cikk a c\u00e9geink \u00e1tvil\u00e1g\u00edt\u00e1s\u00e1r\u00f3l. Ha figyelmesen olvassuk, abb\u00f3l nagyj\u00e1b\u00f3l a v\u00e1rhat\u00f3 eredm\u00e9ny is kiolvashat\u00f3, de az\u00e9rt maradok optimista \u00e9s kiv\u00e1rom a v\u00e9g\u00e9t.<\/p>\n<p>        Bar\u00e1ts\u00e1ggal: R.<br \/>\n        http:\/\/www.sonline.hu\/somogy\/kozelet\/kaposvari-ceg-vilagitja-at-a-balaton-parti-kft-t-es-a-siotourt-659865<\/p>\n<p><a href=\"http:\/\/www.sonline.hu\/somogy\/kozelet\/kaposvari-ceg-vilagitja-at-a-balaton-parti-kft-t-es-a-siotourt-659865\">http:\/\/www.sonline.hu\/somogy\/kozelet\/kaposvari-ceg-vilagitja-at-a-balaton-parti-kft-t-es-a-siotourt-659865<\/a><\/p>\n","protected":false},"excerpt":{"rendered":"<p>\u00dcdv\u00f6zlet az oldal l\u00e1togat\u00f3inak! \u00d6nkorm\u00e1nyzati lak\u00e1sfronton megmozdult valami. A mai post\u00e1mban egy lev\u00e9l, ami arr\u00f3l sz\u00f3l, hogy az egyik lak\u00e1sunk b\u00e9rl\u0151je, megfelel\u0151 lel\u00e9p\u00e9si d\u00edj ellen\u00e9ben, (a multikorihoz hasonl\u00f3an) szint\u00e9n szeretn\u00e9 leadni az ingatlant. Mell\u00e9kel egy 2014. febru\u00e1ri d\u00e1tum\u00fa levelet, akkori polg\u00e1rmesteri al\u00e1\u00edr\u00e1ssal, amelyben anno 4100 000 Ft lel\u00e9p\u00e9si d\u00edjat aj\u00e1nlott fel neki a v\u00e1ros. Akkor [&hellip;]<\/p>\n","protected":false},"author":1,"featured_media":0,"comment_status":"closed","ping_status":"closed","sticky":false,"template":"","format":"standard","meta":{"_acf_changed":false,"_et_pb_use_builder":"","_et_pb_old_content":"","_et_gb_content_width":"","footnotes":""},"categories":[1],"tags":[],"class_list":["post-5441","post","type-post","status-publish","format-standard","hentry","category-uncategorized"],"acf":[],"yoast_head":"<!-- This site is optimized with the Yoast SEO plugin v23.8 - https:\/\/yoast.com\/wordpress\/plugins\/seo\/ -->\n<title>2016.04.12-i Facebook bejegyz\u00e9s - dr. Lengyel R\u00f3bert<\/title>\n<meta name=\"robots\" content=\"index, follow, max-snippet:-1, max-image-preview:large, max-video-preview:-1\" \/>\n<link rel=\"canonical\" href=\"https:\/\/www.lengyelrobert.hu\/index.php\/2016\/04\/12\/2016-04-12-i-facebook-bejegyzes-2\/\" \/>\n<meta property=\"og:locale\" content=\"hu_HU\" \/>\n<meta property=\"og:type\" content=\"article\" \/>\n<meta property=\"og:title\" content=\"2016.04.12-i Facebook bejegyz\u00e9s - dr. Lengyel R\u00f3bert\" \/>\n<meta property=\"og:description\" content=\"\u00dcdv\u00f6zlet az oldal l\u00e1togat\u00f3inak! \u00d6nkorm\u00e1nyzati lak\u00e1sfronton megmozdult valami. A mai post\u00e1mban egy lev\u00e9l, ami arr\u00f3l sz\u00f3l, hogy az egyik lak\u00e1sunk b\u00e9rl\u0151je, megfelel\u0151 lel\u00e9p\u00e9si d\u00edj ellen\u00e9ben, (a multikorihoz hasonl\u00f3an) szint\u00e9n szeretn\u00e9 leadni az ingatlant. Mell\u00e9kel egy 2014. febru\u00e1ri d\u00e1tum\u00fa levelet, akkori polg\u00e1rmesteri al\u00e1\u00edr\u00e1ssal, amelyben anno 4100 000 Ft lel\u00e9p\u00e9si d\u00edjat aj\u00e1nlott fel neki a v\u00e1ros. Akkor [&hellip;]\" \/>\n<meta property=\"og:url\" content=\"https:\/\/www.lengyelrobert.hu\/index.php\/2016\/04\/12\/2016-04-12-i-facebook-bejegyzes-2\/\" \/>\n<meta property=\"og:site_name\" content=\"dr. Lengyel R\u00f3bert\" \/>\n<meta property=\"article:published_time\" content=\"2016-04-12T10:42:22+00:00\" \/>\n<meta name=\"author\" content=\"webmaster\" \/>\n<meta name=\"twitter:card\" content=\"summary_large_image\" \/>\n<meta name=\"twitter:label1\" content=\"Szerz\u0151:\" \/>\n\t<meta name=\"twitter:data1\" content=\"webmaster\" \/>\n\t<meta name=\"twitter:label2\" content=\"Becs\u00fclt olvas\u00e1si id\u0151\" \/>\n\t<meta name=\"twitter:data2\" content=\"3 perc\" \/>\n<script type=\"application\/ld+json\" class=\"yoast-schema-graph\">{\"@context\":\"https:\/\/schema.org\",\"@graph\":[{\"@type\":\"WebPage\",\"@id\":\"https:\/\/www.lengyelrobert.hu\/index.php\/2016\/04\/12\/2016-04-12-i-facebook-bejegyzes-2\/\",\"url\":\"https:\/\/www.lengyelrobert.hu\/index.php\/2016\/04\/12\/2016-04-12-i-facebook-bejegyzes-2\/\",\"name\":\"2016.04.12-i Facebook bejegyz\u00e9s - dr. Lengyel R\u00f3bert\",\"isPartOf\":{\"@id\":\"https:\/\/www.lengyelrobert.hu\/#website\"},\"datePublished\":\"2016-04-12T10:42:22+00:00\",\"dateModified\":\"2016-04-12T10:42:22+00:00\",\"author\":{\"@id\":\"https:\/\/www.lengyelrobert.hu\/#\/schema\/person\/2926fe5141a59e6530d8a411eb7bfb2d\"},\"breadcrumb\":{\"@id\":\"https:\/\/www.lengyelrobert.hu\/index.php\/2016\/04\/12\/2016-04-12-i-facebook-bejegyzes-2\/#breadcrumb\"},\"inLanguage\":\"hu\",\"potentialAction\":[{\"@type\":\"ReadAction\",\"target\":[\"https:\/\/www.lengyelrobert.hu\/index.php\/2016\/04\/12\/2016-04-12-i-facebook-bejegyzes-2\/\"]}]},{\"@type\":\"BreadcrumbList\",\"@id\":\"https:\/\/www.lengyelrobert.hu\/index.php\/2016\/04\/12\/2016-04-12-i-facebook-bejegyzes-2\/#breadcrumb\",\"itemListElement\":[{\"@type\":\"ListItem\",\"position\":1,\"name\":\"Home\",\"item\":\"https:\/\/www.lengyelrobert.hu\/\"},{\"@type\":\"ListItem\",\"position\":2,\"name\":\"2016.04.12-i Facebook bejegyz\u00e9s\"}]},{\"@type\":\"WebSite\",\"@id\":\"https:\/\/www.lengyelrobert.hu\/#website\",\"url\":\"https:\/\/www.lengyelrobert.hu\/\",\"name\":\"dr. Lengyel R\u00f3bert\",\"description\":\"A Becs\u00fclettel Si\u00f3fok\u00e9rt Egyes\u00fclet honlapja\",\"potentialAction\":[{\"@type\":\"SearchAction\",\"target\":{\"@type\":\"EntryPoint\",\"urlTemplate\":\"https:\/\/www.lengyelrobert.hu\/?s={search_term_string}\"},\"query-input\":{\"@type\":\"PropertyValueSpecification\",\"valueRequired\":true,\"valueName\":\"search_term_string\"}}],\"inLanguage\":\"hu\"},{\"@type\":\"Person\",\"@id\":\"https:\/\/www.lengyelrobert.hu\/#\/schema\/person\/2926fe5141a59e6530d8a411eb7bfb2d\",\"name\":\"webmaster\",\"image\":{\"@type\":\"ImageObject\",\"inLanguage\":\"hu\",\"@id\":\"https:\/\/www.lengyelrobert.hu\/#\/schema\/person\/image\/\",\"url\":\"https:\/\/secure.gravatar.com\/avatar\/d53f7fc01f188bb097ecc2caf950c777c2cdc1ec48a2d1726a8399a2188940b0?s=96&d=mm&r=g\",\"contentUrl\":\"https:\/\/secure.gravatar.com\/avatar\/d53f7fc01f188bb097ecc2caf950c777c2cdc1ec48a2d1726a8399a2188940b0?s=96&d=mm&r=g\",\"caption\":\"webmaster\"},\"sameAs\":[\"https:\/\/www.lengyelrobert.hu\"],\"url\":\"https:\/\/www.lengyelrobert.hu\/index.php\/author\/webmaster\/\"}]}<\/script>\n<!-- \/ Yoast SEO plugin. -->","yoast_head_json":{"title":"2016.04.12-i Facebook bejegyz\u00e9s - dr. Lengyel R\u00f3bert","robots":{"index":"index","follow":"follow","max-snippet":"max-snippet:-1","max-image-preview":"max-image-preview:large","max-video-preview":"max-video-preview:-1"},"canonical":"https:\/\/www.lengyelrobert.hu\/index.php\/2016\/04\/12\/2016-04-12-i-facebook-bejegyzes-2\/","og_locale":"hu_HU","og_type":"article","og_title":"2016.04.12-i Facebook bejegyz\u00e9s - dr. Lengyel R\u00f3bert","og_description":"\u00dcdv\u00f6zlet az oldal l\u00e1togat\u00f3inak! \u00d6nkorm\u00e1nyzati lak\u00e1sfronton megmozdult valami. A mai post\u00e1mban egy lev\u00e9l, ami arr\u00f3l sz\u00f3l, hogy az egyik lak\u00e1sunk b\u00e9rl\u0151je, megfelel\u0151 lel\u00e9p\u00e9si d\u00edj ellen\u00e9ben, (a multikorihoz hasonl\u00f3an) szint\u00e9n szeretn\u00e9 leadni az ingatlant. Mell\u00e9kel egy 2014. febru\u00e1ri d\u00e1tum\u00fa levelet, akkori polg\u00e1rmesteri al\u00e1\u00edr\u00e1ssal, amelyben anno 4100 000 Ft lel\u00e9p\u00e9si d\u00edjat aj\u00e1nlott fel neki a v\u00e1ros. Akkor [&hellip;]","og_url":"https:\/\/www.lengyelrobert.hu\/index.php\/2016\/04\/12\/2016-04-12-i-facebook-bejegyzes-2\/","og_site_name":"dr. Lengyel R\u00f3bert","article_published_time":"2016-04-12T10:42:22+00:00","author":"webmaster","twitter_card":"summary_large_image","twitter_misc":{"Szerz\u0151:":"webmaster","Becs\u00fclt olvas\u00e1si id\u0151":"3 perc"},"schema":{"@context":"https:\/\/schema.org","@graph":[{"@type":"WebPage","@id":"https:\/\/www.lengyelrobert.hu\/index.php\/2016\/04\/12\/2016-04-12-i-facebook-bejegyzes-2\/","url":"https:\/\/www.lengyelrobert.hu\/index.php\/2016\/04\/12\/2016-04-12-i-facebook-bejegyzes-2\/","name":"2016.04.12-i Facebook bejegyz\u00e9s - dr. Lengyel R\u00f3bert","isPartOf":{"@id":"https:\/\/www.lengyelrobert.hu\/#website"},"datePublished":"2016-04-12T10:42:22+00:00","dateModified":"2016-04-12T10:42:22+00:00","author":{"@id":"https:\/\/www.lengyelrobert.hu\/#\/schema\/person\/2926fe5141a59e6530d8a411eb7bfb2d"},"breadcrumb":{"@id":"https:\/\/www.lengyelrobert.hu\/index.php\/2016\/04\/12\/2016-04-12-i-facebook-bejegyzes-2\/#breadcrumb"},"inLanguage":"hu","potentialAction":[{"@type":"ReadAction","target":["https:\/\/www.lengyelrobert.hu\/index.php\/2016\/04\/12\/2016-04-12-i-facebook-bejegyzes-2\/"]}]},{"@type":"BreadcrumbList","@id":"https:\/\/www.lengyelrobert.hu\/index.php\/2016\/04\/12\/2016-04-12-i-facebook-bejegyzes-2\/#breadcrumb","itemListElement":[{"@type":"ListItem","position":1,"name":"Home","item":"https:\/\/www.lengyelrobert.hu\/"},{"@type":"ListItem","position":2,"name":"2016.04.12-i Facebook bejegyz\u00e9s"}]},{"@type":"WebSite","@id":"https:\/\/www.lengyelrobert.hu\/#website","url":"https:\/\/www.lengyelrobert.hu\/","name":"dr. Lengyel R\u00f3bert","description":"A Becs\u00fclettel Si\u00f3fok\u00e9rt Egyes\u00fclet honlapja","potentialAction":[{"@type":"SearchAction","target":{"@type":"EntryPoint","urlTemplate":"https:\/\/www.lengyelrobert.hu\/?s={search_term_string}"},"query-input":{"@type":"PropertyValueSpecification","valueRequired":true,"valueName":"search_term_string"}}],"inLanguage":"hu"},{"@type":"Person","@id":"https:\/\/www.lengyelrobert.hu\/#\/schema\/person\/2926fe5141a59e6530d8a411eb7bfb2d","name":"webmaster","image":{"@type":"ImageObject","inLanguage":"hu","@id":"https:\/\/www.lengyelrobert.hu\/#\/schema\/person\/image\/","url":"https:\/\/secure.gravatar.com\/avatar\/d53f7fc01f188bb097ecc2caf950c777c2cdc1ec48a2d1726a8399a2188940b0?s=96&d=mm&r=g","contentUrl":"https:\/\/secure.gravatar.com\/avatar\/d53f7fc01f188bb097ecc2caf950c777c2cdc1ec48a2d1726a8399a2188940b0?s=96&d=mm&r=g","caption":"webmaster"},"sameAs":["https:\/\/www.lengyelrobert.hu"],"url":"https:\/\/www.lengyelrobert.hu\/index.php\/author\/webmaster\/"}]}},"_links":{"self":[{"href":"https:\/\/www.lengyelrobert.hu\/index.php\/wp-json\/wp\/v2\/posts\/5441","targetHints":{"allow":["GET"]}}],"collection":[{"href":"https:\/\/www.lengyelrobert.hu\/index.php\/wp-json\/wp\/v2\/posts"}],"about":[{"href":"https:\/\/www.lengyelrobert.hu\/index.php\/wp-json\/wp\/v2\/types\/post"}],"author":[{"embeddable":true,"href":"https:\/\/www.lengyelrobert.hu\/index.php\/wp-json\/wp\/v2\/users\/1"}],"replies":[{"embeddable":true,"href":"https:\/\/www.lengyelrobert.hu\/index.php\/wp-json\/wp\/v2\/comments?post=5441"}],"version-history":[{"count":0,"href":"https:\/\/www.lengyelrobert.hu\/index.php\/wp-json\/wp\/v2\/posts\/5441\/revisions"}],"wp:attachment":[{"href":"https:\/\/www.lengyelrobert.hu\/index.php\/wp-json\/wp\/v2\/media?parent=5441"}],"wp:term":[{"taxonomy":"category","embeddable":true,"href":"https:\/\/www.lengyelrobert.hu\/index.php\/wp-json\/wp\/v2\/categories?post=5441"},{"taxonomy":"post_tag","embeddable":true,"href":"https:\/\/www.lengyelrobert.hu\/index.php\/wp-json\/wp\/v2\/tags?post=5441"}],"curies":[{"name":"wp","href":"https:\/\/api.w.org\/{rel}","templated":true}]}}