{"id":5413,"date":"2016-04-28T07:54:46","date_gmt":"2016-04-28T05:54:46","guid":{"rendered":"https:\/\/www.lengyelrobert.hu\/uncategorized\/2016-04-28-i-facebook-bejegyzes\/"},"modified":"2016-04-28T07:54:46","modified_gmt":"2016-04-28T05:54:46","slug":"2016-04-28-i-facebook-bejegyzes","status":"publish","type":"post","link":"https:\/\/www.lengyelrobert.hu\/index.php\/2016\/04\/28\/2016-04-28-i-facebook-bejegyzes\/","title":{"rendered":"2016.04.28-i Facebook bejegyz\u00e9s"},"content":{"rendered":"<p>Tisztelt Olvas\u00f3im!<\/p>\n<p>        N\u00e9h\u00e1ny h\u00f3napja a Si\u00f3foki J\u00e1r\u00e1sb\u00edr\u00f3s\u00e1g az \u00e1ltalam ismeretlen tettes ellen, becs\u00fclets\u00e9rt\u00e9s v\u00e9ts\u00e9ge miatt ind\u00edtott b\u00fcntet\u0151 \u00fcgyben \u00edt\u00e9letet hozott  els\u0151 fokon. (Eml\u00e9keztet\u0151\u00fcl: a Balatoni Polg\u00e1r nev\u0171, a 2014-es kamp\u00e1nyban er\u0151teljesen a korm\u00e1nyz\u00f3 p\u00e1rtnak \u00e9s el\u0151d\u00f6mnek kamp\u00e1nyol\u00f3 \u00fajs\u00e1g has\u00e1bjain, egy engem lej\u00e1ratni c\u00e9lz\u00f3, gusztustalan cikk jelent meg. A feljelent\u00e9sem alapj\u00e1n elrendelt nyomoz\u00e1s ut\u00e1n, az \u00fcgy\u00e9szs\u00e9g v\u00e1dat emelt Treszln\u00e9 G\u00f3czi M\u00e1ria az \u00fajs\u00e1g szerkeszt\u0151je ellen. A Si\u00f3foki J\u00e1r\u00e1sb\u00edr\u00f3s\u00e1g elfogults\u00e1got nem jelentett be, let\u00e1rgyalta az \u00fcgyemet \u00e9s felmentette a v\u00e1dlottat. A m\u00e1sod fokon elj\u00e1r\u00f3 Kaposv\u00e1ri T\u00f6rv\u00e9nysz\u00e9k azonban a minap, az els\u0151 fok\u00fa \u00edt\u00e9letet hat\u00e1lyon k\u00edv\u00fcl helyezte \u00e9s \u00faj elj\u00e1r\u00e1st rendelt el az \u00fcgyben. Id\u00e9zet az indokol\u00e1sb\u00f3l:<\/p>\n<p>        &#8220;A fenti felment\u0151 rendelkez\u00e9s kapcs\u00e1n a rendelkez\u00e9sre \u00e1ll\u00f3 iratok alapj\u00e1n meg\u00e1llap\u00edthat\u00f3, hogy a j\u00e1r\u00e1sb\u00edr\u00f3s\u00e1g \u00edt\u00e9lete a Be. 351.\u00c2\u00a7 (2.) bek. a) \u00e9s b) pontjai alapj\u00e1n megalapozatlan \u00e9s az indokol\u00e1sa is hi\u00e1nyos, mivel a t\u00e9ny\u00e1ll\u00e1s felder\u00edtetlen, az els\u0151 fok\u00fa b\u00edr\u00f3s\u00e1g a meg\u00e1llap\u00edtott t\u00e9nyekb\u0151l tov\u00e1bbi t\u00e9nyekre helytelen\u00fcl k\u00f6vetkeztetett.&#8221;<\/p>\n<p>        Korrekt&#8230;<\/p>\n<p>        Ma d\u00e9lut\u00e1n test\u00fcleti \u00fcl\u00e9s\u00fcnk lesz. Egy-k\u00e9t h\u00faz\u00f3sabb napirend lehet, ilyen Bar\u00e1th \u00far ism\u00e9telt 150 milli\u00f3 forintos p\u00e9nzig\u00e9nye a v\u00e1ros fel\u00e9, illetve a SI\u00d3KOM tov\u00e1bbi sors\u00e1nak alakul\u00e1sa. Ha csak nem \u00e1ll el\u0151 a FIDESZ \u00fajabb farzsebb\u0151l el\u0151r\u00e1ntott, nekem c\u00edmzett v\u00e1ratlan k\u00e9rd\u00e9sekkel, interpell\u00e1ci\u00f3kkal, tal\u00e1n a n\u00e9h\u00e1ny napja kommunik\u00e1lt egy\u00fcttm\u0171k\u00f6d\u00e9s jegy\u00e9ben zajl\u00f3dhat le v\u00e9gre egy \u00fcl\u00e9s\u00fcnk. Legy\u00fcnk optimist\u00e1k. Az \u00e9rdekl\u0151d\u0151ket v\u00e1rom.<\/p>\n<p>        Bar\u00e1ts\u00e1ggal: R.<\/p>\n<p>        Amikor m\u00e1r korm\u00e1nyp\u00e1rti polg\u00e1rmesterek gyomra is forog, az a v\u00e9g kezdete&#8230;<br \/>\n        http:\/\/www.sonline.hu\/somogy\/kozelet\/izgatas-az-onkormanyzatok-ellen-feljelent-a-toosz-662440<\/p>\n<p><a href=\"http:\/\/www.sonline.hu\/somogy\/kozelet\/izgatas-az-onkormanyzatok-ellen-feljelent-a-toosz-662440\">http:\/\/www.sonline.hu\/somogy\/kozelet\/izgatas-az-onkormanyzatok-ellen-feljelent-a-toosz-662440<\/a><\/p>\n","protected":false},"excerpt":{"rendered":"<p>Tisztelt Olvas\u00f3im! N\u00e9h\u00e1ny h\u00f3napja a Si\u00f3foki J\u00e1r\u00e1sb\u00edr\u00f3s\u00e1g az \u00e1ltalam ismeretlen tettes ellen, becs\u00fclets\u00e9rt\u00e9s v\u00e9ts\u00e9ge miatt ind\u00edtott b\u00fcntet\u0151 \u00fcgyben \u00edt\u00e9letet hozott els\u0151 fokon. (Eml\u00e9keztet\u0151\u00fcl: a Balatoni Polg\u00e1r nev\u0171, a 2014-es kamp\u00e1nyban er\u0151teljesen a korm\u00e1nyz\u00f3 p\u00e1rtnak \u00e9s el\u0151d\u00f6mnek kamp\u00e1nyol\u00f3 \u00fajs\u00e1g has\u00e1bjain, egy engem lej\u00e1ratni c\u00e9lz\u00f3, gusztustalan cikk jelent meg. A feljelent\u00e9sem alapj\u00e1n elrendelt nyomoz\u00e1s ut\u00e1n, az \u00fcgy\u00e9szs\u00e9g [&hellip;]<\/p>\n","protected":false},"author":1,"featured_media":0,"comment_status":"closed","ping_status":"closed","sticky":false,"template":"","format":"standard","meta":{"_acf_changed":false,"_et_pb_use_builder":"","_et_pb_old_content":"","_et_gb_content_width":"","footnotes":""},"categories":[1],"tags":[],"class_list":["post-5413","post","type-post","status-publish","format-standard","hentry","category-uncategorized"],"acf":[],"yoast_head":"<!-- This site is optimized with the Yoast SEO plugin v23.8 - https:\/\/yoast.com\/wordpress\/plugins\/seo\/ -->\n<title>2016.04.28-i Facebook bejegyz\u00e9s - dr. Lengyel R\u00f3bert<\/title>\n<meta name=\"robots\" content=\"index, follow, max-snippet:-1, max-image-preview:large, max-video-preview:-1\" \/>\n<link rel=\"canonical\" href=\"https:\/\/www.lengyelrobert.hu\/index.php\/2016\/04\/28\/2016-04-28-i-facebook-bejegyzes\/\" \/>\n<meta property=\"og:locale\" content=\"hu_HU\" \/>\n<meta property=\"og:type\" content=\"article\" \/>\n<meta property=\"og:title\" content=\"2016.04.28-i Facebook bejegyz\u00e9s - dr. Lengyel R\u00f3bert\" \/>\n<meta property=\"og:description\" content=\"Tisztelt Olvas\u00f3im! N\u00e9h\u00e1ny h\u00f3napja a Si\u00f3foki J\u00e1r\u00e1sb\u00edr\u00f3s\u00e1g az \u00e1ltalam ismeretlen tettes ellen, becs\u00fclets\u00e9rt\u00e9s v\u00e9ts\u00e9ge miatt ind\u00edtott b\u00fcntet\u0151 \u00fcgyben \u00edt\u00e9letet hozott els\u0151 fokon. (Eml\u00e9keztet\u0151\u00fcl: a Balatoni Polg\u00e1r nev\u0171, a 2014-es kamp\u00e1nyban er\u0151teljesen a korm\u00e1nyz\u00f3 p\u00e1rtnak \u00e9s el\u0151d\u00f6mnek kamp\u00e1nyol\u00f3 \u00fajs\u00e1g has\u00e1bjain, egy engem lej\u00e1ratni c\u00e9lz\u00f3, gusztustalan cikk jelent meg. A feljelent\u00e9sem alapj\u00e1n elrendelt nyomoz\u00e1s ut\u00e1n, az \u00fcgy\u00e9szs\u00e9g [&hellip;]\" \/>\n<meta property=\"og:url\" content=\"https:\/\/www.lengyelrobert.hu\/index.php\/2016\/04\/28\/2016-04-28-i-facebook-bejegyzes\/\" \/>\n<meta property=\"og:site_name\" content=\"dr. Lengyel R\u00f3bert\" \/>\n<meta property=\"article:published_time\" content=\"2016-04-28T05:54:46+00:00\" \/>\n<meta name=\"author\" content=\"webmaster\" \/>\n<meta name=\"twitter:card\" content=\"summary_large_image\" \/>\n<meta name=\"twitter:label1\" content=\"Szerz\u0151:\" \/>\n\t<meta name=\"twitter:data1\" content=\"webmaster\" \/>\n\t<meta name=\"twitter:label2\" content=\"Becs\u00fclt olvas\u00e1si id\u0151\" \/>\n\t<meta name=\"twitter:data2\" content=\"2 perc\" \/>\n<script type=\"application\/ld+json\" class=\"yoast-schema-graph\">{\"@context\":\"https:\/\/schema.org\",\"@graph\":[{\"@type\":\"WebPage\",\"@id\":\"https:\/\/www.lengyelrobert.hu\/index.php\/2016\/04\/28\/2016-04-28-i-facebook-bejegyzes\/\",\"url\":\"https:\/\/www.lengyelrobert.hu\/index.php\/2016\/04\/28\/2016-04-28-i-facebook-bejegyzes\/\",\"name\":\"2016.04.28-i Facebook bejegyz\u00e9s - dr. Lengyel R\u00f3bert\",\"isPartOf\":{\"@id\":\"https:\/\/www.lengyelrobert.hu\/#website\"},\"datePublished\":\"2016-04-28T05:54:46+00:00\",\"dateModified\":\"2016-04-28T05:54:46+00:00\",\"author\":{\"@id\":\"https:\/\/www.lengyelrobert.hu\/#\/schema\/person\/2926fe5141a59e6530d8a411eb7bfb2d\"},\"breadcrumb\":{\"@id\":\"https:\/\/www.lengyelrobert.hu\/index.php\/2016\/04\/28\/2016-04-28-i-facebook-bejegyzes\/#breadcrumb\"},\"inLanguage\":\"hu\",\"potentialAction\":[{\"@type\":\"ReadAction\",\"target\":[\"https:\/\/www.lengyelrobert.hu\/index.php\/2016\/04\/28\/2016-04-28-i-facebook-bejegyzes\/\"]}]},{\"@type\":\"BreadcrumbList\",\"@id\":\"https:\/\/www.lengyelrobert.hu\/index.php\/2016\/04\/28\/2016-04-28-i-facebook-bejegyzes\/#breadcrumb\",\"itemListElement\":[{\"@type\":\"ListItem\",\"position\":1,\"name\":\"Home\",\"item\":\"https:\/\/www.lengyelrobert.hu\/\"},{\"@type\":\"ListItem\",\"position\":2,\"name\":\"2016.04.28-i Facebook bejegyz\u00e9s\"}]},{\"@type\":\"WebSite\",\"@id\":\"https:\/\/www.lengyelrobert.hu\/#website\",\"url\":\"https:\/\/www.lengyelrobert.hu\/\",\"name\":\"dr. Lengyel R\u00f3bert\",\"description\":\"A Becs\u00fclettel Si\u00f3fok\u00e9rt Egyes\u00fclet honlapja\",\"potentialAction\":[{\"@type\":\"SearchAction\",\"target\":{\"@type\":\"EntryPoint\",\"urlTemplate\":\"https:\/\/www.lengyelrobert.hu\/?s={search_term_string}\"},\"query-input\":{\"@type\":\"PropertyValueSpecification\",\"valueRequired\":true,\"valueName\":\"search_term_string\"}}],\"inLanguage\":\"hu\"},{\"@type\":\"Person\",\"@id\":\"https:\/\/www.lengyelrobert.hu\/#\/schema\/person\/2926fe5141a59e6530d8a411eb7bfb2d\",\"name\":\"webmaster\",\"image\":{\"@type\":\"ImageObject\",\"inLanguage\":\"hu\",\"@id\":\"https:\/\/www.lengyelrobert.hu\/#\/schema\/person\/image\/\",\"url\":\"https:\/\/secure.gravatar.com\/avatar\/d53f7fc01f188bb097ecc2caf950c777c2cdc1ec48a2d1726a8399a2188940b0?s=96&d=mm&r=g\",\"contentUrl\":\"https:\/\/secure.gravatar.com\/avatar\/d53f7fc01f188bb097ecc2caf950c777c2cdc1ec48a2d1726a8399a2188940b0?s=96&d=mm&r=g\",\"caption\":\"webmaster\"},\"sameAs\":[\"https:\/\/www.lengyelrobert.hu\"],\"url\":\"https:\/\/www.lengyelrobert.hu\/index.php\/author\/webmaster\/\"}]}<\/script>\n<!-- \/ Yoast SEO plugin. -->","yoast_head_json":{"title":"2016.04.28-i Facebook bejegyz\u00e9s - dr. Lengyel R\u00f3bert","robots":{"index":"index","follow":"follow","max-snippet":"max-snippet:-1","max-image-preview":"max-image-preview:large","max-video-preview":"max-video-preview:-1"},"canonical":"https:\/\/www.lengyelrobert.hu\/index.php\/2016\/04\/28\/2016-04-28-i-facebook-bejegyzes\/","og_locale":"hu_HU","og_type":"article","og_title":"2016.04.28-i Facebook bejegyz\u00e9s - dr. Lengyel R\u00f3bert","og_description":"Tisztelt Olvas\u00f3im! N\u00e9h\u00e1ny h\u00f3napja a Si\u00f3foki J\u00e1r\u00e1sb\u00edr\u00f3s\u00e1g az \u00e1ltalam ismeretlen tettes ellen, becs\u00fclets\u00e9rt\u00e9s v\u00e9ts\u00e9ge miatt ind\u00edtott b\u00fcntet\u0151 \u00fcgyben \u00edt\u00e9letet hozott els\u0151 fokon. (Eml\u00e9keztet\u0151\u00fcl: a Balatoni Polg\u00e1r nev\u0171, a 2014-es kamp\u00e1nyban er\u0151teljesen a korm\u00e1nyz\u00f3 p\u00e1rtnak \u00e9s el\u0151d\u00f6mnek kamp\u00e1nyol\u00f3 \u00fajs\u00e1g has\u00e1bjain, egy engem lej\u00e1ratni c\u00e9lz\u00f3, gusztustalan cikk jelent meg. A feljelent\u00e9sem alapj\u00e1n elrendelt nyomoz\u00e1s ut\u00e1n, az \u00fcgy\u00e9szs\u00e9g [&hellip;]","og_url":"https:\/\/www.lengyelrobert.hu\/index.php\/2016\/04\/28\/2016-04-28-i-facebook-bejegyzes\/","og_site_name":"dr. Lengyel R\u00f3bert","article_published_time":"2016-04-28T05:54:46+00:00","author":"webmaster","twitter_card":"summary_large_image","twitter_misc":{"Szerz\u0151:":"webmaster","Becs\u00fclt olvas\u00e1si id\u0151":"2 perc"},"schema":{"@context":"https:\/\/schema.org","@graph":[{"@type":"WebPage","@id":"https:\/\/www.lengyelrobert.hu\/index.php\/2016\/04\/28\/2016-04-28-i-facebook-bejegyzes\/","url":"https:\/\/www.lengyelrobert.hu\/index.php\/2016\/04\/28\/2016-04-28-i-facebook-bejegyzes\/","name":"2016.04.28-i Facebook bejegyz\u00e9s - dr. Lengyel R\u00f3bert","isPartOf":{"@id":"https:\/\/www.lengyelrobert.hu\/#website"},"datePublished":"2016-04-28T05:54:46+00:00","dateModified":"2016-04-28T05:54:46+00:00","author":{"@id":"https:\/\/www.lengyelrobert.hu\/#\/schema\/person\/2926fe5141a59e6530d8a411eb7bfb2d"},"breadcrumb":{"@id":"https:\/\/www.lengyelrobert.hu\/index.php\/2016\/04\/28\/2016-04-28-i-facebook-bejegyzes\/#breadcrumb"},"inLanguage":"hu","potentialAction":[{"@type":"ReadAction","target":["https:\/\/www.lengyelrobert.hu\/index.php\/2016\/04\/28\/2016-04-28-i-facebook-bejegyzes\/"]}]},{"@type":"BreadcrumbList","@id":"https:\/\/www.lengyelrobert.hu\/index.php\/2016\/04\/28\/2016-04-28-i-facebook-bejegyzes\/#breadcrumb","itemListElement":[{"@type":"ListItem","position":1,"name":"Home","item":"https:\/\/www.lengyelrobert.hu\/"},{"@type":"ListItem","position":2,"name":"2016.04.28-i Facebook bejegyz\u00e9s"}]},{"@type":"WebSite","@id":"https:\/\/www.lengyelrobert.hu\/#website","url":"https:\/\/www.lengyelrobert.hu\/","name":"dr. Lengyel R\u00f3bert","description":"A Becs\u00fclettel Si\u00f3fok\u00e9rt Egyes\u00fclet honlapja","potentialAction":[{"@type":"SearchAction","target":{"@type":"EntryPoint","urlTemplate":"https:\/\/www.lengyelrobert.hu\/?s={search_term_string}"},"query-input":{"@type":"PropertyValueSpecification","valueRequired":true,"valueName":"search_term_string"}}],"inLanguage":"hu"},{"@type":"Person","@id":"https:\/\/www.lengyelrobert.hu\/#\/schema\/person\/2926fe5141a59e6530d8a411eb7bfb2d","name":"webmaster","image":{"@type":"ImageObject","inLanguage":"hu","@id":"https:\/\/www.lengyelrobert.hu\/#\/schema\/person\/image\/","url":"https:\/\/secure.gravatar.com\/avatar\/d53f7fc01f188bb097ecc2caf950c777c2cdc1ec48a2d1726a8399a2188940b0?s=96&d=mm&r=g","contentUrl":"https:\/\/secure.gravatar.com\/avatar\/d53f7fc01f188bb097ecc2caf950c777c2cdc1ec48a2d1726a8399a2188940b0?s=96&d=mm&r=g","caption":"webmaster"},"sameAs":["https:\/\/www.lengyelrobert.hu"],"url":"https:\/\/www.lengyelrobert.hu\/index.php\/author\/webmaster\/"}]}},"_links":{"self":[{"href":"https:\/\/www.lengyelrobert.hu\/index.php\/wp-json\/wp\/v2\/posts\/5413","targetHints":{"allow":["GET"]}}],"collection":[{"href":"https:\/\/www.lengyelrobert.hu\/index.php\/wp-json\/wp\/v2\/posts"}],"about":[{"href":"https:\/\/www.lengyelrobert.hu\/index.php\/wp-json\/wp\/v2\/types\/post"}],"author":[{"embeddable":true,"href":"https:\/\/www.lengyelrobert.hu\/index.php\/wp-json\/wp\/v2\/users\/1"}],"replies":[{"embeddable":true,"href":"https:\/\/www.lengyelrobert.hu\/index.php\/wp-json\/wp\/v2\/comments?post=5413"}],"version-history":[{"count":0,"href":"https:\/\/www.lengyelrobert.hu\/index.php\/wp-json\/wp\/v2\/posts\/5413\/revisions"}],"wp:attachment":[{"href":"https:\/\/www.lengyelrobert.hu\/index.php\/wp-json\/wp\/v2\/media?parent=5413"}],"wp:term":[{"taxonomy":"category","embeddable":true,"href":"https:\/\/www.lengyelrobert.hu\/index.php\/wp-json\/wp\/v2\/categories?post=5413"},{"taxonomy":"post_tag","embeddable":true,"href":"https:\/\/www.lengyelrobert.hu\/index.php\/wp-json\/wp\/v2\/tags?post=5413"}],"curies":[{"name":"wp","href":"https:\/\/api.w.org\/{rel}","templated":true}]}}