{"id":5379,"date":"2016-05-24T13:27:32","date_gmt":"2016-05-24T11:27:32","guid":{"rendered":"https:\/\/www.lengyelrobert.hu\/uncategorized\/2016-05-24-i-facebook-bejegyzes\/"},"modified":"2016-05-24T13:27:32","modified_gmt":"2016-05-24T11:27:32","slug":"2016-05-24-i-facebook-bejegyzes","status":"publish","type":"post","link":"https:\/\/www.lengyelrobert.hu\/index.php\/2016\/05\/24\/2016-05-24-i-facebook-bejegyzes\/","title":{"rendered":"2016.05.24-i Facebook bejegyz\u00e9s"},"content":{"rendered":"<p>\u00dcdv\u00f6zl\u00f6m az oldalam l\u00e1togat\u00f3it!<\/p>\n<p>        Hullad\u00e9k, hullad\u00e9k, hullad\u00e9k. \u00dagy \u00e9rtem, hogy porondon orsz\u00e1gosan is \u00e9s helyben is a hullad\u00e9kgazd\u00e1lkod\u00e1s j\u00f6v\u0151je. Meg kicsit a m\u00faltja is. Ma d\u00e9lel\u0151tt a n\u00e9hai si\u00f3foki kist\u00e9rs\u00e9g telep\u00fcl\u00e9seinek vezet\u0151it h\u00edvtuk \u00f6ssze. A sok-sok \u00e9vvel ezel\u0151tt, 204 \u00f6nkorm\u00e1nyzat r\u00e9szv\u00e9tel\u00e9vel l\u00e9trej\u00f6tt hullad\u00e9kgazd\u00e1lkod\u00e1si konzorcium  13 kist\u00e9rs\u00e9g\u00e9ben, jelenleg folynak a tiszts\u00e9gvisel\u0151 v\u00e1laszt\u00e1sok.  A konzorcium mind a 13 kist\u00e9rs\u00e9ge szerte a Dun\u00e1nt\u00falon, 1-1 k\u00e9pvisel\u0151t deleg\u00e1lhat a konzorciumi tan\u00e1csba ( a konzorcium d\u00f6nt\u00e9shoz\u00f3 szerve). Ez az aktus ker\u00fclt lebonyol\u00edt\u00e1sra ma n\u00e1lunk. Amikor azt\u00e1n minden kist\u00e9rs\u00e9g k\u00e9pvisel\u0151j\u00e9t megv\u00e1lasztott\u00e1k, 1-2 h\u00e9ten bel\u00fcl \u00f6sszeh\u00edv\u00e1sra ker\u00fcl ez a bizonyos tan\u00e1cs, tagjai sor\u00e1b\u00f3l szint\u00e9n eln\u00f6k\u00f6t v\u00e1laszt \u00e9s  megkezdi a munk\u00e1j\u00e1t. A k\u00f6z\u00f6s tulajdon\u00fa eszk\u00f6z \u00e9s ingatlan \u00e1llom\u00e1ny feloszt\u00e1sa a tag\u00f6nkorm\u00e1nyzatok k\u00f6z\u00f6tt, a kintl\u00e9v\u0151s\u00e9gek behajt\u00e1sa, stb.stb.<br \/>\n        Sajn\u00e1latomra, nem volt egyhang\u00fa d\u00f6nt\u00e9s a mai \u00fcl\u00e9s\u00fcnk\u00f6n. A k\u00e9pvisel\u0151 szem\u00e9ly\u00e9re sz\u00f3l\u00f3 javaslat r\u00e1m, mint a legnagyobb szavazat-ar\u00e1ny\u00fa telep\u00fcl\u00e9s vezet\u0151j\u00e9re sz\u00f3lt. \u00c1d\u00e1nd \u00e9s Balatonszabadi polg\u00e1rmesterei nem szavaztak meg, tart\u00f3zkodtak a szem\u00e9lyemet illet\u0151en. Lelk\u00fck rajta. Ett\u0151l f\u00fcggetlen\u00fcl term\u00e9szetesen ezen telep\u00fcl\u00e9sek lak\u00f3inak az \u00e9rdekeit is a legmesszebb men\u0151kig k\u00e9pviselni fogom, \u00e9rt\u00fck is maxim\u00e1lis felel\u0151ss\u00e9get \u00e9rzek. T\u00f6bbi polg\u00e1rmester koll\u00e9g\u00e1mnak viszont \u0151szint\u00e9n k\u00f6sz\u00f6n\u00f6m a bizalmat. Akad\u00e1lyoztat\u00e1som eset\u00e9re helyettes\u00edt\u0151 k\u00e9pvisel\u0151nek, K\u00e9sm\u00e1rki Tibor balatonendr\u00e9di polg\u00e1rmester koll\u00e9g\u00e1mat v\u00e1lasztottuk meg.<\/p>\n<p>        A kist\u00e9rs\u00e9gi \u00fcl\u00e9s ut\u00e1n a SI\u00d3KOM tulajdonosi taggy\u0171l\u00e9s\u00e9re \u00fcltem be. A r\u00e9szletekkel nem untatva senkit, annyi meg\u00e1llap\u00edt\u00e1st felt\u00e9tlen\u00fcl tehetek, hogy  a hullad\u00e9kgazd\u00e1lkod\u00e1s k\u00f6zpontos\u00edt\u00e1s\u00e1ra tett \u00e1llami k\u00eds\u00e9rlet, rendk\u00edv\u00fcl neh\u00e9z helyzetbe hozta az \u00e9rintett c\u00e9geket \u00e9s valamennyi \u00f6nkorm\u00e1nyzatot egyar\u00e1nt. El\u0151k\u00e9sz\u00edtetlen, kell\u0151en \u00e1t nem gondolt, kapkod\u00f3. Egyszer\u0171en agyr\u00e9m, ami e ter\u00fcleten folyik. M\u00e9g mindig nincs meg a teljes k\u00f6r\u0171 jogszab\u00e1lyi k\u00f6rnyezet, az \u00faj \u00e1llami szolg\u00e1ltat\u00f3 nem tud sz\u00e1ml\u00e1zni, nem tudjuk a majdan beszed\u00e9sre ker\u00fcl\u0151 d\u00edjakb\u00f3l mennyit kapunk majd vissza. Hogy lehet \u00edgy felel\u0151sen gazd\u00e1lkodni, tervezni, d\u00f6nt\u00e9seket hozni itt helyi szinteken, mondja meg valaki. K\u00f6zben a vesztes\u00e9gek egyre tetemesebbek, egyszer\u0171en bele fognak a telep\u00fcl\u00e9sek rokkanni a fizetni val\u00f3kba \u00e9s fulladni a szem\u00e9tbe. Nem v\u00e9letlen, hogy a m\u00e9dia j\u00f3zanabb r\u00e9sze vez\u00e9rcikk\u00e9nt hozza  a napokban, hogy \u00f6sszeomolhat az orsz\u00e1g hullad\u00e9k gazd\u00e1lkod\u00e1sa. Sajnos nem t\u00falz\u00f3 a kijelent\u00e9s.<\/p>\n<p>        Bar\u00e1ts\u00e1ggal: R.<\/p>\n<p>        http:\/\/index.hu\/gazdasag\/2016\/04\/05\/kukaholding_hulladekkezeles_kozpontositasa_onkormanyzat_adossag\/<\/p>\n<p><a href=\"http:\/\/index.hu\/gazdasag\/2016\/04\/05\/kukaholding_hulladekkezeles_kozpontositasa_onkormanyzat_adossag\/\">http:\/\/index.hu\/gazdasag\/2016\/04\/05\/kukaholding_hulladekkezeles_kozpontositasa_onkormanyzat_adossag\/<\/a><\/p>\n","protected":false},"excerpt":{"rendered":"<p>\u00dcdv\u00f6zl\u00f6m az oldalam l\u00e1togat\u00f3it! Hullad\u00e9k, hullad\u00e9k, hullad\u00e9k. \u00dagy \u00e9rtem, hogy porondon orsz\u00e1gosan is \u00e9s helyben is a hullad\u00e9kgazd\u00e1lkod\u00e1s j\u00f6v\u0151je. Meg kicsit a m\u00faltja is. Ma d\u00e9lel\u0151tt a n\u00e9hai si\u00f3foki kist\u00e9rs\u00e9g telep\u00fcl\u00e9seinek vezet\u0151it h\u00edvtuk \u00f6ssze. A sok-sok \u00e9vvel ezel\u0151tt, 204 \u00f6nkorm\u00e1nyzat r\u00e9szv\u00e9tel\u00e9vel l\u00e9trej\u00f6tt hullad\u00e9kgazd\u00e1lkod\u00e1si konzorcium 13 kist\u00e9rs\u00e9g\u00e9ben, jelenleg folynak a tiszts\u00e9gvisel\u0151 v\u00e1laszt\u00e1sok. A konzorcium mind a [&hellip;]<\/p>\n","protected":false},"author":1,"featured_media":0,"comment_status":"closed","ping_status":"closed","sticky":false,"template":"","format":"standard","meta":{"_acf_changed":false,"_et_pb_use_builder":"","_et_pb_old_content":"","_et_gb_content_width":"","footnotes":""},"categories":[1],"tags":[],"class_list":["post-5379","post","type-post","status-publish","format-standard","hentry","category-uncategorized"],"acf":[],"yoast_head":"<!-- This site is optimized with the Yoast SEO plugin v23.8 - https:\/\/yoast.com\/wordpress\/plugins\/seo\/ -->\n<title>2016.05.24-i Facebook bejegyz\u00e9s - dr. Lengyel R\u00f3bert<\/title>\n<meta name=\"robots\" content=\"index, follow, max-snippet:-1, max-image-preview:large, max-video-preview:-1\" \/>\n<link rel=\"canonical\" href=\"https:\/\/www.lengyelrobert.hu\/index.php\/2016\/05\/24\/2016-05-24-i-facebook-bejegyzes\/\" \/>\n<meta property=\"og:locale\" content=\"hu_HU\" \/>\n<meta property=\"og:type\" content=\"article\" \/>\n<meta property=\"og:title\" content=\"2016.05.24-i Facebook bejegyz\u00e9s - dr. Lengyel R\u00f3bert\" \/>\n<meta property=\"og:description\" content=\"\u00dcdv\u00f6zl\u00f6m az oldalam l\u00e1togat\u00f3it! Hullad\u00e9k, hullad\u00e9k, hullad\u00e9k. \u00dagy \u00e9rtem, hogy porondon orsz\u00e1gosan is \u00e9s helyben is a hullad\u00e9kgazd\u00e1lkod\u00e1s j\u00f6v\u0151je. Meg kicsit a m\u00faltja is. Ma d\u00e9lel\u0151tt a n\u00e9hai si\u00f3foki kist\u00e9rs\u00e9g telep\u00fcl\u00e9seinek vezet\u0151it h\u00edvtuk \u00f6ssze. A sok-sok \u00e9vvel ezel\u0151tt, 204 \u00f6nkorm\u00e1nyzat r\u00e9szv\u00e9tel\u00e9vel l\u00e9trej\u00f6tt hullad\u00e9kgazd\u00e1lkod\u00e1si konzorcium 13 kist\u00e9rs\u00e9g\u00e9ben, jelenleg folynak a tiszts\u00e9gvisel\u0151 v\u00e1laszt\u00e1sok. A konzorcium mind a [&hellip;]\" \/>\n<meta property=\"og:url\" content=\"https:\/\/www.lengyelrobert.hu\/index.php\/2016\/05\/24\/2016-05-24-i-facebook-bejegyzes\/\" \/>\n<meta property=\"og:site_name\" content=\"dr. Lengyel R\u00f3bert\" \/>\n<meta property=\"article:published_time\" content=\"2016-05-24T11:27:32+00:00\" \/>\n<meta name=\"author\" content=\"webmaster\" \/>\n<meta name=\"twitter:card\" content=\"summary_large_image\" \/>\n<meta name=\"twitter:label1\" content=\"Szerz\u0151:\" \/>\n\t<meta name=\"twitter:data1\" content=\"webmaster\" \/>\n\t<meta name=\"twitter:label2\" content=\"Becs\u00fclt olvas\u00e1si id\u0151\" \/>\n\t<meta name=\"twitter:data2\" content=\"3 perc\" \/>\n<script type=\"application\/ld+json\" class=\"yoast-schema-graph\">{\"@context\":\"https:\/\/schema.org\",\"@graph\":[{\"@type\":\"WebPage\",\"@id\":\"https:\/\/www.lengyelrobert.hu\/index.php\/2016\/05\/24\/2016-05-24-i-facebook-bejegyzes\/\",\"url\":\"https:\/\/www.lengyelrobert.hu\/index.php\/2016\/05\/24\/2016-05-24-i-facebook-bejegyzes\/\",\"name\":\"2016.05.24-i Facebook bejegyz\u00e9s - dr. Lengyel R\u00f3bert\",\"isPartOf\":{\"@id\":\"https:\/\/www.lengyelrobert.hu\/#website\"},\"datePublished\":\"2016-05-24T11:27:32+00:00\",\"dateModified\":\"2016-05-24T11:27:32+00:00\",\"author\":{\"@id\":\"https:\/\/www.lengyelrobert.hu\/#\/schema\/person\/2926fe5141a59e6530d8a411eb7bfb2d\"},\"breadcrumb\":{\"@id\":\"https:\/\/www.lengyelrobert.hu\/index.php\/2016\/05\/24\/2016-05-24-i-facebook-bejegyzes\/#breadcrumb\"},\"inLanguage\":\"hu\",\"potentialAction\":[{\"@type\":\"ReadAction\",\"target\":[\"https:\/\/www.lengyelrobert.hu\/index.php\/2016\/05\/24\/2016-05-24-i-facebook-bejegyzes\/\"]}]},{\"@type\":\"BreadcrumbList\",\"@id\":\"https:\/\/www.lengyelrobert.hu\/index.php\/2016\/05\/24\/2016-05-24-i-facebook-bejegyzes\/#breadcrumb\",\"itemListElement\":[{\"@type\":\"ListItem\",\"position\":1,\"name\":\"Home\",\"item\":\"https:\/\/www.lengyelrobert.hu\/\"},{\"@type\":\"ListItem\",\"position\":2,\"name\":\"2016.05.24-i Facebook bejegyz\u00e9s\"}]},{\"@type\":\"WebSite\",\"@id\":\"https:\/\/www.lengyelrobert.hu\/#website\",\"url\":\"https:\/\/www.lengyelrobert.hu\/\",\"name\":\"dr. Lengyel R\u00f3bert\",\"description\":\"A Becs\u00fclettel Si\u00f3fok\u00e9rt Egyes\u00fclet honlapja\",\"potentialAction\":[{\"@type\":\"SearchAction\",\"target\":{\"@type\":\"EntryPoint\",\"urlTemplate\":\"https:\/\/www.lengyelrobert.hu\/?s={search_term_string}\"},\"query-input\":{\"@type\":\"PropertyValueSpecification\",\"valueRequired\":true,\"valueName\":\"search_term_string\"}}],\"inLanguage\":\"hu\"},{\"@type\":\"Person\",\"@id\":\"https:\/\/www.lengyelrobert.hu\/#\/schema\/person\/2926fe5141a59e6530d8a411eb7bfb2d\",\"name\":\"webmaster\",\"image\":{\"@type\":\"ImageObject\",\"inLanguage\":\"hu\",\"@id\":\"https:\/\/www.lengyelrobert.hu\/#\/schema\/person\/image\/\",\"url\":\"https:\/\/secure.gravatar.com\/avatar\/d53f7fc01f188bb097ecc2caf950c777c2cdc1ec48a2d1726a8399a2188940b0?s=96&d=mm&r=g\",\"contentUrl\":\"https:\/\/secure.gravatar.com\/avatar\/d53f7fc01f188bb097ecc2caf950c777c2cdc1ec48a2d1726a8399a2188940b0?s=96&d=mm&r=g\",\"caption\":\"webmaster\"},\"sameAs\":[\"https:\/\/www.lengyelrobert.hu\"],\"url\":\"https:\/\/www.lengyelrobert.hu\/index.php\/author\/webmaster\/\"}]}<\/script>\n<!-- \/ Yoast SEO plugin. -->","yoast_head_json":{"title":"2016.05.24-i Facebook bejegyz\u00e9s - dr. Lengyel R\u00f3bert","robots":{"index":"index","follow":"follow","max-snippet":"max-snippet:-1","max-image-preview":"max-image-preview:large","max-video-preview":"max-video-preview:-1"},"canonical":"https:\/\/www.lengyelrobert.hu\/index.php\/2016\/05\/24\/2016-05-24-i-facebook-bejegyzes\/","og_locale":"hu_HU","og_type":"article","og_title":"2016.05.24-i Facebook bejegyz\u00e9s - dr. Lengyel R\u00f3bert","og_description":"\u00dcdv\u00f6zl\u00f6m az oldalam l\u00e1togat\u00f3it! Hullad\u00e9k, hullad\u00e9k, hullad\u00e9k. \u00dagy \u00e9rtem, hogy porondon orsz\u00e1gosan is \u00e9s helyben is a hullad\u00e9kgazd\u00e1lkod\u00e1s j\u00f6v\u0151je. Meg kicsit a m\u00faltja is. Ma d\u00e9lel\u0151tt a n\u00e9hai si\u00f3foki kist\u00e9rs\u00e9g telep\u00fcl\u00e9seinek vezet\u0151it h\u00edvtuk \u00f6ssze. A sok-sok \u00e9vvel ezel\u0151tt, 204 \u00f6nkorm\u00e1nyzat r\u00e9szv\u00e9tel\u00e9vel l\u00e9trej\u00f6tt hullad\u00e9kgazd\u00e1lkod\u00e1si konzorcium 13 kist\u00e9rs\u00e9g\u00e9ben, jelenleg folynak a tiszts\u00e9gvisel\u0151 v\u00e1laszt\u00e1sok. A konzorcium mind a [&hellip;]","og_url":"https:\/\/www.lengyelrobert.hu\/index.php\/2016\/05\/24\/2016-05-24-i-facebook-bejegyzes\/","og_site_name":"dr. Lengyel R\u00f3bert","article_published_time":"2016-05-24T11:27:32+00:00","author":"webmaster","twitter_card":"summary_large_image","twitter_misc":{"Szerz\u0151:":"webmaster","Becs\u00fclt olvas\u00e1si id\u0151":"3 perc"},"schema":{"@context":"https:\/\/schema.org","@graph":[{"@type":"WebPage","@id":"https:\/\/www.lengyelrobert.hu\/index.php\/2016\/05\/24\/2016-05-24-i-facebook-bejegyzes\/","url":"https:\/\/www.lengyelrobert.hu\/index.php\/2016\/05\/24\/2016-05-24-i-facebook-bejegyzes\/","name":"2016.05.24-i Facebook bejegyz\u00e9s - dr. Lengyel R\u00f3bert","isPartOf":{"@id":"https:\/\/www.lengyelrobert.hu\/#website"},"datePublished":"2016-05-24T11:27:32+00:00","dateModified":"2016-05-24T11:27:32+00:00","author":{"@id":"https:\/\/www.lengyelrobert.hu\/#\/schema\/person\/2926fe5141a59e6530d8a411eb7bfb2d"},"breadcrumb":{"@id":"https:\/\/www.lengyelrobert.hu\/index.php\/2016\/05\/24\/2016-05-24-i-facebook-bejegyzes\/#breadcrumb"},"inLanguage":"hu","potentialAction":[{"@type":"ReadAction","target":["https:\/\/www.lengyelrobert.hu\/index.php\/2016\/05\/24\/2016-05-24-i-facebook-bejegyzes\/"]}]},{"@type":"BreadcrumbList","@id":"https:\/\/www.lengyelrobert.hu\/index.php\/2016\/05\/24\/2016-05-24-i-facebook-bejegyzes\/#breadcrumb","itemListElement":[{"@type":"ListItem","position":1,"name":"Home","item":"https:\/\/www.lengyelrobert.hu\/"},{"@type":"ListItem","position":2,"name":"2016.05.24-i Facebook bejegyz\u00e9s"}]},{"@type":"WebSite","@id":"https:\/\/www.lengyelrobert.hu\/#website","url":"https:\/\/www.lengyelrobert.hu\/","name":"dr. Lengyel R\u00f3bert","description":"A Becs\u00fclettel Si\u00f3fok\u00e9rt Egyes\u00fclet honlapja","potentialAction":[{"@type":"SearchAction","target":{"@type":"EntryPoint","urlTemplate":"https:\/\/www.lengyelrobert.hu\/?s={search_term_string}"},"query-input":{"@type":"PropertyValueSpecification","valueRequired":true,"valueName":"search_term_string"}}],"inLanguage":"hu"},{"@type":"Person","@id":"https:\/\/www.lengyelrobert.hu\/#\/schema\/person\/2926fe5141a59e6530d8a411eb7bfb2d","name":"webmaster","image":{"@type":"ImageObject","inLanguage":"hu","@id":"https:\/\/www.lengyelrobert.hu\/#\/schema\/person\/image\/","url":"https:\/\/secure.gravatar.com\/avatar\/d53f7fc01f188bb097ecc2caf950c777c2cdc1ec48a2d1726a8399a2188940b0?s=96&d=mm&r=g","contentUrl":"https:\/\/secure.gravatar.com\/avatar\/d53f7fc01f188bb097ecc2caf950c777c2cdc1ec48a2d1726a8399a2188940b0?s=96&d=mm&r=g","caption":"webmaster"},"sameAs":["https:\/\/www.lengyelrobert.hu"],"url":"https:\/\/www.lengyelrobert.hu\/index.php\/author\/webmaster\/"}]}},"_links":{"self":[{"href":"https:\/\/www.lengyelrobert.hu\/index.php\/wp-json\/wp\/v2\/posts\/5379","targetHints":{"allow":["GET"]}}],"collection":[{"href":"https:\/\/www.lengyelrobert.hu\/index.php\/wp-json\/wp\/v2\/posts"}],"about":[{"href":"https:\/\/www.lengyelrobert.hu\/index.php\/wp-json\/wp\/v2\/types\/post"}],"author":[{"embeddable":true,"href":"https:\/\/www.lengyelrobert.hu\/index.php\/wp-json\/wp\/v2\/users\/1"}],"replies":[{"embeddable":true,"href":"https:\/\/www.lengyelrobert.hu\/index.php\/wp-json\/wp\/v2\/comments?post=5379"}],"version-history":[{"count":0,"href":"https:\/\/www.lengyelrobert.hu\/index.php\/wp-json\/wp\/v2\/posts\/5379\/revisions"}],"wp:attachment":[{"href":"https:\/\/www.lengyelrobert.hu\/index.php\/wp-json\/wp\/v2\/media?parent=5379"}],"wp:term":[{"taxonomy":"category","embeddable":true,"href":"https:\/\/www.lengyelrobert.hu\/index.php\/wp-json\/wp\/v2\/categories?post=5379"},{"taxonomy":"post_tag","embeddable":true,"href":"https:\/\/www.lengyelrobert.hu\/index.php\/wp-json\/wp\/v2\/tags?post=5379"}],"curies":[{"name":"wp","href":"https:\/\/api.w.org\/{rel}","templated":true}]}}