{"id":5371,"date":"2016-06-01T12:34:51","date_gmt":"2016-06-01T10:34:51","guid":{"rendered":"https:\/\/www.lengyelrobert.hu\/uncategorized\/2016-06-01-i-facebook-bejegyzes\/"},"modified":"2016-06-01T12:34:51","modified_gmt":"2016-06-01T10:34:51","slug":"2016-06-01-i-facebook-bejegyzes","status":"publish","type":"post","link":"https:\/\/www.lengyelrobert.hu\/index.php\/2016\/06\/01\/2016-06-01-i-facebook-bejegyzes\/","title":{"rendered":"2016.06.01-i Facebook bejegyz\u00e9s"},"content":{"rendered":"<p>Kedves Olvas\u00f3k!<\/p>\n<p>        Ma fogad\u00f3 napot tartottam. (Az \u00fcgyfelek egy r\u00e9sz\u00e9t alpolg\u00e1rmester asszony fogadta.) A f\u0151bb t\u00e9m\u00e1k, amelyekkel engem megkerestek, a k\u00f6vetkez\u0151k voltak.<\/p>\n<p>        \u00d6nkorm\u00e1nyzati b\u00e9rlak\u00e1s van-e? \u00d6r\u00f6k k\u00e9rd\u00e9s \u00e9s folyamos ig\u00e9ny. Alapvet\u0151en a b\u00e9rlak\u00e1saink lakottak, nagyon ritka, hogy felszabadul egy-egy, az ig\u00e9nyl\u0151k sz\u00e1ma pedig t\u00f6bb tucatnyi. Vannak az un. &#8216;fecske lak\u00e1sok&#8217;, amelyek eset\u00e9ben a 35 \u00e9v alatti si\u00f3foki fiatalokat tudjuk prefer\u00e1lni, viszont ezek meglehet\u0151sen apr\u00f3csk\u00e1k \u00e9s ar\u00e1nytalanul sokba ker\u00fclnek lak\u00f3iknak. Ezzel egy\u00fctt viszont \u00fcresed\u00e9s eset\u00e9n ezekre is hossz\u00fa sor v\u00e1r.<\/p>\n<p>        A Tan\u00e1csh\u00e1z utcai 10 emeletesek k\u00e9pviselet\u00e9ben jelent meg egy \u00far \u00e9s tolm\u00e1csolta a lak\u00f3k felh\u00e1borod\u00e1s\u00e1t, a lak\u00e1saik k\u00f6rny\u00e9k\u00e9t \u00e9rint\u0151 parkol\u00e1si rendelet-m\u00f3dos\u00edt\u00e1sunk vonatkoz\u00e1s\u00e1ban. T\u00e1j\u00e9koztattam arr\u00f3l, amelyr\u0151l a napokban m\u00e1r \u00edrtam is jelen oldalamra, miszerint e t\u00e1rgyban a fel\u00fclvizsg\u00e1latot elrendeltem \u00e9s a j\u00faniusi \u00fcl\u00e9s\u00fcnkre, \u00e1tdolgozott javaslatot k\u00edv\u00e1nok letenni a test\u00fclet asztal\u00e1ra.<\/p>\n<p>        S\u00f3st\u00f3i \u00fcd\u00fcl\u0151 tulajdonosok visszat\u00e9r\u0151 probl\u00e9m\u00e1ja, hogy szeretn\u00e9nek a s\u00f3st\u00f3i fizet\u0151 strandon ingyenes, de legal\u00e1bb is kedvezm\u00e9nyes bel\u00e9p\u00e9si lehet\u0151s\u00e9ghez jutni. (Ismeretes, hogy S\u00f3st\u00f3n szabad strand alig \u00e1ll rendelkez\u00e9sre.) Ambivalens a helyzet, hisz a strandi bel\u00e9p\u0151kb\u0151l a Balaton-Parti Kft. mint \u00fczemeltet\u0151, jelent\u0151s bev\u00e9telhez jut, viszont az is t\u00e9ny, hogy az ottani ingatlan tulajdonosok is jelent\u0151s ad\u00f3kat fizetnek, ig\u00e9nyeln\u00e9nek bizonyos kedvezm\u00e9nyeket is. Az \u00fcd\u00fcl\u0151 tulajdonosok k\u00e9pvisel\u0151je \u00e1lland\u00f3 megh\u00edvott a test\u00fcleti \u00fcl\u00e9seinken. Azt tan\u00e1csoltam a ma hozz\u00e1m fordult \u00farnak, hogy az eml\u00edtett \u00e9rdekk\u00e9pvisel\u0151j\u00fck keressen, t\u00e1rgyal\u00f3 asztalhoz \u00fcltetem \u0151t, a Balaton-Parti Kft. \u00fcgyvezet\u0151j\u00e9t a \u00e9s a ter\u00fclet k\u00e9pvisel\u0151j\u00e9t, dr. Safart \u00e9s keress\u00fcnk k\u00f6z\u00f6sen megold\u00e1st a felvetett probl\u00e9m\u00e1ra.<\/p>\n<p>        Ma 17.00 \u00f3r\u00e1t\u00f3l MSZP lakoss\u00e1gi f\u00f3rum lesz a Te\u00e1trumban. Magam is r\u00e9szt veszek, a szervez\u0151k pedig tisztelettel v\u00e1rnak minden \u00e9rdekl\u0151d\u0151t.<\/p>\n<p>        Bar\u00e1ts\u00e1ggal: R.<\/p>\n<p><a href=\"\"><\/a><\/p>\n","protected":false},"excerpt":{"rendered":"<p>Kedves Olvas\u00f3k! Ma fogad\u00f3 napot tartottam. (Az \u00fcgyfelek egy r\u00e9sz\u00e9t alpolg\u00e1rmester asszony fogadta.) A f\u0151bb t\u00e9m\u00e1k, amelyekkel engem megkerestek, a k\u00f6vetkez\u0151k voltak. \u00d6nkorm\u00e1nyzati b\u00e9rlak\u00e1s van-e? \u00d6r\u00f6k k\u00e9rd\u00e9s \u00e9s folyamos ig\u00e9ny. Alapvet\u0151en a b\u00e9rlak\u00e1saink lakottak, nagyon ritka, hogy felszabadul egy-egy, az ig\u00e9nyl\u0151k sz\u00e1ma pedig t\u00f6bb tucatnyi. Vannak az un. &#8216;fecske lak\u00e1sok&#8217;, amelyek eset\u00e9ben a 35 \u00e9v [&hellip;]<\/p>\n","protected":false},"author":1,"featured_media":0,"comment_status":"closed","ping_status":"closed","sticky":false,"template":"","format":"standard","meta":{"_acf_changed":false,"_et_pb_use_builder":"","_et_pb_old_content":"","_et_gb_content_width":"","footnotes":""},"categories":[1],"tags":[],"class_list":["post-5371","post","type-post","status-publish","format-standard","hentry","category-uncategorized"],"acf":[],"yoast_head":"<!-- This site is optimized with the Yoast SEO plugin v23.8 - https:\/\/yoast.com\/wordpress\/plugins\/seo\/ -->\n<title>2016.06.01-i Facebook bejegyz\u00e9s - dr. Lengyel R\u00f3bert<\/title>\n<meta name=\"robots\" content=\"index, follow, max-snippet:-1, max-image-preview:large, max-video-preview:-1\" \/>\n<link rel=\"canonical\" href=\"https:\/\/www.lengyelrobert.hu\/index.php\/2016\/06\/01\/2016-06-01-i-facebook-bejegyzes\/\" \/>\n<meta property=\"og:locale\" content=\"hu_HU\" \/>\n<meta property=\"og:type\" content=\"article\" \/>\n<meta property=\"og:title\" content=\"2016.06.01-i Facebook bejegyz\u00e9s - dr. Lengyel R\u00f3bert\" \/>\n<meta property=\"og:description\" content=\"Kedves Olvas\u00f3k! Ma fogad\u00f3 napot tartottam. (Az \u00fcgyfelek egy r\u00e9sz\u00e9t alpolg\u00e1rmester asszony fogadta.) A f\u0151bb t\u00e9m\u00e1k, amelyekkel engem megkerestek, a k\u00f6vetkez\u0151k voltak. \u00d6nkorm\u00e1nyzati b\u00e9rlak\u00e1s van-e? \u00d6r\u00f6k k\u00e9rd\u00e9s \u00e9s folyamos ig\u00e9ny. Alapvet\u0151en a b\u00e9rlak\u00e1saink lakottak, nagyon ritka, hogy felszabadul egy-egy, az ig\u00e9nyl\u0151k sz\u00e1ma pedig t\u00f6bb tucatnyi. Vannak az un. &#8216;fecske lak\u00e1sok&#8217;, amelyek eset\u00e9ben a 35 \u00e9v [&hellip;]\" \/>\n<meta property=\"og:url\" content=\"https:\/\/www.lengyelrobert.hu\/index.php\/2016\/06\/01\/2016-06-01-i-facebook-bejegyzes\/\" \/>\n<meta property=\"og:site_name\" content=\"dr. Lengyel R\u00f3bert\" \/>\n<meta property=\"article:published_time\" content=\"2016-06-01T10:34:51+00:00\" \/>\n<meta name=\"author\" content=\"webmaster\" \/>\n<meta name=\"twitter:card\" content=\"summary_large_image\" \/>\n<meta name=\"twitter:label1\" content=\"Szerz\u0151:\" \/>\n\t<meta name=\"twitter:data1\" content=\"webmaster\" \/>\n\t<meta name=\"twitter:label2\" content=\"Becs\u00fclt olvas\u00e1si id\u0151\" \/>\n\t<meta name=\"twitter:data2\" content=\"2 perc\" \/>\n<script type=\"application\/ld+json\" class=\"yoast-schema-graph\">{\"@context\":\"https:\/\/schema.org\",\"@graph\":[{\"@type\":\"WebPage\",\"@id\":\"https:\/\/www.lengyelrobert.hu\/index.php\/2016\/06\/01\/2016-06-01-i-facebook-bejegyzes\/\",\"url\":\"https:\/\/www.lengyelrobert.hu\/index.php\/2016\/06\/01\/2016-06-01-i-facebook-bejegyzes\/\",\"name\":\"2016.06.01-i Facebook bejegyz\u00e9s - dr. Lengyel R\u00f3bert\",\"isPartOf\":{\"@id\":\"https:\/\/www.lengyelrobert.hu\/#website\"},\"datePublished\":\"2016-06-01T10:34:51+00:00\",\"dateModified\":\"2016-06-01T10:34:51+00:00\",\"author\":{\"@id\":\"https:\/\/www.lengyelrobert.hu\/#\/schema\/person\/2926fe5141a59e6530d8a411eb7bfb2d\"},\"breadcrumb\":{\"@id\":\"https:\/\/www.lengyelrobert.hu\/index.php\/2016\/06\/01\/2016-06-01-i-facebook-bejegyzes\/#breadcrumb\"},\"inLanguage\":\"hu\",\"potentialAction\":[{\"@type\":\"ReadAction\",\"target\":[\"https:\/\/www.lengyelrobert.hu\/index.php\/2016\/06\/01\/2016-06-01-i-facebook-bejegyzes\/\"]}]},{\"@type\":\"BreadcrumbList\",\"@id\":\"https:\/\/www.lengyelrobert.hu\/index.php\/2016\/06\/01\/2016-06-01-i-facebook-bejegyzes\/#breadcrumb\",\"itemListElement\":[{\"@type\":\"ListItem\",\"position\":1,\"name\":\"Home\",\"item\":\"https:\/\/www.lengyelrobert.hu\/\"},{\"@type\":\"ListItem\",\"position\":2,\"name\":\"2016.06.01-i Facebook bejegyz\u00e9s\"}]},{\"@type\":\"WebSite\",\"@id\":\"https:\/\/www.lengyelrobert.hu\/#website\",\"url\":\"https:\/\/www.lengyelrobert.hu\/\",\"name\":\"dr. Lengyel R\u00f3bert\",\"description\":\"A Becs\u00fclettel Si\u00f3fok\u00e9rt Egyes\u00fclet honlapja\",\"potentialAction\":[{\"@type\":\"SearchAction\",\"target\":{\"@type\":\"EntryPoint\",\"urlTemplate\":\"https:\/\/www.lengyelrobert.hu\/?s={search_term_string}\"},\"query-input\":{\"@type\":\"PropertyValueSpecification\",\"valueRequired\":true,\"valueName\":\"search_term_string\"}}],\"inLanguage\":\"hu\"},{\"@type\":\"Person\",\"@id\":\"https:\/\/www.lengyelrobert.hu\/#\/schema\/person\/2926fe5141a59e6530d8a411eb7bfb2d\",\"name\":\"webmaster\",\"image\":{\"@type\":\"ImageObject\",\"inLanguage\":\"hu\",\"@id\":\"https:\/\/www.lengyelrobert.hu\/#\/schema\/person\/image\/\",\"url\":\"https:\/\/secure.gravatar.com\/avatar\/d53f7fc01f188bb097ecc2caf950c777c2cdc1ec48a2d1726a8399a2188940b0?s=96&d=mm&r=g\",\"contentUrl\":\"https:\/\/secure.gravatar.com\/avatar\/d53f7fc01f188bb097ecc2caf950c777c2cdc1ec48a2d1726a8399a2188940b0?s=96&d=mm&r=g\",\"caption\":\"webmaster\"},\"sameAs\":[\"https:\/\/www.lengyelrobert.hu\"],\"url\":\"https:\/\/www.lengyelrobert.hu\/index.php\/author\/webmaster\/\"}]}<\/script>\n<!-- \/ Yoast SEO plugin. -->","yoast_head_json":{"title":"2016.06.01-i Facebook bejegyz\u00e9s - dr. Lengyel R\u00f3bert","robots":{"index":"index","follow":"follow","max-snippet":"max-snippet:-1","max-image-preview":"max-image-preview:large","max-video-preview":"max-video-preview:-1"},"canonical":"https:\/\/www.lengyelrobert.hu\/index.php\/2016\/06\/01\/2016-06-01-i-facebook-bejegyzes\/","og_locale":"hu_HU","og_type":"article","og_title":"2016.06.01-i Facebook bejegyz\u00e9s - dr. Lengyel R\u00f3bert","og_description":"Kedves Olvas\u00f3k! Ma fogad\u00f3 napot tartottam. (Az \u00fcgyfelek egy r\u00e9sz\u00e9t alpolg\u00e1rmester asszony fogadta.) A f\u0151bb t\u00e9m\u00e1k, amelyekkel engem megkerestek, a k\u00f6vetkez\u0151k voltak. \u00d6nkorm\u00e1nyzati b\u00e9rlak\u00e1s van-e? \u00d6r\u00f6k k\u00e9rd\u00e9s \u00e9s folyamos ig\u00e9ny. Alapvet\u0151en a b\u00e9rlak\u00e1saink lakottak, nagyon ritka, hogy felszabadul egy-egy, az ig\u00e9nyl\u0151k sz\u00e1ma pedig t\u00f6bb tucatnyi. Vannak az un. &#8216;fecske lak\u00e1sok&#8217;, amelyek eset\u00e9ben a 35 \u00e9v [&hellip;]","og_url":"https:\/\/www.lengyelrobert.hu\/index.php\/2016\/06\/01\/2016-06-01-i-facebook-bejegyzes\/","og_site_name":"dr. Lengyel R\u00f3bert","article_published_time":"2016-06-01T10:34:51+00:00","author":"webmaster","twitter_card":"summary_large_image","twitter_misc":{"Szerz\u0151:":"webmaster","Becs\u00fclt olvas\u00e1si id\u0151":"2 perc"},"schema":{"@context":"https:\/\/schema.org","@graph":[{"@type":"WebPage","@id":"https:\/\/www.lengyelrobert.hu\/index.php\/2016\/06\/01\/2016-06-01-i-facebook-bejegyzes\/","url":"https:\/\/www.lengyelrobert.hu\/index.php\/2016\/06\/01\/2016-06-01-i-facebook-bejegyzes\/","name":"2016.06.01-i Facebook bejegyz\u00e9s - dr. Lengyel R\u00f3bert","isPartOf":{"@id":"https:\/\/www.lengyelrobert.hu\/#website"},"datePublished":"2016-06-01T10:34:51+00:00","dateModified":"2016-06-01T10:34:51+00:00","author":{"@id":"https:\/\/www.lengyelrobert.hu\/#\/schema\/person\/2926fe5141a59e6530d8a411eb7bfb2d"},"breadcrumb":{"@id":"https:\/\/www.lengyelrobert.hu\/index.php\/2016\/06\/01\/2016-06-01-i-facebook-bejegyzes\/#breadcrumb"},"inLanguage":"hu","potentialAction":[{"@type":"ReadAction","target":["https:\/\/www.lengyelrobert.hu\/index.php\/2016\/06\/01\/2016-06-01-i-facebook-bejegyzes\/"]}]},{"@type":"BreadcrumbList","@id":"https:\/\/www.lengyelrobert.hu\/index.php\/2016\/06\/01\/2016-06-01-i-facebook-bejegyzes\/#breadcrumb","itemListElement":[{"@type":"ListItem","position":1,"name":"Home","item":"https:\/\/www.lengyelrobert.hu\/"},{"@type":"ListItem","position":2,"name":"2016.06.01-i Facebook bejegyz\u00e9s"}]},{"@type":"WebSite","@id":"https:\/\/www.lengyelrobert.hu\/#website","url":"https:\/\/www.lengyelrobert.hu\/","name":"dr. Lengyel R\u00f3bert","description":"A Becs\u00fclettel Si\u00f3fok\u00e9rt Egyes\u00fclet honlapja","potentialAction":[{"@type":"SearchAction","target":{"@type":"EntryPoint","urlTemplate":"https:\/\/www.lengyelrobert.hu\/?s={search_term_string}"},"query-input":{"@type":"PropertyValueSpecification","valueRequired":true,"valueName":"search_term_string"}}],"inLanguage":"hu"},{"@type":"Person","@id":"https:\/\/www.lengyelrobert.hu\/#\/schema\/person\/2926fe5141a59e6530d8a411eb7bfb2d","name":"webmaster","image":{"@type":"ImageObject","inLanguage":"hu","@id":"https:\/\/www.lengyelrobert.hu\/#\/schema\/person\/image\/","url":"https:\/\/secure.gravatar.com\/avatar\/d53f7fc01f188bb097ecc2caf950c777c2cdc1ec48a2d1726a8399a2188940b0?s=96&d=mm&r=g","contentUrl":"https:\/\/secure.gravatar.com\/avatar\/d53f7fc01f188bb097ecc2caf950c777c2cdc1ec48a2d1726a8399a2188940b0?s=96&d=mm&r=g","caption":"webmaster"},"sameAs":["https:\/\/www.lengyelrobert.hu"],"url":"https:\/\/www.lengyelrobert.hu\/index.php\/author\/webmaster\/"}]}},"_links":{"self":[{"href":"https:\/\/www.lengyelrobert.hu\/index.php\/wp-json\/wp\/v2\/posts\/5371","targetHints":{"allow":["GET"]}}],"collection":[{"href":"https:\/\/www.lengyelrobert.hu\/index.php\/wp-json\/wp\/v2\/posts"}],"about":[{"href":"https:\/\/www.lengyelrobert.hu\/index.php\/wp-json\/wp\/v2\/types\/post"}],"author":[{"embeddable":true,"href":"https:\/\/www.lengyelrobert.hu\/index.php\/wp-json\/wp\/v2\/users\/1"}],"replies":[{"embeddable":true,"href":"https:\/\/www.lengyelrobert.hu\/index.php\/wp-json\/wp\/v2\/comments?post=5371"}],"version-history":[{"count":0,"href":"https:\/\/www.lengyelrobert.hu\/index.php\/wp-json\/wp\/v2\/posts\/5371\/revisions"}],"wp:attachment":[{"href":"https:\/\/www.lengyelrobert.hu\/index.php\/wp-json\/wp\/v2\/media?parent=5371"}],"wp:term":[{"taxonomy":"category","embeddable":true,"href":"https:\/\/www.lengyelrobert.hu\/index.php\/wp-json\/wp\/v2\/categories?post=5371"},{"taxonomy":"post_tag","embeddable":true,"href":"https:\/\/www.lengyelrobert.hu\/index.php\/wp-json\/wp\/v2\/tags?post=5371"}],"curies":[{"name":"wp","href":"https:\/\/api.w.org\/{rel}","templated":true}]}}