{"id":5348,"date":"2016-06-21T12:10:20","date_gmt":"2016-06-21T10:10:20","guid":{"rendered":"https:\/\/www.lengyelrobert.hu\/uncategorized\/2016-06-21-i-facebook-bejegyzes\/"},"modified":"2016-06-21T12:10:20","modified_gmt":"2016-06-21T10:10:20","slug":"2016-06-21-i-facebook-bejegyzes","status":"publish","type":"post","link":"https:\/\/www.lengyelrobert.hu\/index.php\/2016\/06\/21\/2016-06-21-i-facebook-bejegyzes\/","title":{"rendered":"2016.06.21-i Facebook bejegyz\u00e9s"},"content":{"rendered":"<p>Tisztelt Olvas\u00f3!<\/p>\n<p>        Tegnap a Pet\u0151fi stny. els\u0151 h\u00e9tv\u00e9g\u00e9j\u00e9vel kapcsolatos koordin\u00e1ci\u00f3s \u00e9rtekezletet megtartottam. Sajnos a biztons\u00e1gi vezet\u0151, illetve a biztons\u00e1gi c\u00e9g k\u00e9pvisel\u0151je nem \u00e9rkeztek meg (a biztons\u00e1gi vezet\u0151, Sch\u0151n \u00far ut\u00f3lagos t\u00e1j\u00e9koztat\u00e1sa szerint, a Balaton-Parti Kft-t\u0151l nem kapt\u00e1k meg a ki\u00e9rtes\u00edt\u00e9st). Bar\u00e1th \u00far is csak n\u00e9mi k\u00e9s\u00e9ssel csatlakozott hozz\u00e1nk, ellenben a hivatal munkat\u00e1rsai \u00e9s rend\u0151rkapit\u00e1ny \u00far, valamit  a k\u00e9pvisel\u0151 test\u00fclet tov\u00e1bbi 3 tagja v\u00e9gig jelen voltak.<br \/>\n        Kapit\u00e1ny \u00far az els\u0151dleges tapasztalatokr\u00f3l adott r\u00e9sz\u00fcnkre t\u00e1j\u00e9koztat\u00e1st. El\u0151sz\u00f6r is elmondta, hogy n\u00e9h\u00e1ny dologban, amelyekben meg\u00e1llapodtak a Balaton-Parti Kft k\u00e9pvisel\u0151ivel, nem t\u00f6rt\u00e9ntek meg a sz\u00fcks\u00e9ges int\u00e9zked\u00e9sek. Pl. a biztons\u00e1gi rendszab\u00e1lyokra figyelmeztet\u0151 t\u00e1bl\u00e1k kihelyez\u00e9se az \u00edg\u00e9retek ellen\u00e9re elmaradt, j\u00f3v\u00e1hagyott biztons\u00e1gi terv nem lett megk\u00fcldve a rend\u0151rkapit\u00e1nys\u00e1g r\u00e9sz\u00e9re. Hat\u00e1rozottan k\u00e9rtem Bar\u00e1th urat, hogy soron k\u00edv\u00fcl sz\u00edveskedjenek a hi\u00e1nyoss\u00e1gokat p\u00f3tolni, mert ez \u00edgy nyilv\u00e1n nincs rendben. Kapit\u00e1ny \u00far k\u00e9rte, hogy a szolg\u00e1latos biztons\u00e1gi szem\u00e9lyzet eset\u00e9ben, a fekete egyen p\u00f3l\u00f3n k\u00edv\u00fcl az \u0151r\u00f6k viseljenek egy\u00e9rtelm\u0171 megk\u00fcl\u00f6nb\u00f6ztet\u00e9s\u00fckre alkalmas ruha- kieg\u00e9sz\u00edt\u0151t is, pl.  rik\u00edt\u00f3 sz\u00edn\u0171 mell\u00e9nyt, cs\u00edkot. Ezzel kapcsolatos int\u00e9zked\u00e9st is k\u00e9rtem Bar\u00e1th \u00fart\u00f3l. T\u00f6bb \u00e9szrev\u00e9tel is \u00e9rkezett azzal kapcsolatosan, hogy a lent l\u00e9v\u0151 \u0151r\u00f6k egy r\u00e9sze szolg\u00e1lat k\u00f6zben folyamatosan az okos telefonjaikat nyomogatta, nem a munk\u00e1j\u00e1ra figyelt. K\u00e9rtem Bar\u00e1th urat, hogy a szolg\u00e1lat ideje alatt tilts\u00e1k meg a szem\u00e9lyzetnek a telefon birtokl\u00e1s\u00e1t. Csak  az egym\u00e1s k\u00f6z\u00f6tti kommunik\u00e1ci\u00f3t szolg\u00e1l\u00f3 eszk\u00f6z lehessen n\u00e1luk \u00e9s csak a munk\u00e1jukkal foglalkozzanak. K\u00e9rtem tov\u00e1bb\u00e1, sz\u00edveskedjen int\u00e9zkedni a keletkez\u0151 szem\u00e9t folyamatos elsz\u00e1ll\u00edt\u00e1s\u00e1ra is, mert -a kor\u00e1bbi \u00e9vekhez hasonl\u00f3an- ez komoly probl\u00e9m\u00e1t jelentett \u00fajra.<\/p>\n<p>        Rend\u0151rkapit\u00e1ny \u00far a k\u00f6vetkez\u0151kr\u0151l is t\u00e1j\u00e9koztatott benn\u00fcnket:<br \/>\n        A s\u00e9t\u00e1ny biztons\u00e1gi kamera-rendszere j\u00f3l vizsg\u00e1zik. (A Pet\u0151fi s\u00e9t\u00e1ny id\u00e9nt\u0151l, teljes k\u00f6r\u0171en le van fedve biztons\u00e1gi kamer\u00e1kkal!) 2015-ben j\u00fanius 20-adik\u00e1ig 38 b\u0171ncselekm\u00e9ny t\u00f6rt\u00e9nt a s\u00e9t\u00e1nyon, id\u00e9n \u00f6sszesen 3. Volt egy kifoszt\u00e1s, az elk\u00f6vet\u0151 elfog\u00e1sa \u00e9s a k\u00e9s\u0151bbi bizony\u00edt\u00e1s a kamera-rendszer seg\u00edts\u00e9g\u00e9vel t\u00f6rt\u00e9nt meg. A tettes gyors\u00edtott elj\u00e1r\u00e1sban 4 \u00e9s f\u00e9l \u00e9v b\u00f6rt\u00f6nt kapott, m\u00e1r a h\u0171v\u00f6s\u00f6n van. K\u00e9t zsebtolvaj n\u0151 is a kamer\u00e1k seg\u00edts\u00e9g\u00e9vel lett elfogva ezen a h\u00e9tv\u00e9g\u00e9n. Az \u0151 \u00fcgy\u00fck m\u00e9g folyamatban, de a r\u00f3luk \u00e9s cselekm\u00e9ny\u00fckr\u0151l k\u00e9sz\u00fclt felv\u00e9telek kiv\u00e1l\u00f3 min\u0151s\u00e9g\u0171ek, ez esetben is nagy m\u00e9rt\u00e9kben seg\u00edtik a bizony\u00edt\u00e1st. V\u00e9g\u00fcl pedig a tegnapi posztomban eml\u00edtett &#8220;enyingi balh\u00e9&#8221; elk\u00f6vet\u0151inek beazonos\u00edt\u00e1sa is megt\u00f6rt\u00e9nt, k\u0151r\u00f6z\u00e9s\u00fcket elrendelt\u00e9k, nem \u00faszhatj\u00e1k meg.<\/p>\n<p>        Bar\u00e1ts\u00e1ggal: R.<\/p>\n<p><a href=\"\"><\/a><\/p>\n","protected":false},"excerpt":{"rendered":"<p>Tisztelt Olvas\u00f3! Tegnap a Pet\u0151fi stny. els\u0151 h\u00e9tv\u00e9g\u00e9j\u00e9vel kapcsolatos koordin\u00e1ci\u00f3s \u00e9rtekezletet megtartottam. Sajnos a biztons\u00e1gi vezet\u0151, illetve a biztons\u00e1gi c\u00e9g k\u00e9pvisel\u0151je nem \u00e9rkeztek meg (a biztons\u00e1gi vezet\u0151, Sch\u0151n \u00far ut\u00f3lagos t\u00e1j\u00e9koztat\u00e1sa szerint, a Balaton-Parti Kft-t\u0151l nem kapt\u00e1k meg a ki\u00e9rtes\u00edt\u00e9st). Bar\u00e1th \u00far is csak n\u00e9mi k\u00e9s\u00e9ssel csatlakozott hozz\u00e1nk, ellenben a hivatal munkat\u00e1rsai \u00e9s rend\u0151rkapit\u00e1ny \u00far, [&hellip;]<\/p>\n","protected":false},"author":1,"featured_media":0,"comment_status":"closed","ping_status":"closed","sticky":false,"template":"","format":"standard","meta":{"_acf_changed":false,"_et_pb_use_builder":"","_et_pb_old_content":"","_et_gb_content_width":"","footnotes":""},"categories":[1],"tags":[],"class_list":["post-5348","post","type-post","status-publish","format-standard","hentry","category-uncategorized"],"acf":[],"yoast_head":"<!-- This site is optimized with the Yoast SEO plugin v23.8 - https:\/\/yoast.com\/wordpress\/plugins\/seo\/ -->\n<title>2016.06.21-i Facebook bejegyz\u00e9s - dr. Lengyel R\u00f3bert<\/title>\n<meta name=\"robots\" content=\"index, follow, max-snippet:-1, max-image-preview:large, max-video-preview:-1\" \/>\n<link rel=\"canonical\" href=\"https:\/\/www.lengyelrobert.hu\/index.php\/2016\/06\/21\/2016-06-21-i-facebook-bejegyzes\/\" \/>\n<meta property=\"og:locale\" content=\"hu_HU\" \/>\n<meta property=\"og:type\" content=\"article\" \/>\n<meta property=\"og:title\" content=\"2016.06.21-i Facebook bejegyz\u00e9s - dr. Lengyel R\u00f3bert\" \/>\n<meta property=\"og:description\" content=\"Tisztelt Olvas\u00f3! Tegnap a Pet\u0151fi stny. els\u0151 h\u00e9tv\u00e9g\u00e9j\u00e9vel kapcsolatos koordin\u00e1ci\u00f3s \u00e9rtekezletet megtartottam. Sajnos a biztons\u00e1gi vezet\u0151, illetve a biztons\u00e1gi c\u00e9g k\u00e9pvisel\u0151je nem \u00e9rkeztek meg (a biztons\u00e1gi vezet\u0151, Sch\u0151n \u00far ut\u00f3lagos t\u00e1j\u00e9koztat\u00e1sa szerint, a Balaton-Parti Kft-t\u0151l nem kapt\u00e1k meg a ki\u00e9rtes\u00edt\u00e9st). Bar\u00e1th \u00far is csak n\u00e9mi k\u00e9s\u00e9ssel csatlakozott hozz\u00e1nk, ellenben a hivatal munkat\u00e1rsai \u00e9s rend\u0151rkapit\u00e1ny \u00far, [&hellip;]\" \/>\n<meta property=\"og:url\" content=\"https:\/\/www.lengyelrobert.hu\/index.php\/2016\/06\/21\/2016-06-21-i-facebook-bejegyzes\/\" \/>\n<meta property=\"og:site_name\" content=\"dr. Lengyel R\u00f3bert\" \/>\n<meta property=\"article:published_time\" content=\"2016-06-21T10:10:20+00:00\" \/>\n<meta name=\"author\" content=\"webmaster\" \/>\n<meta name=\"twitter:card\" content=\"summary_large_image\" \/>\n<meta name=\"twitter:label1\" content=\"Szerz\u0151:\" \/>\n\t<meta name=\"twitter:data1\" content=\"webmaster\" \/>\n\t<meta name=\"twitter:label2\" content=\"Becs\u00fclt olvas\u00e1si id\u0151\" \/>\n\t<meta name=\"twitter:data2\" content=\"3 perc\" \/>\n<script type=\"application\/ld+json\" class=\"yoast-schema-graph\">{\"@context\":\"https:\/\/schema.org\",\"@graph\":[{\"@type\":\"WebPage\",\"@id\":\"https:\/\/www.lengyelrobert.hu\/index.php\/2016\/06\/21\/2016-06-21-i-facebook-bejegyzes\/\",\"url\":\"https:\/\/www.lengyelrobert.hu\/index.php\/2016\/06\/21\/2016-06-21-i-facebook-bejegyzes\/\",\"name\":\"2016.06.21-i Facebook bejegyz\u00e9s - dr. Lengyel R\u00f3bert\",\"isPartOf\":{\"@id\":\"https:\/\/www.lengyelrobert.hu\/#website\"},\"datePublished\":\"2016-06-21T10:10:20+00:00\",\"dateModified\":\"2016-06-21T10:10:20+00:00\",\"author\":{\"@id\":\"https:\/\/www.lengyelrobert.hu\/#\/schema\/person\/2926fe5141a59e6530d8a411eb7bfb2d\"},\"breadcrumb\":{\"@id\":\"https:\/\/www.lengyelrobert.hu\/index.php\/2016\/06\/21\/2016-06-21-i-facebook-bejegyzes\/#breadcrumb\"},\"inLanguage\":\"hu\",\"potentialAction\":[{\"@type\":\"ReadAction\",\"target\":[\"https:\/\/www.lengyelrobert.hu\/index.php\/2016\/06\/21\/2016-06-21-i-facebook-bejegyzes\/\"]}]},{\"@type\":\"BreadcrumbList\",\"@id\":\"https:\/\/www.lengyelrobert.hu\/index.php\/2016\/06\/21\/2016-06-21-i-facebook-bejegyzes\/#breadcrumb\",\"itemListElement\":[{\"@type\":\"ListItem\",\"position\":1,\"name\":\"Home\",\"item\":\"https:\/\/www.lengyelrobert.hu\/\"},{\"@type\":\"ListItem\",\"position\":2,\"name\":\"2016.06.21-i Facebook bejegyz\u00e9s\"}]},{\"@type\":\"WebSite\",\"@id\":\"https:\/\/www.lengyelrobert.hu\/#website\",\"url\":\"https:\/\/www.lengyelrobert.hu\/\",\"name\":\"dr. Lengyel R\u00f3bert\",\"description\":\"A Becs\u00fclettel Si\u00f3fok\u00e9rt Egyes\u00fclet honlapja\",\"potentialAction\":[{\"@type\":\"SearchAction\",\"target\":{\"@type\":\"EntryPoint\",\"urlTemplate\":\"https:\/\/www.lengyelrobert.hu\/?s={search_term_string}\"},\"query-input\":{\"@type\":\"PropertyValueSpecification\",\"valueRequired\":true,\"valueName\":\"search_term_string\"}}],\"inLanguage\":\"hu\"},{\"@type\":\"Person\",\"@id\":\"https:\/\/www.lengyelrobert.hu\/#\/schema\/person\/2926fe5141a59e6530d8a411eb7bfb2d\",\"name\":\"webmaster\",\"image\":{\"@type\":\"ImageObject\",\"inLanguage\":\"hu\",\"@id\":\"https:\/\/www.lengyelrobert.hu\/#\/schema\/person\/image\/\",\"url\":\"https:\/\/secure.gravatar.com\/avatar\/d53f7fc01f188bb097ecc2caf950c777c2cdc1ec48a2d1726a8399a2188940b0?s=96&d=mm&r=g\",\"contentUrl\":\"https:\/\/secure.gravatar.com\/avatar\/d53f7fc01f188bb097ecc2caf950c777c2cdc1ec48a2d1726a8399a2188940b0?s=96&d=mm&r=g\",\"caption\":\"webmaster\"},\"sameAs\":[\"https:\/\/www.lengyelrobert.hu\"],\"url\":\"https:\/\/www.lengyelrobert.hu\/index.php\/author\/webmaster\/\"}]}<\/script>\n<!-- \/ Yoast SEO plugin. -->","yoast_head_json":{"title":"2016.06.21-i Facebook bejegyz\u00e9s - dr. Lengyel R\u00f3bert","robots":{"index":"index","follow":"follow","max-snippet":"max-snippet:-1","max-image-preview":"max-image-preview:large","max-video-preview":"max-video-preview:-1"},"canonical":"https:\/\/www.lengyelrobert.hu\/index.php\/2016\/06\/21\/2016-06-21-i-facebook-bejegyzes\/","og_locale":"hu_HU","og_type":"article","og_title":"2016.06.21-i Facebook bejegyz\u00e9s - dr. Lengyel R\u00f3bert","og_description":"Tisztelt Olvas\u00f3! Tegnap a Pet\u0151fi stny. els\u0151 h\u00e9tv\u00e9g\u00e9j\u00e9vel kapcsolatos koordin\u00e1ci\u00f3s \u00e9rtekezletet megtartottam. Sajnos a biztons\u00e1gi vezet\u0151, illetve a biztons\u00e1gi c\u00e9g k\u00e9pvisel\u0151je nem \u00e9rkeztek meg (a biztons\u00e1gi vezet\u0151, Sch\u0151n \u00far ut\u00f3lagos t\u00e1j\u00e9koztat\u00e1sa szerint, a Balaton-Parti Kft-t\u0151l nem kapt\u00e1k meg a ki\u00e9rtes\u00edt\u00e9st). Bar\u00e1th \u00far is csak n\u00e9mi k\u00e9s\u00e9ssel csatlakozott hozz\u00e1nk, ellenben a hivatal munkat\u00e1rsai \u00e9s rend\u0151rkapit\u00e1ny \u00far, [&hellip;]","og_url":"https:\/\/www.lengyelrobert.hu\/index.php\/2016\/06\/21\/2016-06-21-i-facebook-bejegyzes\/","og_site_name":"dr. Lengyel R\u00f3bert","article_published_time":"2016-06-21T10:10:20+00:00","author":"webmaster","twitter_card":"summary_large_image","twitter_misc":{"Szerz\u0151:":"webmaster","Becs\u00fclt olvas\u00e1si id\u0151":"3 perc"},"schema":{"@context":"https:\/\/schema.org","@graph":[{"@type":"WebPage","@id":"https:\/\/www.lengyelrobert.hu\/index.php\/2016\/06\/21\/2016-06-21-i-facebook-bejegyzes\/","url":"https:\/\/www.lengyelrobert.hu\/index.php\/2016\/06\/21\/2016-06-21-i-facebook-bejegyzes\/","name":"2016.06.21-i Facebook bejegyz\u00e9s - dr. Lengyel R\u00f3bert","isPartOf":{"@id":"https:\/\/www.lengyelrobert.hu\/#website"},"datePublished":"2016-06-21T10:10:20+00:00","dateModified":"2016-06-21T10:10:20+00:00","author":{"@id":"https:\/\/www.lengyelrobert.hu\/#\/schema\/person\/2926fe5141a59e6530d8a411eb7bfb2d"},"breadcrumb":{"@id":"https:\/\/www.lengyelrobert.hu\/index.php\/2016\/06\/21\/2016-06-21-i-facebook-bejegyzes\/#breadcrumb"},"inLanguage":"hu","potentialAction":[{"@type":"ReadAction","target":["https:\/\/www.lengyelrobert.hu\/index.php\/2016\/06\/21\/2016-06-21-i-facebook-bejegyzes\/"]}]},{"@type":"BreadcrumbList","@id":"https:\/\/www.lengyelrobert.hu\/index.php\/2016\/06\/21\/2016-06-21-i-facebook-bejegyzes\/#breadcrumb","itemListElement":[{"@type":"ListItem","position":1,"name":"Home","item":"https:\/\/www.lengyelrobert.hu\/"},{"@type":"ListItem","position":2,"name":"2016.06.21-i Facebook bejegyz\u00e9s"}]},{"@type":"WebSite","@id":"https:\/\/www.lengyelrobert.hu\/#website","url":"https:\/\/www.lengyelrobert.hu\/","name":"dr. Lengyel R\u00f3bert","description":"A Becs\u00fclettel Si\u00f3fok\u00e9rt Egyes\u00fclet honlapja","potentialAction":[{"@type":"SearchAction","target":{"@type":"EntryPoint","urlTemplate":"https:\/\/www.lengyelrobert.hu\/?s={search_term_string}"},"query-input":{"@type":"PropertyValueSpecification","valueRequired":true,"valueName":"search_term_string"}}],"inLanguage":"hu"},{"@type":"Person","@id":"https:\/\/www.lengyelrobert.hu\/#\/schema\/person\/2926fe5141a59e6530d8a411eb7bfb2d","name":"webmaster","image":{"@type":"ImageObject","inLanguage":"hu","@id":"https:\/\/www.lengyelrobert.hu\/#\/schema\/person\/image\/","url":"https:\/\/secure.gravatar.com\/avatar\/d53f7fc01f188bb097ecc2caf950c777c2cdc1ec48a2d1726a8399a2188940b0?s=96&d=mm&r=g","contentUrl":"https:\/\/secure.gravatar.com\/avatar\/d53f7fc01f188bb097ecc2caf950c777c2cdc1ec48a2d1726a8399a2188940b0?s=96&d=mm&r=g","caption":"webmaster"},"sameAs":["https:\/\/www.lengyelrobert.hu"],"url":"https:\/\/www.lengyelrobert.hu\/index.php\/author\/webmaster\/"}]}},"_links":{"self":[{"href":"https:\/\/www.lengyelrobert.hu\/index.php\/wp-json\/wp\/v2\/posts\/5348","targetHints":{"allow":["GET"]}}],"collection":[{"href":"https:\/\/www.lengyelrobert.hu\/index.php\/wp-json\/wp\/v2\/posts"}],"about":[{"href":"https:\/\/www.lengyelrobert.hu\/index.php\/wp-json\/wp\/v2\/types\/post"}],"author":[{"embeddable":true,"href":"https:\/\/www.lengyelrobert.hu\/index.php\/wp-json\/wp\/v2\/users\/1"}],"replies":[{"embeddable":true,"href":"https:\/\/www.lengyelrobert.hu\/index.php\/wp-json\/wp\/v2\/comments?post=5348"}],"version-history":[{"count":0,"href":"https:\/\/www.lengyelrobert.hu\/index.php\/wp-json\/wp\/v2\/posts\/5348\/revisions"}],"wp:attachment":[{"href":"https:\/\/www.lengyelrobert.hu\/index.php\/wp-json\/wp\/v2\/media?parent=5348"}],"wp:term":[{"taxonomy":"category","embeddable":true,"href":"https:\/\/www.lengyelrobert.hu\/index.php\/wp-json\/wp\/v2\/categories?post=5348"},{"taxonomy":"post_tag","embeddable":true,"href":"https:\/\/www.lengyelrobert.hu\/index.php\/wp-json\/wp\/v2\/tags?post=5348"}],"curies":[{"name":"wp","href":"https:\/\/api.w.org\/{rel}","templated":true}]}}