{"id":5339,"date":"2016-07-01T15:15:45","date_gmt":"2016-07-01T13:15:45","guid":{"rendered":"https:\/\/www.lengyelrobert.hu\/uncategorized\/2016-07-01-i-facebook-bejegyzes\/"},"modified":"2016-07-01T15:15:45","modified_gmt":"2016-07-01T13:15:45","slug":"2016-07-01-i-facebook-bejegyzes","status":"publish","type":"post","link":"https:\/\/www.lengyelrobert.hu\/index.php\/2016\/07\/01\/2016-07-01-i-facebook-bejegyzes\/","title":{"rendered":"2016.07.01-i Facebook bejegyz\u00e9s"},"content":{"rendered":"<p>Kedves Olvas\u00f3im.<\/p>\n<p>        Tegnap v\u00e1rosunk k\u00f3rh\u00e1z\u00e1ban bens\u0151s\u00e9ges kis \u00fcnneps\u00e9g keret\u00e9ben, Witzmann k\u00e9pvisel\u0151 \u00farral egy\u00fctt kaptam lehet\u0151s\u00e9get arra, hogy Semmelweis Nap alkalm\u00e1b\u00f3l, k\u00f6sz\u00f6ntsem Si\u00f3fok eg\u00e9szs\u00e9g\u00fcgyi dolgoz\u00f3it \u00e9s v\u00e1rosi elismer\u00e9seket is \u00e1tadjak n\u00e9h\u00e1nyuknak. Innen is k\u00f6sz\u00f6n\u00f6m valamennyi\u00fck munk\u00e1j\u00e1t \u00e9s gratul\u00e1lok ism\u00e9t a v\u00e1rosi, k\u00e9pvisel\u0151i, illetve k\u00f3rh\u00e1zi elismer\u00e9sben r\u00e9szes\u00fclt dolgoz\u00f3knak. <\/p>\n<p>        Tegnap d\u00e9lut\u00e1n kicsivel 18.oo \u00f3ra el\u0151tt, befutott Si\u00f3fok F\u0151 ter\u00e9re a Tour&#8217;de Hongrie nemzetk\u00f6zi ker\u00e9kp\u00e1rverseny r\u00e9sztvev\u0151inek serege. T\u00f6bb mint 16o km. megt\u00e9tel\u00e9t k\u00f6vet\u0151en, Kaposv\u00e1ron kereszt\u00fcl \u00e9rkeztek a dimbes-dombos, rendk\u00edv\u00fcl kem\u00e9ny szakasz lek\u00fczd\u00e9se ut\u00e1n v\u00e1rosunkba. A szakasz els\u0151 3 helyezettj\u00e9nek adhattam \u00e1t elismer\u00e9seket. Sajnos magyar versenyz\u0151 nem \u00e1llt a dobog\u00f3n, ezzel egy\u00fctt is nagy megtiszteltet\u00e9s v\u00e1rosunknak, hogy ez a t\u00f6bb napos, hatalmas sajt\u00f3 \u00e9rdekl\u0151d\u00e9ssel is k\u00eds\u00e9rt megm\u00e9rettet\u00e9s, Si\u00f3fokot is \u00e9rintve bonyol\u00f3dott az id\u00e9n. Igazi l\u00e1tv\u00e1nyoss\u00e1g nagyszer\u0171 k\u00f6r\u00edt\u00e9ssel, nagy \u00e9rdekl\u0151d\u00e9ssel, \u00edgy jelent\u0151s rekl\u00e1m-\u00e9rt\u00e9kkel Si\u00f3fok vonatkoz\u00e1s\u00e1ban. A &#8220;min\u00e9l t\u00f6bb programot a v\u00e1rosban&#8221; koncepci\u00f3nk egyik \u00e9rt\u00e9kes epiz\u00f3dja volt ez a tegnapi befut\u00f3. K\u00f6sz\u00f6net a szervez\u0151knek, k\u00f6sz\u00f6net mindenkinek, aki jelenl\u00e9t\u00e9vel megtisztelte e remek sportol\u00f3kat.<\/p>\n<p>        Ma a v\u00e1rosi kapit\u00e1nys\u00e1gon vettem r\u00e9szt a ny\u00e1ri b\u0171nmegel\u0151z\u00e9si t\u00e1bor megnyit\u00f3j\u00e1n. \u00c9vek \u00f3ta, k\u00f6z\u00e9piskol\u00e1s di\u00e1kok bevon\u00e1s\u00e1val bonyol\u00f3dik ez a program. A fiatalok egyen p\u00f3l\u00f3kban j\u00e1rj\u00e1k Si\u00f3fok utc\u00e1it, strandjait, b\u0171nmegel\u0151z\u00e9si sz\u00f3r\u00f3lapokat osztogatnak, illetve figyel\u0151 szolg\u00e1latokkal  el\u0151znek meg strandi lop\u00e1sokat, g\u00e9pkocsi felt\u00f6r\u00e9seket rend\u0151r\u00f6k t\u00e1mogat\u00e1sa, fel\u00fcgyelete mellett. A v\u00e1ros a programot anyagilag t\u00e1mogatja, ezzel is kicsit hozz\u00e1j\u00e1rulva a jobb k\u00f6zbiztons\u00e1g biztos\u00edt\u00e1s\u00e1hoz. Sz\u00f3 esett az idei ny\u00e1r eddigi tapasztalatair\u00f3l is. A rend\u0151rs\u00e9g illet\u00e9keseinek k\u00f6zl\u00e9se szerint, javar\u00e9szt a Pet\u0151fi s\u00e9t\u00e1nnyal kapcsolatos ez \u00e9vi int\u00e9zked\u00e9seinknek k\u00f6sz\u00f6nhet\u0151en, drasztikusan visszaesett az ott elk\u00f6vetett  b\u0171ncselekm\u00e9nyek sz\u00e1ma a tavalyi \u00e9v hasonl\u00f3 id\u0151szak\u00e1hoz k\u00e9pest. (M\u00falt heti \u00e1llapot szerint, 38-r\u00f3l 3-ra cs\u00f6kkent ez a sz\u00e1m.) Ami pedig k\u00fcl\u00f6n is \u00f6rvendetes, az elk\u00f6vetett b\u0171ncselekm\u00e9nyek elk\u00f6vet\u0151i is mind vagy el lettek fogva, vagy be vannak azonos\u00edtva \u00e9s k\u0151r\u00f6zi \u0151ket a rend\u0151rs\u00e9g. M\u00falt h\u00e9t v\u00e9g\u00e9n zsebtolvajokat is siker\u00fclt a kamera rendszer seg\u00edts\u00e9g\u00e9vel lek\u00f6vetni, megfigyelni, majd elfogni. Egy kifoszt\u00e1s elk\u00f6vet\u0151j\u00e9t szint\u00e9n a rendszernek k\u00f6sz\u00f6nhet\u0151en azonos\u00edtott\u00e1k be \u00e9s fogt\u00e1k el. Gyors\u00edtott elj\u00e1r\u00e1sban \u00e1ll\u00edtott\u00e1k b\u00edr\u00f3s\u00e1g el\u00e9 \u00e9s m\u00e1r a 4,5 \u00e9ves b\u00f6rt\u00f6nb\u00fcntet\u00e9s\u00e9t t\u00f6lti. A m\u00falt h\u00e9tv\u00e9gi vereked\u00e9s elk\u00f6vet\u0151i ellen is kint van az elfogat\u00f3, de m\u00e9g t\u00f6bben sz\u00f6k\u00e9sben vannak.<\/p>\n<p>        Ma K\u00f6ztisztvisel\u0151k Napja van. Ebb\u0151l az alkalomb\u00f3l k\u00f6sz\u00f6nt\u00f6m v\u00e1rosunk valamennyi k\u00f6zszolg\u00e1j\u00e1t \u00e9s k\u00f6sz\u00f6n\u00f6m meg nekik innen is az \u00e9rt\u00fcnk v\u00e9gzett \u00e1ldozatos munk\u00e1jukat.<\/p>\n<p>        Kellemes h\u00e9tv\u00e9g\u00e9t k\u00edv\u00e1nva, bar\u00e1ts\u00e1ggal: R.<\/p>\n<p>        http:\/\/www.sonline.hu\/somogy\/kozelet\/siofoki-kukabotrany-vademeles-lett-a-nemfizetos-vip-listabol-672321<\/p>\n<p><a href=\"http:\/\/www.sonline.hu\/somogy\/kozelet\/siofoki-kukabotrany-vademeles-lett-a-nemfizetos-vip-listabol-672321\">http:\/\/www.sonline.hu\/somogy\/kozelet\/siofoki-kukabotrany-vademeles-lett-a-nemfizetos-vip-listabol-672321<\/a><\/p>\n","protected":false},"excerpt":{"rendered":"<p>Kedves Olvas\u00f3im. Tegnap v\u00e1rosunk k\u00f3rh\u00e1z\u00e1ban bens\u0151s\u00e9ges kis \u00fcnneps\u00e9g keret\u00e9ben, Witzmann k\u00e9pvisel\u0151 \u00farral egy\u00fctt kaptam lehet\u0151s\u00e9get arra, hogy Semmelweis Nap alkalm\u00e1b\u00f3l, k\u00f6sz\u00f6ntsem Si\u00f3fok eg\u00e9szs\u00e9g\u00fcgyi dolgoz\u00f3it \u00e9s v\u00e1rosi elismer\u00e9seket is \u00e1tadjak n\u00e9h\u00e1nyuknak. Innen is k\u00f6sz\u00f6n\u00f6m valamennyi\u00fck munk\u00e1j\u00e1t \u00e9s gratul\u00e1lok ism\u00e9t a v\u00e1rosi, k\u00e9pvisel\u0151i, illetve k\u00f3rh\u00e1zi elismer\u00e9sben r\u00e9szes\u00fclt dolgoz\u00f3knak. Tegnap d\u00e9lut\u00e1n kicsivel 18.oo \u00f3ra el\u0151tt, befutott Si\u00f3fok F\u0151 [&hellip;]<\/p>\n","protected":false},"author":1,"featured_media":0,"comment_status":"closed","ping_status":"closed","sticky":false,"template":"","format":"standard","meta":{"_acf_changed":false,"_et_pb_use_builder":"","_et_pb_old_content":"","_et_gb_content_width":"","footnotes":""},"categories":[1],"tags":[],"class_list":["post-5339","post","type-post","status-publish","format-standard","hentry","category-uncategorized"],"acf":[],"yoast_head":"<!-- This site is optimized with the Yoast SEO plugin v23.8 - https:\/\/yoast.com\/wordpress\/plugins\/seo\/ -->\n<title>2016.07.01-i Facebook bejegyz\u00e9s - dr. Lengyel R\u00f3bert<\/title>\n<meta name=\"robots\" content=\"index, follow, max-snippet:-1, max-image-preview:large, max-video-preview:-1\" \/>\n<link rel=\"canonical\" href=\"https:\/\/www.lengyelrobert.hu\/index.php\/2016\/07\/01\/2016-07-01-i-facebook-bejegyzes\/\" \/>\n<meta property=\"og:locale\" content=\"hu_HU\" \/>\n<meta property=\"og:type\" content=\"article\" \/>\n<meta property=\"og:title\" content=\"2016.07.01-i Facebook bejegyz\u00e9s - dr. Lengyel R\u00f3bert\" \/>\n<meta property=\"og:description\" content=\"Kedves Olvas\u00f3im. Tegnap v\u00e1rosunk k\u00f3rh\u00e1z\u00e1ban bens\u0151s\u00e9ges kis \u00fcnneps\u00e9g keret\u00e9ben, Witzmann k\u00e9pvisel\u0151 \u00farral egy\u00fctt kaptam lehet\u0151s\u00e9get arra, hogy Semmelweis Nap alkalm\u00e1b\u00f3l, k\u00f6sz\u00f6ntsem Si\u00f3fok eg\u00e9szs\u00e9g\u00fcgyi dolgoz\u00f3it \u00e9s v\u00e1rosi elismer\u00e9seket is \u00e1tadjak n\u00e9h\u00e1nyuknak. Innen is k\u00f6sz\u00f6n\u00f6m valamennyi\u00fck munk\u00e1j\u00e1t \u00e9s gratul\u00e1lok ism\u00e9t a v\u00e1rosi, k\u00e9pvisel\u0151i, illetve k\u00f3rh\u00e1zi elismer\u00e9sben r\u00e9szes\u00fclt dolgoz\u00f3knak. Tegnap d\u00e9lut\u00e1n kicsivel 18.oo \u00f3ra el\u0151tt, befutott Si\u00f3fok F\u0151 [&hellip;]\" \/>\n<meta property=\"og:url\" content=\"https:\/\/www.lengyelrobert.hu\/index.php\/2016\/07\/01\/2016-07-01-i-facebook-bejegyzes\/\" \/>\n<meta property=\"og:site_name\" content=\"dr. Lengyel R\u00f3bert\" \/>\n<meta property=\"article:published_time\" content=\"2016-07-01T13:15:45+00:00\" \/>\n<meta name=\"author\" content=\"webmaster\" \/>\n<meta name=\"twitter:card\" content=\"summary_large_image\" \/>\n<meta name=\"twitter:label1\" content=\"Szerz\u0151:\" \/>\n\t<meta name=\"twitter:data1\" content=\"webmaster\" \/>\n\t<meta name=\"twitter:label2\" content=\"Becs\u00fclt olvas\u00e1si id\u0151\" \/>\n\t<meta name=\"twitter:data2\" content=\"3 perc\" \/>\n<script type=\"application\/ld+json\" class=\"yoast-schema-graph\">{\"@context\":\"https:\/\/schema.org\",\"@graph\":[{\"@type\":\"WebPage\",\"@id\":\"https:\/\/www.lengyelrobert.hu\/index.php\/2016\/07\/01\/2016-07-01-i-facebook-bejegyzes\/\",\"url\":\"https:\/\/www.lengyelrobert.hu\/index.php\/2016\/07\/01\/2016-07-01-i-facebook-bejegyzes\/\",\"name\":\"2016.07.01-i Facebook bejegyz\u00e9s - dr. Lengyel R\u00f3bert\",\"isPartOf\":{\"@id\":\"https:\/\/www.lengyelrobert.hu\/#website\"},\"datePublished\":\"2016-07-01T13:15:45+00:00\",\"dateModified\":\"2016-07-01T13:15:45+00:00\",\"author\":{\"@id\":\"https:\/\/www.lengyelrobert.hu\/#\/schema\/person\/2926fe5141a59e6530d8a411eb7bfb2d\"},\"breadcrumb\":{\"@id\":\"https:\/\/www.lengyelrobert.hu\/index.php\/2016\/07\/01\/2016-07-01-i-facebook-bejegyzes\/#breadcrumb\"},\"inLanguage\":\"hu\",\"potentialAction\":[{\"@type\":\"ReadAction\",\"target\":[\"https:\/\/www.lengyelrobert.hu\/index.php\/2016\/07\/01\/2016-07-01-i-facebook-bejegyzes\/\"]}]},{\"@type\":\"BreadcrumbList\",\"@id\":\"https:\/\/www.lengyelrobert.hu\/index.php\/2016\/07\/01\/2016-07-01-i-facebook-bejegyzes\/#breadcrumb\",\"itemListElement\":[{\"@type\":\"ListItem\",\"position\":1,\"name\":\"Home\",\"item\":\"https:\/\/www.lengyelrobert.hu\/\"},{\"@type\":\"ListItem\",\"position\":2,\"name\":\"2016.07.01-i Facebook bejegyz\u00e9s\"}]},{\"@type\":\"WebSite\",\"@id\":\"https:\/\/www.lengyelrobert.hu\/#website\",\"url\":\"https:\/\/www.lengyelrobert.hu\/\",\"name\":\"dr. Lengyel R\u00f3bert\",\"description\":\"A Becs\u00fclettel Si\u00f3fok\u00e9rt Egyes\u00fclet honlapja\",\"potentialAction\":[{\"@type\":\"SearchAction\",\"target\":{\"@type\":\"EntryPoint\",\"urlTemplate\":\"https:\/\/www.lengyelrobert.hu\/?s={search_term_string}\"},\"query-input\":{\"@type\":\"PropertyValueSpecification\",\"valueRequired\":true,\"valueName\":\"search_term_string\"}}],\"inLanguage\":\"hu\"},{\"@type\":\"Person\",\"@id\":\"https:\/\/www.lengyelrobert.hu\/#\/schema\/person\/2926fe5141a59e6530d8a411eb7bfb2d\",\"name\":\"webmaster\",\"image\":{\"@type\":\"ImageObject\",\"inLanguage\":\"hu\",\"@id\":\"https:\/\/www.lengyelrobert.hu\/#\/schema\/person\/image\/\",\"url\":\"https:\/\/secure.gravatar.com\/avatar\/d53f7fc01f188bb097ecc2caf950c777c2cdc1ec48a2d1726a8399a2188940b0?s=96&d=mm&r=g\",\"contentUrl\":\"https:\/\/secure.gravatar.com\/avatar\/d53f7fc01f188bb097ecc2caf950c777c2cdc1ec48a2d1726a8399a2188940b0?s=96&d=mm&r=g\",\"caption\":\"webmaster\"},\"sameAs\":[\"https:\/\/www.lengyelrobert.hu\"],\"url\":\"https:\/\/www.lengyelrobert.hu\/index.php\/author\/webmaster\/\"}]}<\/script>\n<!-- \/ Yoast SEO plugin. -->","yoast_head_json":{"title":"2016.07.01-i Facebook bejegyz\u00e9s - dr. Lengyel R\u00f3bert","robots":{"index":"index","follow":"follow","max-snippet":"max-snippet:-1","max-image-preview":"max-image-preview:large","max-video-preview":"max-video-preview:-1"},"canonical":"https:\/\/www.lengyelrobert.hu\/index.php\/2016\/07\/01\/2016-07-01-i-facebook-bejegyzes\/","og_locale":"hu_HU","og_type":"article","og_title":"2016.07.01-i Facebook bejegyz\u00e9s - dr. Lengyel R\u00f3bert","og_description":"Kedves Olvas\u00f3im. Tegnap v\u00e1rosunk k\u00f3rh\u00e1z\u00e1ban bens\u0151s\u00e9ges kis \u00fcnneps\u00e9g keret\u00e9ben, Witzmann k\u00e9pvisel\u0151 \u00farral egy\u00fctt kaptam lehet\u0151s\u00e9get arra, hogy Semmelweis Nap alkalm\u00e1b\u00f3l, k\u00f6sz\u00f6ntsem Si\u00f3fok eg\u00e9szs\u00e9g\u00fcgyi dolgoz\u00f3it \u00e9s v\u00e1rosi elismer\u00e9seket is \u00e1tadjak n\u00e9h\u00e1nyuknak. Innen is k\u00f6sz\u00f6n\u00f6m valamennyi\u00fck munk\u00e1j\u00e1t \u00e9s gratul\u00e1lok ism\u00e9t a v\u00e1rosi, k\u00e9pvisel\u0151i, illetve k\u00f3rh\u00e1zi elismer\u00e9sben r\u00e9szes\u00fclt dolgoz\u00f3knak. Tegnap d\u00e9lut\u00e1n kicsivel 18.oo \u00f3ra el\u0151tt, befutott Si\u00f3fok F\u0151 [&hellip;]","og_url":"https:\/\/www.lengyelrobert.hu\/index.php\/2016\/07\/01\/2016-07-01-i-facebook-bejegyzes\/","og_site_name":"dr. Lengyel R\u00f3bert","article_published_time":"2016-07-01T13:15:45+00:00","author":"webmaster","twitter_card":"summary_large_image","twitter_misc":{"Szerz\u0151:":"webmaster","Becs\u00fclt olvas\u00e1si id\u0151":"3 perc"},"schema":{"@context":"https:\/\/schema.org","@graph":[{"@type":"WebPage","@id":"https:\/\/www.lengyelrobert.hu\/index.php\/2016\/07\/01\/2016-07-01-i-facebook-bejegyzes\/","url":"https:\/\/www.lengyelrobert.hu\/index.php\/2016\/07\/01\/2016-07-01-i-facebook-bejegyzes\/","name":"2016.07.01-i Facebook bejegyz\u00e9s - dr. Lengyel R\u00f3bert","isPartOf":{"@id":"https:\/\/www.lengyelrobert.hu\/#website"},"datePublished":"2016-07-01T13:15:45+00:00","dateModified":"2016-07-01T13:15:45+00:00","author":{"@id":"https:\/\/www.lengyelrobert.hu\/#\/schema\/person\/2926fe5141a59e6530d8a411eb7bfb2d"},"breadcrumb":{"@id":"https:\/\/www.lengyelrobert.hu\/index.php\/2016\/07\/01\/2016-07-01-i-facebook-bejegyzes\/#breadcrumb"},"inLanguage":"hu","potentialAction":[{"@type":"ReadAction","target":["https:\/\/www.lengyelrobert.hu\/index.php\/2016\/07\/01\/2016-07-01-i-facebook-bejegyzes\/"]}]},{"@type":"BreadcrumbList","@id":"https:\/\/www.lengyelrobert.hu\/index.php\/2016\/07\/01\/2016-07-01-i-facebook-bejegyzes\/#breadcrumb","itemListElement":[{"@type":"ListItem","position":1,"name":"Home","item":"https:\/\/www.lengyelrobert.hu\/"},{"@type":"ListItem","position":2,"name":"2016.07.01-i Facebook bejegyz\u00e9s"}]},{"@type":"WebSite","@id":"https:\/\/www.lengyelrobert.hu\/#website","url":"https:\/\/www.lengyelrobert.hu\/","name":"dr. Lengyel R\u00f3bert","description":"A Becs\u00fclettel Si\u00f3fok\u00e9rt Egyes\u00fclet honlapja","potentialAction":[{"@type":"SearchAction","target":{"@type":"EntryPoint","urlTemplate":"https:\/\/www.lengyelrobert.hu\/?s={search_term_string}"},"query-input":{"@type":"PropertyValueSpecification","valueRequired":true,"valueName":"search_term_string"}}],"inLanguage":"hu"},{"@type":"Person","@id":"https:\/\/www.lengyelrobert.hu\/#\/schema\/person\/2926fe5141a59e6530d8a411eb7bfb2d","name":"webmaster","image":{"@type":"ImageObject","inLanguage":"hu","@id":"https:\/\/www.lengyelrobert.hu\/#\/schema\/person\/image\/","url":"https:\/\/secure.gravatar.com\/avatar\/d53f7fc01f188bb097ecc2caf950c777c2cdc1ec48a2d1726a8399a2188940b0?s=96&d=mm&r=g","contentUrl":"https:\/\/secure.gravatar.com\/avatar\/d53f7fc01f188bb097ecc2caf950c777c2cdc1ec48a2d1726a8399a2188940b0?s=96&d=mm&r=g","caption":"webmaster"},"sameAs":["https:\/\/www.lengyelrobert.hu"],"url":"https:\/\/www.lengyelrobert.hu\/index.php\/author\/webmaster\/"}]}},"_links":{"self":[{"href":"https:\/\/www.lengyelrobert.hu\/index.php\/wp-json\/wp\/v2\/posts\/5339","targetHints":{"allow":["GET"]}}],"collection":[{"href":"https:\/\/www.lengyelrobert.hu\/index.php\/wp-json\/wp\/v2\/posts"}],"about":[{"href":"https:\/\/www.lengyelrobert.hu\/index.php\/wp-json\/wp\/v2\/types\/post"}],"author":[{"embeddable":true,"href":"https:\/\/www.lengyelrobert.hu\/index.php\/wp-json\/wp\/v2\/users\/1"}],"replies":[{"embeddable":true,"href":"https:\/\/www.lengyelrobert.hu\/index.php\/wp-json\/wp\/v2\/comments?post=5339"}],"version-history":[{"count":0,"href":"https:\/\/www.lengyelrobert.hu\/index.php\/wp-json\/wp\/v2\/posts\/5339\/revisions"}],"wp:attachment":[{"href":"https:\/\/www.lengyelrobert.hu\/index.php\/wp-json\/wp\/v2\/media?parent=5339"}],"wp:term":[{"taxonomy":"category","embeddable":true,"href":"https:\/\/www.lengyelrobert.hu\/index.php\/wp-json\/wp\/v2\/categories?post=5339"},{"taxonomy":"post_tag","embeddable":true,"href":"https:\/\/www.lengyelrobert.hu\/index.php\/wp-json\/wp\/v2\/tags?post=5339"}],"curies":[{"name":"wp","href":"https:\/\/api.w.org\/{rel}","templated":true}]}}