{"id":5312,"date":"2016-07-20T14:04:04","date_gmt":"2016-07-20T12:04:04","guid":{"rendered":"https:\/\/www.lengyelrobert.hu\/uncategorized\/2016-07-20-i-facebook-bejegyzes\/"},"modified":"2016-07-20T14:04:04","modified_gmt":"2016-07-20T12:04:04","slug":"2016-07-20-i-facebook-bejegyzes","status":"publish","type":"post","link":"https:\/\/www.lengyelrobert.hu\/index.php\/2016\/07\/20\/2016-07-20-i-facebook-bejegyzes\/","title":{"rendered":"2016.07.20-i Facebook bejegyz\u00e9s"},"content":{"rendered":"<p>\u00dcdv\u00f6zlet az olvas\u00f3knak!<\/p>\n<p>        Ma d\u00e9lut\u00e1n megyei F\u0151kapit\u00e1ny \u00dar a rend\u0151rkapit\u00e1nys\u00e1g \u00e9p\u00fclet\u00e9ben, a szezon f\u00e9lidej\u00e9t k\u00f6zbiztons\u00e1gi szempontb\u00f3l \u00e9rt\u00e9kel\u0151 \u00e9rtekezletre v\u00e1rta a telep\u00fcl\u00e9sek vezet\u0151it.<br \/>\n        T\u00e1j\u00e9koztat\u00e1st kaptunk \u00e1ltal\u00e1nosan a megye, majd r\u00e9szleteiben a Balaton part, ezen bel\u00fcl Si\u00f3fok helyzet\u00e9r\u0151l. El\u0151sz\u00f6r is lesz\u00f6gezte a megye els\u0151 rend\u0151re, hogy a m\u00falt h\u00e9ten visszarendelt k\u00e9szenl\u00e9ti rend\u0151r\u00f6ket megy\u00e9n bel\u00fcli \u00e1tcsoportos\u00edt\u00e1sokkal p\u00f3tolt\u00e1k. Az ORFK k\u00f6lts\u00e9gvet\u00e9s\u00e9b\u0151l a rend\u0151r\u00f6k t\u00fal\u00f3r\u00e1inak kifizet\u00e9s\u00e9re a fedezet is rendelkez\u00e9sre \u00e1ll. A ny\u00e1r eddig eltelt id\u0151szak\u00e1ban a tavalyi \u00e9v hasonl\u00f3 id\u0151szak\u00e1hoz k\u00e9pest jelent\u0151sen cs\u00f6kkent az elk\u00f6vetett b\u0171ncselekm\u00e9nyek sz\u00e1ma v\u00e1rosunkban. K\u00fcl\u00f6n\u00f6sen szembe t\u0171n\u0151 a cs\u00f6kken\u00e9s a Pet\u0151fi s\u00e9t\u00e1ny \u00e9s Nagy Strand vonatkoz\u00e1s\u00e1ban. A 2015-\u00f6s 129 jogs\u00e9rt\u00e9shez k\u00e9pest id\u00e9n \u00f6sszesen 23-at regisztr\u00e1ltak e ter\u00fcleten, de ezek j\u00f3 r\u00e9sze is felder\u00edtett. Egyebek mellett egy kifoszt\u00e1s \u00e9s egy rabl\u00e1s elk\u00f6vet\u0151i is el\u0151zetes letart\u00f3ztat\u00e1sban vannak, valamint az els\u0151 h\u00e9tv\u00e9g\u00e9n provok\u00e1lt t\u00f6megvereked\u00e9s tettesi k\u00f6z\u00fcl is csaknem mindenkit beazonos\u00edtottak \u00e9s elfogtak, ketten el\u0151zetesben \u00fclnek, illetve m\u00e9g egy szem\u00e9lyt k\u00f6r\u00f6znek. F\u0151kapit\u00e1ny \u00dar kiemelte, hogy az eredm\u00e9nyek a s\u00e9t\u00e1nyon az idei esztend\u0151ben bevezetett int\u00e9zked\u00e9seink \u00e9s a rend\u0151rs\u00e9g tev\u00e9kenys\u00e9g\u00e9nek k\u00f6z\u00f6s eredm\u00e9nyei.<br \/>\n        Annyit tudtunk m\u00e9g meg, hogy a ny\u00e1r folyam\u00e1n Somogy megyei rend\u0151r\u00f6ket nem fognak elvinni a hat\u00e1rra.<br \/>\n        \u00c9rdekess\u00e9gk\u00e9nt az is elhangzott, hogy az un. &#8220;bagoly vonatok&#8221; utaz\u00f3 k\u00f6z\u00f6ns\u00e9g\u00e9nek a l\u00e9tsz\u00e1ma is \u00e9rezhet\u0151en cs\u00f6kkent az id\u00e9nre.<\/p>\n<p>        Bar\u00e1ts\u00e1ggal: R.<\/p>\n<p><a href=\"\"><\/a><\/p>\n","protected":false},"excerpt":{"rendered":"<p>\u00dcdv\u00f6zlet az olvas\u00f3knak! Ma d\u00e9lut\u00e1n megyei F\u0151kapit\u00e1ny \u00dar a rend\u0151rkapit\u00e1nys\u00e1g \u00e9p\u00fclet\u00e9ben, a szezon f\u00e9lidej\u00e9t k\u00f6zbiztons\u00e1gi szempontb\u00f3l \u00e9rt\u00e9kel\u0151 \u00e9rtekezletre v\u00e1rta a telep\u00fcl\u00e9sek vezet\u0151it. T\u00e1j\u00e9koztat\u00e1st kaptunk \u00e1ltal\u00e1nosan a megye, majd r\u00e9szleteiben a Balaton part, ezen bel\u00fcl Si\u00f3fok helyzet\u00e9r\u0151l. El\u0151sz\u00f6r is lesz\u00f6gezte a megye els\u0151 rend\u0151re, hogy a m\u00falt h\u00e9ten visszarendelt k\u00e9szenl\u00e9ti rend\u0151r\u00f6ket megy\u00e9n bel\u00fcli \u00e1tcsoportos\u00edt\u00e1sokkal p\u00f3tolt\u00e1k. Az [&hellip;]<\/p>\n","protected":false},"author":1,"featured_media":0,"comment_status":"closed","ping_status":"closed","sticky":false,"template":"","format":"standard","meta":{"_acf_changed":false,"_et_pb_use_builder":"","_et_pb_old_content":"","_et_gb_content_width":"","footnotes":""},"categories":[1],"tags":[],"class_list":["post-5312","post","type-post","status-publish","format-standard","hentry","category-uncategorized"],"acf":[],"yoast_head":"<!-- This site is optimized with the Yoast SEO plugin v23.8 - https:\/\/yoast.com\/wordpress\/plugins\/seo\/ -->\n<title>2016.07.20-i Facebook bejegyz\u00e9s - dr. Lengyel R\u00f3bert<\/title>\n<meta name=\"robots\" content=\"index, follow, max-snippet:-1, max-image-preview:large, max-video-preview:-1\" \/>\n<link rel=\"canonical\" href=\"https:\/\/www.lengyelrobert.hu\/index.php\/2016\/07\/20\/2016-07-20-i-facebook-bejegyzes\/\" \/>\n<meta property=\"og:locale\" content=\"hu_HU\" \/>\n<meta property=\"og:type\" content=\"article\" \/>\n<meta property=\"og:title\" content=\"2016.07.20-i Facebook bejegyz\u00e9s - dr. Lengyel R\u00f3bert\" \/>\n<meta property=\"og:description\" content=\"\u00dcdv\u00f6zlet az olvas\u00f3knak! Ma d\u00e9lut\u00e1n megyei F\u0151kapit\u00e1ny \u00dar a rend\u0151rkapit\u00e1nys\u00e1g \u00e9p\u00fclet\u00e9ben, a szezon f\u00e9lidej\u00e9t k\u00f6zbiztons\u00e1gi szempontb\u00f3l \u00e9rt\u00e9kel\u0151 \u00e9rtekezletre v\u00e1rta a telep\u00fcl\u00e9sek vezet\u0151it. T\u00e1j\u00e9koztat\u00e1st kaptunk \u00e1ltal\u00e1nosan a megye, majd r\u00e9szleteiben a Balaton part, ezen bel\u00fcl Si\u00f3fok helyzet\u00e9r\u0151l. El\u0151sz\u00f6r is lesz\u00f6gezte a megye els\u0151 rend\u0151re, hogy a m\u00falt h\u00e9ten visszarendelt k\u00e9szenl\u00e9ti rend\u0151r\u00f6ket megy\u00e9n bel\u00fcli \u00e1tcsoportos\u00edt\u00e1sokkal p\u00f3tolt\u00e1k. Az [&hellip;]\" \/>\n<meta property=\"og:url\" content=\"https:\/\/www.lengyelrobert.hu\/index.php\/2016\/07\/20\/2016-07-20-i-facebook-bejegyzes\/\" \/>\n<meta property=\"og:site_name\" content=\"dr. Lengyel R\u00f3bert\" \/>\n<meta property=\"article:published_time\" content=\"2016-07-20T12:04:04+00:00\" \/>\n<meta name=\"author\" content=\"webmaster\" \/>\n<meta name=\"twitter:card\" content=\"summary_large_image\" \/>\n<meta name=\"twitter:label1\" content=\"Szerz\u0151:\" \/>\n\t<meta name=\"twitter:data1\" content=\"webmaster\" \/>\n\t<meta name=\"twitter:label2\" content=\"Becs\u00fclt olvas\u00e1si id\u0151\" \/>\n\t<meta name=\"twitter:data2\" content=\"2 perc\" \/>\n<script type=\"application\/ld+json\" class=\"yoast-schema-graph\">{\"@context\":\"https:\/\/schema.org\",\"@graph\":[{\"@type\":\"WebPage\",\"@id\":\"https:\/\/www.lengyelrobert.hu\/index.php\/2016\/07\/20\/2016-07-20-i-facebook-bejegyzes\/\",\"url\":\"https:\/\/www.lengyelrobert.hu\/index.php\/2016\/07\/20\/2016-07-20-i-facebook-bejegyzes\/\",\"name\":\"2016.07.20-i Facebook bejegyz\u00e9s - dr. Lengyel R\u00f3bert\",\"isPartOf\":{\"@id\":\"https:\/\/www.lengyelrobert.hu\/#website\"},\"datePublished\":\"2016-07-20T12:04:04+00:00\",\"dateModified\":\"2016-07-20T12:04:04+00:00\",\"author\":{\"@id\":\"https:\/\/www.lengyelrobert.hu\/#\/schema\/person\/2926fe5141a59e6530d8a411eb7bfb2d\"},\"breadcrumb\":{\"@id\":\"https:\/\/www.lengyelrobert.hu\/index.php\/2016\/07\/20\/2016-07-20-i-facebook-bejegyzes\/#breadcrumb\"},\"inLanguage\":\"hu\",\"potentialAction\":[{\"@type\":\"ReadAction\",\"target\":[\"https:\/\/www.lengyelrobert.hu\/index.php\/2016\/07\/20\/2016-07-20-i-facebook-bejegyzes\/\"]}]},{\"@type\":\"BreadcrumbList\",\"@id\":\"https:\/\/www.lengyelrobert.hu\/index.php\/2016\/07\/20\/2016-07-20-i-facebook-bejegyzes\/#breadcrumb\",\"itemListElement\":[{\"@type\":\"ListItem\",\"position\":1,\"name\":\"Home\",\"item\":\"https:\/\/www.lengyelrobert.hu\/\"},{\"@type\":\"ListItem\",\"position\":2,\"name\":\"2016.07.20-i Facebook bejegyz\u00e9s\"}]},{\"@type\":\"WebSite\",\"@id\":\"https:\/\/www.lengyelrobert.hu\/#website\",\"url\":\"https:\/\/www.lengyelrobert.hu\/\",\"name\":\"dr. Lengyel R\u00f3bert\",\"description\":\"A Becs\u00fclettel Si\u00f3fok\u00e9rt Egyes\u00fclet honlapja\",\"potentialAction\":[{\"@type\":\"SearchAction\",\"target\":{\"@type\":\"EntryPoint\",\"urlTemplate\":\"https:\/\/www.lengyelrobert.hu\/?s={search_term_string}\"},\"query-input\":{\"@type\":\"PropertyValueSpecification\",\"valueRequired\":true,\"valueName\":\"search_term_string\"}}],\"inLanguage\":\"hu\"},{\"@type\":\"Person\",\"@id\":\"https:\/\/www.lengyelrobert.hu\/#\/schema\/person\/2926fe5141a59e6530d8a411eb7bfb2d\",\"name\":\"webmaster\",\"image\":{\"@type\":\"ImageObject\",\"inLanguage\":\"hu\",\"@id\":\"https:\/\/www.lengyelrobert.hu\/#\/schema\/person\/image\/\",\"url\":\"https:\/\/secure.gravatar.com\/avatar\/d53f7fc01f188bb097ecc2caf950c777c2cdc1ec48a2d1726a8399a2188940b0?s=96&d=mm&r=g\",\"contentUrl\":\"https:\/\/secure.gravatar.com\/avatar\/d53f7fc01f188bb097ecc2caf950c777c2cdc1ec48a2d1726a8399a2188940b0?s=96&d=mm&r=g\",\"caption\":\"webmaster\"},\"sameAs\":[\"https:\/\/www.lengyelrobert.hu\"],\"url\":\"https:\/\/www.lengyelrobert.hu\/index.php\/author\/webmaster\/\"}]}<\/script>\n<!-- \/ Yoast SEO plugin. -->","yoast_head_json":{"title":"2016.07.20-i Facebook bejegyz\u00e9s - dr. Lengyel R\u00f3bert","robots":{"index":"index","follow":"follow","max-snippet":"max-snippet:-1","max-image-preview":"max-image-preview:large","max-video-preview":"max-video-preview:-1"},"canonical":"https:\/\/www.lengyelrobert.hu\/index.php\/2016\/07\/20\/2016-07-20-i-facebook-bejegyzes\/","og_locale":"hu_HU","og_type":"article","og_title":"2016.07.20-i Facebook bejegyz\u00e9s - dr. Lengyel R\u00f3bert","og_description":"\u00dcdv\u00f6zlet az olvas\u00f3knak! Ma d\u00e9lut\u00e1n megyei F\u0151kapit\u00e1ny \u00dar a rend\u0151rkapit\u00e1nys\u00e1g \u00e9p\u00fclet\u00e9ben, a szezon f\u00e9lidej\u00e9t k\u00f6zbiztons\u00e1gi szempontb\u00f3l \u00e9rt\u00e9kel\u0151 \u00e9rtekezletre v\u00e1rta a telep\u00fcl\u00e9sek vezet\u0151it. T\u00e1j\u00e9koztat\u00e1st kaptunk \u00e1ltal\u00e1nosan a megye, majd r\u00e9szleteiben a Balaton part, ezen bel\u00fcl Si\u00f3fok helyzet\u00e9r\u0151l. El\u0151sz\u00f6r is lesz\u00f6gezte a megye els\u0151 rend\u0151re, hogy a m\u00falt h\u00e9ten visszarendelt k\u00e9szenl\u00e9ti rend\u0151r\u00f6ket megy\u00e9n bel\u00fcli \u00e1tcsoportos\u00edt\u00e1sokkal p\u00f3tolt\u00e1k. Az [&hellip;]","og_url":"https:\/\/www.lengyelrobert.hu\/index.php\/2016\/07\/20\/2016-07-20-i-facebook-bejegyzes\/","og_site_name":"dr. Lengyel R\u00f3bert","article_published_time":"2016-07-20T12:04:04+00:00","author":"webmaster","twitter_card":"summary_large_image","twitter_misc":{"Szerz\u0151:":"webmaster","Becs\u00fclt olvas\u00e1si id\u0151":"2 perc"},"schema":{"@context":"https:\/\/schema.org","@graph":[{"@type":"WebPage","@id":"https:\/\/www.lengyelrobert.hu\/index.php\/2016\/07\/20\/2016-07-20-i-facebook-bejegyzes\/","url":"https:\/\/www.lengyelrobert.hu\/index.php\/2016\/07\/20\/2016-07-20-i-facebook-bejegyzes\/","name":"2016.07.20-i Facebook bejegyz\u00e9s - dr. Lengyel R\u00f3bert","isPartOf":{"@id":"https:\/\/www.lengyelrobert.hu\/#website"},"datePublished":"2016-07-20T12:04:04+00:00","dateModified":"2016-07-20T12:04:04+00:00","author":{"@id":"https:\/\/www.lengyelrobert.hu\/#\/schema\/person\/2926fe5141a59e6530d8a411eb7bfb2d"},"breadcrumb":{"@id":"https:\/\/www.lengyelrobert.hu\/index.php\/2016\/07\/20\/2016-07-20-i-facebook-bejegyzes\/#breadcrumb"},"inLanguage":"hu","potentialAction":[{"@type":"ReadAction","target":["https:\/\/www.lengyelrobert.hu\/index.php\/2016\/07\/20\/2016-07-20-i-facebook-bejegyzes\/"]}]},{"@type":"BreadcrumbList","@id":"https:\/\/www.lengyelrobert.hu\/index.php\/2016\/07\/20\/2016-07-20-i-facebook-bejegyzes\/#breadcrumb","itemListElement":[{"@type":"ListItem","position":1,"name":"Home","item":"https:\/\/www.lengyelrobert.hu\/"},{"@type":"ListItem","position":2,"name":"2016.07.20-i Facebook bejegyz\u00e9s"}]},{"@type":"WebSite","@id":"https:\/\/www.lengyelrobert.hu\/#website","url":"https:\/\/www.lengyelrobert.hu\/","name":"dr. Lengyel R\u00f3bert","description":"A Becs\u00fclettel Si\u00f3fok\u00e9rt Egyes\u00fclet honlapja","potentialAction":[{"@type":"SearchAction","target":{"@type":"EntryPoint","urlTemplate":"https:\/\/www.lengyelrobert.hu\/?s={search_term_string}"},"query-input":{"@type":"PropertyValueSpecification","valueRequired":true,"valueName":"search_term_string"}}],"inLanguage":"hu"},{"@type":"Person","@id":"https:\/\/www.lengyelrobert.hu\/#\/schema\/person\/2926fe5141a59e6530d8a411eb7bfb2d","name":"webmaster","image":{"@type":"ImageObject","inLanguage":"hu","@id":"https:\/\/www.lengyelrobert.hu\/#\/schema\/person\/image\/","url":"https:\/\/secure.gravatar.com\/avatar\/d53f7fc01f188bb097ecc2caf950c777c2cdc1ec48a2d1726a8399a2188940b0?s=96&d=mm&r=g","contentUrl":"https:\/\/secure.gravatar.com\/avatar\/d53f7fc01f188bb097ecc2caf950c777c2cdc1ec48a2d1726a8399a2188940b0?s=96&d=mm&r=g","caption":"webmaster"},"sameAs":["https:\/\/www.lengyelrobert.hu"],"url":"https:\/\/www.lengyelrobert.hu\/index.php\/author\/webmaster\/"}]}},"_links":{"self":[{"href":"https:\/\/www.lengyelrobert.hu\/index.php\/wp-json\/wp\/v2\/posts\/5312","targetHints":{"allow":["GET"]}}],"collection":[{"href":"https:\/\/www.lengyelrobert.hu\/index.php\/wp-json\/wp\/v2\/posts"}],"about":[{"href":"https:\/\/www.lengyelrobert.hu\/index.php\/wp-json\/wp\/v2\/types\/post"}],"author":[{"embeddable":true,"href":"https:\/\/www.lengyelrobert.hu\/index.php\/wp-json\/wp\/v2\/users\/1"}],"replies":[{"embeddable":true,"href":"https:\/\/www.lengyelrobert.hu\/index.php\/wp-json\/wp\/v2\/comments?post=5312"}],"version-history":[{"count":0,"href":"https:\/\/www.lengyelrobert.hu\/index.php\/wp-json\/wp\/v2\/posts\/5312\/revisions"}],"wp:attachment":[{"href":"https:\/\/www.lengyelrobert.hu\/index.php\/wp-json\/wp\/v2\/media?parent=5312"}],"wp:term":[{"taxonomy":"category","embeddable":true,"href":"https:\/\/www.lengyelrobert.hu\/index.php\/wp-json\/wp\/v2\/categories?post=5312"},{"taxonomy":"post_tag","embeddable":true,"href":"https:\/\/www.lengyelrobert.hu\/index.php\/wp-json\/wp\/v2\/tags?post=5312"}],"curies":[{"name":"wp","href":"https:\/\/api.w.org\/{rel}","templated":true}]}}