{"id":5301,"date":"2016-08-12T11:45:52","date_gmt":"2016-08-12T09:45:52","guid":{"rendered":"https:\/\/www.lengyelrobert.hu\/uncategorized\/2016-08-12-i-facebook-bejegyzes\/"},"modified":"2016-08-12T11:45:52","modified_gmt":"2016-08-12T09:45:52","slug":"2016-08-12-i-facebook-bejegyzes","status":"publish","type":"post","link":"https:\/\/www.lengyelrobert.hu\/index.php\/2016\/08\/12\/2016-08-12-i-facebook-bejegyzes\/","title":{"rendered":"2016.08.12-i Facebook bejegyz\u00e9s"},"content":{"rendered":"<p>Tisztelt Olvas\u00f3im!<\/p>\n<p>        Tegnap a F\u0151 t\u00e9r egyik emeleti lak\u00e1sa sajn\u00e1latos m\u00f3don kigyulladt. A t\u0171zolt\u00f3k minden igyekezet\u00fck ellen\u00e9re, csak ker\u00fcl\u0151 utakon tudt\u00e1k a helysz\u00ednt megk\u00f6zel\u00edteni, hisz a v\u00e1ros 4 s\u00e1vos \u00fatja teljesen be volt dugulva a riaszt\u00e1s id\u0151pontj\u00e1ban. A mai napon a katasztr\u00f3fav\u00e9delem helyi parancsnoka, Ol\u00e1h L\u00e1szl\u00f3 t\u0171. alezredes \u00edr\u00e1sban az al\u00e1bbiakr\u00f3l t\u00e1j\u00e9koztatott:<br \/>\n        &#8220;&#8230;. A t\u0171zolt\u00f3 egys\u00e9gek ki\u00e9rkez\u00e9se el\u0151tt, Nagy Andr\u00e1s Gy\u00f6rgy a V\u00e1ros\u0151rs\u00e9g munkat\u00e1rsa kezdte meg a beavatkoz\u00e1st egy db. CO k\u00e9sz\u00fcl\u00e9kkel, valamint egy db. porral olt\u00f3 t\u0171zolt\u00f3 k\u00e9zi k\u00e9sz\u00fcl\u00e9kkel. Nevezett szem\u00e9ly szakszer\u0171 \u00e9s b\u00e1tor beavatkoz\u00e1s\u00e1nak k\u00f6sz\u00f6nhet\u0151en a t\u0171z nem terjedt \u00e1t a lak\u00e1s eg\u00e9sz\u00e9re&#8230; A fentebb le\u00edrt tev\u00e9kenys\u00e9ge kapcs\u00e1n, nevezett megakad\u00e1lyozta egy j\u00f3val nagyobb \u00e9s puszt\u00edt\u00f3bb t\u0171zeset kifejl\u0151d\u00e9s\u00e9t \u00e9s ez\u00e9rt javaslom dics\u00e9retben r\u00e9szes\u00edteni.&#8221;<br \/>\n        K\u00f6sz\u00f6n\u00f6m, k\u00f6sz\u00f6nj\u00fck Andr\u00e1snak a helyt\u00e1ll\u00e1s\u00e1t \u00e9s term\u00e9szetesen r\u00f6videsen akcept\u00e1lom Parancsnok \u00dar javaslat\u00e1t is. Szeretn\u00e9m azonban megjegyezni,hogy inform\u00e1ci\u00f3im \u00e9s szem\u00e9lyes helysz\u00edni  tapasztalatom szerint is, t\u00f6bben  ny\u00fajtottak seg\u00edts\u00e9get a k\u00e1renyh\u00edt\u00e9sben mindaddig, am\u00edg a t\u0171zolt\u00f3k  meg nem \u00e9rkeztek. Mindny\u00e1juknak j\u00e1r a k\u00f6sz\u00f6net \u00e9s elismer\u00e9s.<\/p>\n<p>        Tegnap este lakoss\u00e1gi panaszra reag\u00e1lva, kimentem a F\u0151 t\u00e9rre a V\u00edztorony k\u00f6rny\u00e9k\u00e9re \u00e9s szem\u00e9lyesen is megbizonyosodtam r\u00f3la, hogy  a k\u00f6zter\u00fcleti kuk\u00e1k egy r\u00e9sze teljesen tele volt, \u00e9s csaknem az eg\u00e9sz teret sz\u00e9tsz\u00f3rt\/sz\u00e9tsz\u00f3r\u00f3dott szem\u00e9t bor\u00edtotta. Ma reggel utas\u00edtottam a hivatal illet\u00e9kes oszt\u00e1lyvezet\u0151j\u00e9t, hogy rendeljen meg plusz k\u00f6lts\u00e9g \u00e1r\u00e1n is plusz szem\u00e9tsz\u00e1ll\u00edt\u00e1st a ter\u00fcletr\u0151l. Megjegyzem, sajn\u00e1latos m\u00f3don a Pet\u0151fi s\u00e9t\u00e1nyon is hasonl\u00f3kat kell est\u00e9nk\u00e9nt tapasztalnom. Ez tavaly is probl\u00e9ma volt \u00e9s \u00fagy t\u0171nik a Balaton-Parti Kft. sz\u00e1m\u00e1ra id\u00e9n is megoldhatatlan probl\u00e9m\u00e1t jelent. Sajn\u00e1latos, mert a k\u00f6z\u00e9rzetet \u00e9s a v\u00e1ros k\u00f6zmeg\u00edt\u00e9l\u00e9s\u00e9t is rontja. Kicsit t\u00f6bb odafigyel\u00e9s, n\u00e9mi plusz forr\u00e1s \u00e9s jav\u00edthat\u00f3 a helyzet. Azon vagyok, vagyunk.<\/p>\n<p>        T\u00e1j\u00e9koztat\u00e1sul  szeretn\u00e9m k\u00f6z\u00f6lni, hogy egy Si\u00f3fok v\u00e1ros\u00e1t, illetve az \u00f6nkorm\u00e1nyzatot \u00e9rint\u0151, \u00e9vekkel ezel\u0151tti, t\u00f6bb t\u00edzmilli\u00f3s jog\u00fcgylet-sorozat kapcs\u00e1n, vissza\u00e9l\u00e9sekre utal\u00f3 inform\u00e1ci\u00f3kat kaptam. Az egy\u00e9bk\u00e9nt k\u00f6z\u00e9rdek\u0171 adatokat tartalmaz\u00f3 iratanyag (f\u0151k\u00e9nt szerz\u0151d\u00e9sek, teles\u00edt\u00e9s igazol\u00e1sok, stb.) alapj\u00e1n munkat\u00e1rsaimmal arra jutottunk, hogy val\u00f3ban t\u00f6bb k\u00e9rd\u00e9s vet\u0151dik fel az \u00fcggyel \u00f6sszef\u00fcgg\u00e9sben. Ezzel egy\u00fctt  ind\u00edtv\u00e1nyomra, a Jobbik korrupci\u00f3 ellenes munkacsoportj\u00e1nak jog\u00e1szai is r\u00f6videsen \u00e1ll\u00e1st foglalnak \u00e9s mindezek figyelembe v\u00e9tel\u00e9vel t\u00f6rt\u00e9nnek a tov\u00e1bbi sz\u00fcks\u00e9ges int\u00e9zked\u00e9sek. Term\u00e9szetesen a fejlem\u00e9nyekr\u0151l a k\u00f6zv\u00e9lem\u00e9nyt is hamarosan t\u00e1j\u00e9koztatni fogom. <\/p>\n<p>        J\u00f3 h\u00e9tv\u00e9g\u00e9t k\u00edv\u00e1nva mindenkinek, bar\u00e1ts\u00e1ggal: R.<\/p>\n<p><a href=\"\"><\/a><\/p>\n","protected":false},"excerpt":{"rendered":"<p>Tisztelt Olvas\u00f3im! Tegnap a F\u0151 t\u00e9r egyik emeleti lak\u00e1sa sajn\u00e1latos m\u00f3don kigyulladt. A t\u0171zolt\u00f3k minden igyekezet\u00fck ellen\u00e9re, csak ker\u00fcl\u0151 utakon tudt\u00e1k a helysz\u00ednt megk\u00f6zel\u00edteni, hisz a v\u00e1ros 4 s\u00e1vos \u00fatja teljesen be volt dugulva a riaszt\u00e1s id\u0151pontj\u00e1ban. A mai napon a katasztr\u00f3fav\u00e9delem helyi parancsnoka, Ol\u00e1h L\u00e1szl\u00f3 t\u0171. alezredes \u00edr\u00e1sban az al\u00e1bbiakr\u00f3l t\u00e1j\u00e9koztatott: &#8220;&#8230;. A t\u0171zolt\u00f3 [&hellip;]<\/p>\n","protected":false},"author":1,"featured_media":0,"comment_status":"closed","ping_status":"closed","sticky":false,"template":"","format":"standard","meta":{"_acf_changed":false,"_et_pb_use_builder":"","_et_pb_old_content":"","_et_gb_content_width":"","footnotes":""},"categories":[1],"tags":[],"class_list":["post-5301","post","type-post","status-publish","format-standard","hentry","category-uncategorized"],"acf":[],"yoast_head":"<!-- This site is optimized with the Yoast SEO plugin v23.8 - https:\/\/yoast.com\/wordpress\/plugins\/seo\/ -->\n<title>2016.08.12-i Facebook bejegyz\u00e9s - dr. Lengyel R\u00f3bert<\/title>\n<meta name=\"robots\" content=\"index, follow, max-snippet:-1, max-image-preview:large, max-video-preview:-1\" \/>\n<link rel=\"canonical\" href=\"https:\/\/www.lengyelrobert.hu\/index.php\/2016\/08\/12\/2016-08-12-i-facebook-bejegyzes\/\" \/>\n<meta property=\"og:locale\" content=\"hu_HU\" \/>\n<meta property=\"og:type\" content=\"article\" \/>\n<meta property=\"og:title\" content=\"2016.08.12-i Facebook bejegyz\u00e9s - dr. Lengyel R\u00f3bert\" \/>\n<meta property=\"og:description\" content=\"Tisztelt Olvas\u00f3im! Tegnap a F\u0151 t\u00e9r egyik emeleti lak\u00e1sa sajn\u00e1latos m\u00f3don kigyulladt. A t\u0171zolt\u00f3k minden igyekezet\u00fck ellen\u00e9re, csak ker\u00fcl\u0151 utakon tudt\u00e1k a helysz\u00ednt megk\u00f6zel\u00edteni, hisz a v\u00e1ros 4 s\u00e1vos \u00fatja teljesen be volt dugulva a riaszt\u00e1s id\u0151pontj\u00e1ban. A mai napon a katasztr\u00f3fav\u00e9delem helyi parancsnoka, Ol\u00e1h L\u00e1szl\u00f3 t\u0171. alezredes \u00edr\u00e1sban az al\u00e1bbiakr\u00f3l t\u00e1j\u00e9koztatott: &#8220;&#8230;. A t\u0171zolt\u00f3 [&hellip;]\" \/>\n<meta property=\"og:url\" content=\"https:\/\/www.lengyelrobert.hu\/index.php\/2016\/08\/12\/2016-08-12-i-facebook-bejegyzes\/\" \/>\n<meta property=\"og:site_name\" content=\"dr. Lengyel R\u00f3bert\" \/>\n<meta property=\"article:published_time\" content=\"2016-08-12T09:45:52+00:00\" \/>\n<meta name=\"author\" content=\"webmaster\" \/>\n<meta name=\"twitter:card\" content=\"summary_large_image\" \/>\n<meta name=\"twitter:label1\" content=\"Szerz\u0151:\" \/>\n\t<meta name=\"twitter:data1\" content=\"webmaster\" \/>\n\t<meta name=\"twitter:label2\" content=\"Becs\u00fclt olvas\u00e1si id\u0151\" \/>\n\t<meta name=\"twitter:data2\" content=\"3 perc\" \/>\n<script type=\"application\/ld+json\" class=\"yoast-schema-graph\">{\"@context\":\"https:\/\/schema.org\",\"@graph\":[{\"@type\":\"WebPage\",\"@id\":\"https:\/\/www.lengyelrobert.hu\/index.php\/2016\/08\/12\/2016-08-12-i-facebook-bejegyzes\/\",\"url\":\"https:\/\/www.lengyelrobert.hu\/index.php\/2016\/08\/12\/2016-08-12-i-facebook-bejegyzes\/\",\"name\":\"2016.08.12-i Facebook bejegyz\u00e9s - dr. Lengyel R\u00f3bert\",\"isPartOf\":{\"@id\":\"https:\/\/www.lengyelrobert.hu\/#website\"},\"datePublished\":\"2016-08-12T09:45:52+00:00\",\"dateModified\":\"2016-08-12T09:45:52+00:00\",\"author\":{\"@id\":\"https:\/\/www.lengyelrobert.hu\/#\/schema\/person\/2926fe5141a59e6530d8a411eb7bfb2d\"},\"breadcrumb\":{\"@id\":\"https:\/\/www.lengyelrobert.hu\/index.php\/2016\/08\/12\/2016-08-12-i-facebook-bejegyzes\/#breadcrumb\"},\"inLanguage\":\"hu\",\"potentialAction\":[{\"@type\":\"ReadAction\",\"target\":[\"https:\/\/www.lengyelrobert.hu\/index.php\/2016\/08\/12\/2016-08-12-i-facebook-bejegyzes\/\"]}]},{\"@type\":\"BreadcrumbList\",\"@id\":\"https:\/\/www.lengyelrobert.hu\/index.php\/2016\/08\/12\/2016-08-12-i-facebook-bejegyzes\/#breadcrumb\",\"itemListElement\":[{\"@type\":\"ListItem\",\"position\":1,\"name\":\"Home\",\"item\":\"https:\/\/www.lengyelrobert.hu\/\"},{\"@type\":\"ListItem\",\"position\":2,\"name\":\"2016.08.12-i Facebook bejegyz\u00e9s\"}]},{\"@type\":\"WebSite\",\"@id\":\"https:\/\/www.lengyelrobert.hu\/#website\",\"url\":\"https:\/\/www.lengyelrobert.hu\/\",\"name\":\"dr. Lengyel R\u00f3bert\",\"description\":\"A Becs\u00fclettel Si\u00f3fok\u00e9rt Egyes\u00fclet honlapja\",\"potentialAction\":[{\"@type\":\"SearchAction\",\"target\":{\"@type\":\"EntryPoint\",\"urlTemplate\":\"https:\/\/www.lengyelrobert.hu\/?s={search_term_string}\"},\"query-input\":{\"@type\":\"PropertyValueSpecification\",\"valueRequired\":true,\"valueName\":\"search_term_string\"}}],\"inLanguage\":\"hu\"},{\"@type\":\"Person\",\"@id\":\"https:\/\/www.lengyelrobert.hu\/#\/schema\/person\/2926fe5141a59e6530d8a411eb7bfb2d\",\"name\":\"webmaster\",\"image\":{\"@type\":\"ImageObject\",\"inLanguage\":\"hu\",\"@id\":\"https:\/\/www.lengyelrobert.hu\/#\/schema\/person\/image\/\",\"url\":\"https:\/\/secure.gravatar.com\/avatar\/d53f7fc01f188bb097ecc2caf950c777c2cdc1ec48a2d1726a8399a2188940b0?s=96&d=mm&r=g\",\"contentUrl\":\"https:\/\/secure.gravatar.com\/avatar\/d53f7fc01f188bb097ecc2caf950c777c2cdc1ec48a2d1726a8399a2188940b0?s=96&d=mm&r=g\",\"caption\":\"webmaster\"},\"sameAs\":[\"https:\/\/www.lengyelrobert.hu\"],\"url\":\"https:\/\/www.lengyelrobert.hu\/index.php\/author\/webmaster\/\"}]}<\/script>\n<!-- \/ Yoast SEO plugin. -->","yoast_head_json":{"title":"2016.08.12-i Facebook bejegyz\u00e9s - dr. Lengyel R\u00f3bert","robots":{"index":"index","follow":"follow","max-snippet":"max-snippet:-1","max-image-preview":"max-image-preview:large","max-video-preview":"max-video-preview:-1"},"canonical":"https:\/\/www.lengyelrobert.hu\/index.php\/2016\/08\/12\/2016-08-12-i-facebook-bejegyzes\/","og_locale":"hu_HU","og_type":"article","og_title":"2016.08.12-i Facebook bejegyz\u00e9s - dr. Lengyel R\u00f3bert","og_description":"Tisztelt Olvas\u00f3im! Tegnap a F\u0151 t\u00e9r egyik emeleti lak\u00e1sa sajn\u00e1latos m\u00f3don kigyulladt. A t\u0171zolt\u00f3k minden igyekezet\u00fck ellen\u00e9re, csak ker\u00fcl\u0151 utakon tudt\u00e1k a helysz\u00ednt megk\u00f6zel\u00edteni, hisz a v\u00e1ros 4 s\u00e1vos \u00fatja teljesen be volt dugulva a riaszt\u00e1s id\u0151pontj\u00e1ban. A mai napon a katasztr\u00f3fav\u00e9delem helyi parancsnoka, Ol\u00e1h L\u00e1szl\u00f3 t\u0171. alezredes \u00edr\u00e1sban az al\u00e1bbiakr\u00f3l t\u00e1j\u00e9koztatott: &#8220;&#8230;. A t\u0171zolt\u00f3 [&hellip;]","og_url":"https:\/\/www.lengyelrobert.hu\/index.php\/2016\/08\/12\/2016-08-12-i-facebook-bejegyzes\/","og_site_name":"dr. Lengyel R\u00f3bert","article_published_time":"2016-08-12T09:45:52+00:00","author":"webmaster","twitter_card":"summary_large_image","twitter_misc":{"Szerz\u0151:":"webmaster","Becs\u00fclt olvas\u00e1si id\u0151":"3 perc"},"schema":{"@context":"https:\/\/schema.org","@graph":[{"@type":"WebPage","@id":"https:\/\/www.lengyelrobert.hu\/index.php\/2016\/08\/12\/2016-08-12-i-facebook-bejegyzes\/","url":"https:\/\/www.lengyelrobert.hu\/index.php\/2016\/08\/12\/2016-08-12-i-facebook-bejegyzes\/","name":"2016.08.12-i Facebook bejegyz\u00e9s - dr. Lengyel R\u00f3bert","isPartOf":{"@id":"https:\/\/www.lengyelrobert.hu\/#website"},"datePublished":"2016-08-12T09:45:52+00:00","dateModified":"2016-08-12T09:45:52+00:00","author":{"@id":"https:\/\/www.lengyelrobert.hu\/#\/schema\/person\/2926fe5141a59e6530d8a411eb7bfb2d"},"breadcrumb":{"@id":"https:\/\/www.lengyelrobert.hu\/index.php\/2016\/08\/12\/2016-08-12-i-facebook-bejegyzes\/#breadcrumb"},"inLanguage":"hu","potentialAction":[{"@type":"ReadAction","target":["https:\/\/www.lengyelrobert.hu\/index.php\/2016\/08\/12\/2016-08-12-i-facebook-bejegyzes\/"]}]},{"@type":"BreadcrumbList","@id":"https:\/\/www.lengyelrobert.hu\/index.php\/2016\/08\/12\/2016-08-12-i-facebook-bejegyzes\/#breadcrumb","itemListElement":[{"@type":"ListItem","position":1,"name":"Home","item":"https:\/\/www.lengyelrobert.hu\/"},{"@type":"ListItem","position":2,"name":"2016.08.12-i Facebook bejegyz\u00e9s"}]},{"@type":"WebSite","@id":"https:\/\/www.lengyelrobert.hu\/#website","url":"https:\/\/www.lengyelrobert.hu\/","name":"dr. Lengyel R\u00f3bert","description":"A Becs\u00fclettel Si\u00f3fok\u00e9rt Egyes\u00fclet honlapja","potentialAction":[{"@type":"SearchAction","target":{"@type":"EntryPoint","urlTemplate":"https:\/\/www.lengyelrobert.hu\/?s={search_term_string}"},"query-input":{"@type":"PropertyValueSpecification","valueRequired":true,"valueName":"search_term_string"}}],"inLanguage":"hu"},{"@type":"Person","@id":"https:\/\/www.lengyelrobert.hu\/#\/schema\/person\/2926fe5141a59e6530d8a411eb7bfb2d","name":"webmaster","image":{"@type":"ImageObject","inLanguage":"hu","@id":"https:\/\/www.lengyelrobert.hu\/#\/schema\/person\/image\/","url":"https:\/\/secure.gravatar.com\/avatar\/d53f7fc01f188bb097ecc2caf950c777c2cdc1ec48a2d1726a8399a2188940b0?s=96&d=mm&r=g","contentUrl":"https:\/\/secure.gravatar.com\/avatar\/d53f7fc01f188bb097ecc2caf950c777c2cdc1ec48a2d1726a8399a2188940b0?s=96&d=mm&r=g","caption":"webmaster"},"sameAs":["https:\/\/www.lengyelrobert.hu"],"url":"https:\/\/www.lengyelrobert.hu\/index.php\/author\/webmaster\/"}]}},"_links":{"self":[{"href":"https:\/\/www.lengyelrobert.hu\/index.php\/wp-json\/wp\/v2\/posts\/5301","targetHints":{"allow":["GET"]}}],"collection":[{"href":"https:\/\/www.lengyelrobert.hu\/index.php\/wp-json\/wp\/v2\/posts"}],"about":[{"href":"https:\/\/www.lengyelrobert.hu\/index.php\/wp-json\/wp\/v2\/types\/post"}],"author":[{"embeddable":true,"href":"https:\/\/www.lengyelrobert.hu\/index.php\/wp-json\/wp\/v2\/users\/1"}],"replies":[{"embeddable":true,"href":"https:\/\/www.lengyelrobert.hu\/index.php\/wp-json\/wp\/v2\/comments?post=5301"}],"version-history":[{"count":0,"href":"https:\/\/www.lengyelrobert.hu\/index.php\/wp-json\/wp\/v2\/posts\/5301\/revisions"}],"wp:attachment":[{"href":"https:\/\/www.lengyelrobert.hu\/index.php\/wp-json\/wp\/v2\/media?parent=5301"}],"wp:term":[{"taxonomy":"category","embeddable":true,"href":"https:\/\/www.lengyelrobert.hu\/index.php\/wp-json\/wp\/v2\/categories?post=5301"},{"taxonomy":"post_tag","embeddable":true,"href":"https:\/\/www.lengyelrobert.hu\/index.php\/wp-json\/wp\/v2\/tags?post=5301"}],"curies":[{"name":"wp","href":"https:\/\/api.w.org\/{rel}","templated":true}]}}