{"id":5298,"date":"2016-08-16T12:13:06","date_gmt":"2016-08-16T10:13:06","guid":{"rendered":"https:\/\/www.lengyelrobert.hu\/uncategorized\/2016-08-16-i-facebook-bejegyzes\/"},"modified":"2016-08-16T12:13:06","modified_gmt":"2016-08-16T10:13:06","slug":"2016-08-16-i-facebook-bejegyzes","status":"publish","type":"post","link":"https:\/\/www.lengyelrobert.hu\/index.php\/2016\/08\/16\/2016-08-16-i-facebook-bejegyzes\/","title":{"rendered":"2016.08.16-i Facebook bejegyz\u00e9s"},"content":{"rendered":"<p>Kedves H\u00f6lgyek \u00e9s Urak!<\/p>\n<p>        M\u00e1ra 6500 l\u00e1jk gy\u0171lt \u00f6ssze a k\u00f6zszerepl\u0151i oldalamon. Alig p\u00e1r hete k\u00f6sz\u00f6ntem meg a 6400-adikat. \u00d6r\u00f6m, hogy a mi kis t\u00e1borunk \u00fajabb 100 taggal b\u0151v\u00fclt. Kicsit a sz\u00e1mok m\u00f6g\u00e9 n\u00e9ztem, \u00e9rdekess\u00e9gk\u00e9nt le\u00edrom: Eddig a vil\u00e1g 44 orsz\u00e1g\u00e1b\u00f3l \u00e9rkezett tetsz\u00e9s nyilv\u00e1n\u00edt\u00e1s. Hat\u00e1rainkon bel\u00fcl a legt\u00f6bbet Si\u00f3fokr\u00f3l kaptam, kapom, a t\u00f6bbi sorrendben Budapest, Kaposv\u00e1r, Sz\u00e9kesfeh\u00e9rv\u00e1r, P\u00e9cs, Balatonszabadi, Zam\u00e1rdi, S\u00e1gv\u00e1r, Paks&#8230; A kedvel\u0151im t\u00f6bb mint 2\/3-h\u00f6lgy, amit k\u00fcl\u00f6n is k\u00f6sz\u00f6n\u00f6k kedves mindny\u00e1juknak. Sokszor megk\u00e9rdezik t\u0151lem, \u00e9rdemes volt-e belev\u00e1gni ebbe az eg\u00e9szbe? \u00c9rdemes volt-e feladni oly sok mindent, elviselni, hogy adott esetben a hozz\u00e1d legk\u00f6zelebb \u00e1ll\u00f3k k\u00f6z\u00fcl \u00e1rul el, hagy cserben valaki, vagy \u00e9pp kapod alkalmank\u00e9nt \u00e9rdemtelen\u00fcl is a rosszindulat\u00fa t\u00e1mad\u00e1sokat? Azt szoktam mondani, hogy az emberek szeretete \u00e9s tisztelete sok minden\u00e9rt k\u00e1rp\u00f3tol. Az, hogy ilyen sokan olvasnak \u00e9s k\u00f6z\u00fcl\u00fck ilyen sz\u00e1mban a l\u00e1jkjaikkal is jelzik fel\u00e9m a bizalmukat \u00e9s\/vagy a szimp\u00e1ti\u00e1jukat, ennek a szeretetnek \u00e9s tiszteletnek egy megnyilv\u00e1nul\u00e1si form\u00e1ja. Aki meg el\u00e1rult, vagy ne adj&#8221;Isten a j\u00f6v\u0151ben el\u00e1rul, arr\u00f3l, azokr\u00f3l meg jobb is, ha kider\u00fcl, aminek el\u0151bb-ut\u00f3bb \u00fagy is ki kellett volna der\u00fclnie.<\/p>\n<p>        Sz\u00f3val a magam egyszer\u0171 m\u00f3dj\u00e1n: k\u00f6sz\u00f6n\u00f6m \u00d6n\u00f6knek, Nektek. Megtisztel\u0151 ezt a v\u00e1rost szolg\u00e1lni&#8230;<\/p>\n<p>        Bar\u00e1ts\u00e1ggal: R.<\/p>\n<p><a href=\"\"><\/a><\/p>\n","protected":false},"excerpt":{"rendered":"<p>Kedves H\u00f6lgyek \u00e9s Urak! M\u00e1ra 6500 l\u00e1jk gy\u0171lt \u00f6ssze a k\u00f6zszerepl\u0151i oldalamon. Alig p\u00e1r hete k\u00f6sz\u00f6ntem meg a 6400-adikat. \u00d6r\u00f6m, hogy a mi kis t\u00e1borunk \u00fajabb 100 taggal b\u0151v\u00fclt. Kicsit a sz\u00e1mok m\u00f6g\u00e9 n\u00e9ztem, \u00e9rdekess\u00e9gk\u00e9nt le\u00edrom: Eddig a vil\u00e1g 44 orsz\u00e1g\u00e1b\u00f3l \u00e9rkezett tetsz\u00e9s nyilv\u00e1n\u00edt\u00e1s. Hat\u00e1rainkon bel\u00fcl a legt\u00f6bbet Si\u00f3fokr\u00f3l kaptam, kapom, a t\u00f6bbi sorrendben Budapest, [&hellip;]<\/p>\n","protected":false},"author":1,"featured_media":0,"comment_status":"closed","ping_status":"closed","sticky":false,"template":"","format":"standard","meta":{"_acf_changed":false,"_et_pb_use_builder":"","_et_pb_old_content":"","_et_gb_content_width":"","footnotes":""},"categories":[1],"tags":[],"class_list":["post-5298","post","type-post","status-publish","format-standard","hentry","category-uncategorized"],"acf":[],"yoast_head":"<!-- This site is optimized with the Yoast SEO plugin v23.8 - https:\/\/yoast.com\/wordpress\/plugins\/seo\/ -->\n<title>2016.08.16-i Facebook bejegyz\u00e9s - dr. Lengyel R\u00f3bert<\/title>\n<meta name=\"robots\" content=\"index, follow, max-snippet:-1, max-image-preview:large, max-video-preview:-1\" \/>\n<link rel=\"canonical\" href=\"https:\/\/www.lengyelrobert.hu\/index.php\/2016\/08\/16\/2016-08-16-i-facebook-bejegyzes\/\" \/>\n<meta property=\"og:locale\" content=\"hu_HU\" \/>\n<meta property=\"og:type\" content=\"article\" \/>\n<meta property=\"og:title\" content=\"2016.08.16-i Facebook bejegyz\u00e9s - dr. Lengyel R\u00f3bert\" \/>\n<meta property=\"og:description\" content=\"Kedves H\u00f6lgyek \u00e9s Urak! M\u00e1ra 6500 l\u00e1jk gy\u0171lt \u00f6ssze a k\u00f6zszerepl\u0151i oldalamon. Alig p\u00e1r hete k\u00f6sz\u00f6ntem meg a 6400-adikat. \u00d6r\u00f6m, hogy a mi kis t\u00e1borunk \u00fajabb 100 taggal b\u0151v\u00fclt. Kicsit a sz\u00e1mok m\u00f6g\u00e9 n\u00e9ztem, \u00e9rdekess\u00e9gk\u00e9nt le\u00edrom: Eddig a vil\u00e1g 44 orsz\u00e1g\u00e1b\u00f3l \u00e9rkezett tetsz\u00e9s nyilv\u00e1n\u00edt\u00e1s. Hat\u00e1rainkon bel\u00fcl a legt\u00f6bbet Si\u00f3fokr\u00f3l kaptam, kapom, a t\u00f6bbi sorrendben Budapest, [&hellip;]\" \/>\n<meta property=\"og:url\" content=\"https:\/\/www.lengyelrobert.hu\/index.php\/2016\/08\/16\/2016-08-16-i-facebook-bejegyzes\/\" \/>\n<meta property=\"og:site_name\" content=\"dr. Lengyel R\u00f3bert\" \/>\n<meta property=\"article:published_time\" content=\"2016-08-16T10:13:06+00:00\" \/>\n<meta name=\"author\" content=\"webmaster\" \/>\n<meta name=\"twitter:card\" content=\"summary_large_image\" \/>\n<meta name=\"twitter:label1\" content=\"Szerz\u0151:\" \/>\n\t<meta name=\"twitter:data1\" content=\"webmaster\" \/>\n\t<meta name=\"twitter:label2\" content=\"Becs\u00fclt olvas\u00e1si id\u0151\" \/>\n\t<meta name=\"twitter:data2\" content=\"1 perc\" \/>\n<script type=\"application\/ld+json\" class=\"yoast-schema-graph\">{\"@context\":\"https:\/\/schema.org\",\"@graph\":[{\"@type\":\"WebPage\",\"@id\":\"https:\/\/www.lengyelrobert.hu\/index.php\/2016\/08\/16\/2016-08-16-i-facebook-bejegyzes\/\",\"url\":\"https:\/\/www.lengyelrobert.hu\/index.php\/2016\/08\/16\/2016-08-16-i-facebook-bejegyzes\/\",\"name\":\"2016.08.16-i Facebook bejegyz\u00e9s - dr. Lengyel R\u00f3bert\",\"isPartOf\":{\"@id\":\"https:\/\/www.lengyelrobert.hu\/#website\"},\"datePublished\":\"2016-08-16T10:13:06+00:00\",\"dateModified\":\"2016-08-16T10:13:06+00:00\",\"author\":{\"@id\":\"https:\/\/www.lengyelrobert.hu\/#\/schema\/person\/2926fe5141a59e6530d8a411eb7bfb2d\"},\"breadcrumb\":{\"@id\":\"https:\/\/www.lengyelrobert.hu\/index.php\/2016\/08\/16\/2016-08-16-i-facebook-bejegyzes\/#breadcrumb\"},\"inLanguage\":\"hu\",\"potentialAction\":[{\"@type\":\"ReadAction\",\"target\":[\"https:\/\/www.lengyelrobert.hu\/index.php\/2016\/08\/16\/2016-08-16-i-facebook-bejegyzes\/\"]}]},{\"@type\":\"BreadcrumbList\",\"@id\":\"https:\/\/www.lengyelrobert.hu\/index.php\/2016\/08\/16\/2016-08-16-i-facebook-bejegyzes\/#breadcrumb\",\"itemListElement\":[{\"@type\":\"ListItem\",\"position\":1,\"name\":\"Home\",\"item\":\"https:\/\/www.lengyelrobert.hu\/\"},{\"@type\":\"ListItem\",\"position\":2,\"name\":\"2016.08.16-i Facebook bejegyz\u00e9s\"}]},{\"@type\":\"WebSite\",\"@id\":\"https:\/\/www.lengyelrobert.hu\/#website\",\"url\":\"https:\/\/www.lengyelrobert.hu\/\",\"name\":\"dr. Lengyel R\u00f3bert\",\"description\":\"A Becs\u00fclettel Si\u00f3fok\u00e9rt Egyes\u00fclet honlapja\",\"potentialAction\":[{\"@type\":\"SearchAction\",\"target\":{\"@type\":\"EntryPoint\",\"urlTemplate\":\"https:\/\/www.lengyelrobert.hu\/?s={search_term_string}\"},\"query-input\":{\"@type\":\"PropertyValueSpecification\",\"valueRequired\":true,\"valueName\":\"search_term_string\"}}],\"inLanguage\":\"hu\"},{\"@type\":\"Person\",\"@id\":\"https:\/\/www.lengyelrobert.hu\/#\/schema\/person\/2926fe5141a59e6530d8a411eb7bfb2d\",\"name\":\"webmaster\",\"image\":{\"@type\":\"ImageObject\",\"inLanguage\":\"hu\",\"@id\":\"https:\/\/www.lengyelrobert.hu\/#\/schema\/person\/image\/\",\"url\":\"https:\/\/secure.gravatar.com\/avatar\/d53f7fc01f188bb097ecc2caf950c777c2cdc1ec48a2d1726a8399a2188940b0?s=96&d=mm&r=g\",\"contentUrl\":\"https:\/\/secure.gravatar.com\/avatar\/d53f7fc01f188bb097ecc2caf950c777c2cdc1ec48a2d1726a8399a2188940b0?s=96&d=mm&r=g\",\"caption\":\"webmaster\"},\"sameAs\":[\"https:\/\/www.lengyelrobert.hu\"],\"url\":\"https:\/\/www.lengyelrobert.hu\/index.php\/author\/webmaster\/\"}]}<\/script>\n<!-- \/ Yoast SEO plugin. -->","yoast_head_json":{"title":"2016.08.16-i Facebook bejegyz\u00e9s - dr. Lengyel R\u00f3bert","robots":{"index":"index","follow":"follow","max-snippet":"max-snippet:-1","max-image-preview":"max-image-preview:large","max-video-preview":"max-video-preview:-1"},"canonical":"https:\/\/www.lengyelrobert.hu\/index.php\/2016\/08\/16\/2016-08-16-i-facebook-bejegyzes\/","og_locale":"hu_HU","og_type":"article","og_title":"2016.08.16-i Facebook bejegyz\u00e9s - dr. Lengyel R\u00f3bert","og_description":"Kedves H\u00f6lgyek \u00e9s Urak! M\u00e1ra 6500 l\u00e1jk gy\u0171lt \u00f6ssze a k\u00f6zszerepl\u0151i oldalamon. Alig p\u00e1r hete k\u00f6sz\u00f6ntem meg a 6400-adikat. \u00d6r\u00f6m, hogy a mi kis t\u00e1borunk \u00fajabb 100 taggal b\u0151v\u00fclt. Kicsit a sz\u00e1mok m\u00f6g\u00e9 n\u00e9ztem, \u00e9rdekess\u00e9gk\u00e9nt le\u00edrom: Eddig a vil\u00e1g 44 orsz\u00e1g\u00e1b\u00f3l \u00e9rkezett tetsz\u00e9s nyilv\u00e1n\u00edt\u00e1s. Hat\u00e1rainkon bel\u00fcl a legt\u00f6bbet Si\u00f3fokr\u00f3l kaptam, kapom, a t\u00f6bbi sorrendben Budapest, [&hellip;]","og_url":"https:\/\/www.lengyelrobert.hu\/index.php\/2016\/08\/16\/2016-08-16-i-facebook-bejegyzes\/","og_site_name":"dr. Lengyel R\u00f3bert","article_published_time":"2016-08-16T10:13:06+00:00","author":"webmaster","twitter_card":"summary_large_image","twitter_misc":{"Szerz\u0151:":"webmaster","Becs\u00fclt olvas\u00e1si id\u0151":"1 perc"},"schema":{"@context":"https:\/\/schema.org","@graph":[{"@type":"WebPage","@id":"https:\/\/www.lengyelrobert.hu\/index.php\/2016\/08\/16\/2016-08-16-i-facebook-bejegyzes\/","url":"https:\/\/www.lengyelrobert.hu\/index.php\/2016\/08\/16\/2016-08-16-i-facebook-bejegyzes\/","name":"2016.08.16-i Facebook bejegyz\u00e9s - dr. Lengyel R\u00f3bert","isPartOf":{"@id":"https:\/\/www.lengyelrobert.hu\/#website"},"datePublished":"2016-08-16T10:13:06+00:00","dateModified":"2016-08-16T10:13:06+00:00","author":{"@id":"https:\/\/www.lengyelrobert.hu\/#\/schema\/person\/2926fe5141a59e6530d8a411eb7bfb2d"},"breadcrumb":{"@id":"https:\/\/www.lengyelrobert.hu\/index.php\/2016\/08\/16\/2016-08-16-i-facebook-bejegyzes\/#breadcrumb"},"inLanguage":"hu","potentialAction":[{"@type":"ReadAction","target":["https:\/\/www.lengyelrobert.hu\/index.php\/2016\/08\/16\/2016-08-16-i-facebook-bejegyzes\/"]}]},{"@type":"BreadcrumbList","@id":"https:\/\/www.lengyelrobert.hu\/index.php\/2016\/08\/16\/2016-08-16-i-facebook-bejegyzes\/#breadcrumb","itemListElement":[{"@type":"ListItem","position":1,"name":"Home","item":"https:\/\/www.lengyelrobert.hu\/"},{"@type":"ListItem","position":2,"name":"2016.08.16-i Facebook bejegyz\u00e9s"}]},{"@type":"WebSite","@id":"https:\/\/www.lengyelrobert.hu\/#website","url":"https:\/\/www.lengyelrobert.hu\/","name":"dr. Lengyel R\u00f3bert","description":"A Becs\u00fclettel Si\u00f3fok\u00e9rt Egyes\u00fclet honlapja","potentialAction":[{"@type":"SearchAction","target":{"@type":"EntryPoint","urlTemplate":"https:\/\/www.lengyelrobert.hu\/?s={search_term_string}"},"query-input":{"@type":"PropertyValueSpecification","valueRequired":true,"valueName":"search_term_string"}}],"inLanguage":"hu"},{"@type":"Person","@id":"https:\/\/www.lengyelrobert.hu\/#\/schema\/person\/2926fe5141a59e6530d8a411eb7bfb2d","name":"webmaster","image":{"@type":"ImageObject","inLanguage":"hu","@id":"https:\/\/www.lengyelrobert.hu\/#\/schema\/person\/image\/","url":"https:\/\/secure.gravatar.com\/avatar\/d53f7fc01f188bb097ecc2caf950c777c2cdc1ec48a2d1726a8399a2188940b0?s=96&d=mm&r=g","contentUrl":"https:\/\/secure.gravatar.com\/avatar\/d53f7fc01f188bb097ecc2caf950c777c2cdc1ec48a2d1726a8399a2188940b0?s=96&d=mm&r=g","caption":"webmaster"},"sameAs":["https:\/\/www.lengyelrobert.hu"],"url":"https:\/\/www.lengyelrobert.hu\/index.php\/author\/webmaster\/"}]}},"_links":{"self":[{"href":"https:\/\/www.lengyelrobert.hu\/index.php\/wp-json\/wp\/v2\/posts\/5298","targetHints":{"allow":["GET"]}}],"collection":[{"href":"https:\/\/www.lengyelrobert.hu\/index.php\/wp-json\/wp\/v2\/posts"}],"about":[{"href":"https:\/\/www.lengyelrobert.hu\/index.php\/wp-json\/wp\/v2\/types\/post"}],"author":[{"embeddable":true,"href":"https:\/\/www.lengyelrobert.hu\/index.php\/wp-json\/wp\/v2\/users\/1"}],"replies":[{"embeddable":true,"href":"https:\/\/www.lengyelrobert.hu\/index.php\/wp-json\/wp\/v2\/comments?post=5298"}],"version-history":[{"count":0,"href":"https:\/\/www.lengyelrobert.hu\/index.php\/wp-json\/wp\/v2\/posts\/5298\/revisions"}],"wp:attachment":[{"href":"https:\/\/www.lengyelrobert.hu\/index.php\/wp-json\/wp\/v2\/media?parent=5298"}],"wp:term":[{"taxonomy":"category","embeddable":true,"href":"https:\/\/www.lengyelrobert.hu\/index.php\/wp-json\/wp\/v2\/categories?post=5298"},{"taxonomy":"post_tag","embeddable":true,"href":"https:\/\/www.lengyelrobert.hu\/index.php\/wp-json\/wp\/v2\/tags?post=5298"}],"curies":[{"name":"wp","href":"https:\/\/api.w.org\/{rel}","templated":true}]}}