{"id":5291,"date":"2016-08-23T11:31:19","date_gmt":"2016-08-23T09:31:19","guid":{"rendered":"https:\/\/www.lengyelrobert.hu\/uncategorized\/2016-08-23-i-facebook-bejegyzes\/"},"modified":"2016-08-23T11:31:19","modified_gmt":"2016-08-23T09:31:19","slug":"2016-08-23-i-facebook-bejegyzes","status":"publish","type":"post","link":"https:\/\/www.lengyelrobert.hu\/index.php\/2016\/08\/23\/2016-08-23-i-facebook-bejegyzes\/","title":{"rendered":"2016.08.23-i Facebook bejegyz\u00e9s"},"content":{"rendered":"<p>Tisztelt Olvas\u00f3im!<\/p>\n<p>        Ma d\u00e9lel\u0151tt a Bel\u00fcgyminiszt\u00e9riumban fogadott Tasn\u00e1di L\u00e1szl\u00f3 \u00e1llamtitk\u00e1r \u00far, valamint Papp K\u00e1roly orsz\u00e1gos rend\u0151rf\u0151kapit\u00e1ny \u00far. \u00c1llamtitk\u00e1r \u00dart\u00f3l a si\u00f3foki meteorol\u00f3giai \u00e1llom\u00e1s \u00fcgy\u00e9ben k\u00e9rtem id\u0151pontot. A sajt\u00f3 is t\u00f6bbsz\u00f6r besz\u00e1molt r\u00f3la, hogy a Balaton parton l\u00e9v\u0151 meteorol\u00f3giai obszervat\u00f3rium melletti mag\u00e1n ter\u00fcleten, annak tulajdonosa emeletes \u00e9p\u00fclet kialak\u00edt\u00e1s\u00e1t tervezi. Ha \u00e9s amennyiben az eml\u00edtett \u00e9p\u00fcletet felh\u00fazz\u00e1k, a si\u00f3foki \u00e1llom\u00e1s nagyj\u00e1b\u00f3l becsukhatja  a kapukat, az id\u0151j\u00e1r\u00e1s-el\u0151rejelz\u00e9s\/viharjelz\u00e9s tekintet\u00e9ben Si\u00f3fok gyakorlatilag kiesik a m\u00e9r\u0151m\u0171szerek \u00e1ltal t\u00e1pl\u00e1lt rendszerb\u0151l. Ennek a k\u00f6vetkezm\u00e9nyei bel\u00e1thatatlanok lesznek. A probl\u00e9ma a megold\u00e1s\u00e1n dolgozunk az illet\u00e9kes miniszt\u00e9riumokkal, egyebek mellett a BM-el. A rend\u0151rs\u00e9g annyiban volt \u00e9rintett a megbesz\u00e9l\u00e9sen, hogy r\u00e9gi terv m\u00e1r valahol az \u00e1llom\u00e1s k\u00f6rny\u00e9k\u00e9n egy vizirend\u00e9szeti \u0151rs, esetleg viziment\u0151 b\u00e1zis kialak\u00edt\u00e1sa is. Keress\u00fck a megval\u00f3s\u00edt\u00e1s lehets\u00e9ges helysz\u00edn\u00e9t \u00e9s forr\u00e1sait is. \u00c1llamtitk\u00e1r \u00far egy\u00fcttm\u0171k\u00f6d\u00e9s\u00e9r\u0151l biztos\u00edtott, mint ahogy \u00e9n is felaj\u00e1nlottam Si\u00f3fok v\u00e1ros  egy\u00fcttm\u0171k\u00f6d\u00e9st a v\u00e1zolt probl\u00e9ma megold\u00e1s\u00e1ban, illetve egy esetleges BM-es beruh\u00e1z\u00e1s megval\u00f3s\u00edt\u00e1s\u00e1ban.<\/p>\n<p>        Tegnap jelezt\u00e9k r\u00e9szemre, hogy a Cs\u00e1rda utc\u00e1ban, egy halom haszn\u00e1lt aut\u00f3 gumit bor\u00edtott valaki kupacba \u00e9s hagyott h\u00e1tra. Nos, a kupac mag\u00e1n, nem pedig \u00f6nkorm\u00e1nyzati ter\u00fcleten volt lebor\u00edtva. Mint kider\u00fclt, egy k\u00f6zeli gokard p\u00e1lya \u00fctk\u00f6z\u0151 gumifal\u00e1nak darabjait pakolta oda a tulajdonos, elsz\u00e1ll\u00edt\u00e1s\u00e1ra a mai napon int\u00e9zkedik.<\/p>\n<p>        Ism\u00e9t \u00e9s nagyon sokadszor k\u00e9rem az oldal l\u00e1togat\u00f3it, hogy \u00fczeneteikkel, k\u00e9r\u00e9seikkel, ki\u00edr\u00e1saikkal ne bomb\u00e1zzanak, mert ezt a mennyis\u00e9g\u0171 levelet nem vagyok k\u00e9pes kezelni. Hivatalos \u00fcgyekben k\u00e9rem, hogy a hivatalon kereszt\u00fcl forduljanak hozz\u00e1m, illetve az illet\u00e9kes oszt\u00e1lyok k\u00e9pvisel\u0151ihez. A FB oldalam legyen t\u00e1j\u00e9koztat\u00f3 jelleg\u0171, ne tekintse senki az elektronikus \u00fcgyint\u00e9z\u00e9s eszk\u00f6z\u00e9nek. K\u00f6sz\u00f6n\u00f6m.<\/p>\n<p>        Bar\u00e1ts\u00e1ggal: R.<\/p>\n<p>        Ezt meg ink\u00e1bb nem komment\u00e1lom:<\/p>\n<p>        http:\/\/nol.hu\/belfold\/godot-ra-varnak-akik-azt-remelik-lemondok-a-kituntetesrol-ezt-mondta-lapunknak-bayer-zsolt-1628829<\/p>\n<p><a href=\"http:\/\/nol.hu\/belfold\/godot-ra-varnak-akik-azt-remelik-lemondok-a-kituntetesrol-ezt-mondta-lapunknak-bayer-zsolt-1628829\">http:\/\/nol.hu\/belfold\/godot-ra-varnak-akik-azt-remelik-lemondok-a-kituntetesrol-ezt-mondta-lapunknak-bayer-zsolt-1628829<\/a><\/p>\n","protected":false},"excerpt":{"rendered":"<p>Tisztelt Olvas\u00f3im! Ma d\u00e9lel\u0151tt a Bel\u00fcgyminiszt\u00e9riumban fogadott Tasn\u00e1di L\u00e1szl\u00f3 \u00e1llamtitk\u00e1r \u00far, valamint Papp K\u00e1roly orsz\u00e1gos rend\u0151rf\u0151kapit\u00e1ny \u00far. \u00c1llamtitk\u00e1r \u00dart\u00f3l a si\u00f3foki meteorol\u00f3giai \u00e1llom\u00e1s \u00fcgy\u00e9ben k\u00e9rtem id\u0151pontot. A sajt\u00f3 is t\u00f6bbsz\u00f6r besz\u00e1molt r\u00f3la, hogy a Balaton parton l\u00e9v\u0151 meteorol\u00f3giai obszervat\u00f3rium melletti mag\u00e1n ter\u00fcleten, annak tulajdonosa emeletes \u00e9p\u00fclet kialak\u00edt\u00e1s\u00e1t tervezi. Ha \u00e9s amennyiben az eml\u00edtett \u00e9p\u00fcletet felh\u00fazz\u00e1k, [&hellip;]<\/p>\n","protected":false},"author":1,"featured_media":0,"comment_status":"closed","ping_status":"closed","sticky":false,"template":"","format":"standard","meta":{"_acf_changed":false,"_et_pb_use_builder":"","_et_pb_old_content":"","_et_gb_content_width":"","footnotes":""},"categories":[1],"tags":[],"class_list":["post-5291","post","type-post","status-publish","format-standard","hentry","category-uncategorized"],"acf":[],"yoast_head":"<!-- This site is optimized with the Yoast SEO plugin v23.8 - https:\/\/yoast.com\/wordpress\/plugins\/seo\/ -->\n<title>2016.08.23-i Facebook bejegyz\u00e9s - dr. Lengyel R\u00f3bert<\/title>\n<meta name=\"robots\" content=\"index, follow, max-snippet:-1, max-image-preview:large, max-video-preview:-1\" \/>\n<link rel=\"canonical\" href=\"https:\/\/www.lengyelrobert.hu\/index.php\/2016\/08\/23\/2016-08-23-i-facebook-bejegyzes\/\" \/>\n<meta property=\"og:locale\" content=\"hu_HU\" \/>\n<meta property=\"og:type\" content=\"article\" \/>\n<meta property=\"og:title\" content=\"2016.08.23-i Facebook bejegyz\u00e9s - dr. Lengyel R\u00f3bert\" \/>\n<meta property=\"og:description\" content=\"Tisztelt Olvas\u00f3im! Ma d\u00e9lel\u0151tt a Bel\u00fcgyminiszt\u00e9riumban fogadott Tasn\u00e1di L\u00e1szl\u00f3 \u00e1llamtitk\u00e1r \u00far, valamint Papp K\u00e1roly orsz\u00e1gos rend\u0151rf\u0151kapit\u00e1ny \u00far. \u00c1llamtitk\u00e1r \u00dart\u00f3l a si\u00f3foki meteorol\u00f3giai \u00e1llom\u00e1s \u00fcgy\u00e9ben k\u00e9rtem id\u0151pontot. A sajt\u00f3 is t\u00f6bbsz\u00f6r besz\u00e1molt r\u00f3la, hogy a Balaton parton l\u00e9v\u0151 meteorol\u00f3giai obszervat\u00f3rium melletti mag\u00e1n ter\u00fcleten, annak tulajdonosa emeletes \u00e9p\u00fclet kialak\u00edt\u00e1s\u00e1t tervezi. Ha \u00e9s amennyiben az eml\u00edtett \u00e9p\u00fcletet felh\u00fazz\u00e1k, [&hellip;]\" \/>\n<meta property=\"og:url\" content=\"https:\/\/www.lengyelrobert.hu\/index.php\/2016\/08\/23\/2016-08-23-i-facebook-bejegyzes\/\" \/>\n<meta property=\"og:site_name\" content=\"dr. Lengyel R\u00f3bert\" \/>\n<meta property=\"article:published_time\" content=\"2016-08-23T09:31:19+00:00\" \/>\n<meta name=\"author\" content=\"webmaster\" \/>\n<meta name=\"twitter:card\" content=\"summary_large_image\" \/>\n<meta name=\"twitter:label1\" content=\"Szerz\u0151:\" \/>\n\t<meta name=\"twitter:data1\" content=\"webmaster\" \/>\n\t<meta name=\"twitter:label2\" content=\"Becs\u00fclt olvas\u00e1si id\u0151\" \/>\n\t<meta name=\"twitter:data2\" content=\"2 perc\" \/>\n<script type=\"application\/ld+json\" class=\"yoast-schema-graph\">{\"@context\":\"https:\/\/schema.org\",\"@graph\":[{\"@type\":\"WebPage\",\"@id\":\"https:\/\/www.lengyelrobert.hu\/index.php\/2016\/08\/23\/2016-08-23-i-facebook-bejegyzes\/\",\"url\":\"https:\/\/www.lengyelrobert.hu\/index.php\/2016\/08\/23\/2016-08-23-i-facebook-bejegyzes\/\",\"name\":\"2016.08.23-i Facebook bejegyz\u00e9s - dr. Lengyel R\u00f3bert\",\"isPartOf\":{\"@id\":\"https:\/\/www.lengyelrobert.hu\/#website\"},\"datePublished\":\"2016-08-23T09:31:19+00:00\",\"dateModified\":\"2016-08-23T09:31:19+00:00\",\"author\":{\"@id\":\"https:\/\/www.lengyelrobert.hu\/#\/schema\/person\/2926fe5141a59e6530d8a411eb7bfb2d\"},\"breadcrumb\":{\"@id\":\"https:\/\/www.lengyelrobert.hu\/index.php\/2016\/08\/23\/2016-08-23-i-facebook-bejegyzes\/#breadcrumb\"},\"inLanguage\":\"hu\",\"potentialAction\":[{\"@type\":\"ReadAction\",\"target\":[\"https:\/\/www.lengyelrobert.hu\/index.php\/2016\/08\/23\/2016-08-23-i-facebook-bejegyzes\/\"]}]},{\"@type\":\"BreadcrumbList\",\"@id\":\"https:\/\/www.lengyelrobert.hu\/index.php\/2016\/08\/23\/2016-08-23-i-facebook-bejegyzes\/#breadcrumb\",\"itemListElement\":[{\"@type\":\"ListItem\",\"position\":1,\"name\":\"Home\",\"item\":\"https:\/\/www.lengyelrobert.hu\/\"},{\"@type\":\"ListItem\",\"position\":2,\"name\":\"2016.08.23-i Facebook bejegyz\u00e9s\"}]},{\"@type\":\"WebSite\",\"@id\":\"https:\/\/www.lengyelrobert.hu\/#website\",\"url\":\"https:\/\/www.lengyelrobert.hu\/\",\"name\":\"dr. Lengyel R\u00f3bert\",\"description\":\"A Becs\u00fclettel Si\u00f3fok\u00e9rt Egyes\u00fclet honlapja\",\"potentialAction\":[{\"@type\":\"SearchAction\",\"target\":{\"@type\":\"EntryPoint\",\"urlTemplate\":\"https:\/\/www.lengyelrobert.hu\/?s={search_term_string}\"},\"query-input\":{\"@type\":\"PropertyValueSpecification\",\"valueRequired\":true,\"valueName\":\"search_term_string\"}}],\"inLanguage\":\"hu\"},{\"@type\":\"Person\",\"@id\":\"https:\/\/www.lengyelrobert.hu\/#\/schema\/person\/2926fe5141a59e6530d8a411eb7bfb2d\",\"name\":\"webmaster\",\"image\":{\"@type\":\"ImageObject\",\"inLanguage\":\"hu\",\"@id\":\"https:\/\/www.lengyelrobert.hu\/#\/schema\/person\/image\/\",\"url\":\"https:\/\/secure.gravatar.com\/avatar\/d53f7fc01f188bb097ecc2caf950c777c2cdc1ec48a2d1726a8399a2188940b0?s=96&d=mm&r=g\",\"contentUrl\":\"https:\/\/secure.gravatar.com\/avatar\/d53f7fc01f188bb097ecc2caf950c777c2cdc1ec48a2d1726a8399a2188940b0?s=96&d=mm&r=g\",\"caption\":\"webmaster\"},\"sameAs\":[\"https:\/\/www.lengyelrobert.hu\"],\"url\":\"https:\/\/www.lengyelrobert.hu\/index.php\/author\/webmaster\/\"}]}<\/script>\n<!-- \/ Yoast SEO plugin. -->","yoast_head_json":{"title":"2016.08.23-i Facebook bejegyz\u00e9s - dr. Lengyel R\u00f3bert","robots":{"index":"index","follow":"follow","max-snippet":"max-snippet:-1","max-image-preview":"max-image-preview:large","max-video-preview":"max-video-preview:-1"},"canonical":"https:\/\/www.lengyelrobert.hu\/index.php\/2016\/08\/23\/2016-08-23-i-facebook-bejegyzes\/","og_locale":"hu_HU","og_type":"article","og_title":"2016.08.23-i Facebook bejegyz\u00e9s - dr. Lengyel R\u00f3bert","og_description":"Tisztelt Olvas\u00f3im! Ma d\u00e9lel\u0151tt a Bel\u00fcgyminiszt\u00e9riumban fogadott Tasn\u00e1di L\u00e1szl\u00f3 \u00e1llamtitk\u00e1r \u00far, valamint Papp K\u00e1roly orsz\u00e1gos rend\u0151rf\u0151kapit\u00e1ny \u00far. \u00c1llamtitk\u00e1r \u00dart\u00f3l a si\u00f3foki meteorol\u00f3giai \u00e1llom\u00e1s \u00fcgy\u00e9ben k\u00e9rtem id\u0151pontot. A sajt\u00f3 is t\u00f6bbsz\u00f6r besz\u00e1molt r\u00f3la, hogy a Balaton parton l\u00e9v\u0151 meteorol\u00f3giai obszervat\u00f3rium melletti mag\u00e1n ter\u00fcleten, annak tulajdonosa emeletes \u00e9p\u00fclet kialak\u00edt\u00e1s\u00e1t tervezi. Ha \u00e9s amennyiben az eml\u00edtett \u00e9p\u00fcletet felh\u00fazz\u00e1k, [&hellip;]","og_url":"https:\/\/www.lengyelrobert.hu\/index.php\/2016\/08\/23\/2016-08-23-i-facebook-bejegyzes\/","og_site_name":"dr. Lengyel R\u00f3bert","article_published_time":"2016-08-23T09:31:19+00:00","author":"webmaster","twitter_card":"summary_large_image","twitter_misc":{"Szerz\u0151:":"webmaster","Becs\u00fclt olvas\u00e1si id\u0151":"2 perc"},"schema":{"@context":"https:\/\/schema.org","@graph":[{"@type":"WebPage","@id":"https:\/\/www.lengyelrobert.hu\/index.php\/2016\/08\/23\/2016-08-23-i-facebook-bejegyzes\/","url":"https:\/\/www.lengyelrobert.hu\/index.php\/2016\/08\/23\/2016-08-23-i-facebook-bejegyzes\/","name":"2016.08.23-i Facebook bejegyz\u00e9s - dr. Lengyel R\u00f3bert","isPartOf":{"@id":"https:\/\/www.lengyelrobert.hu\/#website"},"datePublished":"2016-08-23T09:31:19+00:00","dateModified":"2016-08-23T09:31:19+00:00","author":{"@id":"https:\/\/www.lengyelrobert.hu\/#\/schema\/person\/2926fe5141a59e6530d8a411eb7bfb2d"},"breadcrumb":{"@id":"https:\/\/www.lengyelrobert.hu\/index.php\/2016\/08\/23\/2016-08-23-i-facebook-bejegyzes\/#breadcrumb"},"inLanguage":"hu","potentialAction":[{"@type":"ReadAction","target":["https:\/\/www.lengyelrobert.hu\/index.php\/2016\/08\/23\/2016-08-23-i-facebook-bejegyzes\/"]}]},{"@type":"BreadcrumbList","@id":"https:\/\/www.lengyelrobert.hu\/index.php\/2016\/08\/23\/2016-08-23-i-facebook-bejegyzes\/#breadcrumb","itemListElement":[{"@type":"ListItem","position":1,"name":"Home","item":"https:\/\/www.lengyelrobert.hu\/"},{"@type":"ListItem","position":2,"name":"2016.08.23-i Facebook bejegyz\u00e9s"}]},{"@type":"WebSite","@id":"https:\/\/www.lengyelrobert.hu\/#website","url":"https:\/\/www.lengyelrobert.hu\/","name":"dr. Lengyel R\u00f3bert","description":"A Becs\u00fclettel Si\u00f3fok\u00e9rt Egyes\u00fclet honlapja","potentialAction":[{"@type":"SearchAction","target":{"@type":"EntryPoint","urlTemplate":"https:\/\/www.lengyelrobert.hu\/?s={search_term_string}"},"query-input":{"@type":"PropertyValueSpecification","valueRequired":true,"valueName":"search_term_string"}}],"inLanguage":"hu"},{"@type":"Person","@id":"https:\/\/www.lengyelrobert.hu\/#\/schema\/person\/2926fe5141a59e6530d8a411eb7bfb2d","name":"webmaster","image":{"@type":"ImageObject","inLanguage":"hu","@id":"https:\/\/www.lengyelrobert.hu\/#\/schema\/person\/image\/","url":"https:\/\/secure.gravatar.com\/avatar\/d53f7fc01f188bb097ecc2caf950c777c2cdc1ec48a2d1726a8399a2188940b0?s=96&d=mm&r=g","contentUrl":"https:\/\/secure.gravatar.com\/avatar\/d53f7fc01f188bb097ecc2caf950c777c2cdc1ec48a2d1726a8399a2188940b0?s=96&d=mm&r=g","caption":"webmaster"},"sameAs":["https:\/\/www.lengyelrobert.hu"],"url":"https:\/\/www.lengyelrobert.hu\/index.php\/author\/webmaster\/"}]}},"_links":{"self":[{"href":"https:\/\/www.lengyelrobert.hu\/index.php\/wp-json\/wp\/v2\/posts\/5291","targetHints":{"allow":["GET"]}}],"collection":[{"href":"https:\/\/www.lengyelrobert.hu\/index.php\/wp-json\/wp\/v2\/posts"}],"about":[{"href":"https:\/\/www.lengyelrobert.hu\/index.php\/wp-json\/wp\/v2\/types\/post"}],"author":[{"embeddable":true,"href":"https:\/\/www.lengyelrobert.hu\/index.php\/wp-json\/wp\/v2\/users\/1"}],"replies":[{"embeddable":true,"href":"https:\/\/www.lengyelrobert.hu\/index.php\/wp-json\/wp\/v2\/comments?post=5291"}],"version-history":[{"count":0,"href":"https:\/\/www.lengyelrobert.hu\/index.php\/wp-json\/wp\/v2\/posts\/5291\/revisions"}],"wp:attachment":[{"href":"https:\/\/www.lengyelrobert.hu\/index.php\/wp-json\/wp\/v2\/media?parent=5291"}],"wp:term":[{"taxonomy":"category","embeddable":true,"href":"https:\/\/www.lengyelrobert.hu\/index.php\/wp-json\/wp\/v2\/categories?post=5291"},{"taxonomy":"post_tag","embeddable":true,"href":"https:\/\/www.lengyelrobert.hu\/index.php\/wp-json\/wp\/v2\/tags?post=5291"}],"curies":[{"name":"wp","href":"https:\/\/api.w.org\/{rel}","templated":true}]}}