{"id":5282,"date":"2016-09-05T08:01:36","date_gmt":"2016-09-05T06:01:36","guid":{"rendered":"https:\/\/www.lengyelrobert.hu\/uncategorized\/2016-09-05-i-facebook-bejegyzes\/"},"modified":"2016-09-05T08:01:36","modified_gmt":"2016-09-05T06:01:36","slug":"2016-09-05-i-facebook-bejegyzes","status":"publish","type":"post","link":"https:\/\/www.lengyelrobert.hu\/index.php\/2016\/09\/05\/2016-09-05-i-facebook-bejegyzes\/","title":{"rendered":"2016.09.05-i Facebook bejegyz\u00e9s"},"content":{"rendered":"<p>Tisztelt Olvas\u00f3im!<\/p>\n<p>        M\u00e9g 2015, m\u00e1jus\u00e1ban fordultam lev\u00e9lben Orb\u00e1n Viktor minisztereln\u00f6k \u00farhoz. Akkor err\u0151l t\u00e1j\u00e9koztattam is olvas\u00f3imat. Le\u00edrtam azt is, hogy a v\u00e1laszr\u00f3l is t\u00e1j\u00e9koztat\u00e1st fogok adni. Sokan k\u00e9rdezt\u00e9k\/k\u00e9rdezik az\u00f3ta is, hogy \u00e1ll ez az \u00fcgy.<br \/>\n              Eml\u00e9keztet\u0151\u00fcl:<br \/>\n        El\u0151d\u00f6m, dr. Bal\u00e1zs \u00c1rp\u00e1d \u00far a v\u00e1laszt\u00e1sokat k\u00f6vet\u0151en a FB oldal\u00e1n \u00edrt arr\u00f3l, hogy egy budapesti rendezv\u00e9nyen  -melyen \u0151 is r\u00e9szt vett- Minisztereln\u00f6k \u00dar \u00e9rtetlens\u00e9g\u00e9nek adott hangot, miszerint telep\u00fcl\u00e9s\u00fcnk mi\u00e9rt nem fogadta el a Korm\u00e1ny t\u00e1mogat\u00e1s\u00e1t egy \u00faj v\u00e1rosh\u00e1za meg\u00e9p\u00edt\u00e9s\u00e9hez. Levelemben kifejtettem, hogy hivatalba l\u00e9p\u00e9semet k\u00f6veten, e t\u00e1rgyban semmilyen megkeres\u00e9s nem \u00e9rkezett hozz\u00e1m a korm\u00e1nyzat r\u00e9sz\u00e9r\u0151l. Id\u00e9zek a levelemb\u0151l:<br \/>\n        &#8220;&#8230; Azt gondolom, ilyen el\u0151zm\u00e9nyek ut\u00e1n az egyenes \u00fat a legj\u00e1rhat\u00f3bb \u00e9s k\u00f6zvetlen\u00fcl \u00d6nh\u00f6z fordulok nagy tisztelettel annak \u00e9rdek\u00e9ben, hogy korrekt v\u00e1laszt adhassak a si\u00f3fokiaknak. Ha nincs ilyen felaj\u00e1nl\u00e1s, akkor is, \u00e9s ha van, akkor is. Ut\u00f3bbi esetben \u00e1llok, \u00e1llunk a t\u00e1rgyal\u00e1sok el\u00e9.&#8221;<br \/>\n        Nos, erre a levelemre a mai napig nem \u00e9rkezett v\u00e1lasz. Ez a v\u00e1laszom a k\u00e9rdez\u0151knek.<\/p>\n<p>        A Pl\u00e1zs \u00fczemeltet\u0151i nev\u00e9ben   kaptam \u00edr\u00e1sos t\u00e1j\u00e9koztat\u00e1st arr\u00f3l, hogy az augusztus 27-i Adom\u00e1nyoz\u00e1si Nap keretein bel\u00fcl, 3 125 000 Ft adom\u00e1ny gy\u0171lt \u00f6ssze a si\u00f3foki k\u00f3rh\u00e1z  jav\u00e1ra. K\u00f6sz\u00f6nj\u00fck. T\u00e1j\u00e9koztattak arr\u00f3l is, hogy a ny\u00e1r folyam\u00e1n mintegy 150 ezer vend\u00e9ge volt a Pl\u00e1zsnak \u00e9s 50 ezren vettek r\u00e9szt a ter\u00fcleten szervezett koncerteken.<\/p>\n<p>        A BAHART t\u00e1j\u00e9k\u00e1r\u00f3l is kedvez\u0151 h\u00edrek \u00e9rkeznek az idei szezont illet\u0151en. Augusztus 15-ig bez\u00e1r\u00f3lag, mintegy 50 ezerrel t\u00f6bb utast regisztr\u00e1ltak a szem\u00e9lyhaj\u00f3ikon, mint 2015 hasonl\u00f3 id\u0151szak\u00e1ig. A kompok eset\u00e9ben + 30 ezer j\u00e1rm\u0171 \u00e9s +85 ezer utas a statisztika.<\/p>\n<p>        Szeptember 9-\u00e9n tan\u00e9vnyit\u00f3 a G\u00e1bor D\u00e9nes F\u0151iskola Si\u00f3foki Campus\u00e1n. A hallgat\u00f3i l\u00e9tsz\u00e1mr\u00f3l m\u00e9g nincsenek pontos adataim, de term\u00e9szetesen a magh\u00edv\u00e1snak eleget t\u00e9ve jelen leszek \u00e9s k\u00f6sz\u00f6nteni is fogom a tan\u00e1ri kart \u00e9s a di\u00e1kokat. <\/p>\n<p>        Bar\u00e1ts\u00e1ggal: R.<\/p>\n<p><a href=\"\"><\/a><\/p>\n","protected":false},"excerpt":{"rendered":"<p>Tisztelt Olvas\u00f3im! M\u00e9g 2015, m\u00e1jus\u00e1ban fordultam lev\u00e9lben Orb\u00e1n Viktor minisztereln\u00f6k \u00farhoz. Akkor err\u0151l t\u00e1j\u00e9koztattam is olvas\u00f3imat. Le\u00edrtam azt is, hogy a v\u00e1laszr\u00f3l is t\u00e1j\u00e9koztat\u00e1st fogok adni. Sokan k\u00e9rdezt\u00e9k\/k\u00e9rdezik az\u00f3ta is, hogy \u00e1ll ez az \u00fcgy. Eml\u00e9keztet\u0151\u00fcl: El\u0151d\u00f6m, dr. Bal\u00e1zs \u00c1rp\u00e1d \u00far a v\u00e1laszt\u00e1sokat k\u00f6vet\u0151en a FB oldal\u00e1n \u00edrt arr\u00f3l, hogy egy budapesti rendezv\u00e9nyen -melyen \u0151 [&hellip;]<\/p>\n","protected":false},"author":1,"featured_media":0,"comment_status":"closed","ping_status":"closed","sticky":false,"template":"","format":"standard","meta":{"_acf_changed":false,"_et_pb_use_builder":"","_et_pb_old_content":"","_et_gb_content_width":"","footnotes":""},"categories":[1],"tags":[],"class_list":["post-5282","post","type-post","status-publish","format-standard","hentry","category-uncategorized"],"acf":[],"yoast_head":"<!-- This site is optimized with the Yoast SEO plugin v23.8 - https:\/\/yoast.com\/wordpress\/plugins\/seo\/ -->\n<title>2016.09.05-i Facebook bejegyz\u00e9s - dr. Lengyel R\u00f3bert<\/title>\n<meta name=\"robots\" content=\"index, follow, max-snippet:-1, max-image-preview:large, max-video-preview:-1\" \/>\n<link rel=\"canonical\" href=\"https:\/\/www.lengyelrobert.hu\/index.php\/2016\/09\/05\/2016-09-05-i-facebook-bejegyzes\/\" \/>\n<meta property=\"og:locale\" content=\"hu_HU\" \/>\n<meta property=\"og:type\" content=\"article\" \/>\n<meta property=\"og:title\" content=\"2016.09.05-i Facebook bejegyz\u00e9s - dr. Lengyel R\u00f3bert\" \/>\n<meta property=\"og:description\" content=\"Tisztelt Olvas\u00f3im! M\u00e9g 2015, m\u00e1jus\u00e1ban fordultam lev\u00e9lben Orb\u00e1n Viktor minisztereln\u00f6k \u00farhoz. Akkor err\u0151l t\u00e1j\u00e9koztattam is olvas\u00f3imat. Le\u00edrtam azt is, hogy a v\u00e1laszr\u00f3l is t\u00e1j\u00e9koztat\u00e1st fogok adni. Sokan k\u00e9rdezt\u00e9k\/k\u00e9rdezik az\u00f3ta is, hogy \u00e1ll ez az \u00fcgy. Eml\u00e9keztet\u0151\u00fcl: El\u0151d\u00f6m, dr. Bal\u00e1zs \u00c1rp\u00e1d \u00far a v\u00e1laszt\u00e1sokat k\u00f6vet\u0151en a FB oldal\u00e1n \u00edrt arr\u00f3l, hogy egy budapesti rendezv\u00e9nyen -melyen \u0151 [&hellip;]\" \/>\n<meta property=\"og:url\" content=\"https:\/\/www.lengyelrobert.hu\/index.php\/2016\/09\/05\/2016-09-05-i-facebook-bejegyzes\/\" \/>\n<meta property=\"og:site_name\" content=\"dr. Lengyel R\u00f3bert\" \/>\n<meta property=\"article:published_time\" content=\"2016-09-05T06:01:36+00:00\" \/>\n<meta name=\"author\" content=\"webmaster\" \/>\n<meta name=\"twitter:card\" content=\"summary_large_image\" \/>\n<meta name=\"twitter:label1\" content=\"Szerz\u0151:\" \/>\n\t<meta name=\"twitter:data1\" content=\"webmaster\" \/>\n\t<meta name=\"twitter:label2\" content=\"Becs\u00fclt olvas\u00e1si id\u0151\" \/>\n\t<meta name=\"twitter:data2\" content=\"2 perc\" \/>\n<script type=\"application\/ld+json\" class=\"yoast-schema-graph\">{\"@context\":\"https:\/\/schema.org\",\"@graph\":[{\"@type\":\"WebPage\",\"@id\":\"https:\/\/www.lengyelrobert.hu\/index.php\/2016\/09\/05\/2016-09-05-i-facebook-bejegyzes\/\",\"url\":\"https:\/\/www.lengyelrobert.hu\/index.php\/2016\/09\/05\/2016-09-05-i-facebook-bejegyzes\/\",\"name\":\"2016.09.05-i Facebook bejegyz\u00e9s - dr. Lengyel R\u00f3bert\",\"isPartOf\":{\"@id\":\"https:\/\/www.lengyelrobert.hu\/#website\"},\"datePublished\":\"2016-09-05T06:01:36+00:00\",\"dateModified\":\"2016-09-05T06:01:36+00:00\",\"author\":{\"@id\":\"https:\/\/www.lengyelrobert.hu\/#\/schema\/person\/2926fe5141a59e6530d8a411eb7bfb2d\"},\"breadcrumb\":{\"@id\":\"https:\/\/www.lengyelrobert.hu\/index.php\/2016\/09\/05\/2016-09-05-i-facebook-bejegyzes\/#breadcrumb\"},\"inLanguage\":\"hu\",\"potentialAction\":[{\"@type\":\"ReadAction\",\"target\":[\"https:\/\/www.lengyelrobert.hu\/index.php\/2016\/09\/05\/2016-09-05-i-facebook-bejegyzes\/\"]}]},{\"@type\":\"BreadcrumbList\",\"@id\":\"https:\/\/www.lengyelrobert.hu\/index.php\/2016\/09\/05\/2016-09-05-i-facebook-bejegyzes\/#breadcrumb\",\"itemListElement\":[{\"@type\":\"ListItem\",\"position\":1,\"name\":\"Home\",\"item\":\"https:\/\/www.lengyelrobert.hu\/\"},{\"@type\":\"ListItem\",\"position\":2,\"name\":\"2016.09.05-i Facebook bejegyz\u00e9s\"}]},{\"@type\":\"WebSite\",\"@id\":\"https:\/\/www.lengyelrobert.hu\/#website\",\"url\":\"https:\/\/www.lengyelrobert.hu\/\",\"name\":\"dr. Lengyel R\u00f3bert\",\"description\":\"A Becs\u00fclettel Si\u00f3fok\u00e9rt Egyes\u00fclet honlapja\",\"potentialAction\":[{\"@type\":\"SearchAction\",\"target\":{\"@type\":\"EntryPoint\",\"urlTemplate\":\"https:\/\/www.lengyelrobert.hu\/?s={search_term_string}\"},\"query-input\":{\"@type\":\"PropertyValueSpecification\",\"valueRequired\":true,\"valueName\":\"search_term_string\"}}],\"inLanguage\":\"hu\"},{\"@type\":\"Person\",\"@id\":\"https:\/\/www.lengyelrobert.hu\/#\/schema\/person\/2926fe5141a59e6530d8a411eb7bfb2d\",\"name\":\"webmaster\",\"image\":{\"@type\":\"ImageObject\",\"inLanguage\":\"hu\",\"@id\":\"https:\/\/www.lengyelrobert.hu\/#\/schema\/person\/image\/\",\"url\":\"https:\/\/secure.gravatar.com\/avatar\/d53f7fc01f188bb097ecc2caf950c777c2cdc1ec48a2d1726a8399a2188940b0?s=96&d=mm&r=g\",\"contentUrl\":\"https:\/\/secure.gravatar.com\/avatar\/d53f7fc01f188bb097ecc2caf950c777c2cdc1ec48a2d1726a8399a2188940b0?s=96&d=mm&r=g\",\"caption\":\"webmaster\"},\"sameAs\":[\"https:\/\/www.lengyelrobert.hu\"],\"url\":\"https:\/\/www.lengyelrobert.hu\/index.php\/author\/webmaster\/\"}]}<\/script>\n<!-- \/ Yoast SEO plugin. -->","yoast_head_json":{"title":"2016.09.05-i Facebook bejegyz\u00e9s - dr. Lengyel R\u00f3bert","robots":{"index":"index","follow":"follow","max-snippet":"max-snippet:-1","max-image-preview":"max-image-preview:large","max-video-preview":"max-video-preview:-1"},"canonical":"https:\/\/www.lengyelrobert.hu\/index.php\/2016\/09\/05\/2016-09-05-i-facebook-bejegyzes\/","og_locale":"hu_HU","og_type":"article","og_title":"2016.09.05-i Facebook bejegyz\u00e9s - dr. Lengyel R\u00f3bert","og_description":"Tisztelt Olvas\u00f3im! M\u00e9g 2015, m\u00e1jus\u00e1ban fordultam lev\u00e9lben Orb\u00e1n Viktor minisztereln\u00f6k \u00farhoz. Akkor err\u0151l t\u00e1j\u00e9koztattam is olvas\u00f3imat. Le\u00edrtam azt is, hogy a v\u00e1laszr\u00f3l is t\u00e1j\u00e9koztat\u00e1st fogok adni. Sokan k\u00e9rdezt\u00e9k\/k\u00e9rdezik az\u00f3ta is, hogy \u00e1ll ez az \u00fcgy. Eml\u00e9keztet\u0151\u00fcl: El\u0151d\u00f6m, dr. Bal\u00e1zs \u00c1rp\u00e1d \u00far a v\u00e1laszt\u00e1sokat k\u00f6vet\u0151en a FB oldal\u00e1n \u00edrt arr\u00f3l, hogy egy budapesti rendezv\u00e9nyen -melyen \u0151 [&hellip;]","og_url":"https:\/\/www.lengyelrobert.hu\/index.php\/2016\/09\/05\/2016-09-05-i-facebook-bejegyzes\/","og_site_name":"dr. Lengyel R\u00f3bert","article_published_time":"2016-09-05T06:01:36+00:00","author":"webmaster","twitter_card":"summary_large_image","twitter_misc":{"Szerz\u0151:":"webmaster","Becs\u00fclt olvas\u00e1si id\u0151":"2 perc"},"schema":{"@context":"https:\/\/schema.org","@graph":[{"@type":"WebPage","@id":"https:\/\/www.lengyelrobert.hu\/index.php\/2016\/09\/05\/2016-09-05-i-facebook-bejegyzes\/","url":"https:\/\/www.lengyelrobert.hu\/index.php\/2016\/09\/05\/2016-09-05-i-facebook-bejegyzes\/","name":"2016.09.05-i Facebook bejegyz\u00e9s - dr. Lengyel R\u00f3bert","isPartOf":{"@id":"https:\/\/www.lengyelrobert.hu\/#website"},"datePublished":"2016-09-05T06:01:36+00:00","dateModified":"2016-09-05T06:01:36+00:00","author":{"@id":"https:\/\/www.lengyelrobert.hu\/#\/schema\/person\/2926fe5141a59e6530d8a411eb7bfb2d"},"breadcrumb":{"@id":"https:\/\/www.lengyelrobert.hu\/index.php\/2016\/09\/05\/2016-09-05-i-facebook-bejegyzes\/#breadcrumb"},"inLanguage":"hu","potentialAction":[{"@type":"ReadAction","target":["https:\/\/www.lengyelrobert.hu\/index.php\/2016\/09\/05\/2016-09-05-i-facebook-bejegyzes\/"]}]},{"@type":"BreadcrumbList","@id":"https:\/\/www.lengyelrobert.hu\/index.php\/2016\/09\/05\/2016-09-05-i-facebook-bejegyzes\/#breadcrumb","itemListElement":[{"@type":"ListItem","position":1,"name":"Home","item":"https:\/\/www.lengyelrobert.hu\/"},{"@type":"ListItem","position":2,"name":"2016.09.05-i Facebook bejegyz\u00e9s"}]},{"@type":"WebSite","@id":"https:\/\/www.lengyelrobert.hu\/#website","url":"https:\/\/www.lengyelrobert.hu\/","name":"dr. Lengyel R\u00f3bert","description":"A Becs\u00fclettel Si\u00f3fok\u00e9rt Egyes\u00fclet honlapja","potentialAction":[{"@type":"SearchAction","target":{"@type":"EntryPoint","urlTemplate":"https:\/\/www.lengyelrobert.hu\/?s={search_term_string}"},"query-input":{"@type":"PropertyValueSpecification","valueRequired":true,"valueName":"search_term_string"}}],"inLanguage":"hu"},{"@type":"Person","@id":"https:\/\/www.lengyelrobert.hu\/#\/schema\/person\/2926fe5141a59e6530d8a411eb7bfb2d","name":"webmaster","image":{"@type":"ImageObject","inLanguage":"hu","@id":"https:\/\/www.lengyelrobert.hu\/#\/schema\/person\/image\/","url":"https:\/\/secure.gravatar.com\/avatar\/d53f7fc01f188bb097ecc2caf950c777c2cdc1ec48a2d1726a8399a2188940b0?s=96&d=mm&r=g","contentUrl":"https:\/\/secure.gravatar.com\/avatar\/d53f7fc01f188bb097ecc2caf950c777c2cdc1ec48a2d1726a8399a2188940b0?s=96&d=mm&r=g","caption":"webmaster"},"sameAs":["https:\/\/www.lengyelrobert.hu"],"url":"https:\/\/www.lengyelrobert.hu\/index.php\/author\/webmaster\/"}]}},"_links":{"self":[{"href":"https:\/\/www.lengyelrobert.hu\/index.php\/wp-json\/wp\/v2\/posts\/5282","targetHints":{"allow":["GET"]}}],"collection":[{"href":"https:\/\/www.lengyelrobert.hu\/index.php\/wp-json\/wp\/v2\/posts"}],"about":[{"href":"https:\/\/www.lengyelrobert.hu\/index.php\/wp-json\/wp\/v2\/types\/post"}],"author":[{"embeddable":true,"href":"https:\/\/www.lengyelrobert.hu\/index.php\/wp-json\/wp\/v2\/users\/1"}],"replies":[{"embeddable":true,"href":"https:\/\/www.lengyelrobert.hu\/index.php\/wp-json\/wp\/v2\/comments?post=5282"}],"version-history":[{"count":0,"href":"https:\/\/www.lengyelrobert.hu\/index.php\/wp-json\/wp\/v2\/posts\/5282\/revisions"}],"wp:attachment":[{"href":"https:\/\/www.lengyelrobert.hu\/index.php\/wp-json\/wp\/v2\/media?parent=5282"}],"wp:term":[{"taxonomy":"category","embeddable":true,"href":"https:\/\/www.lengyelrobert.hu\/index.php\/wp-json\/wp\/v2\/categories?post=5282"},{"taxonomy":"post_tag","embeddable":true,"href":"https:\/\/www.lengyelrobert.hu\/index.php\/wp-json\/wp\/v2\/tags?post=5282"}],"curies":[{"name":"wp","href":"https:\/\/api.w.org\/{rel}","templated":true}]}}