{"id":5275,"date":"2016-09-14T13:08:18","date_gmt":"2016-09-14T11:08:18","guid":{"rendered":"https:\/\/www.lengyelrobert.hu\/uncategorized\/2016-09-14-i-facebook-bejegyzes\/"},"modified":"2016-09-14T13:08:18","modified_gmt":"2016-09-14T11:08:18","slug":"2016-09-14-i-facebook-bejegyzes","status":"publish","type":"post","link":"https:\/\/www.lengyelrobert.hu\/index.php\/2016\/09\/14\/2016-09-14-i-facebook-bejegyzes\/","title":{"rendered":"2016.09.14-i Facebook bejegyz\u00e9s"},"content":{"rendered":"<p>Tisztelt Olvas\u00f3im!<\/p>\n<p>        A Jobbik Magyarorsz\u00e1g\u00e9rt Mozgalom tegnap este sajt\u00f3t\u00e1j\u00e9koztat\u00f3ra sz\u00f3l\u00f3 megh\u00edv\u00f3t k\u00fcld\u00f6tt sz\u00e9t a m\u00e9di\u00e1k k\u00e9pvisel\u0151inek, miszerint ma 13.00 \u00f3rakor  sajt\u00f3t\u00e1j\u00e9koztat\u00f3n mutatj\u00e1k be a si\u00f3foki alapszervezet\u00fck \u00faj eln\u00f6k\u00e9t, aki egyben Si\u00f3fok egyik v\u00e1rosvezet\u0151je. Nos, a feh\u00e9r f\u00fcst felsz\u00e1llt, a tegnap esti taggy\u0171l\u00e9s Potocsk\u00e1n\u00e9 K\u0151r\u00f6si Anita alpolg\u00e1rmester asszonyt v\u00e1lasztotta eln\u00f6kk\u00e9. Gratul\u00e1lok Anit\u00e1nak \u00e9s sok kitart\u00e1st, er\u0151t \u00e9s t\u00fcrelmet k\u00edv\u00e1nok eln\u00f6ki munk\u00e1j\u00e1hoz. A magam eszk\u00f6zeivel seg\u00edtem \u0151t, hisz \u0151 is lassan k\u00e9t \u00e9ve, j\u00f3ban-rosszban itt \u00e1llt \u00e9s \u00e1ll mellettem.<\/p>\n<p>        Persze egy csom\u00f3 s\u00fcletlens\u00e9g m\u00e1r tegnap este elkezdett keringeni itt a FB-on \u00e9s m\u00e1r el\u0151re kaptam hideget-meleget, els\u0151sorban a szok\u00e1sos &#8220;rajong\u00f3imt\u00f3l&#8221;. Mert h\u00e1t a j\u00f3l \u00e9rtes\u00fcltek tudni v\u00e9lt\u00e9k, hogy \u00e9n leszek az \u00faj ember. A sajt\u00f3t\u00e1j\u00e9koztat\u00f3ra a si\u00f3foki  narancs p\u00f3l\u00f3s m\u00e9dia-imit\u00e1torok, v\u00e9lhet\u0151en nekem \u00f6ssze\u00e1ll\u00edtott k\u00e9rd\u00e9ssorral \u00e9rkeztek, \u00edgy t\u00e1madt n\u00e9mi zavar, hogy akkor most mi is van, kit is k\u00e9ne bet\u00e1madni val\u00f3j\u00e1ban? (Sajn\u00e1lom, hogy v\u00e9lhet\u0151en eg\u00e9sz \u00e9jjel azon dolgozott az appar\u00e1tus, hogy \u00f6ssze\u00e1lljon a lista, de h\u00e1t poty\u00e1ra.) Egy budapesti \u00fajs\u00e1g\u00edr\u00f3 is k\u00fcl\u00f6n r\u00e1k\u00e9rdezett, hogy akkor m\u00e9gsem a volt rend\u0151rkapit\u00e1ny az \u00faj ember? Mert h\u00e1t a FB-on ilyeneket olvasott.<br \/>\n            Sz\u00f3val, \u00fczenn\u00e9m annak a fiatal embernek, akit m\u00e9g rend\u0151rkapit\u00e1ny koromb\u00f3l ismerek (mert, hogy abban az id\u0151ben \u0151 \u00e9pp a velem ellent\u00e9tes oldalon focizott, s\u0151t, egy id\u0151re a f\u00e1radalmait kipihenend\u0151, h\u0171v\u00f6sre is vonult), hogy feleslegesen keltette a p\u00e1nikot a k\u00f6z\u00f6ss\u00e9gi oldalon \u00e9s  rugaszkodott neki sokadszor az \u00e9n lej\u00e1rat\u00e1somnak, okozott mag\u00e1nak is \u00e9s megb\u00edz\u00f3inak is felesleges izgalmakat. M\u00e1r megint h\u00fclyes\u00e9geket \u00edrogatott. \u00dczenn\u00e9m neki azt is, hogy a v\u00e1rosvezet\u00e9ssel kapcsolatos javaslatait a j\u00f6v\u0151ben sem k\u00edv\u00e1nom megsz\u00edvlelni, de ha majd egyszer b\u0171n\u00f6z\u00e9sre adom a fejem, \u0151 lesz az els\u0151, akit\u0151l szakmai tan\u00e1csokat fogok k\u00e9rni.<br \/>\n            Azt\u00e1n meg az exjobbikos, FIDESZ, vagy \u00e9ppen mikor, milyen szimpatiz\u00e1ns politikus-aspir\u00e1nsnak \u00fczenn\u00e9m (aki szint\u00e9n mint \u00faj Jobbik eln\u00f6k\u00f6t &#8220;m\u00e9ltatott&#8221;), hogy ne engem hib\u00e1ztasson amiatt, hogy megm\u00e9rettette mag\u00e1t valahol \u00e9s valamikor, azt\u00e1n az emberek meg nem k\u00e9rtek var\u00e1zslatos szem\u00e9lyis\u00e9g\u00e9b\u0151l egy grammnyit sem. Kicsit m\u00e9g kup\u00e1l\u00f3djon, tanuljon, szerezzen tapasztalatokat, d\u00f6ntse el v\u00e9gre, hogy melyik oldalon is \u00e1ll, \u00e9s tal\u00e1n majd m\u00e1skor lesz es\u00e9lye. Sok sikert hozz\u00e1.<\/p>\n<p>        Sz\u00f3val:<br \/>\n        \u00c9n 2014 \u0151sz\u00e9n f\u00fcggetlen jel\u00f6ltk\u00e9nt indultam el a versenyfut\u00e1son. T\u00f6bb mint 6 000-es szavaz\u00f3t\u00e1borom a legk\u00fcl\u00f6nb\u00f6z\u0151bb p\u00e1rtok szimpatiz\u00e1nsaib\u00f3l \u00e9s p\u00e1rtf\u00fcggetlenekb\u0151l tev\u0151d\u00f6tt \u00f6ssze. Az egy dolog, hogy van bels\u0151 meggy\u0151z\u0151d\u00e9sem, nekem is van hozz\u00e1m legk\u00f6zelebb \u00e1ll\u00f3 p\u00e1rt, mint \u00e1ltal\u00e1ban a legt\u00f6bb embernek, de nem k\u00f6telez\u0151d\u00f6k el. Nem akarok senkit becsapni, ezt a ciklust f\u00fcggetlenk\u00e9nt csin\u00e1lom, mert \u00edgy v\u00e1lasztottak meg a si\u00f3fokiak \u00e9s nekem az itt \u00e9l\u0151k t\u00f6bbs\u00e9g\u00e9nek bizalma, szeretete t\u00f6bbet jelent, mint b\u00e1rmilyen p\u00e1rtpolitikai karrier-lehet\u0151s\u00e9g. Ha a j\u00f6v\u0151ben \u00fagy d\u00f6nten\u00e9k, hogy p\u00e1rtpolitikusk\u00e9nt dolgozok tov\u00e1bb, akkor korrekt m\u00f3don ki\u00e1lln\u00e9k a si\u00f3fokiak el\u00e9, elmondan\u00e1m az \u00e9rveimet, nem \u00e1ruln\u00e9k zs\u00e1kbamacsk\u00e1t \u00e9s ny\u00edltan v\u00e1llaln\u00e1m  p\u00e1rtsz\u00ednben, vagy ak\u00e1r csak p\u00e1rt t\u00e1mogat\u00e1ssal is a megm\u00e9rettet\u00e9st. A d\u00f6nt\u00e9s pedig az \u00d6n\u00f6k, a Ti kezetekben lenne \u00fagy is&#8230; <\/p>\n<p>        Dolgozok tov\u00e1bb a v\u00e1rosunk\u00e9rt, harcolok tov\u00e1bb a korrupci\u00f3, a helyi korrupt gazemberek ellen \u00e9s ebben a munk\u00e1mban egy\u00fctt fogok m\u0171k\u00f6dni a Jobbikkal (is).<br \/>\n        Azt\u00e1n alternat\u00edv\u00e1t k\u00edv\u00e1nok mutatni \u00e9s jelenteni mindazoknak, akik nem \u00e9rtenek egyet  a helyi korm\u00e1nyp\u00e1rti retorik\u00e1val, t\u00e9nyked\u00e9ssel. Igyekszem ezeket az embereket p\u00e1rtszimp\u00e1ti\u00e1jukt\u00f3l f\u00fcggetlen\u00fcl egy platformra hozni, illetve ott tartani. Ez a v\u00e1ltoz\u00e1s z\u00e1loga, ez a v\u00e1ros j\u00f6v\u0151je meggy\u0151z\u0151d\u00e9sem szerint.<br \/>\n          Volt olyan, aki r\u00fatul el\u00e1rult, voltak olyanok, akik h\u00e1tba sz\u00fartak ezen a r\u00f6g\u00f6s \u00faton, amelyen elindultam imm\u00e1ron k\u00e9t \u00e9ve, de rengeteg-rengeteg  tiszteletet \u00e9s szeretet is kaptam sok-sok si\u00f3fokit\u00f3l, de m\u00e1s telep\u00fcl\u00e9sek lak\u00f3it\u00f3l is, amelyet nem tudok el\u00e9gszer megk\u00f6sz\u00f6nni. Legfeljebb azzal, hogy csin\u00e1lom tov\u00e1bb&#8230;<\/p>\n<p>        Bar\u00e1ts\u00e1ggal: R.<br \/>\n        http:\/\/www.sonline.hu\/somogy\/kozelet\/szezonertekelo-megdobbento-siofoki-adat-a-buncselekmenyekrol-683546<\/p>\n<p><a href=\"http:\/\/www.sonline.hu\/somogy\/kozelet\/szezonertekelo-megdobbento-siofoki-adat-a-buncselekmenyekrol-683546\">http:\/\/www.sonline.hu\/somogy\/kozelet\/szezonertekelo-megdobbento-siofoki-adat-a-buncselekmenyekrol-683546<\/a><\/p>\n","protected":false},"excerpt":{"rendered":"<p>Tisztelt Olvas\u00f3im! A Jobbik Magyarorsz\u00e1g\u00e9rt Mozgalom tegnap este sajt\u00f3t\u00e1j\u00e9koztat\u00f3ra sz\u00f3l\u00f3 megh\u00edv\u00f3t k\u00fcld\u00f6tt sz\u00e9t a m\u00e9di\u00e1k k\u00e9pvisel\u0151inek, miszerint ma 13.00 \u00f3rakor sajt\u00f3t\u00e1j\u00e9koztat\u00f3n mutatj\u00e1k be a si\u00f3foki alapszervezet\u00fck \u00faj eln\u00f6k\u00e9t, aki egyben Si\u00f3fok egyik v\u00e1rosvezet\u0151je. Nos, a feh\u00e9r f\u00fcst felsz\u00e1llt, a tegnap esti taggy\u0171l\u00e9s Potocsk\u00e1n\u00e9 K\u0151r\u00f6si Anita alpolg\u00e1rmester asszonyt v\u00e1lasztotta eln\u00f6kk\u00e9. Gratul\u00e1lok Anit\u00e1nak \u00e9s sok kitart\u00e1st, er\u0151t [&hellip;]<\/p>\n","protected":false},"author":1,"featured_media":0,"comment_status":"closed","ping_status":"closed","sticky":false,"template":"","format":"standard","meta":{"_acf_changed":false,"_et_pb_use_builder":"","_et_pb_old_content":"","_et_gb_content_width":"","footnotes":""},"categories":[1],"tags":[],"class_list":["post-5275","post","type-post","status-publish","format-standard","hentry","category-uncategorized"],"acf":[],"yoast_head":"<!-- This site is optimized with the Yoast SEO plugin v23.8 - https:\/\/yoast.com\/wordpress\/plugins\/seo\/ -->\n<title>2016.09.14-i Facebook bejegyz\u00e9s - dr. Lengyel R\u00f3bert<\/title>\n<meta name=\"robots\" content=\"index, follow, max-snippet:-1, max-image-preview:large, max-video-preview:-1\" \/>\n<link rel=\"canonical\" href=\"https:\/\/www.lengyelrobert.hu\/index.php\/2016\/09\/14\/2016-09-14-i-facebook-bejegyzes\/\" \/>\n<meta property=\"og:locale\" content=\"hu_HU\" \/>\n<meta property=\"og:type\" content=\"article\" \/>\n<meta property=\"og:title\" content=\"2016.09.14-i Facebook bejegyz\u00e9s - dr. Lengyel R\u00f3bert\" \/>\n<meta property=\"og:description\" content=\"Tisztelt Olvas\u00f3im! A Jobbik Magyarorsz\u00e1g\u00e9rt Mozgalom tegnap este sajt\u00f3t\u00e1j\u00e9koztat\u00f3ra sz\u00f3l\u00f3 megh\u00edv\u00f3t k\u00fcld\u00f6tt sz\u00e9t a m\u00e9di\u00e1k k\u00e9pvisel\u0151inek, miszerint ma 13.00 \u00f3rakor sajt\u00f3t\u00e1j\u00e9koztat\u00f3n mutatj\u00e1k be a si\u00f3foki alapszervezet\u00fck \u00faj eln\u00f6k\u00e9t, aki egyben Si\u00f3fok egyik v\u00e1rosvezet\u0151je. Nos, a feh\u00e9r f\u00fcst felsz\u00e1llt, a tegnap esti taggy\u0171l\u00e9s Potocsk\u00e1n\u00e9 K\u0151r\u00f6si Anita alpolg\u00e1rmester asszonyt v\u00e1lasztotta eln\u00f6kk\u00e9. Gratul\u00e1lok Anit\u00e1nak \u00e9s sok kitart\u00e1st, er\u0151t [&hellip;]\" \/>\n<meta property=\"og:url\" content=\"https:\/\/www.lengyelrobert.hu\/index.php\/2016\/09\/14\/2016-09-14-i-facebook-bejegyzes\/\" \/>\n<meta property=\"og:site_name\" content=\"dr. Lengyel R\u00f3bert\" \/>\n<meta property=\"article:published_time\" content=\"2016-09-14T11:08:18+00:00\" \/>\n<meta name=\"author\" content=\"webmaster\" \/>\n<meta name=\"twitter:card\" content=\"summary_large_image\" \/>\n<meta name=\"twitter:label1\" content=\"Szerz\u0151:\" \/>\n\t<meta name=\"twitter:data1\" content=\"webmaster\" \/>\n\t<meta name=\"twitter:label2\" content=\"Becs\u00fclt olvas\u00e1si id\u0151\" \/>\n\t<meta name=\"twitter:data2\" content=\"4 perc\" \/>\n<script type=\"application\/ld+json\" class=\"yoast-schema-graph\">{\"@context\":\"https:\/\/schema.org\",\"@graph\":[{\"@type\":\"WebPage\",\"@id\":\"https:\/\/www.lengyelrobert.hu\/index.php\/2016\/09\/14\/2016-09-14-i-facebook-bejegyzes\/\",\"url\":\"https:\/\/www.lengyelrobert.hu\/index.php\/2016\/09\/14\/2016-09-14-i-facebook-bejegyzes\/\",\"name\":\"2016.09.14-i Facebook bejegyz\u00e9s - dr. Lengyel R\u00f3bert\",\"isPartOf\":{\"@id\":\"https:\/\/www.lengyelrobert.hu\/#website\"},\"datePublished\":\"2016-09-14T11:08:18+00:00\",\"dateModified\":\"2016-09-14T11:08:18+00:00\",\"author\":{\"@id\":\"https:\/\/www.lengyelrobert.hu\/#\/schema\/person\/2926fe5141a59e6530d8a411eb7bfb2d\"},\"breadcrumb\":{\"@id\":\"https:\/\/www.lengyelrobert.hu\/index.php\/2016\/09\/14\/2016-09-14-i-facebook-bejegyzes\/#breadcrumb\"},\"inLanguage\":\"hu\",\"potentialAction\":[{\"@type\":\"ReadAction\",\"target\":[\"https:\/\/www.lengyelrobert.hu\/index.php\/2016\/09\/14\/2016-09-14-i-facebook-bejegyzes\/\"]}]},{\"@type\":\"BreadcrumbList\",\"@id\":\"https:\/\/www.lengyelrobert.hu\/index.php\/2016\/09\/14\/2016-09-14-i-facebook-bejegyzes\/#breadcrumb\",\"itemListElement\":[{\"@type\":\"ListItem\",\"position\":1,\"name\":\"Home\",\"item\":\"https:\/\/www.lengyelrobert.hu\/\"},{\"@type\":\"ListItem\",\"position\":2,\"name\":\"2016.09.14-i Facebook bejegyz\u00e9s\"}]},{\"@type\":\"WebSite\",\"@id\":\"https:\/\/www.lengyelrobert.hu\/#website\",\"url\":\"https:\/\/www.lengyelrobert.hu\/\",\"name\":\"dr. Lengyel R\u00f3bert\",\"description\":\"A Becs\u00fclettel Si\u00f3fok\u00e9rt Egyes\u00fclet honlapja\",\"potentialAction\":[{\"@type\":\"SearchAction\",\"target\":{\"@type\":\"EntryPoint\",\"urlTemplate\":\"https:\/\/www.lengyelrobert.hu\/?s={search_term_string}\"},\"query-input\":{\"@type\":\"PropertyValueSpecification\",\"valueRequired\":true,\"valueName\":\"search_term_string\"}}],\"inLanguage\":\"hu\"},{\"@type\":\"Person\",\"@id\":\"https:\/\/www.lengyelrobert.hu\/#\/schema\/person\/2926fe5141a59e6530d8a411eb7bfb2d\",\"name\":\"webmaster\",\"image\":{\"@type\":\"ImageObject\",\"inLanguage\":\"hu\",\"@id\":\"https:\/\/www.lengyelrobert.hu\/#\/schema\/person\/image\/\",\"url\":\"https:\/\/secure.gravatar.com\/avatar\/d53f7fc01f188bb097ecc2caf950c777c2cdc1ec48a2d1726a8399a2188940b0?s=96&d=mm&r=g\",\"contentUrl\":\"https:\/\/secure.gravatar.com\/avatar\/d53f7fc01f188bb097ecc2caf950c777c2cdc1ec48a2d1726a8399a2188940b0?s=96&d=mm&r=g\",\"caption\":\"webmaster\"},\"sameAs\":[\"https:\/\/www.lengyelrobert.hu\"],\"url\":\"https:\/\/www.lengyelrobert.hu\/index.php\/author\/webmaster\/\"}]}<\/script>\n<!-- \/ Yoast SEO plugin. -->","yoast_head_json":{"title":"2016.09.14-i Facebook bejegyz\u00e9s - dr. Lengyel R\u00f3bert","robots":{"index":"index","follow":"follow","max-snippet":"max-snippet:-1","max-image-preview":"max-image-preview:large","max-video-preview":"max-video-preview:-1"},"canonical":"https:\/\/www.lengyelrobert.hu\/index.php\/2016\/09\/14\/2016-09-14-i-facebook-bejegyzes\/","og_locale":"hu_HU","og_type":"article","og_title":"2016.09.14-i Facebook bejegyz\u00e9s - dr. Lengyel R\u00f3bert","og_description":"Tisztelt Olvas\u00f3im! A Jobbik Magyarorsz\u00e1g\u00e9rt Mozgalom tegnap este sajt\u00f3t\u00e1j\u00e9koztat\u00f3ra sz\u00f3l\u00f3 megh\u00edv\u00f3t k\u00fcld\u00f6tt sz\u00e9t a m\u00e9di\u00e1k k\u00e9pvisel\u0151inek, miszerint ma 13.00 \u00f3rakor sajt\u00f3t\u00e1j\u00e9koztat\u00f3n mutatj\u00e1k be a si\u00f3foki alapszervezet\u00fck \u00faj eln\u00f6k\u00e9t, aki egyben Si\u00f3fok egyik v\u00e1rosvezet\u0151je. Nos, a feh\u00e9r f\u00fcst felsz\u00e1llt, a tegnap esti taggy\u0171l\u00e9s Potocsk\u00e1n\u00e9 K\u0151r\u00f6si Anita alpolg\u00e1rmester asszonyt v\u00e1lasztotta eln\u00f6kk\u00e9. Gratul\u00e1lok Anit\u00e1nak \u00e9s sok kitart\u00e1st, er\u0151t [&hellip;]","og_url":"https:\/\/www.lengyelrobert.hu\/index.php\/2016\/09\/14\/2016-09-14-i-facebook-bejegyzes\/","og_site_name":"dr. Lengyel R\u00f3bert","article_published_time":"2016-09-14T11:08:18+00:00","author":"webmaster","twitter_card":"summary_large_image","twitter_misc":{"Szerz\u0151:":"webmaster","Becs\u00fclt olvas\u00e1si id\u0151":"4 perc"},"schema":{"@context":"https:\/\/schema.org","@graph":[{"@type":"WebPage","@id":"https:\/\/www.lengyelrobert.hu\/index.php\/2016\/09\/14\/2016-09-14-i-facebook-bejegyzes\/","url":"https:\/\/www.lengyelrobert.hu\/index.php\/2016\/09\/14\/2016-09-14-i-facebook-bejegyzes\/","name":"2016.09.14-i Facebook bejegyz\u00e9s - dr. Lengyel R\u00f3bert","isPartOf":{"@id":"https:\/\/www.lengyelrobert.hu\/#website"},"datePublished":"2016-09-14T11:08:18+00:00","dateModified":"2016-09-14T11:08:18+00:00","author":{"@id":"https:\/\/www.lengyelrobert.hu\/#\/schema\/person\/2926fe5141a59e6530d8a411eb7bfb2d"},"breadcrumb":{"@id":"https:\/\/www.lengyelrobert.hu\/index.php\/2016\/09\/14\/2016-09-14-i-facebook-bejegyzes\/#breadcrumb"},"inLanguage":"hu","potentialAction":[{"@type":"ReadAction","target":["https:\/\/www.lengyelrobert.hu\/index.php\/2016\/09\/14\/2016-09-14-i-facebook-bejegyzes\/"]}]},{"@type":"BreadcrumbList","@id":"https:\/\/www.lengyelrobert.hu\/index.php\/2016\/09\/14\/2016-09-14-i-facebook-bejegyzes\/#breadcrumb","itemListElement":[{"@type":"ListItem","position":1,"name":"Home","item":"https:\/\/www.lengyelrobert.hu\/"},{"@type":"ListItem","position":2,"name":"2016.09.14-i Facebook bejegyz\u00e9s"}]},{"@type":"WebSite","@id":"https:\/\/www.lengyelrobert.hu\/#website","url":"https:\/\/www.lengyelrobert.hu\/","name":"dr. Lengyel R\u00f3bert","description":"A Becs\u00fclettel Si\u00f3fok\u00e9rt Egyes\u00fclet honlapja","potentialAction":[{"@type":"SearchAction","target":{"@type":"EntryPoint","urlTemplate":"https:\/\/www.lengyelrobert.hu\/?s={search_term_string}"},"query-input":{"@type":"PropertyValueSpecification","valueRequired":true,"valueName":"search_term_string"}}],"inLanguage":"hu"},{"@type":"Person","@id":"https:\/\/www.lengyelrobert.hu\/#\/schema\/person\/2926fe5141a59e6530d8a411eb7bfb2d","name":"webmaster","image":{"@type":"ImageObject","inLanguage":"hu","@id":"https:\/\/www.lengyelrobert.hu\/#\/schema\/person\/image\/","url":"https:\/\/secure.gravatar.com\/avatar\/d53f7fc01f188bb097ecc2caf950c777c2cdc1ec48a2d1726a8399a2188940b0?s=96&d=mm&r=g","contentUrl":"https:\/\/secure.gravatar.com\/avatar\/d53f7fc01f188bb097ecc2caf950c777c2cdc1ec48a2d1726a8399a2188940b0?s=96&d=mm&r=g","caption":"webmaster"},"sameAs":["https:\/\/www.lengyelrobert.hu"],"url":"https:\/\/www.lengyelrobert.hu\/index.php\/author\/webmaster\/"}]}},"_links":{"self":[{"href":"https:\/\/www.lengyelrobert.hu\/index.php\/wp-json\/wp\/v2\/posts\/5275","targetHints":{"allow":["GET"]}}],"collection":[{"href":"https:\/\/www.lengyelrobert.hu\/index.php\/wp-json\/wp\/v2\/posts"}],"about":[{"href":"https:\/\/www.lengyelrobert.hu\/index.php\/wp-json\/wp\/v2\/types\/post"}],"author":[{"embeddable":true,"href":"https:\/\/www.lengyelrobert.hu\/index.php\/wp-json\/wp\/v2\/users\/1"}],"replies":[{"embeddable":true,"href":"https:\/\/www.lengyelrobert.hu\/index.php\/wp-json\/wp\/v2\/comments?post=5275"}],"version-history":[{"count":0,"href":"https:\/\/www.lengyelrobert.hu\/index.php\/wp-json\/wp\/v2\/posts\/5275\/revisions"}],"wp:attachment":[{"href":"https:\/\/www.lengyelrobert.hu\/index.php\/wp-json\/wp\/v2\/media?parent=5275"}],"wp:term":[{"taxonomy":"category","embeddable":true,"href":"https:\/\/www.lengyelrobert.hu\/index.php\/wp-json\/wp\/v2\/categories?post=5275"},{"taxonomy":"post_tag","embeddable":true,"href":"https:\/\/www.lengyelrobert.hu\/index.php\/wp-json\/wp\/v2\/tags?post=5275"}],"curies":[{"name":"wp","href":"https:\/\/api.w.org\/{rel}","templated":true}]}}