{"id":5258,"date":"2016-10-05T12:35:55","date_gmt":"2016-10-05T10:35:55","guid":{"rendered":"https:\/\/www.lengyelrobert.hu\/uncategorized\/2016-10-05-i-facebook-bejegyzes\/"},"modified":"2016-10-05T12:35:55","modified_gmt":"2016-10-05T10:35:55","slug":"2016-10-05-i-facebook-bejegyzes","status":"publish","type":"post","link":"https:\/\/www.lengyelrobert.hu\/index.php\/2016\/10\/05\/2016-10-05-i-facebook-bejegyzes\/","title":{"rendered":"2016.10.05-i Facebook bejegyz\u00e9s"},"content":{"rendered":"<p>Tisztelt Olvas\u00f3im!<\/p>\n<p>        Ma reggel fogadtam Szab\u00f3 Jochaim urat, a Fighttech-Boxen \u00d6k\u00f6lv\u00edv\u00f3 S.E. eln\u00f6k\u00e9t. Az egy\u00e9bk\u00e9nt n\u00e9met \u00e1llampolg\u00e1rs\u00e1g\u00fa sportol\u00f3, t\u00f6bb mint 40 \u00e9ve foglalkozik \u00f6k\u00f6lv\u00edv\u00e1ssal \u00e9s szeretn\u00e9 e sportot Si\u00f3fokon is meghonos\u00edtani, els\u0151sorban gyerekek, fiatalok k\u00f6z\u00f6tt n\u00e9pszer\u0171s\u00edteni. Az ezzel kapcsolatos elk\u00e9pzel\u00e9seit v\u00e1zolta fel \u00e9s k\u00e9rte a v\u00e1ros erk\u00f6lcsi t\u00e1mogat\u00e1s\u00e1t. <\/p>\n<p>        D\u00e9lel\u0151tt r\u00e9szt vettem az \u00faj szennyv\u00edztelep folyamatban l\u00e9v\u0151 pr\u00f3ba\u00fczem\u00e9nek helysz\u00edni bemutat\u00e1s\u00e1n, illetve a sajt\u00f3t\u00e1j\u00e9koztat\u00f3n is. A f\u00e9l \u00e9ves pr\u00f3ba\u00fczem december 8-ig tart, ut\u00e1na  kezd\u0151dhet  a teljes \u00fczemszer\u0171 m\u0171k\u00f6dtet\u00e9s. A pr\u00f3ba\u00fczem eddig eltelt id\u0151szak\u00e1ban k\u00fcl\u00f6n\u00f6sebb m\u0171szaki probl\u00e9ma nem mer\u00fclt fel. Egy val\u00f3ban eur\u00f3pai sz\u00ednvonal\u00fa, 7 milli\u00e1rdos beruh\u00e1z\u00e1s  \u00e9p\u00fclt meg v\u00e1rosunkban Si\u00f3fok \u00e9s a k\u00f6rnyez\u0151 parti telep\u00fcl\u00e9sek ell\u00e1t\u00e1s\u00e1ra (Bsz\u00e1rsz\u00f3t\u00f3l B.vil\u00e1gosig). Egy n\u00e9h\u00e1ny perces kisfilm is levet\u00edt\u00e9sre ker\u00fclt, melyen bemutatj\u00e1k az \u00faj telepet. A filmet megfogjuk kapni \u00e9s k\u00f6zz\u00e9 is teszem r\u00f6videsen, \u00e9rdemes lesz r\u00e1sz\u00e1nni azt a n\u00e9h\u00e1ny percet, l\u00e1tni mivel is &#8220;gazdagodott&#8221;  val\u00f3j\u00e1ban a v\u00e1ros lakoss\u00e1ga.<\/p>\n<p>        T\u00f6bben is k\u00e9rdezt\u00e9k t\u0151lem a napokban, mikor kapj\u00e1k meg v\u00e9gre a szem\u00e9tsz\u00e1ll\u00edt\u00e1si csekkeket. Nos, a m\u00falt h\u00e9ten a SI\u00d3KOM vezet\u0151je arr\u00f3l t\u00e1j\u00e9koztatott, hogy az \u00faj \u00e1llami hullad\u00e9kos c\u00e9g, tov\u00e1bbra is blokkolja a szem\u00e9tsz\u00e1ll\u00edt\u00e1si d\u00edjak  sz\u00e1ml\u00e1inak kibocs\u00e1t\u00e1s\u00e1t. (Kor\u00e1bban szeptember k\u00f6zep\u00e9t jel\u00f6lt\u00e9k meg a l\u00e9gk\u00e9s\u0151bbi d\u00e1tumk\u00e9nt, ezt tolj\u00e1k m\u00e9g tov\u00e1bb \u00e9s tov\u00e1bb.) Amint frissebb inform\u00e1ci\u00f3 birtok\u00e1ba jutok, azt halad\u00e9ktalanul k\u00f6z\u00f6lni fogom.<\/p>\n<p>        Ma d\u00e9lut\u00e1n fogad\u00f3 napot is tartottam. A helyi j\u00e1ratos buszok menetrendj\u00e9vel kapcsolatos probl\u00e9m\u00e1kkal kerestek fel, ezen fel\u00fcl  gazd\u00e1tlanul k\u00f3borl\u00f3 kuty\u00e1kr\u00f3l sz\u00e1moltak be a v\u00e1ros d\u00e9li r\u00e9sz\u00e9r\u0151l, \u00e9p\u00edt\u00e9si hat\u00f3s\u00e1gi hat\u00e1sk\u00f6rbe tartoz\u00f3 k\u00e9rd\u00e9sekkel is megkerestek, \u00e9s szem\u00e9lyes probl\u00e9m\u00e1k megold\u00e1s\u00e1ban k\u00e9rtek t\u0151lem seg\u00edts\u00e9get.<\/p>\n<p>        Bar\u00e1ts\u00e1ggal: R.<\/p>\n<p><a href=\"\"><\/a><\/p>\n","protected":false},"excerpt":{"rendered":"<p>Tisztelt Olvas\u00f3im! Ma reggel fogadtam Szab\u00f3 Jochaim urat, a Fighttech-Boxen \u00d6k\u00f6lv\u00edv\u00f3 S.E. eln\u00f6k\u00e9t. Az egy\u00e9bk\u00e9nt n\u00e9met \u00e1llampolg\u00e1rs\u00e1g\u00fa sportol\u00f3, t\u00f6bb mint 40 \u00e9ve foglalkozik \u00f6k\u00f6lv\u00edv\u00e1ssal \u00e9s szeretn\u00e9 e sportot Si\u00f3fokon is meghonos\u00edtani, els\u0151sorban gyerekek, fiatalok k\u00f6z\u00f6tt n\u00e9pszer\u0171s\u00edteni. Az ezzel kapcsolatos elk\u00e9pzel\u00e9seit v\u00e1zolta fel \u00e9s k\u00e9rte a v\u00e1ros erk\u00f6lcsi t\u00e1mogat\u00e1s\u00e1t. D\u00e9lel\u0151tt r\u00e9szt vettem az \u00faj szennyv\u00edztelep folyamatban [&hellip;]<\/p>\n","protected":false},"author":1,"featured_media":0,"comment_status":"closed","ping_status":"closed","sticky":false,"template":"","format":"standard","meta":{"_acf_changed":false,"_et_pb_use_builder":"","_et_pb_old_content":"","_et_gb_content_width":"","footnotes":""},"categories":[1],"tags":[],"class_list":["post-5258","post","type-post","status-publish","format-standard","hentry","category-uncategorized"],"acf":[],"yoast_head":"<!-- This site is optimized with the Yoast SEO plugin v23.8 - https:\/\/yoast.com\/wordpress\/plugins\/seo\/ -->\n<title>2016.10.05-i Facebook bejegyz\u00e9s - dr. Lengyel R\u00f3bert<\/title>\n<meta name=\"robots\" content=\"index, follow, max-snippet:-1, max-image-preview:large, max-video-preview:-1\" \/>\n<link rel=\"canonical\" href=\"https:\/\/www.lengyelrobert.hu\/index.php\/2016\/10\/05\/2016-10-05-i-facebook-bejegyzes\/\" \/>\n<meta property=\"og:locale\" content=\"hu_HU\" \/>\n<meta property=\"og:type\" content=\"article\" \/>\n<meta property=\"og:title\" content=\"2016.10.05-i Facebook bejegyz\u00e9s - dr. Lengyel R\u00f3bert\" \/>\n<meta property=\"og:description\" content=\"Tisztelt Olvas\u00f3im! Ma reggel fogadtam Szab\u00f3 Jochaim urat, a Fighttech-Boxen \u00d6k\u00f6lv\u00edv\u00f3 S.E. eln\u00f6k\u00e9t. Az egy\u00e9bk\u00e9nt n\u00e9met \u00e1llampolg\u00e1rs\u00e1g\u00fa sportol\u00f3, t\u00f6bb mint 40 \u00e9ve foglalkozik \u00f6k\u00f6lv\u00edv\u00e1ssal \u00e9s szeretn\u00e9 e sportot Si\u00f3fokon is meghonos\u00edtani, els\u0151sorban gyerekek, fiatalok k\u00f6z\u00f6tt n\u00e9pszer\u0171s\u00edteni. Az ezzel kapcsolatos elk\u00e9pzel\u00e9seit v\u00e1zolta fel \u00e9s k\u00e9rte a v\u00e1ros erk\u00f6lcsi t\u00e1mogat\u00e1s\u00e1t. D\u00e9lel\u0151tt r\u00e9szt vettem az \u00faj szennyv\u00edztelep folyamatban [&hellip;]\" \/>\n<meta property=\"og:url\" content=\"https:\/\/www.lengyelrobert.hu\/index.php\/2016\/10\/05\/2016-10-05-i-facebook-bejegyzes\/\" \/>\n<meta property=\"og:site_name\" content=\"dr. Lengyel R\u00f3bert\" \/>\n<meta property=\"article:published_time\" content=\"2016-10-05T10:35:55+00:00\" \/>\n<meta name=\"author\" content=\"webmaster\" \/>\n<meta name=\"twitter:card\" content=\"summary_large_image\" \/>\n<meta name=\"twitter:label1\" content=\"Szerz\u0151:\" \/>\n\t<meta name=\"twitter:data1\" content=\"webmaster\" \/>\n\t<meta name=\"twitter:label2\" content=\"Becs\u00fclt olvas\u00e1si id\u0151\" \/>\n\t<meta name=\"twitter:data2\" content=\"2 perc\" \/>\n<script type=\"application\/ld+json\" class=\"yoast-schema-graph\">{\"@context\":\"https:\/\/schema.org\",\"@graph\":[{\"@type\":\"WebPage\",\"@id\":\"https:\/\/www.lengyelrobert.hu\/index.php\/2016\/10\/05\/2016-10-05-i-facebook-bejegyzes\/\",\"url\":\"https:\/\/www.lengyelrobert.hu\/index.php\/2016\/10\/05\/2016-10-05-i-facebook-bejegyzes\/\",\"name\":\"2016.10.05-i Facebook bejegyz\u00e9s - dr. Lengyel R\u00f3bert\",\"isPartOf\":{\"@id\":\"https:\/\/www.lengyelrobert.hu\/#website\"},\"datePublished\":\"2016-10-05T10:35:55+00:00\",\"dateModified\":\"2016-10-05T10:35:55+00:00\",\"author\":{\"@id\":\"https:\/\/www.lengyelrobert.hu\/#\/schema\/person\/2926fe5141a59e6530d8a411eb7bfb2d\"},\"breadcrumb\":{\"@id\":\"https:\/\/www.lengyelrobert.hu\/index.php\/2016\/10\/05\/2016-10-05-i-facebook-bejegyzes\/#breadcrumb\"},\"inLanguage\":\"hu\",\"potentialAction\":[{\"@type\":\"ReadAction\",\"target\":[\"https:\/\/www.lengyelrobert.hu\/index.php\/2016\/10\/05\/2016-10-05-i-facebook-bejegyzes\/\"]}]},{\"@type\":\"BreadcrumbList\",\"@id\":\"https:\/\/www.lengyelrobert.hu\/index.php\/2016\/10\/05\/2016-10-05-i-facebook-bejegyzes\/#breadcrumb\",\"itemListElement\":[{\"@type\":\"ListItem\",\"position\":1,\"name\":\"Home\",\"item\":\"https:\/\/www.lengyelrobert.hu\/\"},{\"@type\":\"ListItem\",\"position\":2,\"name\":\"2016.10.05-i Facebook bejegyz\u00e9s\"}]},{\"@type\":\"WebSite\",\"@id\":\"https:\/\/www.lengyelrobert.hu\/#website\",\"url\":\"https:\/\/www.lengyelrobert.hu\/\",\"name\":\"dr. Lengyel R\u00f3bert\",\"description\":\"A Becs\u00fclettel Si\u00f3fok\u00e9rt Egyes\u00fclet honlapja\",\"potentialAction\":[{\"@type\":\"SearchAction\",\"target\":{\"@type\":\"EntryPoint\",\"urlTemplate\":\"https:\/\/www.lengyelrobert.hu\/?s={search_term_string}\"},\"query-input\":{\"@type\":\"PropertyValueSpecification\",\"valueRequired\":true,\"valueName\":\"search_term_string\"}}],\"inLanguage\":\"hu\"},{\"@type\":\"Person\",\"@id\":\"https:\/\/www.lengyelrobert.hu\/#\/schema\/person\/2926fe5141a59e6530d8a411eb7bfb2d\",\"name\":\"webmaster\",\"image\":{\"@type\":\"ImageObject\",\"inLanguage\":\"hu\",\"@id\":\"https:\/\/www.lengyelrobert.hu\/#\/schema\/person\/image\/\",\"url\":\"https:\/\/secure.gravatar.com\/avatar\/d53f7fc01f188bb097ecc2caf950c777c2cdc1ec48a2d1726a8399a2188940b0?s=96&d=mm&r=g\",\"contentUrl\":\"https:\/\/secure.gravatar.com\/avatar\/d53f7fc01f188bb097ecc2caf950c777c2cdc1ec48a2d1726a8399a2188940b0?s=96&d=mm&r=g\",\"caption\":\"webmaster\"},\"sameAs\":[\"https:\/\/www.lengyelrobert.hu\"],\"url\":\"https:\/\/www.lengyelrobert.hu\/index.php\/author\/webmaster\/\"}]}<\/script>\n<!-- \/ Yoast SEO plugin. -->","yoast_head_json":{"title":"2016.10.05-i Facebook bejegyz\u00e9s - dr. Lengyel R\u00f3bert","robots":{"index":"index","follow":"follow","max-snippet":"max-snippet:-1","max-image-preview":"max-image-preview:large","max-video-preview":"max-video-preview:-1"},"canonical":"https:\/\/www.lengyelrobert.hu\/index.php\/2016\/10\/05\/2016-10-05-i-facebook-bejegyzes\/","og_locale":"hu_HU","og_type":"article","og_title":"2016.10.05-i Facebook bejegyz\u00e9s - dr. Lengyel R\u00f3bert","og_description":"Tisztelt Olvas\u00f3im! Ma reggel fogadtam Szab\u00f3 Jochaim urat, a Fighttech-Boxen \u00d6k\u00f6lv\u00edv\u00f3 S.E. eln\u00f6k\u00e9t. Az egy\u00e9bk\u00e9nt n\u00e9met \u00e1llampolg\u00e1rs\u00e1g\u00fa sportol\u00f3, t\u00f6bb mint 40 \u00e9ve foglalkozik \u00f6k\u00f6lv\u00edv\u00e1ssal \u00e9s szeretn\u00e9 e sportot Si\u00f3fokon is meghonos\u00edtani, els\u0151sorban gyerekek, fiatalok k\u00f6z\u00f6tt n\u00e9pszer\u0171s\u00edteni. Az ezzel kapcsolatos elk\u00e9pzel\u00e9seit v\u00e1zolta fel \u00e9s k\u00e9rte a v\u00e1ros erk\u00f6lcsi t\u00e1mogat\u00e1s\u00e1t. D\u00e9lel\u0151tt r\u00e9szt vettem az \u00faj szennyv\u00edztelep folyamatban [&hellip;]","og_url":"https:\/\/www.lengyelrobert.hu\/index.php\/2016\/10\/05\/2016-10-05-i-facebook-bejegyzes\/","og_site_name":"dr. Lengyel R\u00f3bert","article_published_time":"2016-10-05T10:35:55+00:00","author":"webmaster","twitter_card":"summary_large_image","twitter_misc":{"Szerz\u0151:":"webmaster","Becs\u00fclt olvas\u00e1si id\u0151":"2 perc"},"schema":{"@context":"https:\/\/schema.org","@graph":[{"@type":"WebPage","@id":"https:\/\/www.lengyelrobert.hu\/index.php\/2016\/10\/05\/2016-10-05-i-facebook-bejegyzes\/","url":"https:\/\/www.lengyelrobert.hu\/index.php\/2016\/10\/05\/2016-10-05-i-facebook-bejegyzes\/","name":"2016.10.05-i Facebook bejegyz\u00e9s - dr. Lengyel R\u00f3bert","isPartOf":{"@id":"https:\/\/www.lengyelrobert.hu\/#website"},"datePublished":"2016-10-05T10:35:55+00:00","dateModified":"2016-10-05T10:35:55+00:00","author":{"@id":"https:\/\/www.lengyelrobert.hu\/#\/schema\/person\/2926fe5141a59e6530d8a411eb7bfb2d"},"breadcrumb":{"@id":"https:\/\/www.lengyelrobert.hu\/index.php\/2016\/10\/05\/2016-10-05-i-facebook-bejegyzes\/#breadcrumb"},"inLanguage":"hu","potentialAction":[{"@type":"ReadAction","target":["https:\/\/www.lengyelrobert.hu\/index.php\/2016\/10\/05\/2016-10-05-i-facebook-bejegyzes\/"]}]},{"@type":"BreadcrumbList","@id":"https:\/\/www.lengyelrobert.hu\/index.php\/2016\/10\/05\/2016-10-05-i-facebook-bejegyzes\/#breadcrumb","itemListElement":[{"@type":"ListItem","position":1,"name":"Home","item":"https:\/\/www.lengyelrobert.hu\/"},{"@type":"ListItem","position":2,"name":"2016.10.05-i Facebook bejegyz\u00e9s"}]},{"@type":"WebSite","@id":"https:\/\/www.lengyelrobert.hu\/#website","url":"https:\/\/www.lengyelrobert.hu\/","name":"dr. Lengyel R\u00f3bert","description":"A Becs\u00fclettel Si\u00f3fok\u00e9rt Egyes\u00fclet honlapja","potentialAction":[{"@type":"SearchAction","target":{"@type":"EntryPoint","urlTemplate":"https:\/\/www.lengyelrobert.hu\/?s={search_term_string}"},"query-input":{"@type":"PropertyValueSpecification","valueRequired":true,"valueName":"search_term_string"}}],"inLanguage":"hu"},{"@type":"Person","@id":"https:\/\/www.lengyelrobert.hu\/#\/schema\/person\/2926fe5141a59e6530d8a411eb7bfb2d","name":"webmaster","image":{"@type":"ImageObject","inLanguage":"hu","@id":"https:\/\/www.lengyelrobert.hu\/#\/schema\/person\/image\/","url":"https:\/\/secure.gravatar.com\/avatar\/d53f7fc01f188bb097ecc2caf950c777c2cdc1ec48a2d1726a8399a2188940b0?s=96&d=mm&r=g","contentUrl":"https:\/\/secure.gravatar.com\/avatar\/d53f7fc01f188bb097ecc2caf950c777c2cdc1ec48a2d1726a8399a2188940b0?s=96&d=mm&r=g","caption":"webmaster"},"sameAs":["https:\/\/www.lengyelrobert.hu"],"url":"https:\/\/www.lengyelrobert.hu\/index.php\/author\/webmaster\/"}]}},"_links":{"self":[{"href":"https:\/\/www.lengyelrobert.hu\/index.php\/wp-json\/wp\/v2\/posts\/5258","targetHints":{"allow":["GET"]}}],"collection":[{"href":"https:\/\/www.lengyelrobert.hu\/index.php\/wp-json\/wp\/v2\/posts"}],"about":[{"href":"https:\/\/www.lengyelrobert.hu\/index.php\/wp-json\/wp\/v2\/types\/post"}],"author":[{"embeddable":true,"href":"https:\/\/www.lengyelrobert.hu\/index.php\/wp-json\/wp\/v2\/users\/1"}],"replies":[{"embeddable":true,"href":"https:\/\/www.lengyelrobert.hu\/index.php\/wp-json\/wp\/v2\/comments?post=5258"}],"version-history":[{"count":0,"href":"https:\/\/www.lengyelrobert.hu\/index.php\/wp-json\/wp\/v2\/posts\/5258\/revisions"}],"wp:attachment":[{"href":"https:\/\/www.lengyelrobert.hu\/index.php\/wp-json\/wp\/v2\/media?parent=5258"}],"wp:term":[{"taxonomy":"category","embeddable":true,"href":"https:\/\/www.lengyelrobert.hu\/index.php\/wp-json\/wp\/v2\/categories?post=5258"},{"taxonomy":"post_tag","embeddable":true,"href":"https:\/\/www.lengyelrobert.hu\/index.php\/wp-json\/wp\/v2\/tags?post=5258"}],"curies":[{"name":"wp","href":"https:\/\/api.w.org\/{rel}","templated":true}]}}