{"id":5247,"date":"2016-10-20T09:02:26","date_gmt":"2016-10-20T07:02:26","guid":{"rendered":"https:\/\/www.lengyelrobert.hu\/uncategorized\/2016-10-20-i-facebook-bejegyzes-2\/"},"modified":"2016-10-20T09:02:26","modified_gmt":"2016-10-20T07:02:26","slug":"2016-10-20-i-facebook-bejegyzes-2","status":"publish","type":"post","link":"https:\/\/www.lengyelrobert.hu\/index.php\/2016\/10\/20\/2016-10-20-i-facebook-bejegyzes-2\/","title":{"rendered":"2016.10.20-i Facebook bejegyz\u00e9s"},"content":{"rendered":"<p>Tisztelt Olvas\u00f3im!<\/p>\n<p>        A t\u00f6reki Di\u00f3f\u00e1s utcai \u00fat fel\u00faj\u00edt\u00e1s\u00e1val kapcsolatosan n\u00e9h\u00e1ny inform\u00e1ci\u00f3:<br \/>\n        Si\u00f3fok a szennyv\u00edz t\u00e1rsul\u00e1s r\u00e9sz\u00e9re m\u00e1r kor\u00e1bban \u00e1tutalta a megszavazott \u00e9s sz\u00fcks\u00e9ges \u00f6sszeg\u0171 p\u00e9nzt. Tegnap munkat\u00e1rsaim arr\u00f3l t\u00e1j\u00e9koztattak, hogy a kivitelez\u0151 \u00e9s a t\u00e1rsul\u00e1s k\u00f6z\u00f6tt vita van. El\u0151bbi bizonyos, a t\u00e1rsul\u00e1s \u00e1ltal kik\u00f6t\u00f6tt szerz\u0151d\u00e9si k\u00f6telezetts\u00e9geket nem fogadott el, m\u00e1rpedig am\u00edg ennek a vit\u00e1nak a v\u00e9g\u00e9re nem ker\u00fcl pont, nem lesz fel\u00faj\u00edt\u00e1s. Ma reggel felh\u00edvtam Fony\u00f3d polg\u00e1rmester\u00e9t, mint a t\u00e1rsul\u00e1s eln\u00f6k\u00e9t \u00e9s k\u00e9rtem, hogy miel\u0151bb k\u00f6zel\u00edts\u00e9k az \u00e1ll\u00e1spontokat \u00e9s \u00e1llapodjanak meg, mert nyakunkon a t\u00e9l, a t\u00f6rekiek pedig nagyon v\u00e1rj\u00e1k az \u00fatjukat. Az im\u00e9nt Hidv\u00e9gi polg\u00e1rmester \u00far visszah\u00edvott \u00e9s k\u00f6z\u00f6lte, hogy kompromisszumra jutottak, a j\u00f6v\u0151 h\u00e9ten kezd\u0151dhetnek a munk\u00e1latok.<\/p>\n<p>        Tegnap a Civil Akad\u00e9mia vend\u00e9ge &#8220;F\u00fcves&#8221; Gyuri b\u00e1csi volt. Teljes telth\u00e1z a sz\u00ednh\u00e1zban \u00e9s egy remek m\u00e1sf\u00e9l \u00f3r\u00e1s el\u0151ad\u00e1s. K\u00f6sz\u00f6net Gyuri b\u00e1csinak \u00e9s a lelkes k\u00f6z\u00f6ns\u00e9gnek egyar\u00e1nt. Novemberben ism\u00e9t Civil Akad\u00e9mia. A pontos d\u00e1tum \u00e9s a t\u00e9ma k\u00e9s\u0151bb&#8230;<\/p>\n<p>        A tegnapi posztommal, illet\u0151leg a csatolt felv\u00e9tellel kapcsolatosan komoly visszhangok voltak, vannak. N\u00e9h\u00e1nyan az el\u0151zm\u00e9nyeket firtatj\u00e1k, p\u00e1ran eg\u00e9szen sz\u00e9ls\u0151s\u00e9gesen nyilv\u00e1nulnak meg, sokan egyet \u00e9rtenek azzal, hogy \u00edgy nem lehet viselkedni. Az \u00e9n hat\u00e1rozott \u00e1ll\u00e1spontom tov\u00e1bbra is a k\u00f6vetkez\u0151: nem tudom milyen el\u0151zm\u00e9nyek voltak, nem is az \u00e9n dolgom azt kinyomozni. \u00c9n egy felv\u00e9telt l\u00e1tok, amelyen Eln\u00f6k \u00dar mag\u00e1b\u00f3l kivetk\u0151zve, nyomdafest\u00e9ket nem t\u0171r\u0151 szavakat \u00f3b\u00e9gatva, egy bottal fenyeget\u0151zik. Ott nem t\u00e1madja, fenyegeti senki, \u0151 viszont egyre indulatosabb \u00e9s fenyeget\u0151bb. Az els\u0151 pillanatban lehet\u0151s\u00e9ge lett volna h\u00e1tat ford\u00edtani a vele szemben \u00e1ll\u00f3knak, be\u00fclni a kocsij\u00e1ba \u00e9s elhajtani, esetleg rend\u0151rt h\u00edvni a helysz\u00ednre.<br \/>\n        Ez a viselked\u00e9s, ebben a form\u00e1ban, egy v\u00e1ros els\u0151 sz\u00e1m\u00fa cig\u00e1ny vezet\u0151j\u00e9t\u0151l, a k\u00e9pvisel\u0151 test\u00fclet bizotts\u00e1gi k\u00fcls\u0151s tagj\u00e1t\u00f3l elfogadhatatlan. Szem\u00e9lyes konzult\u00e1ci\u00f3nk sor\u00e1n azt mondtam N\u00e9meth Zsoltnak, hogy az el\u0151zm\u00e9nyeket illet\u0151en -mert elmond\u00e1sa szerint \u0151t k\u00e9ssel fenyegett\u00e9k- tegyen b\u00fcntet\u0151 feljelent\u00e9st a rend\u0151rs\u00e9gen s\u00falyos testi s\u00e9rt\u00e9s k\u00eds\u00e9rlete miatt. Ez a saj\u00e1t j\u00f3l felfogott \u00e9rdeke is \u00e9s ez a j\u00e1rhat\u00f3 jogi \u00fat. Viszont a felv\u00e9telen l\u00e1that\u00f3 viselked\u00e9se kapcs\u00e1n ak\u00e1r b\u00fcntet\u0151jogi, de mindenk\u00e9pp erk\u00f6lcsi felel\u0151ss\u00e9ggel is tartozik, nemzetis\u00e9gi eln\u00f6kk\u00e9nt \u00e9s bizotts\u00e1gi tagk\u00e9nt egyar\u00e1nt.<\/p>\n<p>        Bar\u00e1ts\u00e1ggal: R.<\/p>\n<p>        http:\/\/www.sonline.hu\/somogy\/kozelet\/valasztasi-kampany-bottal-fenyegeto-cigany-elnokkel-durvul-a-helyzet-siofokon-689465<\/p>\n<p><a href=\"http:\/\/www.sonline.hu\/somogy\/kozelet\/valasztasi-kampany-bottal-fenyegeto-cigany-elnokkel-durvul-a-helyzet-siofokon-689465\">http:\/\/www.sonline.hu\/somogy\/kozelet\/valasztasi-kampany-bottal-fenyegeto-cigany-elnokkel-durvul-a-helyzet-siofokon-689465<\/a><\/p>\n","protected":false},"excerpt":{"rendered":"<p>Tisztelt Olvas\u00f3im! A t\u00f6reki Di\u00f3f\u00e1s utcai \u00fat fel\u00faj\u00edt\u00e1s\u00e1val kapcsolatosan n\u00e9h\u00e1ny inform\u00e1ci\u00f3: Si\u00f3fok a szennyv\u00edz t\u00e1rsul\u00e1s r\u00e9sz\u00e9re m\u00e1r kor\u00e1bban \u00e1tutalta a megszavazott \u00e9s sz\u00fcks\u00e9ges \u00f6sszeg\u0171 p\u00e9nzt. Tegnap munkat\u00e1rsaim arr\u00f3l t\u00e1j\u00e9koztattak, hogy a kivitelez\u0151 \u00e9s a t\u00e1rsul\u00e1s k\u00f6z\u00f6tt vita van. El\u0151bbi bizonyos, a t\u00e1rsul\u00e1s \u00e1ltal kik\u00f6t\u00f6tt szerz\u0151d\u00e9si k\u00f6telezetts\u00e9geket nem fogadott el, m\u00e1rpedig am\u00edg ennek a vit\u00e1nak a [&hellip;]<\/p>\n","protected":false},"author":1,"featured_media":0,"comment_status":"closed","ping_status":"closed","sticky":false,"template":"","format":"standard","meta":{"_acf_changed":false,"_et_pb_use_builder":"","_et_pb_old_content":"","_et_gb_content_width":"","footnotes":""},"categories":[1],"tags":[],"class_list":["post-5247","post","type-post","status-publish","format-standard","hentry","category-uncategorized"],"acf":[],"yoast_head":"<!-- This site is optimized with the Yoast SEO plugin v23.8 - https:\/\/yoast.com\/wordpress\/plugins\/seo\/ -->\n<title>2016.10.20-i Facebook bejegyz\u00e9s - dr. Lengyel R\u00f3bert<\/title>\n<meta name=\"robots\" content=\"index, follow, max-snippet:-1, max-image-preview:large, max-video-preview:-1\" \/>\n<link rel=\"canonical\" href=\"https:\/\/www.lengyelrobert.hu\/index.php\/2016\/10\/20\/2016-10-20-i-facebook-bejegyzes-2\/\" \/>\n<meta property=\"og:locale\" content=\"hu_HU\" \/>\n<meta property=\"og:type\" content=\"article\" \/>\n<meta property=\"og:title\" content=\"2016.10.20-i Facebook bejegyz\u00e9s - dr. Lengyel R\u00f3bert\" \/>\n<meta property=\"og:description\" content=\"Tisztelt Olvas\u00f3im! A t\u00f6reki Di\u00f3f\u00e1s utcai \u00fat fel\u00faj\u00edt\u00e1s\u00e1val kapcsolatosan n\u00e9h\u00e1ny inform\u00e1ci\u00f3: Si\u00f3fok a szennyv\u00edz t\u00e1rsul\u00e1s r\u00e9sz\u00e9re m\u00e1r kor\u00e1bban \u00e1tutalta a megszavazott \u00e9s sz\u00fcks\u00e9ges \u00f6sszeg\u0171 p\u00e9nzt. Tegnap munkat\u00e1rsaim arr\u00f3l t\u00e1j\u00e9koztattak, hogy a kivitelez\u0151 \u00e9s a t\u00e1rsul\u00e1s k\u00f6z\u00f6tt vita van. El\u0151bbi bizonyos, a t\u00e1rsul\u00e1s \u00e1ltal kik\u00f6t\u00f6tt szerz\u0151d\u00e9si k\u00f6telezetts\u00e9geket nem fogadott el, m\u00e1rpedig am\u00edg ennek a vit\u00e1nak a [&hellip;]\" \/>\n<meta property=\"og:url\" content=\"https:\/\/www.lengyelrobert.hu\/index.php\/2016\/10\/20\/2016-10-20-i-facebook-bejegyzes-2\/\" \/>\n<meta property=\"og:site_name\" content=\"dr. Lengyel R\u00f3bert\" \/>\n<meta property=\"article:published_time\" content=\"2016-10-20T07:02:26+00:00\" \/>\n<meta name=\"author\" content=\"webmaster\" \/>\n<meta name=\"twitter:card\" content=\"summary_large_image\" \/>\n<meta name=\"twitter:label1\" content=\"Szerz\u0151:\" \/>\n\t<meta name=\"twitter:data1\" content=\"webmaster\" \/>\n\t<meta name=\"twitter:label2\" content=\"Becs\u00fclt olvas\u00e1si id\u0151\" \/>\n\t<meta name=\"twitter:data2\" content=\"3 perc\" \/>\n<script type=\"application\/ld+json\" class=\"yoast-schema-graph\">{\"@context\":\"https:\/\/schema.org\",\"@graph\":[{\"@type\":\"WebPage\",\"@id\":\"https:\/\/www.lengyelrobert.hu\/index.php\/2016\/10\/20\/2016-10-20-i-facebook-bejegyzes-2\/\",\"url\":\"https:\/\/www.lengyelrobert.hu\/index.php\/2016\/10\/20\/2016-10-20-i-facebook-bejegyzes-2\/\",\"name\":\"2016.10.20-i Facebook bejegyz\u00e9s - dr. Lengyel R\u00f3bert\",\"isPartOf\":{\"@id\":\"https:\/\/www.lengyelrobert.hu\/#website\"},\"datePublished\":\"2016-10-20T07:02:26+00:00\",\"dateModified\":\"2016-10-20T07:02:26+00:00\",\"author\":{\"@id\":\"https:\/\/www.lengyelrobert.hu\/#\/schema\/person\/2926fe5141a59e6530d8a411eb7bfb2d\"},\"breadcrumb\":{\"@id\":\"https:\/\/www.lengyelrobert.hu\/index.php\/2016\/10\/20\/2016-10-20-i-facebook-bejegyzes-2\/#breadcrumb\"},\"inLanguage\":\"hu\",\"potentialAction\":[{\"@type\":\"ReadAction\",\"target\":[\"https:\/\/www.lengyelrobert.hu\/index.php\/2016\/10\/20\/2016-10-20-i-facebook-bejegyzes-2\/\"]}]},{\"@type\":\"BreadcrumbList\",\"@id\":\"https:\/\/www.lengyelrobert.hu\/index.php\/2016\/10\/20\/2016-10-20-i-facebook-bejegyzes-2\/#breadcrumb\",\"itemListElement\":[{\"@type\":\"ListItem\",\"position\":1,\"name\":\"Home\",\"item\":\"https:\/\/www.lengyelrobert.hu\/\"},{\"@type\":\"ListItem\",\"position\":2,\"name\":\"2016.10.20-i Facebook bejegyz\u00e9s\"}]},{\"@type\":\"WebSite\",\"@id\":\"https:\/\/www.lengyelrobert.hu\/#website\",\"url\":\"https:\/\/www.lengyelrobert.hu\/\",\"name\":\"dr. Lengyel R\u00f3bert\",\"description\":\"A Becs\u00fclettel Si\u00f3fok\u00e9rt Egyes\u00fclet honlapja\",\"potentialAction\":[{\"@type\":\"SearchAction\",\"target\":{\"@type\":\"EntryPoint\",\"urlTemplate\":\"https:\/\/www.lengyelrobert.hu\/?s={search_term_string}\"},\"query-input\":{\"@type\":\"PropertyValueSpecification\",\"valueRequired\":true,\"valueName\":\"search_term_string\"}}],\"inLanguage\":\"hu\"},{\"@type\":\"Person\",\"@id\":\"https:\/\/www.lengyelrobert.hu\/#\/schema\/person\/2926fe5141a59e6530d8a411eb7bfb2d\",\"name\":\"webmaster\",\"image\":{\"@type\":\"ImageObject\",\"inLanguage\":\"hu\",\"@id\":\"https:\/\/www.lengyelrobert.hu\/#\/schema\/person\/image\/\",\"url\":\"https:\/\/secure.gravatar.com\/avatar\/d53f7fc01f188bb097ecc2caf950c777c2cdc1ec48a2d1726a8399a2188940b0?s=96&d=mm&r=g\",\"contentUrl\":\"https:\/\/secure.gravatar.com\/avatar\/d53f7fc01f188bb097ecc2caf950c777c2cdc1ec48a2d1726a8399a2188940b0?s=96&d=mm&r=g\",\"caption\":\"webmaster\"},\"sameAs\":[\"https:\/\/www.lengyelrobert.hu\"],\"url\":\"https:\/\/www.lengyelrobert.hu\/index.php\/author\/webmaster\/\"}]}<\/script>\n<!-- \/ Yoast SEO plugin. -->","yoast_head_json":{"title":"2016.10.20-i Facebook bejegyz\u00e9s - dr. Lengyel R\u00f3bert","robots":{"index":"index","follow":"follow","max-snippet":"max-snippet:-1","max-image-preview":"max-image-preview:large","max-video-preview":"max-video-preview:-1"},"canonical":"https:\/\/www.lengyelrobert.hu\/index.php\/2016\/10\/20\/2016-10-20-i-facebook-bejegyzes-2\/","og_locale":"hu_HU","og_type":"article","og_title":"2016.10.20-i Facebook bejegyz\u00e9s - dr. Lengyel R\u00f3bert","og_description":"Tisztelt Olvas\u00f3im! A t\u00f6reki Di\u00f3f\u00e1s utcai \u00fat fel\u00faj\u00edt\u00e1s\u00e1val kapcsolatosan n\u00e9h\u00e1ny inform\u00e1ci\u00f3: Si\u00f3fok a szennyv\u00edz t\u00e1rsul\u00e1s r\u00e9sz\u00e9re m\u00e1r kor\u00e1bban \u00e1tutalta a megszavazott \u00e9s sz\u00fcks\u00e9ges \u00f6sszeg\u0171 p\u00e9nzt. Tegnap munkat\u00e1rsaim arr\u00f3l t\u00e1j\u00e9koztattak, hogy a kivitelez\u0151 \u00e9s a t\u00e1rsul\u00e1s k\u00f6z\u00f6tt vita van. El\u0151bbi bizonyos, a t\u00e1rsul\u00e1s \u00e1ltal kik\u00f6t\u00f6tt szerz\u0151d\u00e9si k\u00f6telezetts\u00e9geket nem fogadott el, m\u00e1rpedig am\u00edg ennek a vit\u00e1nak a [&hellip;]","og_url":"https:\/\/www.lengyelrobert.hu\/index.php\/2016\/10\/20\/2016-10-20-i-facebook-bejegyzes-2\/","og_site_name":"dr. Lengyel R\u00f3bert","article_published_time":"2016-10-20T07:02:26+00:00","author":"webmaster","twitter_card":"summary_large_image","twitter_misc":{"Szerz\u0151:":"webmaster","Becs\u00fclt olvas\u00e1si id\u0151":"3 perc"},"schema":{"@context":"https:\/\/schema.org","@graph":[{"@type":"WebPage","@id":"https:\/\/www.lengyelrobert.hu\/index.php\/2016\/10\/20\/2016-10-20-i-facebook-bejegyzes-2\/","url":"https:\/\/www.lengyelrobert.hu\/index.php\/2016\/10\/20\/2016-10-20-i-facebook-bejegyzes-2\/","name":"2016.10.20-i Facebook bejegyz\u00e9s - dr. Lengyel R\u00f3bert","isPartOf":{"@id":"https:\/\/www.lengyelrobert.hu\/#website"},"datePublished":"2016-10-20T07:02:26+00:00","dateModified":"2016-10-20T07:02:26+00:00","author":{"@id":"https:\/\/www.lengyelrobert.hu\/#\/schema\/person\/2926fe5141a59e6530d8a411eb7bfb2d"},"breadcrumb":{"@id":"https:\/\/www.lengyelrobert.hu\/index.php\/2016\/10\/20\/2016-10-20-i-facebook-bejegyzes-2\/#breadcrumb"},"inLanguage":"hu","potentialAction":[{"@type":"ReadAction","target":["https:\/\/www.lengyelrobert.hu\/index.php\/2016\/10\/20\/2016-10-20-i-facebook-bejegyzes-2\/"]}]},{"@type":"BreadcrumbList","@id":"https:\/\/www.lengyelrobert.hu\/index.php\/2016\/10\/20\/2016-10-20-i-facebook-bejegyzes-2\/#breadcrumb","itemListElement":[{"@type":"ListItem","position":1,"name":"Home","item":"https:\/\/www.lengyelrobert.hu\/"},{"@type":"ListItem","position":2,"name":"2016.10.20-i Facebook bejegyz\u00e9s"}]},{"@type":"WebSite","@id":"https:\/\/www.lengyelrobert.hu\/#website","url":"https:\/\/www.lengyelrobert.hu\/","name":"dr. Lengyel R\u00f3bert","description":"A Becs\u00fclettel Si\u00f3fok\u00e9rt Egyes\u00fclet honlapja","potentialAction":[{"@type":"SearchAction","target":{"@type":"EntryPoint","urlTemplate":"https:\/\/www.lengyelrobert.hu\/?s={search_term_string}"},"query-input":{"@type":"PropertyValueSpecification","valueRequired":true,"valueName":"search_term_string"}}],"inLanguage":"hu"},{"@type":"Person","@id":"https:\/\/www.lengyelrobert.hu\/#\/schema\/person\/2926fe5141a59e6530d8a411eb7bfb2d","name":"webmaster","image":{"@type":"ImageObject","inLanguage":"hu","@id":"https:\/\/www.lengyelrobert.hu\/#\/schema\/person\/image\/","url":"https:\/\/secure.gravatar.com\/avatar\/d53f7fc01f188bb097ecc2caf950c777c2cdc1ec48a2d1726a8399a2188940b0?s=96&d=mm&r=g","contentUrl":"https:\/\/secure.gravatar.com\/avatar\/d53f7fc01f188bb097ecc2caf950c777c2cdc1ec48a2d1726a8399a2188940b0?s=96&d=mm&r=g","caption":"webmaster"},"sameAs":["https:\/\/www.lengyelrobert.hu"],"url":"https:\/\/www.lengyelrobert.hu\/index.php\/author\/webmaster\/"}]}},"_links":{"self":[{"href":"https:\/\/www.lengyelrobert.hu\/index.php\/wp-json\/wp\/v2\/posts\/5247","targetHints":{"allow":["GET"]}}],"collection":[{"href":"https:\/\/www.lengyelrobert.hu\/index.php\/wp-json\/wp\/v2\/posts"}],"about":[{"href":"https:\/\/www.lengyelrobert.hu\/index.php\/wp-json\/wp\/v2\/types\/post"}],"author":[{"embeddable":true,"href":"https:\/\/www.lengyelrobert.hu\/index.php\/wp-json\/wp\/v2\/users\/1"}],"replies":[{"embeddable":true,"href":"https:\/\/www.lengyelrobert.hu\/index.php\/wp-json\/wp\/v2\/comments?post=5247"}],"version-history":[{"count":0,"href":"https:\/\/www.lengyelrobert.hu\/index.php\/wp-json\/wp\/v2\/posts\/5247\/revisions"}],"wp:attachment":[{"href":"https:\/\/www.lengyelrobert.hu\/index.php\/wp-json\/wp\/v2\/media?parent=5247"}],"wp:term":[{"taxonomy":"category","embeddable":true,"href":"https:\/\/www.lengyelrobert.hu\/index.php\/wp-json\/wp\/v2\/categories?post=5247"},{"taxonomy":"post_tag","embeddable":true,"href":"https:\/\/www.lengyelrobert.hu\/index.php\/wp-json\/wp\/v2\/tags?post=5247"}],"curies":[{"name":"wp","href":"https:\/\/api.w.org\/{rel}","templated":true}]}}