{"id":5243,"date":"2016-10-23T18:02:00","date_gmt":"2016-10-23T16:02:00","guid":{"rendered":"https:\/\/www.lengyelrobert.hu\/uncategorized\/2016-10-23-i-facebook-bejegyzes-2\/"},"modified":"2016-10-23T18:02:00","modified_gmt":"2016-10-23T16:02:00","slug":"2016-10-23-i-facebook-bejegyzes-2","status":"publish","type":"post","link":"https:\/\/www.lengyelrobert.hu\/index.php\/2016\/10\/23\/2016-10-23-i-facebook-bejegyzes-2\/","title":{"rendered":"2016.10.23-i Facebook bejegyz\u00e9s"},"content":{"rendered":"<p>A mai besz\u00e9dem. \u00c9n \u00edgy l\u00e1tom, \u00edgy gondolom&#8230;<\/p>\n<p>        &#8220;R\u00e9szlet a N\u00e9pszabads\u00e1g 1958. j\u00fanius 17-edikei sz\u00e1m\u00e1b\u00f3l:<br \/>\n           &#8220;A Legfels\u0151bb B\u00edr\u00f3s\u00e1g N\u00e9pb\u00edr\u00f3s\u00e1gi Tan\u00e1csa, m\u00e9rlegelve a b\u0171ncselekm\u00e9nyek s\u00faly\u00e1t, a s\u00falyosb\u00edt\u00f3 \u00e9s enyh\u00edt\u0151 k\u00f6r\u00fclm\u00e9nyeket, a lefolytatott t\u00e1rgyal\u00e1s alapj\u00e1n, a v\u00e1d t\u00e1rgy\u00e1v\u00e1 tett cselekm\u00e9nyekben a v\u00e1dlottakat b\u0171n\u00f6snek mondta ki, \u00e9s ez\u00e9rt: Nagy Imr\u00e9t hal\u00e1lra, Don\u00e1th Ferencet 12 \u00e9vi b\u00f6rt\u00f6nre, Gimes Mikl\u00f3st hal\u00e1lra, Tildy Zolt\u00e1nt 6 \u00e9vi b\u00f6rt\u00f6nre, Mal\u00e9ter P\u00e1lt hal\u00e1lra, Kop\u00e1csi S\u00e1ndort \u00e9letfogytiglani b\u00f6rt\u00f6nre, dr. Szil\u00e1gyi J\u00f3zsefet hal\u00e1lra, J\u00e1nosi Ferencet 8 \u00e9vi b\u00f6rt\u00f6nre, V\u00e1s\u00e1rhelyi Mikl\u00f3st 5 \u00e9vi b\u00f6rt\u00f6nre \u00edt\u00e9lte.&#8221; Ezek a sz\u00e1raz t\u00e9nyek, a 60 \u00e9vvel ezel\u0151tti dics\u0151 esem\u00e9nyek gyal\u00e1zatos v\u00e9gkicseng\u00e9sei. Az el\u0151zm\u00e9nyek java r\u00e9sze k\u00f6ztudom\u00e1s\u00fa. Az \u00e9let 1949 ut\u00e1n egyre elviselhetetlenebb lett Magyarorsz\u00e1gon, k\u00f6sz\u00f6nhet\u0151en a t\u00falfesz\u00edtett iparos\u00edt\u00e1snak, a mez\u0151gazdas\u00e1g kirabl\u00e1s\u00e1nak, a k\u00e9nyszer-sz\u00f6vetkezetek l\u00e9trehoz\u00e1s\u00e1nak, a mindent elural\u00f3 \u00e1llami terrornak. &#8220;49-hez k\u00e9pest a siralmas gazdas\u00e1gpolitika k\u00f6vetkezt\u00e9ben &#8220;53-ra 20 %-al cs\u00f6kkent a lakoss\u00e1gi re\u00e1lj\u00f6vedelem. Az emberek kiszolg\u00e1ltatottak, retteg\u00e9sben tartottak voltak, a sajt\u00f3 csak a p\u00e1rt propagand\u00e1j\u00e1t \u00f6mlesztette a n\u00e9pre, nem volt nemzeti szuverenit\u00e1s, csak &#8220;hallgass, t\u0171rj \u00e9s lapulj&#8221;. Szt\u00e1lin hal\u00e1la ut\u00e1n valamelyest enyh\u00fclt a szovjet nyom\u00e1s, R\u00e1kosi poz\u00edci\u00f3i fokozatosan gyeng\u00fcltek. Ilyen helyzetben lett el\u0151sz\u00f6r Nagy Imre minisztereln\u00f6k \u00e9s harcolt elsz\u00e1ntan a magyars\u00e1g tal\u00e1n minden id\u0151k leggennyesebb daganat\u00e1val, R\u00e1kosival, harcolt az akkori kor nagy oligarch\u00e1ival, a gy\u00e1rigazgat\u00f3kkal, p\u00e1rtitk\u00e1rokkal, no meg a k\u00f6zponti appar\u00e1tus, a rendszert minden k\u00f6r\u00fclm\u00e9nyek k\u00f6z\u00f6tt kiszolg\u00e1l\u00f3 vazallusaival, akiknek a l\u00e9te \u00e9s meg\u00e9lhet\u00e9se f\u00fcgg\u00f6tt att\u00f3l a rendszert\u0151l. \u00c9s b\u00e1r megal\u00e1zt\u00e1k, meghurcolt\u00e1k, f\u00e9lre\u00e1ll\u00edtott\u00e1k, t\u00e9nyked\u00e9s\u00e9nek k\u00f6sz\u00f6nhet\u0151en a szellem m\u00e1r kiszabadult a palackb\u00f3l. Az &#8220;53 el\u0151tti eszk\u00f6z\u00f6kkel nem lehetett ezt a n\u00e9pet tov\u00e1bb pr\u00e9selni, nyomor\u00edtani. Mert nyiladozott a szem, elkezdett hallani a f\u00fcl \u00e1llamilag ir\u00e1ny\u00edtott, agymos\u00e1son t\u00fali hangokat is \u00e9s egyre csak telt a poh\u00e1r. &#8220;56 nyara m\u00e1r egy\u00e9rtelm\u0171 el\u0151szele volt valaminek. M\u00e9g nem igaz\u00e1n lehetett tudni minek, de a vihar el\u0151tti l\u00e9gnyom\u00e1ses\u00e9s visszaford\u00edthatatlanul megindult. J\u00f6tt a mintegy 100 halottat k\u00f6vetel\u0151 Poznani t\u00f6megoszlat\u00e1s, es\u0151 ut\u00e1ni k\u00f6p\u00f6nyegk\u00e9nt R\u00e1kosi meneszt\u00e9se, majd Nagy Imre ism\u00e9telt p\u00e1ly\u00e1ra k\u00fcld\u00e9se. J\u00f6tt okt\u00f3ber 6-\u00e1n Rajk\u00e9k \u00fajra temet\u00e9se, ahol bizony m\u00e1r krist\u00e1lyosodott, hogy mi is k\u00e9sz\u00fcl\u0151dik val\u00f3j\u00e1ban. Krist\u00e1lyosodott, mert ott Sz\u00e1sz B\u00e9la, Rajk pert\u00e1rsa mark\u00e1nsan fogalmazott: &#8220;Amikor sz\u00e1zezrek vonulnak el a kopors\u00f3k el\u0151tt, nem csak az \u00e1ldozatoknak adj\u00e1k meg a v\u00e9gs\u0151 tisztess\u00e9get, de szenved\u00e9lyes v\u00e1gyuk, megm\u00e1s\u00edthatatlan elhat\u00e1roz\u00e1suk, hogy egy korszakot temessenek el.&#8221; M\u00e9g aznap d\u00e9lut\u00e1n di\u00e1kt\u00f6meg vonult Budapest utc\u00e1ira, ahol Szt\u00e1lin ellenes rigmusokat skand\u00e1ltak, 16-\u00e1n, Szegeden az egyetemist\u00e1k l\u00e9trehozt\u00e1k a rendszert\u0151l teljesen f\u00fcggetlen szervezet\u00fcket, a Magyar Egyetemi \u00e9s F\u0151iskolai Egyes\u00fcletek Sz\u00f6vets\u00e9g\u00e9t, amelyhez azt\u00e1n az orsz\u00e1g minden t\u00e1j\u00e1r\u00f3l csatlakoztak az egyetemist\u00e1k. 22-\u00e9n a f\u0151v\u00e1rosi m\u0171szaki egyetem di\u00e1kgy\u0171l\u00e9se nem csak csatlakozott a szegediekhez, hanem \u00f6n\u00e1ll\u00f3 k\u00f6vetel\u00e9seket fogalmazott meg. M\u00e1snapra t\u00fcntet\u00e9st hirdetett \u00e9s m\u00e1ris fegyveres konfliktusba fordult a mindent els\u00f6p\u00f6rni k\u00e9sz\u00fcl\u0151, t\u00f6bbs\u00e9gi n\u00e9pakarat. Fut\u00f3t\u0171zk\u00e9nt terjed\u0151 d\u00fchvel, lelkesed\u00e9ssel, rem\u00e9nnyel vegy\u00edtett t\u00e1mad\u00e1s, ellent\u00e1mad\u00e1s a f\u0151v\u00e1rosban, majd sz\u00e1mos vid\u00e9ki telep\u00fcl\u00e9sen is a rendszer szimb\u00f3lumai, kiszolg\u00e1l\u00f3i, v\u00e9delmez\u0151i, teh\u00e1t els\u0151 sorban is az \u00e1v\u00f3sok ellen. Di\u00e1kok, munk\u00e1sok, parasztemberek, \u00e9rtelmis\u00e9giek, katon\u00e1k, rend\u0151r\u00f6k, k\u00f6zt\u00fck magas rang\u00fa tisztek, valamint igazi \u00e1llamf\u00e9rfiak, \u00e9l\u00fck\u00f6n Nagy Imr\u00e9vel, egyk\u00e9nt v\u00e1ltak a magyar nemzet harcol\u00f3, \u00f6nfel\u00e1ldoz\u00f3 szimb\u00f3lumaiv\u00e1. N\u00e9h\u00e1ny nap dics\u0151s\u00e9ges k\u00fczdelem, n\u00e9h\u00e1ny nap, a dics\u0151 el\u0151d\u00f6kre eml\u00e9keztet\u0151 \u00f6sszefog\u00e1s, rem\u00e9nysug\u00e1r a jobb \u00e9letre, majd elkeseredett v\u00e9gs\u0151 hadakoz\u00e1s, hal\u00e1ltusa. \u00c9pp \u00fagy, mint 1849-ben, j\u00f6ttek az orosz csapatok \u00e9s t\u00e9rdre rogyasztott\u00e1k nemzet\u00fcnket. Megint az oroszok. A vil\u00e1g v\u00e9gig n\u00e9zi e k\u00fczdelmet, sajn\u00e1lkozik, egy\u00fctt\u00e9rz\u00e9s\u00e9r\u0151l biztos\u00edt, el\u00edt\u00e9li az orosz beavatkoz\u00e1st, azt\u00e1n gyakorlatilag nem tesz semmit.<br \/>\n        Soraikat rendez\u0151 \u00e1v\u00f3sok, be\u00f6z\u00f6nl\u0151 orosz tankok, v\u00e9r, l\u0151por \u00e9s a sz\u00e9trobban\u00f3 Molotov-kokt\u00e9lok szaga, azt\u00e1n a csend. D\u00f6bbent csend. A sz\u00e9gyenletes hal\u00e1lnemre \u00edt\u00e9lteket Nagy Imr\u00e9vel az \u00e9len, kiv\u00e9gz\u00e9s\u00fck ut\u00e1n kuty\u00e1k m\u00f3dj\u00e1ra g\u00f6dr\u00f6kbe dob\u00e1lt\u00e1k, f\u00f6lddel fedt\u00e9k \u00e9s azt gondolt\u00e1k, a f\u00f6ld majd az eml\u00e9kezetet is elfedi. (Ugyan \u00fagy, mint 1849-ben az aradi 13 honv\u00e9d t\u00e1bornokot.) Hazafiak t\u00f6meg\u00e9t b\u00f6rt\u00f6n\u00f6kbe dugt\u00e1k, r\u00e1juk csapt\u00e1k a lemez ajt\u00f3kat, mondv\u00e1n, majd megt\u00f6rnek \u00e9s a k\u00e9ts\u00e9gbeesett ki\u00e1lt\u00e1saik sem juthatnak el onnan honfit\u00e1rsaikhoz. P\u00e9ld\u00e1t statu\u00e1ltak \u00e9s \u00fagy kalkul\u00e1ltak, hogy a birka magyar majd az id\u0151k v\u00e9gezet\u00e9ig t\u0171r. Retteg, t\u0171r \u00e9s felejt. H\u00e1t, bizonyos \u00e9rtelemben t\u00e9vedtek. Mert b\u00e1r sz\u00e1zezrek hajland\u00f3ak voltak kiszolg\u00e1lni az aktu\u00e1lis hatalmat, nyaldosni a gy\u0151ztesek talp\u00e1t, neves\u00edteni &#8220;56-ot, mint ellenforradalmat, de milli\u00f3k nem felejtettek, legfeljebb csak v\u00e1rtak. Egym\u00e1s k\u00f6z\u00f6tt suttogtak, titokban Szabad Eur\u00f3p\u00e1t hallgattak, rem\u00e9nykedtek a Nyugat erej\u00e9ben, a Szovjetuni\u00f3 gyeng\u00fcl\u00e9s\u00e9ben \u00e9s tal\u00e1n abban is, hogy ism\u00e9t sz\u00fcletik majd egy Nagy Imre, aki kivezetheti ezt a kicsiv\u00e9 zsugorodott orsz\u00e1got a marxizmus p\u00f6ceg\u00f6dr\u00e9b\u0151l \u00e9s elhozza a napot, amikor az &#8220;56 ut\u00e1ni kiv\u00e9gz\u00e9sek, beb\u00f6rt\u00f6nz\u00e9sek felel\u0151sei ker\u00fclnek majd b\u00f6rt\u00f6n\u00f6kbe, vagy \u00e9pp a bit\u00f3r\u00f3l jel\u00f6letlen s\u00edrokba. Csak h\u00e1t \u00e9vtizedekig m\u00e9g maradt a suttog\u00f3 propaganda, a langyos guly\u00e1s, d\u00f6c\u00f6g\u00f6tt a Trabant \u00e9s a p\u00e1rttal, a n\u00e9ppel egy volt az utunk. \u00c9s Nagy Imre teste is jel\u00f6letlen s\u00edrban porhadt el. Azt\u00e1n elj\u00f6tt a sz\u00f3l\u00e1s szabads\u00e1ga, megjelentek az \u00faj p\u00e1rtok, megny\u00edltak a nyugati hat\u00e1rok, sz\u00e9trobbant a Szovjetuni\u00f3, a guly\u00e1s mellett elkezdt\u00fcnk m\u00fczlit enni, a Trabantot Suzukira cser\u00e9lt\u00fck, ki\u00e1stuk \u00e9s \u00fajra temett\u00fck &#8220;56 m\u00e1rt\u00edrjait. \u00c9s persze hirtelen nagyon-nagyon sok &#8220;56-os h\u0151s\u00fcnk is lett. Olyan sok, hogy ha \u0151k mind val\u00f3ban fegyvert ragadtak volna, a V\u00f6r\u00f6s Hadsereg is h\u00e1romszor meggondolja a beavatkoz\u00e1st.<br \/>\n        De mi lett a felel\u0151s\u00f6kkel, vet\u0151dik fel a k\u00e9rd\u00e9s? Semmi. Sokan magas poz\u00edci\u00f3kba ker\u00fcltek K\u00e1d\u00e1r alatt \u00e9s tov\u00e1bb szolg\u00e1lt\u00e1k a rendszert. Sokuk haszon\u00e9lvez\u0151je lett a rendszerv\u00e1lt\u00e1snak is, majd \u00e9lvez\u0151je a nyugd\u00edjrendszer\u00fcnknek. Pedig a n\u00e9pet l\u0151tt\u00e9k, l\u00f6vett\u00e9k valakik, sok szabads\u00e1gharcost spionok juttattak rend\u0151rk\u00e9zre, a fenti v\u00e1dakat koholt\u00e1k, megfogalmazt\u00e1k, k\u00e9pviselt\u00e9k valakik. M\u00e1sok \u00edt\u00e9leteket hoztak \u00e9s hajtottak v\u00e9gre. Valakik a V\u00f6r\u00f6s Hadsereget is a nyakunkra hozt\u00e1k \u00e9s megment\u0151kk\u00e9nt \u00fcnnepelt\u00e9k. De meg\u00faszt\u00e1k! Mind egy sz\u00e1lig meg\u00faszt\u00e1k \u00e9s ez m\u00e1r a rendszerv\u00e1lt\u00e1s ut\u00e1ni politikusaink felel\u0151ss\u00e9ge is. Lehet itt sz\u00f3nokolni k\u00e9rem demokr\u00e1ci\u00e1r\u00f3l meg emberi jogokr\u00f3l, lehet mondani, hogy ennyi id\u0151 ut\u00e1n m\u00e1r ki tudja az igazs\u00e1got, vagy, hogy ennyi id\u0151 ut\u00e1n m\u00e1r hagyni k\u00e9ne az eg\u00e9szet. Lehet K\u00e1d\u00e1rt &#8220;K\u00e1d\u00e1r ap\u00e1nk&#8221;-k\u00e9nt emlegetni, lehet keresni az oroszok, Putyin bar\u00e1ts\u00e1g\u00e1t, de att\u00f3l m\u00e9g a t\u00e9ny t\u00e9ny marad: K\u00e1d\u00e1r gyilkoltatott, az oroszok meg -nem el\u0151sz\u00f6r- letapostak benn\u00fcnket. Itt emberek adt\u00e1k \u00e9let\u00fcket, szabads\u00e1gukat egy szebb magyar j\u00f6v\u0151\u00e9rt \u00e9s a prib\u00e9kjeik h\u00e1bor\u00edtatlanul, \u00e9vtizedekkel t\u00fal\u00e9lhett\u00e9k \u0151ket. Megt\u0171rt\u00fck \u00e9s tartottuk \u0151ket. M\u00e1ra t\u00f6bbs\u00e9g\u00fcket a magyar anyaf\u00f6ld fedi, de meggy\u0151z\u0151d\u00e9ssel mondom, igazak a K\u00e1rp\u00e1tia egy\u00fcttes sz\u00e1m\u00e1nak szavai: &#8220;Gyilkos \u00e9s \u00e1rul\u00f3 szent f\u00f6ldben nem nyughat.&#8221; H\u00e1t \u00e9n egyik\u00fcknek sem k\u00edv\u00e1nom, hogy nyugodj\u00e9k b\u00e9k\u00e9ben. Ellenben k\u00edv\u00e1nom Nagy Imr\u00e9nek \u00e9s a t\u00f6bbi m\u00e1rt\u00edrnak, mindazoknak, akik ott \u00e9s akkor val\u00f3ban harcoltak, az &#8220;56 miatt beb\u00f6rt\u00f6nz\u00f6tteknek, meghurcoltaknak, hogy az id\u0151k v\u00e9gezet\u00e9ig foglalj\u00e1k el m\u00e9lt\u00f3 hely\u00fcket a magyar t\u00f6rt\u00e9nelem dics\u0151 alakjai k\u00f6z\u00f6tt. Mert meg\u00e9rdemlik. Mind egy sz\u00e1lig meg\u00e9rdemlik&#8230;&#8221;<\/p>\n<p><a href=\"\"><\/a><\/p>\n","protected":false},"excerpt":{"rendered":"<p>A mai besz\u00e9dem. \u00c9n \u00edgy l\u00e1tom, \u00edgy gondolom&#8230; &#8220;R\u00e9szlet a N\u00e9pszabads\u00e1g 1958. j\u00fanius 17-edikei sz\u00e1m\u00e1b\u00f3l: &#8220;A Legfels\u0151bb B\u00edr\u00f3s\u00e1g N\u00e9pb\u00edr\u00f3s\u00e1gi Tan\u00e1csa, m\u00e9rlegelve a b\u0171ncselekm\u00e9nyek s\u00faly\u00e1t, a s\u00falyosb\u00edt\u00f3 \u00e9s enyh\u00edt\u0151 k\u00f6r\u00fclm\u00e9nyeket, a lefolytatott t\u00e1rgyal\u00e1s alapj\u00e1n, a v\u00e1d t\u00e1rgy\u00e1v\u00e1 tett cselekm\u00e9nyekben a v\u00e1dlottakat b\u0171n\u00f6snek mondta ki, \u00e9s ez\u00e9rt: Nagy Imr\u00e9t hal\u00e1lra, Don\u00e1th Ferencet 12 \u00e9vi b\u00f6rt\u00f6nre, Gimes Mikl\u00f3st [&hellip;]<\/p>\n","protected":false},"author":1,"featured_media":0,"comment_status":"closed","ping_status":"closed","sticky":false,"template":"","format":"standard","meta":{"_acf_changed":false,"_et_pb_use_builder":"","_et_pb_old_content":"","_et_gb_content_width":"","footnotes":""},"categories":[1],"tags":[],"class_list":["post-5243","post","type-post","status-publish","format-standard","hentry","category-uncategorized"],"acf":[],"yoast_head":"<!-- This site is optimized with the Yoast SEO plugin v23.8 - https:\/\/yoast.com\/wordpress\/plugins\/seo\/ -->\n<title>2016.10.23-i Facebook bejegyz\u00e9s - dr. Lengyel R\u00f3bert<\/title>\n<meta name=\"robots\" content=\"index, follow, max-snippet:-1, max-image-preview:large, max-video-preview:-1\" \/>\n<link rel=\"canonical\" href=\"https:\/\/www.lengyelrobert.hu\/index.php\/2016\/10\/23\/2016-10-23-i-facebook-bejegyzes-2\/\" \/>\n<meta property=\"og:locale\" content=\"hu_HU\" \/>\n<meta property=\"og:type\" content=\"article\" \/>\n<meta property=\"og:title\" content=\"2016.10.23-i Facebook bejegyz\u00e9s - dr. Lengyel R\u00f3bert\" \/>\n<meta property=\"og:description\" content=\"A mai besz\u00e9dem. \u00c9n \u00edgy l\u00e1tom, \u00edgy gondolom&#8230; &#8220;R\u00e9szlet a N\u00e9pszabads\u00e1g 1958. j\u00fanius 17-edikei sz\u00e1m\u00e1b\u00f3l: &#8220;A Legfels\u0151bb B\u00edr\u00f3s\u00e1g N\u00e9pb\u00edr\u00f3s\u00e1gi Tan\u00e1csa, m\u00e9rlegelve a b\u0171ncselekm\u00e9nyek s\u00faly\u00e1t, a s\u00falyosb\u00edt\u00f3 \u00e9s enyh\u00edt\u0151 k\u00f6r\u00fclm\u00e9nyeket, a lefolytatott t\u00e1rgyal\u00e1s alapj\u00e1n, a v\u00e1d t\u00e1rgy\u00e1v\u00e1 tett cselekm\u00e9nyekben a v\u00e1dlottakat b\u0171n\u00f6snek mondta ki, \u00e9s ez\u00e9rt: Nagy Imr\u00e9t hal\u00e1lra, Don\u00e1th Ferencet 12 \u00e9vi b\u00f6rt\u00f6nre, Gimes Mikl\u00f3st [&hellip;]\" \/>\n<meta property=\"og:url\" content=\"https:\/\/www.lengyelrobert.hu\/index.php\/2016\/10\/23\/2016-10-23-i-facebook-bejegyzes-2\/\" \/>\n<meta property=\"og:site_name\" content=\"dr. Lengyel R\u00f3bert\" \/>\n<meta property=\"article:published_time\" content=\"2016-10-23T16:02:00+00:00\" \/>\n<meta name=\"author\" content=\"webmaster\" \/>\n<meta name=\"twitter:card\" content=\"summary_large_image\" \/>\n<meta name=\"twitter:label1\" content=\"Szerz\u0151:\" \/>\n\t<meta name=\"twitter:data1\" content=\"webmaster\" \/>\n\t<meta name=\"twitter:label2\" content=\"Becs\u00fclt olvas\u00e1si id\u0151\" \/>\n\t<meta name=\"twitter:data2\" content=\"8 perc\" \/>\n<script type=\"application\/ld+json\" class=\"yoast-schema-graph\">{\"@context\":\"https:\/\/schema.org\",\"@graph\":[{\"@type\":\"WebPage\",\"@id\":\"https:\/\/www.lengyelrobert.hu\/index.php\/2016\/10\/23\/2016-10-23-i-facebook-bejegyzes-2\/\",\"url\":\"https:\/\/www.lengyelrobert.hu\/index.php\/2016\/10\/23\/2016-10-23-i-facebook-bejegyzes-2\/\",\"name\":\"2016.10.23-i Facebook bejegyz\u00e9s - dr. Lengyel R\u00f3bert\",\"isPartOf\":{\"@id\":\"https:\/\/www.lengyelrobert.hu\/#website\"},\"datePublished\":\"2016-10-23T16:02:00+00:00\",\"dateModified\":\"2016-10-23T16:02:00+00:00\",\"author\":{\"@id\":\"https:\/\/www.lengyelrobert.hu\/#\/schema\/person\/2926fe5141a59e6530d8a411eb7bfb2d\"},\"breadcrumb\":{\"@id\":\"https:\/\/www.lengyelrobert.hu\/index.php\/2016\/10\/23\/2016-10-23-i-facebook-bejegyzes-2\/#breadcrumb\"},\"inLanguage\":\"hu\",\"potentialAction\":[{\"@type\":\"ReadAction\",\"target\":[\"https:\/\/www.lengyelrobert.hu\/index.php\/2016\/10\/23\/2016-10-23-i-facebook-bejegyzes-2\/\"]}]},{\"@type\":\"BreadcrumbList\",\"@id\":\"https:\/\/www.lengyelrobert.hu\/index.php\/2016\/10\/23\/2016-10-23-i-facebook-bejegyzes-2\/#breadcrumb\",\"itemListElement\":[{\"@type\":\"ListItem\",\"position\":1,\"name\":\"Home\",\"item\":\"https:\/\/www.lengyelrobert.hu\/\"},{\"@type\":\"ListItem\",\"position\":2,\"name\":\"2016.10.23-i Facebook bejegyz\u00e9s\"}]},{\"@type\":\"WebSite\",\"@id\":\"https:\/\/www.lengyelrobert.hu\/#website\",\"url\":\"https:\/\/www.lengyelrobert.hu\/\",\"name\":\"dr. Lengyel R\u00f3bert\",\"description\":\"A Becs\u00fclettel Si\u00f3fok\u00e9rt Egyes\u00fclet honlapja\",\"potentialAction\":[{\"@type\":\"SearchAction\",\"target\":{\"@type\":\"EntryPoint\",\"urlTemplate\":\"https:\/\/www.lengyelrobert.hu\/?s={search_term_string}\"},\"query-input\":{\"@type\":\"PropertyValueSpecification\",\"valueRequired\":true,\"valueName\":\"search_term_string\"}}],\"inLanguage\":\"hu\"},{\"@type\":\"Person\",\"@id\":\"https:\/\/www.lengyelrobert.hu\/#\/schema\/person\/2926fe5141a59e6530d8a411eb7bfb2d\",\"name\":\"webmaster\",\"image\":{\"@type\":\"ImageObject\",\"inLanguage\":\"hu\",\"@id\":\"https:\/\/www.lengyelrobert.hu\/#\/schema\/person\/image\/\",\"url\":\"https:\/\/secure.gravatar.com\/avatar\/d53f7fc01f188bb097ecc2caf950c777c2cdc1ec48a2d1726a8399a2188940b0?s=96&d=mm&r=g\",\"contentUrl\":\"https:\/\/secure.gravatar.com\/avatar\/d53f7fc01f188bb097ecc2caf950c777c2cdc1ec48a2d1726a8399a2188940b0?s=96&d=mm&r=g\",\"caption\":\"webmaster\"},\"sameAs\":[\"https:\/\/www.lengyelrobert.hu\"],\"url\":\"https:\/\/www.lengyelrobert.hu\/index.php\/author\/webmaster\/\"}]}<\/script>\n<!-- \/ Yoast SEO plugin. -->","yoast_head_json":{"title":"2016.10.23-i Facebook bejegyz\u00e9s - dr. Lengyel R\u00f3bert","robots":{"index":"index","follow":"follow","max-snippet":"max-snippet:-1","max-image-preview":"max-image-preview:large","max-video-preview":"max-video-preview:-1"},"canonical":"https:\/\/www.lengyelrobert.hu\/index.php\/2016\/10\/23\/2016-10-23-i-facebook-bejegyzes-2\/","og_locale":"hu_HU","og_type":"article","og_title":"2016.10.23-i Facebook bejegyz\u00e9s - dr. Lengyel R\u00f3bert","og_description":"A mai besz\u00e9dem. \u00c9n \u00edgy l\u00e1tom, \u00edgy gondolom&#8230; &#8220;R\u00e9szlet a N\u00e9pszabads\u00e1g 1958. j\u00fanius 17-edikei sz\u00e1m\u00e1b\u00f3l: &#8220;A Legfels\u0151bb B\u00edr\u00f3s\u00e1g N\u00e9pb\u00edr\u00f3s\u00e1gi Tan\u00e1csa, m\u00e9rlegelve a b\u0171ncselekm\u00e9nyek s\u00faly\u00e1t, a s\u00falyosb\u00edt\u00f3 \u00e9s enyh\u00edt\u0151 k\u00f6r\u00fclm\u00e9nyeket, a lefolytatott t\u00e1rgyal\u00e1s alapj\u00e1n, a v\u00e1d t\u00e1rgy\u00e1v\u00e1 tett cselekm\u00e9nyekben a v\u00e1dlottakat b\u0171n\u00f6snek mondta ki, \u00e9s ez\u00e9rt: Nagy Imr\u00e9t hal\u00e1lra, Don\u00e1th Ferencet 12 \u00e9vi b\u00f6rt\u00f6nre, Gimes Mikl\u00f3st [&hellip;]","og_url":"https:\/\/www.lengyelrobert.hu\/index.php\/2016\/10\/23\/2016-10-23-i-facebook-bejegyzes-2\/","og_site_name":"dr. Lengyel R\u00f3bert","article_published_time":"2016-10-23T16:02:00+00:00","author":"webmaster","twitter_card":"summary_large_image","twitter_misc":{"Szerz\u0151:":"webmaster","Becs\u00fclt olvas\u00e1si id\u0151":"8 perc"},"schema":{"@context":"https:\/\/schema.org","@graph":[{"@type":"WebPage","@id":"https:\/\/www.lengyelrobert.hu\/index.php\/2016\/10\/23\/2016-10-23-i-facebook-bejegyzes-2\/","url":"https:\/\/www.lengyelrobert.hu\/index.php\/2016\/10\/23\/2016-10-23-i-facebook-bejegyzes-2\/","name":"2016.10.23-i Facebook bejegyz\u00e9s - dr. Lengyel R\u00f3bert","isPartOf":{"@id":"https:\/\/www.lengyelrobert.hu\/#website"},"datePublished":"2016-10-23T16:02:00+00:00","dateModified":"2016-10-23T16:02:00+00:00","author":{"@id":"https:\/\/www.lengyelrobert.hu\/#\/schema\/person\/2926fe5141a59e6530d8a411eb7bfb2d"},"breadcrumb":{"@id":"https:\/\/www.lengyelrobert.hu\/index.php\/2016\/10\/23\/2016-10-23-i-facebook-bejegyzes-2\/#breadcrumb"},"inLanguage":"hu","potentialAction":[{"@type":"ReadAction","target":["https:\/\/www.lengyelrobert.hu\/index.php\/2016\/10\/23\/2016-10-23-i-facebook-bejegyzes-2\/"]}]},{"@type":"BreadcrumbList","@id":"https:\/\/www.lengyelrobert.hu\/index.php\/2016\/10\/23\/2016-10-23-i-facebook-bejegyzes-2\/#breadcrumb","itemListElement":[{"@type":"ListItem","position":1,"name":"Home","item":"https:\/\/www.lengyelrobert.hu\/"},{"@type":"ListItem","position":2,"name":"2016.10.23-i Facebook bejegyz\u00e9s"}]},{"@type":"WebSite","@id":"https:\/\/www.lengyelrobert.hu\/#website","url":"https:\/\/www.lengyelrobert.hu\/","name":"dr. Lengyel R\u00f3bert","description":"A Becs\u00fclettel Si\u00f3fok\u00e9rt Egyes\u00fclet honlapja","potentialAction":[{"@type":"SearchAction","target":{"@type":"EntryPoint","urlTemplate":"https:\/\/www.lengyelrobert.hu\/?s={search_term_string}"},"query-input":{"@type":"PropertyValueSpecification","valueRequired":true,"valueName":"search_term_string"}}],"inLanguage":"hu"},{"@type":"Person","@id":"https:\/\/www.lengyelrobert.hu\/#\/schema\/person\/2926fe5141a59e6530d8a411eb7bfb2d","name":"webmaster","image":{"@type":"ImageObject","inLanguage":"hu","@id":"https:\/\/www.lengyelrobert.hu\/#\/schema\/person\/image\/","url":"https:\/\/secure.gravatar.com\/avatar\/d53f7fc01f188bb097ecc2caf950c777c2cdc1ec48a2d1726a8399a2188940b0?s=96&d=mm&r=g","contentUrl":"https:\/\/secure.gravatar.com\/avatar\/d53f7fc01f188bb097ecc2caf950c777c2cdc1ec48a2d1726a8399a2188940b0?s=96&d=mm&r=g","caption":"webmaster"},"sameAs":["https:\/\/www.lengyelrobert.hu"],"url":"https:\/\/www.lengyelrobert.hu\/index.php\/author\/webmaster\/"}]}},"_links":{"self":[{"href":"https:\/\/www.lengyelrobert.hu\/index.php\/wp-json\/wp\/v2\/posts\/5243","targetHints":{"allow":["GET"]}}],"collection":[{"href":"https:\/\/www.lengyelrobert.hu\/index.php\/wp-json\/wp\/v2\/posts"}],"about":[{"href":"https:\/\/www.lengyelrobert.hu\/index.php\/wp-json\/wp\/v2\/types\/post"}],"author":[{"embeddable":true,"href":"https:\/\/www.lengyelrobert.hu\/index.php\/wp-json\/wp\/v2\/users\/1"}],"replies":[{"embeddable":true,"href":"https:\/\/www.lengyelrobert.hu\/index.php\/wp-json\/wp\/v2\/comments?post=5243"}],"version-history":[{"count":0,"href":"https:\/\/www.lengyelrobert.hu\/index.php\/wp-json\/wp\/v2\/posts\/5243\/revisions"}],"wp:attachment":[{"href":"https:\/\/www.lengyelrobert.hu\/index.php\/wp-json\/wp\/v2\/media?parent=5243"}],"wp:term":[{"taxonomy":"category","embeddable":true,"href":"https:\/\/www.lengyelrobert.hu\/index.php\/wp-json\/wp\/v2\/categories?post=5243"},{"taxonomy":"post_tag","embeddable":true,"href":"https:\/\/www.lengyelrobert.hu\/index.php\/wp-json\/wp\/v2\/tags?post=5243"}],"curies":[{"name":"wp","href":"https:\/\/api.w.org\/{rel}","templated":true}]}}