{"id":5206,"date":"2016-12-02T09:47:15","date_gmt":"2016-12-02T08:47:15","guid":{"rendered":"https:\/\/www.lengyelrobert.hu\/uncategorized\/2016-12-02-i-facebook-bejegyzes\/"},"modified":"2016-12-02T09:47:15","modified_gmt":"2016-12-02T08:47:15","slug":"2016-12-02-i-facebook-bejegyzes","status":"publish","type":"post","link":"https:\/\/www.lengyelrobert.hu\/index.php\/2016\/12\/02\/2016-12-02-i-facebook-bejegyzes\/","title":{"rendered":"2016.12.02-i Facebook bejegyz\u00e9s"},"content":{"rendered":"<p>Tisztelt Olvas\u00f3im!<\/p>\n<p>        Lakoss\u00e1gi k\u00e9rd\u00e9sre v\u00e1laszolva szeretn\u00e9m \u00edrni, hogy a KFC kanyarod\u00f3 s\u00e1vj\u00e1nak k\u00e1lv\u00e1ri\u00e1ja egyel\u0151re nem fejez\u0151d\u00f6tt be. B\u00e1r a m\u0171szaki \u00e1tad\u00e1s-\u00e1tv\u00e9teli elj\u00e1r\u00e1s 30-\u00e1n megt\u00f6rt\u00e9nt, de a kanyarod\u00f3 s\u00e1v m\u00e9g mindig le van z\u00e1rva. Az \u00fat kezel\u0151je az az \u00e1llami K\u00f6z\u00fat (teh\u00e1t nem az \u00f6nkorm\u00e1nyzat), amely munkat\u00e1rsaim k\u00e9rd\u00e9s\u00e9re arr\u00f3l t\u00e1j\u00e9koztatott benn\u00fcnket, hogy m\u00e9g egy un. forgalomba helyez\u00e9si elj\u00e1r\u00e1st is le kell folytatni, az arra vonatkoz\u00f3 \u00e9p\u00edttet\u0151i k\u00e9relmet v\u00e1rj\u00e1k, addig meg sem fogj\u00e1k nyitni a s\u00e1vot. Az \u00e9p\u00edttet\u0151 k\u00e9pvisel\u0151je pedig azt mondja, nem tudja pontosan, hogy m\u00e9g mit v\u00e1r t\u0151l\u00fck a k\u00f6z\u00fat, ut\u00e1na fog j\u00e1rni. Kis magyar pillanatk\u00e9p&#8230;<\/p>\n<p>        A tegnapi napon sajt\u00f3helyreigaz\u00edt\u00e1si k\u00e9relemmel fordultam a Pesti Sr\u00e1cok nev\u0171 \u00fajs\u00e1g f\u0151szerkeszt\u0151j\u00e9hez. N\u00e9h\u00e1ny napja Szajcz Adri\u00e1n nyilatkozat\u00e1t k\u00f6z\u00f6lt\u00e9k le, viszont \u00e1ll\u00e1spontom szerint, okiratokkal \u00e9s tan\u00fakkal egy\u00e9rtelm\u0171en ellenbizony\u00edthat\u00f3an, val\u00f3tlan tartalm\u00fa, hazugs\u00e1gokat tartalmaz\u00f3 a k\u00f6zz\u00e9 tett sz\u00f6veg. Mivel az \u00e9n ut\u00f3bb tett nyilatkozatom m\u00e1r nem ker\u00fclt be az \u00fajs\u00e1gba, a c\u00e1folataim nem juthattak el az olvas\u00f3khoz, ez\u00e9rt k\u00e9rtem a helyreigaz\u00edt\u00e1st is.<\/p>\n<p>        Egy minapi FB bejegyz\u00e9s kapcs\u00e1n b\u00fcntet\u0151 feljelent\u00e9st tettem nagy nyilv\u00e1noss\u00e1g el\u0151tt elk\u00f6vetett becs\u00fclets\u00e9rt\u00e9s gyan\u00faja miatt. A bejegyz\u00e9s tev\u0151je olyan alp\u00e1ri, nyomdafest\u00e9ket nem t\u0171r\u0151 jelz\u0151kkel illetett az egyik oldalon, amelyeket m\u00e1r k\u00f6zszerepl\u0151k\u00e9nt sem vagyok k\u00f6teles elt\u0171rni. \u00c9rdekes m\u00f3don, miut\u00e1n az \u00e9rintett \u00e9rtes\u00fclt a feljelent\u00e9sr\u0151l, ki\u00edrta, hogy mivel az \u00e1ltala tett bejegyz\u00e9s ut\u00e1n rasszista megnyilv\u00e1nul\u00e1sok &#8220;\u00e1ldozata&#8221; lett, seg\u00edts\u00e9g\u00e9rt fordult N\u00e9meth Zsolt helyi cig\u00e1ny vezet\u0151h\u00f6z. Szeg\u00e9ny \u00e1ldozat! H\u00e1t ez is egy kis magyar pillanatk\u00e9p&#8230;<br \/>\n        Egy\u00e9bk\u00e9nt pedig az elk\u00f6vetkezend\u0151kben,  ilyen esetekben hasonl\u00f3k\u00e9ppen fogok elj\u00e1rni. Valamilyen m\u00f3don g\u00e1tat kell szabni azoknak az embereknek, akiknek semmi sem dr\u00e1ga akkor, amikor m\u00e1sok becs\u00fclet\u00e9be kell g\u00e1zolni, semmit sem k\u00edm\u00e9lve pocskondi\u00e1lnak. Ha ezt csak magukt\u00f3l teszik, az is baj, de ha meg p\u00e9nz\u00e9rt, vagy \u00e9pp j\u00f3l fizet\u0151 \u00e1ll\u00e1suk\u00e9rt -\u00e9s l\u00e1ssuk be, van ilyen is Si\u00f3fokon- az m\u00e9g rosszabb. De sz\u00e1moljanak k\u00f6vetkezm\u00e9nyekkel.<\/p>\n<p>        Hogy valami j\u00f3r\u00f3l is \u00edrjak: nagy n\u00e9pszer\u0171s\u00e9gnek \u00f6rvend a j\u00e9gp\u00e1lya. Naponta ak\u00e1r t\u00f6bbsz\u00f6r is ben\u00e9zek \u00e9s l\u00e1tom, hogy k\u00fcl\u00f6n\u00f6sen a fiatal koroszt\u00e1lynak siker\u00fclt vele \u00f6r\u00f6met okozni. Tov\u00e1bbra is arra b\u00e1tor\u00edtok mindenkit, hogy j\u00f6jj\u00f6n, haszn\u00e1lja ki a k\u00f6rny\u00e9kben egyed\u00fcl \u00e1ll\u00f3 lehet\u0151s\u00e9get.<\/p>\n<p>        S\u0171r\u0171, indulatokt\u00f3l sem mentes munkah\u00e9t \u00e1ll m\u00f6g\u00f6ttem, m\u00f6g\u00f6tt\u00fcnk. P\u00e9ntek l\u00e9v\u00e9n k\u00edv\u00e1nok mindenkinek sz\u00e9ls\u0151s\u00e9ges id\u0151j\u00e1r\u00e1st\u00f3l mentes, pihentet\u0151  h\u00e9tv\u00e9g\u00e9t. <\/p>\n<p>        V\u00e9gezet\u00fcl szeretn\u00e9m megk\u00f6sz\u00f6nni azt a hihetetlen  ki\u00e1ll\u00e1st, azt a sok-sok j\u00f3 sz\u00f3t \u00e9s biztat\u00e1st, amit az elm\u00falt napokban kaptam. Egy id\u0151s h\u00f6lgy tegnap az utc\u00e1n sz\u00f3l\u00edtott le \u00e9s egyebek mellett azt k\u00e9rdezte: &#8220;Hogy b\u00edrja ezt a sok mocskot, ami mag\u00e1ra z\u00fadul, meg ezt a sok szem\u00e9ts\u00e9get, amit kap?&#8221; H\u00e1t \u00edgy! \u00c9rzem, mennyien \u00e1llnak m\u00f6g\u00f6ttem \u00e9s mennyien b\u00edznak bennem.<\/p>\n<p>        Bar\u00e1ts\u00e1ggal: R.<\/p>\n<p><a href=\"\"><\/a><\/p>\n","protected":false},"excerpt":{"rendered":"<p>Tisztelt Olvas\u00f3im! Lakoss\u00e1gi k\u00e9rd\u00e9sre v\u00e1laszolva szeretn\u00e9m \u00edrni, hogy a KFC kanyarod\u00f3 s\u00e1vj\u00e1nak k\u00e1lv\u00e1ri\u00e1ja egyel\u0151re nem fejez\u0151d\u00f6tt be. B\u00e1r a m\u0171szaki \u00e1tad\u00e1s-\u00e1tv\u00e9teli elj\u00e1r\u00e1s 30-\u00e1n megt\u00f6rt\u00e9nt, de a kanyarod\u00f3 s\u00e1v m\u00e9g mindig le van z\u00e1rva. Az \u00fat kezel\u0151je az az \u00e1llami K\u00f6z\u00fat (teh\u00e1t nem az \u00f6nkorm\u00e1nyzat), amely munkat\u00e1rsaim k\u00e9rd\u00e9s\u00e9re arr\u00f3l t\u00e1j\u00e9koztatott benn\u00fcnket, hogy m\u00e9g egy un. forgalomba [&hellip;]<\/p>\n","protected":false},"author":1,"featured_media":0,"comment_status":"closed","ping_status":"closed","sticky":false,"template":"","format":"standard","meta":{"_acf_changed":false,"_et_pb_use_builder":"","_et_pb_old_content":"","_et_gb_content_width":"","footnotes":""},"categories":[1],"tags":[],"class_list":["post-5206","post","type-post","status-publish","format-standard","hentry","category-uncategorized"],"acf":[],"yoast_head":"<!-- This site is optimized with the Yoast SEO plugin v23.8 - https:\/\/yoast.com\/wordpress\/plugins\/seo\/ -->\n<title>2016.12.02-i Facebook bejegyz\u00e9s - dr. Lengyel R\u00f3bert<\/title>\n<meta name=\"robots\" content=\"index, follow, max-snippet:-1, max-image-preview:large, max-video-preview:-1\" \/>\n<link rel=\"canonical\" href=\"https:\/\/www.lengyelrobert.hu\/index.php\/2016\/12\/02\/2016-12-02-i-facebook-bejegyzes\/\" \/>\n<meta property=\"og:locale\" content=\"hu_HU\" \/>\n<meta property=\"og:type\" content=\"article\" \/>\n<meta property=\"og:title\" content=\"2016.12.02-i Facebook bejegyz\u00e9s - dr. Lengyel R\u00f3bert\" \/>\n<meta property=\"og:description\" content=\"Tisztelt Olvas\u00f3im! Lakoss\u00e1gi k\u00e9rd\u00e9sre v\u00e1laszolva szeretn\u00e9m \u00edrni, hogy a KFC kanyarod\u00f3 s\u00e1vj\u00e1nak k\u00e1lv\u00e1ri\u00e1ja egyel\u0151re nem fejez\u0151d\u00f6tt be. B\u00e1r a m\u0171szaki \u00e1tad\u00e1s-\u00e1tv\u00e9teli elj\u00e1r\u00e1s 30-\u00e1n megt\u00f6rt\u00e9nt, de a kanyarod\u00f3 s\u00e1v m\u00e9g mindig le van z\u00e1rva. Az \u00fat kezel\u0151je az az \u00e1llami K\u00f6z\u00fat (teh\u00e1t nem az \u00f6nkorm\u00e1nyzat), amely munkat\u00e1rsaim k\u00e9rd\u00e9s\u00e9re arr\u00f3l t\u00e1j\u00e9koztatott benn\u00fcnket, hogy m\u00e9g egy un. forgalomba [&hellip;]\" \/>\n<meta property=\"og:url\" content=\"https:\/\/www.lengyelrobert.hu\/index.php\/2016\/12\/02\/2016-12-02-i-facebook-bejegyzes\/\" \/>\n<meta property=\"og:site_name\" content=\"dr. Lengyel R\u00f3bert\" \/>\n<meta property=\"article:published_time\" content=\"2016-12-02T08:47:15+00:00\" \/>\n<meta name=\"author\" content=\"webmaster\" \/>\n<meta name=\"twitter:card\" content=\"summary_large_image\" \/>\n<meta name=\"twitter:label1\" content=\"Szerz\u0151:\" \/>\n\t<meta name=\"twitter:data1\" content=\"webmaster\" \/>\n\t<meta name=\"twitter:label2\" content=\"Becs\u00fclt olvas\u00e1si id\u0151\" \/>\n\t<meta name=\"twitter:data2\" content=\"3 perc\" \/>\n<script type=\"application\/ld+json\" class=\"yoast-schema-graph\">{\"@context\":\"https:\/\/schema.org\",\"@graph\":[{\"@type\":\"WebPage\",\"@id\":\"https:\/\/www.lengyelrobert.hu\/index.php\/2016\/12\/02\/2016-12-02-i-facebook-bejegyzes\/\",\"url\":\"https:\/\/www.lengyelrobert.hu\/index.php\/2016\/12\/02\/2016-12-02-i-facebook-bejegyzes\/\",\"name\":\"2016.12.02-i Facebook bejegyz\u00e9s - dr. Lengyel R\u00f3bert\",\"isPartOf\":{\"@id\":\"https:\/\/www.lengyelrobert.hu\/#website\"},\"datePublished\":\"2016-12-02T08:47:15+00:00\",\"dateModified\":\"2016-12-02T08:47:15+00:00\",\"author\":{\"@id\":\"https:\/\/www.lengyelrobert.hu\/#\/schema\/person\/2926fe5141a59e6530d8a411eb7bfb2d\"},\"breadcrumb\":{\"@id\":\"https:\/\/www.lengyelrobert.hu\/index.php\/2016\/12\/02\/2016-12-02-i-facebook-bejegyzes\/#breadcrumb\"},\"inLanguage\":\"hu\",\"potentialAction\":[{\"@type\":\"ReadAction\",\"target\":[\"https:\/\/www.lengyelrobert.hu\/index.php\/2016\/12\/02\/2016-12-02-i-facebook-bejegyzes\/\"]}]},{\"@type\":\"BreadcrumbList\",\"@id\":\"https:\/\/www.lengyelrobert.hu\/index.php\/2016\/12\/02\/2016-12-02-i-facebook-bejegyzes\/#breadcrumb\",\"itemListElement\":[{\"@type\":\"ListItem\",\"position\":1,\"name\":\"Home\",\"item\":\"https:\/\/www.lengyelrobert.hu\/\"},{\"@type\":\"ListItem\",\"position\":2,\"name\":\"2016.12.02-i Facebook bejegyz\u00e9s\"}]},{\"@type\":\"WebSite\",\"@id\":\"https:\/\/www.lengyelrobert.hu\/#website\",\"url\":\"https:\/\/www.lengyelrobert.hu\/\",\"name\":\"dr. Lengyel R\u00f3bert\",\"description\":\"A Becs\u00fclettel Si\u00f3fok\u00e9rt Egyes\u00fclet honlapja\",\"potentialAction\":[{\"@type\":\"SearchAction\",\"target\":{\"@type\":\"EntryPoint\",\"urlTemplate\":\"https:\/\/www.lengyelrobert.hu\/?s={search_term_string}\"},\"query-input\":{\"@type\":\"PropertyValueSpecification\",\"valueRequired\":true,\"valueName\":\"search_term_string\"}}],\"inLanguage\":\"hu\"},{\"@type\":\"Person\",\"@id\":\"https:\/\/www.lengyelrobert.hu\/#\/schema\/person\/2926fe5141a59e6530d8a411eb7bfb2d\",\"name\":\"webmaster\",\"image\":{\"@type\":\"ImageObject\",\"inLanguage\":\"hu\",\"@id\":\"https:\/\/www.lengyelrobert.hu\/#\/schema\/person\/image\/\",\"url\":\"https:\/\/secure.gravatar.com\/avatar\/d53f7fc01f188bb097ecc2caf950c777c2cdc1ec48a2d1726a8399a2188940b0?s=96&d=mm&r=g\",\"contentUrl\":\"https:\/\/secure.gravatar.com\/avatar\/d53f7fc01f188bb097ecc2caf950c777c2cdc1ec48a2d1726a8399a2188940b0?s=96&d=mm&r=g\",\"caption\":\"webmaster\"},\"sameAs\":[\"https:\/\/www.lengyelrobert.hu\"],\"url\":\"https:\/\/www.lengyelrobert.hu\/index.php\/author\/webmaster\/\"}]}<\/script>\n<!-- \/ Yoast SEO plugin. -->","yoast_head_json":{"title":"2016.12.02-i Facebook bejegyz\u00e9s - dr. Lengyel R\u00f3bert","robots":{"index":"index","follow":"follow","max-snippet":"max-snippet:-1","max-image-preview":"max-image-preview:large","max-video-preview":"max-video-preview:-1"},"canonical":"https:\/\/www.lengyelrobert.hu\/index.php\/2016\/12\/02\/2016-12-02-i-facebook-bejegyzes\/","og_locale":"hu_HU","og_type":"article","og_title":"2016.12.02-i Facebook bejegyz\u00e9s - dr. Lengyel R\u00f3bert","og_description":"Tisztelt Olvas\u00f3im! Lakoss\u00e1gi k\u00e9rd\u00e9sre v\u00e1laszolva szeretn\u00e9m \u00edrni, hogy a KFC kanyarod\u00f3 s\u00e1vj\u00e1nak k\u00e1lv\u00e1ri\u00e1ja egyel\u0151re nem fejez\u0151d\u00f6tt be. B\u00e1r a m\u0171szaki \u00e1tad\u00e1s-\u00e1tv\u00e9teli elj\u00e1r\u00e1s 30-\u00e1n megt\u00f6rt\u00e9nt, de a kanyarod\u00f3 s\u00e1v m\u00e9g mindig le van z\u00e1rva. Az \u00fat kezel\u0151je az az \u00e1llami K\u00f6z\u00fat (teh\u00e1t nem az \u00f6nkorm\u00e1nyzat), amely munkat\u00e1rsaim k\u00e9rd\u00e9s\u00e9re arr\u00f3l t\u00e1j\u00e9koztatott benn\u00fcnket, hogy m\u00e9g egy un. forgalomba [&hellip;]","og_url":"https:\/\/www.lengyelrobert.hu\/index.php\/2016\/12\/02\/2016-12-02-i-facebook-bejegyzes\/","og_site_name":"dr. Lengyel R\u00f3bert","article_published_time":"2016-12-02T08:47:15+00:00","author":"webmaster","twitter_card":"summary_large_image","twitter_misc":{"Szerz\u0151:":"webmaster","Becs\u00fclt olvas\u00e1si id\u0151":"3 perc"},"schema":{"@context":"https:\/\/schema.org","@graph":[{"@type":"WebPage","@id":"https:\/\/www.lengyelrobert.hu\/index.php\/2016\/12\/02\/2016-12-02-i-facebook-bejegyzes\/","url":"https:\/\/www.lengyelrobert.hu\/index.php\/2016\/12\/02\/2016-12-02-i-facebook-bejegyzes\/","name":"2016.12.02-i Facebook bejegyz\u00e9s - dr. Lengyel R\u00f3bert","isPartOf":{"@id":"https:\/\/www.lengyelrobert.hu\/#website"},"datePublished":"2016-12-02T08:47:15+00:00","dateModified":"2016-12-02T08:47:15+00:00","author":{"@id":"https:\/\/www.lengyelrobert.hu\/#\/schema\/person\/2926fe5141a59e6530d8a411eb7bfb2d"},"breadcrumb":{"@id":"https:\/\/www.lengyelrobert.hu\/index.php\/2016\/12\/02\/2016-12-02-i-facebook-bejegyzes\/#breadcrumb"},"inLanguage":"hu","potentialAction":[{"@type":"ReadAction","target":["https:\/\/www.lengyelrobert.hu\/index.php\/2016\/12\/02\/2016-12-02-i-facebook-bejegyzes\/"]}]},{"@type":"BreadcrumbList","@id":"https:\/\/www.lengyelrobert.hu\/index.php\/2016\/12\/02\/2016-12-02-i-facebook-bejegyzes\/#breadcrumb","itemListElement":[{"@type":"ListItem","position":1,"name":"Home","item":"https:\/\/www.lengyelrobert.hu\/"},{"@type":"ListItem","position":2,"name":"2016.12.02-i Facebook bejegyz\u00e9s"}]},{"@type":"WebSite","@id":"https:\/\/www.lengyelrobert.hu\/#website","url":"https:\/\/www.lengyelrobert.hu\/","name":"dr. Lengyel R\u00f3bert","description":"A Becs\u00fclettel Si\u00f3fok\u00e9rt Egyes\u00fclet honlapja","potentialAction":[{"@type":"SearchAction","target":{"@type":"EntryPoint","urlTemplate":"https:\/\/www.lengyelrobert.hu\/?s={search_term_string}"},"query-input":{"@type":"PropertyValueSpecification","valueRequired":true,"valueName":"search_term_string"}}],"inLanguage":"hu"},{"@type":"Person","@id":"https:\/\/www.lengyelrobert.hu\/#\/schema\/person\/2926fe5141a59e6530d8a411eb7bfb2d","name":"webmaster","image":{"@type":"ImageObject","inLanguage":"hu","@id":"https:\/\/www.lengyelrobert.hu\/#\/schema\/person\/image\/","url":"https:\/\/secure.gravatar.com\/avatar\/d53f7fc01f188bb097ecc2caf950c777c2cdc1ec48a2d1726a8399a2188940b0?s=96&d=mm&r=g","contentUrl":"https:\/\/secure.gravatar.com\/avatar\/d53f7fc01f188bb097ecc2caf950c777c2cdc1ec48a2d1726a8399a2188940b0?s=96&d=mm&r=g","caption":"webmaster"},"sameAs":["https:\/\/www.lengyelrobert.hu"],"url":"https:\/\/www.lengyelrobert.hu\/index.php\/author\/webmaster\/"}]}},"_links":{"self":[{"href":"https:\/\/www.lengyelrobert.hu\/index.php\/wp-json\/wp\/v2\/posts\/5206","targetHints":{"allow":["GET"]}}],"collection":[{"href":"https:\/\/www.lengyelrobert.hu\/index.php\/wp-json\/wp\/v2\/posts"}],"about":[{"href":"https:\/\/www.lengyelrobert.hu\/index.php\/wp-json\/wp\/v2\/types\/post"}],"author":[{"embeddable":true,"href":"https:\/\/www.lengyelrobert.hu\/index.php\/wp-json\/wp\/v2\/users\/1"}],"replies":[{"embeddable":true,"href":"https:\/\/www.lengyelrobert.hu\/index.php\/wp-json\/wp\/v2\/comments?post=5206"}],"version-history":[{"count":0,"href":"https:\/\/www.lengyelrobert.hu\/index.php\/wp-json\/wp\/v2\/posts\/5206\/revisions"}],"wp:attachment":[{"href":"https:\/\/www.lengyelrobert.hu\/index.php\/wp-json\/wp\/v2\/media?parent=5206"}],"wp:term":[{"taxonomy":"category","embeddable":true,"href":"https:\/\/www.lengyelrobert.hu\/index.php\/wp-json\/wp\/v2\/categories?post=5206"},{"taxonomy":"post_tag","embeddable":true,"href":"https:\/\/www.lengyelrobert.hu\/index.php\/wp-json\/wp\/v2\/tags?post=5206"}],"curies":[{"name":"wp","href":"https:\/\/api.w.org\/{rel}","templated":true}]}}