{"id":5174,"date":"2017-01-13T12:26:00","date_gmt":"2017-01-13T11:26:00","guid":{"rendered":"https:\/\/www.lengyelrobert.hu\/uncategorized\/2017-01-13-i-facebook-bejegyzes\/"},"modified":"2017-01-13T12:26:00","modified_gmt":"2017-01-13T11:26:00","slug":"2017-01-13-i-facebook-bejegyzes","status":"publish","type":"post","link":"https:\/\/www.lengyelrobert.hu\/index.php\/2017\/01\/13\/2017-01-13-i-facebook-bejegyzes\/","title":{"rendered":"2017.01.13-i Facebook bejegyz\u00e9s"},"content":{"rendered":"<p>Tisztelt Olvas\u00f3im!<\/p>\n<p>        Tagnap \u00edrtam, hogy a hajl\u00e9ktalan sz\u00e1ll\u00f3 f\u0171t\u00e9se t\u00f6nkre ment. Erre j\u00f6tt egy reakci\u00f3, hogy a minap a kult\u00farh\u00e1zban is f\u0171t\u00e9s n\u00e9lk\u00fcl \u00fccs\u00f6r\u00f6gtek a gyerekek \u00e9s ki ez\u00e9rt a felel\u0151s. Nos, ami elromolhat az el\u0151bb-ut\u00f3bb el is romlik. Ezzel egy\u00fctt, az\u00e9rt lenne egy csendes megjegyz\u00e9sem. K\u00e9t \u00e9ve abban \u00e1llapodtam meg a Fidesz frakci\u00f3 akkori vezet\u0151j\u00e9vel, Szamosi \u00farral, hogy a ciklusunk ideje alatt, minden \u00e9vben 50 milli\u00f3 Ft-ot sz\u00e1nunk a kult\u00farh\u00e1z fel\u00faj\u00edt\u00e1s\u00e1ra, \u00edgy 4 \u00e9v alatt eljuthatunk od\u00e1ig, hogy az \u00e9p\u00fclet teljes eg\u00e9sz\u00e9ben meg\u00fajuljon. Els\u0151 \u00e9vben ment is a p\u00e9nz \u00e9s pl. a teljes sz\u00e9ksor cser\u00e9t elv\u00e9geztett\u00fck. Azt\u00e1n 2016-ban a megbesz\u00e9lt 50 milli\u00f3 Ft-ot, a mai napig nem pontosan tudom milyen ind\u00edttat\u00e1sb\u00f3l, de a test\u00fcleti t\u00f6bbs\u00e9g 30-ra m\u00e9rs\u00e9kelte. (Rem\u00e9lem, az csak rosszm\u00e1j\u00fa felt\u00e9telez\u00e9s, hogy az\u00e9rt, mert az \u00e9n javaslatom volt ez a projekt az 50 milli\u00f3val.) Egysz\u00f3val ott er\u0151teljes kurt\u00edt\u00e1s t\u00f6rt\u00e9nt. Tal\u00e1n ha nem ez a t\u00f6bbs\u00e9gi akarat, akkor m\u00e9g az is lehet, hogy ez a helyzet nem \u00e1llt volna most el\u0151. Nem felel\u0151st vagy felel\u0151s\u00f6ket keresve, kiki\u00e1ltva, de ut\u00f3lag is helyesnek tartom az akkori \u00e9rvel\u00e9sem \u00e9s id\u00e9n is fenntartom a v\u00e9lem\u00e9nyem: k\u00f6lteni kell az \u00e9p\u00fcletre, mert el\u0151bb-ut\u00f3bb r\u00e1nk d\u0151l. Nem egyszerre, hanem \u00e9venk\u00e9nti \u00fctemez\u00e9ssel.<\/p>\n<p>        A tegnapi k\u00f6zv\u00e9lem\u00e9ny-kutat\u00e1si kezdem\u00e9nyez\u00e9s meglep\u0151en nagy \u00e9rdekl\u0151d\u00e9st v\u00e1ltott ki. Ma 11 \u00f3r\u00e1ig 708 kit\u00f6lt\u00f6tt adatlapunk lett. A szok\u00e1sos b\u00e9rhuhog\u00f3k persze reag\u00e1ltak. Alig l\u00e1togatott fb. oldalaikon elkezdt\u00e9k a kritiz\u00e1l\u00e1st, lefitym\u00e1l\u00e1st, gondolom ahogy azt gazd\u00e1juk elrendelte. Persze lehet azt is, kritiz\u00e1ljanak nyugodtan, am\u00edg csak \u0151k teszik, addig m\u00e9lyen alszom.<br \/>\n        \u00c9n akkor is k\u00edv\u00e1ncsi vagyok az emberek v\u00e9lem\u00e9ny\u00e9re, m\u00e9g ha ez az elm\u00falt \u00e9vtizedekre visszatekintve furcsa is itt egyeseknek. Sz\u00f3val tov\u00e1bbra is arra b\u00edztatok mindenkit, t\u00f6lts\u00e9k ki min\u00e9l t\u00f6bben. Nem lesz reprezentat\u00edv az eredm\u00e9ny, de ir\u00e1nymutat\u00f3nak mindenk\u00e9pp kiv\u00e1l\u00f3. Ma Szajcz \u00farral szem\u00e9lyesen egyeztett\u00fcnk k\u00f6lts\u00e9gvet\u00e9si k\u00e9rd\u00e9sekben \u00e9s \u0151 maga is az ut\u00f3bbi \u00e1ll\u00e1spontot er\u0151s\u00edtette. Egysz\u00f3val test\u00fcleti szinten is v\u00e1rjuk a tov\u00e1bbi v\u00e9lem\u00e9nyeket.<\/p>\n<p>        A link egy poszttal lentebb el\u00e9rhet\u0151, k\u00e9rem min\u00e9l t\u00f6bben ossz\u00e1k, ossz\u00e1tok!  Adjunk min\u00e9l t\u00f6bb si\u00f3fokinak lehet\u0151s\u00e9get, hogy belesz\u00f3ljon ebbe a fontos k\u00f6z\u00fcgybe.<\/p>\n<p>        Nyugodt, b\u00e9k\u00e9s h\u00e9tv\u00e9g\u00e9t k\u00edv\u00e1nok mindenkinek!<\/p>\n<p>        Bar\u00e1ts\u00e1ggal: R.<\/p>\n<p><a href=\"\"><\/a><\/p>\n","protected":false},"excerpt":{"rendered":"<p>Tisztelt Olvas\u00f3im! Tagnap \u00edrtam, hogy a hajl\u00e9ktalan sz\u00e1ll\u00f3 f\u0171t\u00e9se t\u00f6nkre ment. Erre j\u00f6tt egy reakci\u00f3, hogy a minap a kult\u00farh\u00e1zban is f\u0171t\u00e9s n\u00e9lk\u00fcl \u00fccs\u00f6r\u00f6gtek a gyerekek \u00e9s ki ez\u00e9rt a felel\u0151s. Nos, ami elromolhat az el\u0151bb-ut\u00f3bb el is romlik. Ezzel egy\u00fctt, az\u00e9rt lenne egy csendes megjegyz\u00e9sem. K\u00e9t \u00e9ve abban \u00e1llapodtam meg a Fidesz frakci\u00f3 akkori [&hellip;]<\/p>\n","protected":false},"author":1,"featured_media":0,"comment_status":"closed","ping_status":"closed","sticky":false,"template":"","format":"standard","meta":{"_acf_changed":false,"_et_pb_use_builder":"","_et_pb_old_content":"","_et_gb_content_width":"","footnotes":""},"categories":[1],"tags":[],"class_list":["post-5174","post","type-post","status-publish","format-standard","hentry","category-uncategorized"],"acf":[],"yoast_head":"<!-- This site is optimized with the Yoast SEO plugin v23.8 - https:\/\/yoast.com\/wordpress\/plugins\/seo\/ -->\n<title>2017.01.13-i Facebook bejegyz\u00e9s - dr. Lengyel R\u00f3bert<\/title>\n<meta name=\"robots\" content=\"index, follow, max-snippet:-1, max-image-preview:large, max-video-preview:-1\" \/>\n<link rel=\"canonical\" href=\"https:\/\/www.lengyelrobert.hu\/index.php\/2017\/01\/13\/2017-01-13-i-facebook-bejegyzes\/\" \/>\n<meta property=\"og:locale\" content=\"hu_HU\" \/>\n<meta property=\"og:type\" content=\"article\" \/>\n<meta property=\"og:title\" content=\"2017.01.13-i Facebook bejegyz\u00e9s - dr. Lengyel R\u00f3bert\" \/>\n<meta property=\"og:description\" content=\"Tisztelt Olvas\u00f3im! Tagnap \u00edrtam, hogy a hajl\u00e9ktalan sz\u00e1ll\u00f3 f\u0171t\u00e9se t\u00f6nkre ment. Erre j\u00f6tt egy reakci\u00f3, hogy a minap a kult\u00farh\u00e1zban is f\u0171t\u00e9s n\u00e9lk\u00fcl \u00fccs\u00f6r\u00f6gtek a gyerekek \u00e9s ki ez\u00e9rt a felel\u0151s. Nos, ami elromolhat az el\u0151bb-ut\u00f3bb el is romlik. Ezzel egy\u00fctt, az\u00e9rt lenne egy csendes megjegyz\u00e9sem. K\u00e9t \u00e9ve abban \u00e1llapodtam meg a Fidesz frakci\u00f3 akkori [&hellip;]\" \/>\n<meta property=\"og:url\" content=\"https:\/\/www.lengyelrobert.hu\/index.php\/2017\/01\/13\/2017-01-13-i-facebook-bejegyzes\/\" \/>\n<meta property=\"og:site_name\" content=\"dr. Lengyel R\u00f3bert\" \/>\n<meta property=\"article:published_time\" content=\"2017-01-13T11:26:00+00:00\" \/>\n<meta name=\"author\" content=\"webmaster\" \/>\n<meta name=\"twitter:card\" content=\"summary_large_image\" \/>\n<meta name=\"twitter:label1\" content=\"Szerz\u0151:\" \/>\n\t<meta name=\"twitter:data1\" content=\"webmaster\" \/>\n\t<meta name=\"twitter:label2\" content=\"Becs\u00fclt olvas\u00e1si id\u0151\" \/>\n\t<meta name=\"twitter:data2\" content=\"2 perc\" \/>\n<script type=\"application\/ld+json\" class=\"yoast-schema-graph\">{\"@context\":\"https:\/\/schema.org\",\"@graph\":[{\"@type\":\"WebPage\",\"@id\":\"https:\/\/www.lengyelrobert.hu\/index.php\/2017\/01\/13\/2017-01-13-i-facebook-bejegyzes\/\",\"url\":\"https:\/\/www.lengyelrobert.hu\/index.php\/2017\/01\/13\/2017-01-13-i-facebook-bejegyzes\/\",\"name\":\"2017.01.13-i Facebook bejegyz\u00e9s - dr. Lengyel R\u00f3bert\",\"isPartOf\":{\"@id\":\"https:\/\/www.lengyelrobert.hu\/#website\"},\"datePublished\":\"2017-01-13T11:26:00+00:00\",\"dateModified\":\"2017-01-13T11:26:00+00:00\",\"author\":{\"@id\":\"https:\/\/www.lengyelrobert.hu\/#\/schema\/person\/2926fe5141a59e6530d8a411eb7bfb2d\"},\"breadcrumb\":{\"@id\":\"https:\/\/www.lengyelrobert.hu\/index.php\/2017\/01\/13\/2017-01-13-i-facebook-bejegyzes\/#breadcrumb\"},\"inLanguage\":\"hu\",\"potentialAction\":[{\"@type\":\"ReadAction\",\"target\":[\"https:\/\/www.lengyelrobert.hu\/index.php\/2017\/01\/13\/2017-01-13-i-facebook-bejegyzes\/\"]}]},{\"@type\":\"BreadcrumbList\",\"@id\":\"https:\/\/www.lengyelrobert.hu\/index.php\/2017\/01\/13\/2017-01-13-i-facebook-bejegyzes\/#breadcrumb\",\"itemListElement\":[{\"@type\":\"ListItem\",\"position\":1,\"name\":\"Home\",\"item\":\"https:\/\/www.lengyelrobert.hu\/\"},{\"@type\":\"ListItem\",\"position\":2,\"name\":\"2017.01.13-i Facebook bejegyz\u00e9s\"}]},{\"@type\":\"WebSite\",\"@id\":\"https:\/\/www.lengyelrobert.hu\/#website\",\"url\":\"https:\/\/www.lengyelrobert.hu\/\",\"name\":\"dr. Lengyel R\u00f3bert\",\"description\":\"A Becs\u00fclettel Si\u00f3fok\u00e9rt Egyes\u00fclet honlapja\",\"potentialAction\":[{\"@type\":\"SearchAction\",\"target\":{\"@type\":\"EntryPoint\",\"urlTemplate\":\"https:\/\/www.lengyelrobert.hu\/?s={search_term_string}\"},\"query-input\":{\"@type\":\"PropertyValueSpecification\",\"valueRequired\":true,\"valueName\":\"search_term_string\"}}],\"inLanguage\":\"hu\"},{\"@type\":\"Person\",\"@id\":\"https:\/\/www.lengyelrobert.hu\/#\/schema\/person\/2926fe5141a59e6530d8a411eb7bfb2d\",\"name\":\"webmaster\",\"image\":{\"@type\":\"ImageObject\",\"inLanguage\":\"hu\",\"@id\":\"https:\/\/www.lengyelrobert.hu\/#\/schema\/person\/image\/\",\"url\":\"https:\/\/secure.gravatar.com\/avatar\/d53f7fc01f188bb097ecc2caf950c777c2cdc1ec48a2d1726a8399a2188940b0?s=96&d=mm&r=g\",\"contentUrl\":\"https:\/\/secure.gravatar.com\/avatar\/d53f7fc01f188bb097ecc2caf950c777c2cdc1ec48a2d1726a8399a2188940b0?s=96&d=mm&r=g\",\"caption\":\"webmaster\"},\"sameAs\":[\"https:\/\/www.lengyelrobert.hu\"],\"url\":\"https:\/\/www.lengyelrobert.hu\/index.php\/author\/webmaster\/\"}]}<\/script>\n<!-- \/ Yoast SEO plugin. -->","yoast_head_json":{"title":"2017.01.13-i Facebook bejegyz\u00e9s - dr. Lengyel R\u00f3bert","robots":{"index":"index","follow":"follow","max-snippet":"max-snippet:-1","max-image-preview":"max-image-preview:large","max-video-preview":"max-video-preview:-1"},"canonical":"https:\/\/www.lengyelrobert.hu\/index.php\/2017\/01\/13\/2017-01-13-i-facebook-bejegyzes\/","og_locale":"hu_HU","og_type":"article","og_title":"2017.01.13-i Facebook bejegyz\u00e9s - dr. Lengyel R\u00f3bert","og_description":"Tisztelt Olvas\u00f3im! Tagnap \u00edrtam, hogy a hajl\u00e9ktalan sz\u00e1ll\u00f3 f\u0171t\u00e9se t\u00f6nkre ment. Erre j\u00f6tt egy reakci\u00f3, hogy a minap a kult\u00farh\u00e1zban is f\u0171t\u00e9s n\u00e9lk\u00fcl \u00fccs\u00f6r\u00f6gtek a gyerekek \u00e9s ki ez\u00e9rt a felel\u0151s. Nos, ami elromolhat az el\u0151bb-ut\u00f3bb el is romlik. Ezzel egy\u00fctt, az\u00e9rt lenne egy csendes megjegyz\u00e9sem. K\u00e9t \u00e9ve abban \u00e1llapodtam meg a Fidesz frakci\u00f3 akkori [&hellip;]","og_url":"https:\/\/www.lengyelrobert.hu\/index.php\/2017\/01\/13\/2017-01-13-i-facebook-bejegyzes\/","og_site_name":"dr. Lengyel R\u00f3bert","article_published_time":"2017-01-13T11:26:00+00:00","author":"webmaster","twitter_card":"summary_large_image","twitter_misc":{"Szerz\u0151:":"webmaster","Becs\u00fclt olvas\u00e1si id\u0151":"2 perc"},"schema":{"@context":"https:\/\/schema.org","@graph":[{"@type":"WebPage","@id":"https:\/\/www.lengyelrobert.hu\/index.php\/2017\/01\/13\/2017-01-13-i-facebook-bejegyzes\/","url":"https:\/\/www.lengyelrobert.hu\/index.php\/2017\/01\/13\/2017-01-13-i-facebook-bejegyzes\/","name":"2017.01.13-i Facebook bejegyz\u00e9s - dr. Lengyel R\u00f3bert","isPartOf":{"@id":"https:\/\/www.lengyelrobert.hu\/#website"},"datePublished":"2017-01-13T11:26:00+00:00","dateModified":"2017-01-13T11:26:00+00:00","author":{"@id":"https:\/\/www.lengyelrobert.hu\/#\/schema\/person\/2926fe5141a59e6530d8a411eb7bfb2d"},"breadcrumb":{"@id":"https:\/\/www.lengyelrobert.hu\/index.php\/2017\/01\/13\/2017-01-13-i-facebook-bejegyzes\/#breadcrumb"},"inLanguage":"hu","potentialAction":[{"@type":"ReadAction","target":["https:\/\/www.lengyelrobert.hu\/index.php\/2017\/01\/13\/2017-01-13-i-facebook-bejegyzes\/"]}]},{"@type":"BreadcrumbList","@id":"https:\/\/www.lengyelrobert.hu\/index.php\/2017\/01\/13\/2017-01-13-i-facebook-bejegyzes\/#breadcrumb","itemListElement":[{"@type":"ListItem","position":1,"name":"Home","item":"https:\/\/www.lengyelrobert.hu\/"},{"@type":"ListItem","position":2,"name":"2017.01.13-i Facebook bejegyz\u00e9s"}]},{"@type":"WebSite","@id":"https:\/\/www.lengyelrobert.hu\/#website","url":"https:\/\/www.lengyelrobert.hu\/","name":"dr. Lengyel R\u00f3bert","description":"A Becs\u00fclettel Si\u00f3fok\u00e9rt Egyes\u00fclet honlapja","potentialAction":[{"@type":"SearchAction","target":{"@type":"EntryPoint","urlTemplate":"https:\/\/www.lengyelrobert.hu\/?s={search_term_string}"},"query-input":{"@type":"PropertyValueSpecification","valueRequired":true,"valueName":"search_term_string"}}],"inLanguage":"hu"},{"@type":"Person","@id":"https:\/\/www.lengyelrobert.hu\/#\/schema\/person\/2926fe5141a59e6530d8a411eb7bfb2d","name":"webmaster","image":{"@type":"ImageObject","inLanguage":"hu","@id":"https:\/\/www.lengyelrobert.hu\/#\/schema\/person\/image\/","url":"https:\/\/secure.gravatar.com\/avatar\/d53f7fc01f188bb097ecc2caf950c777c2cdc1ec48a2d1726a8399a2188940b0?s=96&d=mm&r=g","contentUrl":"https:\/\/secure.gravatar.com\/avatar\/d53f7fc01f188bb097ecc2caf950c777c2cdc1ec48a2d1726a8399a2188940b0?s=96&d=mm&r=g","caption":"webmaster"},"sameAs":["https:\/\/www.lengyelrobert.hu"],"url":"https:\/\/www.lengyelrobert.hu\/index.php\/author\/webmaster\/"}]}},"_links":{"self":[{"href":"https:\/\/www.lengyelrobert.hu\/index.php\/wp-json\/wp\/v2\/posts\/5174","targetHints":{"allow":["GET"]}}],"collection":[{"href":"https:\/\/www.lengyelrobert.hu\/index.php\/wp-json\/wp\/v2\/posts"}],"about":[{"href":"https:\/\/www.lengyelrobert.hu\/index.php\/wp-json\/wp\/v2\/types\/post"}],"author":[{"embeddable":true,"href":"https:\/\/www.lengyelrobert.hu\/index.php\/wp-json\/wp\/v2\/users\/1"}],"replies":[{"embeddable":true,"href":"https:\/\/www.lengyelrobert.hu\/index.php\/wp-json\/wp\/v2\/comments?post=5174"}],"version-history":[{"count":0,"href":"https:\/\/www.lengyelrobert.hu\/index.php\/wp-json\/wp\/v2\/posts\/5174\/revisions"}],"wp:attachment":[{"href":"https:\/\/www.lengyelrobert.hu\/index.php\/wp-json\/wp\/v2\/media?parent=5174"}],"wp:term":[{"taxonomy":"category","embeddable":true,"href":"https:\/\/www.lengyelrobert.hu\/index.php\/wp-json\/wp\/v2\/categories?post=5174"},{"taxonomy":"post_tag","embeddable":true,"href":"https:\/\/www.lengyelrobert.hu\/index.php\/wp-json\/wp\/v2\/tags?post=5174"}],"curies":[{"name":"wp","href":"https:\/\/api.w.org\/{rel}","templated":true}]}}