{"id":5165,"date":"2017-01-26T16:25:54","date_gmt":"2017-01-26T15:25:54","guid":{"rendered":"https:\/\/www.lengyelrobert.hu\/uncategorized\/2017-01-26-i-facebook-bejegyzes\/"},"modified":"2017-01-26T16:25:54","modified_gmt":"2017-01-26T15:25:54","slug":"2017-01-26-i-facebook-bejegyzes","status":"publish","type":"post","link":"https:\/\/www.lengyelrobert.hu\/index.php\/2017\/01\/26\/2017-01-26-i-facebook-bejegyzes\/","title":{"rendered":"2017.01.26-i Facebook bejegyz\u00e9s"},"content":{"rendered":"<p>Tisztelt Olvas\u00f3im!<\/p>\n<p>        A mai test\u00fcleti \u00fcl\u00e9s\u00fcnk f\u0151bb d\u00f6nt\u00e9sei:<\/p>\n<p>        1. A Balaton Fejleszt\u00e9si Tan\u00e1cs m\u00e9g 2016-ban d\u00f6nt\u00f6tt arr\u00f3l, hogy v\u00edzparti k\u00f6z\u00f6ss\u00e9gi ter\u00fcletek, s\u00e9t\u00e1nyok, z\u00f6ldfel\u00fcletek fejleszt\u00e9s\u00e9re p\u00e1ly\u00e1zati forr\u00e1sokat biztos\u00edt. V\u00e1rosunk a Cs\u00faszda utc\u00e1t\u00f3l indul\u00f3, r\u00e9szben m\u00e1r \u00fajonnan burkolt s\u00e9t\u00e1ny tov\u00e1bbfejleszt\u00e9s\u00e9re p\u00e1ly\u00e1zik (konkr\u00e9tan a Munk\u00e1csy \u00e9s T\u00f6m\u00f6rk\u00e9ny utc\u00e1k k\u00f6z\u00f6tti szakasz). A burkolaton k\u00edv\u00fcl 15 db \u00faj pad \u00e9s szint\u00e9n 15 utcai szem\u00e9tgy\u0171jt\u0151 is be\u00e9p\u00edt\u00e9sre ker\u00fclne. A k\u00f6zel 18 milli\u00f3s \u00f6nk\u00f6lts\u00e9g v\u00e1llal\u00e1s\u00e1r\u00f3l d\u00f6nt\u00f6tt\u00fcnk, z\u00f6ld \u00fat van a sikeres p\u00e1ly\u00e1zathoz.<br \/>\n        2. A Korm\u00e1ny p\u00e9nzeszk\u00f6z\u00f6k \u00e1tcsoportos\u00edt\u00e1s\u00e1val \u00fagy d\u00f6nt\u00f6tt, hogy a si\u00f3foki futball stadionfejleszt\u00e9si programhoz, \u00fajabb f\u00e9l milli\u00e1rdos t\u00e1mogat\u00e1st biztos\u00edt. Ez az \u00f6sszeg egyebek mellett a stadion k\u00f6rnyezet\u00e9nek a kialak\u00edt\u00e1s\u00e1hoz is hozz\u00e1 j\u00e1rulhat, ily m\u00f3don az \u00e9rintett v\u00e1rosr\u00e9sz \u00f6sszk\u00e9pe jelent\u0151sen javulhat. &#8220;Tal\u00e1lt p\u00e9nz&#8221;-r\u0151l van sz\u00f3, viszont a tov\u00e1bbi k\u00e9rd\u00e9seket megel\u0151zend\u0151, kiz\u00e1r\u00f3lag a fenti c\u00e9lra ford\u00edthat\u00f3, semmi m\u00e1sra.<br \/>\n        3. Gondoz\u00e1si K\u00f6zpontunk vonatkoz\u00e1s\u00e1ban is szavaztuk. Egyebek mellet a k\u00f6zpont igazgat\u00f3ja, Kasz\u00e1n\u00e9 el\u0151terjesztette, hogy a j\u00f6v\u0151ben k\u00e9t helyettes vezet\u0151re is sz\u00fcks\u00e9ge lenne (jelenleg egy van \u00e9s tudtommal mindig annyi is volt). M\u00falt h\u00e9ten a bizotts\u00e1gi \u00fcl\u00e9sen r\u00e1k\u00e9rdeztem, hogy politikai vagy szakmai-e ez az elk\u00e9pzel\u00e9s, magyarul puszt\u00e1n nem-e arr\u00f3l van sz\u00f3, hogy hely kell valakinek? (Gyan\u00famat arra alapozom, hogy igazgat\u00f3 asszony err\u0151l engem, mint a k\u00f6zvetlen f\u0151n\u00f6k\u00e9t elfelejtett el\u0151zetesen t\u00e1j\u00e9koztatni, m\u00e1sr\u00e9szt tudtommal a volt helyettes\u00e9t lev\u00e1ltotta \u00e9v elej\u00e9n, aki viszont most ism\u00e9t v\u00e1rom\u00e1nyosa lett egy m\u00e1sik helyettesi helynek.)  Ma kifejtettem: nem vagyok meggy\u0151z\u0151dve arr\u00f3l, hogy sz\u00fcks\u00e9ges a vezet\u0151i l\u00e9tsz\u00e1mot emelni.  A test\u00fclet t\u00f6bbs\u00e9ge megszavazta.<br \/>\n        4. T\u00f6rv\u00e9nyi rendelkez\u00e9s ok\u00e1n, janu\u00e1r 1-t\u0151l v\u00e1ltoztak a polg\u00e1rmesteri illetm\u00e9nyek. Magam, mint 10 \u00e9s 30 ezer f\u0151 k\u00f6z\u00f6tti telep\u00fcl\u00e9s polg\u00e1rmestere az eddigi br. 523 e. Ft helyett fix 698 e Ft-ot keresek. A f\u0151\u00e1ll\u00e1s\u00fa alpolg\u00e1rmester, Potocsk\u00e1n\u00e9 eset\u00e9ben a tv. nem fix \u00f6sszegr\u0151l sz\u00f3l, hanem differenci\u00e1l\u00e1si lehet\u0151s\u00e9get biztos\u00edt. Jelen esetben ez azt jelenti, hogy a polg\u00e1rmesteri illetm\u00e9ny 70-90 %-a k\u00f6z\u00f6tti \u00f6sszeg \u00e1llap\u00edthat\u00f3 meg. Potocsk\u00e1n\u00e9 maga k\u00e9rte, hogy a k\u00f6telez\u0151, de minim\u00e1lis 70 %-os emel\u00e9st kapja, magasabb \u00f6sszegre nem tart ig\u00e9nyt, miut\u00e1n az \u00e1llam v\u00e9lhet\u0151en egyetlen forinttal sem fog hozz\u00e1j\u00e1rulni a b\u00e9remel\u00e9sekhez. A d\u00f6nt\u00e9s, hogy emelni kell az \u00e1llam\u00e9, az ezzel j\u00e1r\u00f3 plusz teher a v\u00e1ros\u00e9. A magam r\u00e9sz\u00e9r\u0151l \u00edgy ezt az emel\u00e9st els\u0151sorban is v\u00e1rosunk ad\u00f3fizet\u0151 polg\u00e1rainak k\u00f6sz\u00f6n\u00f6m meg nagy tisztelettel.<br \/>\n        5. Etikai bizotts\u00e1gunk eln\u00f6ke, V\u00f6lgyi \u00far a k\u00e9pvisel\u0151i vagyonnyilatkozatok k\u00f6zz\u00e9t\u00e9tele t\u00e1rgy\u00e1ban ismertette \u00e1ll\u00e1sfoglal\u00e1sukat. A l\u00e9nyeg: nem k\u00f6telezhet\u0151ek a k\u00e9pvisel\u0151k, hogy a v\u00e1rosi honlapon k\u00f6zz\u00e9 tetess\u00e9k vagyonnyilatkozatukat. \u00d6nk\u00e9nt azonban ez megtehet\u0151. Szajcz \u00far hozz\u00e1sz\u00f3l\u00e1s\u00e1ban sajn\u00e1lat\u00e1t fejezte ki, hogy erre a t\u00e9m\u00e1ra ennyi id\u0151t sz\u00e1nunk, szerinte feleslegesen, hisz a nyilatkozatok egy\u00e9bk\u00e9nt is hozz\u00e1f\u00e9rhet\u0151ek. Reag\u00e1l\u00e1somban elmondtam, hogy itt puszt\u00e1n arr\u00f3l van sz\u00f3, ha b\u00e1rki bele akar n\u00e9zni b\u00e1rmelyik\u00fcnk nyilatkozat\u00e1ba, ne kelljen bekullognia a hivatalba el\u0151zetes id\u0151pont k\u00e9r\u00e9se ut\u00e1n (hisz jelen esetben a hozz\u00e1f\u00e9r\u00e9s ezt jelenti), hanem az internetre kattint \u00e9s megn\u00e9zi azt. Nekem \u00e9s m\u00e9g n\u00e9h\u00e1ny k\u00e9pvisel\u0151nek ez nem probl\u00e9ma, akiknek viszont  igen, azok d\u00f6nt\u00e9s\u00e9t is tiszteletben tartom.<br \/>\n        6. Komoly vit\u00e1t v\u00e1ltott ki, hogy a p\u00e1ly\u00e1zaton nyert egyetlen sportpark, a v\u00e1ros mely pontj\u00e1n ker\u00fclj\u00f6n kialak\u00edt\u00e1sra. Minden k\u00f6rzet k\u00e9pvisel\u0151je a mag\u00e1\u00e9ban l\u00e1tn\u00e1 azt sz\u00edvesen. V\u00e9g\u00fcl is Kilitin a K\u00e1lv\u00e1ria liget lett a befut\u00f3. (A szavaz\u00e1s sor\u00e1n, miut\u00e1n a saj\u00e1t k\u00f6rzet\u00fck az els\u0151 k\u00f6rben kiesett, Szajcz \u00e9s Csorba urak elhagyt\u00e1k a termet, a tov\u00e1bbiakban nem szavaztak.)<\/p>\n<p>        Egy\u00e9bk\u00e9nt az el\u0151terjeszt\u00e9sek nagy t\u00f6bbs\u00e9ge egyhang\u00falag ker\u00fclt elfogad\u00e1sra.<\/p>\n<p>        Bar\u00e1ts\u00e1ggal: R.<\/p>\n<p><a href=\"\"><\/a><\/p>\n","protected":false},"excerpt":{"rendered":"<p>Tisztelt Olvas\u00f3im! A mai test\u00fcleti \u00fcl\u00e9s\u00fcnk f\u0151bb d\u00f6nt\u00e9sei: 1. A Balaton Fejleszt\u00e9si Tan\u00e1cs m\u00e9g 2016-ban d\u00f6nt\u00f6tt arr\u00f3l, hogy v\u00edzparti k\u00f6z\u00f6ss\u00e9gi ter\u00fcletek, s\u00e9t\u00e1nyok, z\u00f6ldfel\u00fcletek fejleszt\u00e9s\u00e9re p\u00e1ly\u00e1zati forr\u00e1sokat biztos\u00edt. V\u00e1rosunk a Cs\u00faszda utc\u00e1t\u00f3l indul\u00f3, r\u00e9szben m\u00e1r \u00fajonnan burkolt s\u00e9t\u00e1ny tov\u00e1bbfejleszt\u00e9s\u00e9re p\u00e1ly\u00e1zik (konkr\u00e9tan a Munk\u00e1csy \u00e9s T\u00f6m\u00f6rk\u00e9ny utc\u00e1k k\u00f6z\u00f6tti szakasz). A burkolaton k\u00edv\u00fcl 15 db \u00faj pad \u00e9s [&hellip;]<\/p>\n","protected":false},"author":1,"featured_media":0,"comment_status":"closed","ping_status":"closed","sticky":false,"template":"","format":"standard","meta":{"_acf_changed":false,"_et_pb_use_builder":"","_et_pb_old_content":"","_et_gb_content_width":"","footnotes":""},"categories":[1],"tags":[],"class_list":["post-5165","post","type-post","status-publish","format-standard","hentry","category-uncategorized"],"acf":[],"yoast_head":"<!-- This site is optimized with the Yoast SEO plugin v23.8 - https:\/\/yoast.com\/wordpress\/plugins\/seo\/ -->\n<title>2017.01.26-i Facebook bejegyz\u00e9s - dr. Lengyel R\u00f3bert<\/title>\n<meta name=\"robots\" content=\"index, follow, max-snippet:-1, max-image-preview:large, max-video-preview:-1\" \/>\n<link rel=\"canonical\" href=\"https:\/\/www.lengyelrobert.hu\/index.php\/2017\/01\/26\/2017-01-26-i-facebook-bejegyzes\/\" \/>\n<meta property=\"og:locale\" content=\"hu_HU\" \/>\n<meta property=\"og:type\" content=\"article\" \/>\n<meta property=\"og:title\" content=\"2017.01.26-i Facebook bejegyz\u00e9s - dr. Lengyel R\u00f3bert\" \/>\n<meta property=\"og:description\" content=\"Tisztelt Olvas\u00f3im! A mai test\u00fcleti \u00fcl\u00e9s\u00fcnk f\u0151bb d\u00f6nt\u00e9sei: 1. A Balaton Fejleszt\u00e9si Tan\u00e1cs m\u00e9g 2016-ban d\u00f6nt\u00f6tt arr\u00f3l, hogy v\u00edzparti k\u00f6z\u00f6ss\u00e9gi ter\u00fcletek, s\u00e9t\u00e1nyok, z\u00f6ldfel\u00fcletek fejleszt\u00e9s\u00e9re p\u00e1ly\u00e1zati forr\u00e1sokat biztos\u00edt. V\u00e1rosunk a Cs\u00faszda utc\u00e1t\u00f3l indul\u00f3, r\u00e9szben m\u00e1r \u00fajonnan burkolt s\u00e9t\u00e1ny tov\u00e1bbfejleszt\u00e9s\u00e9re p\u00e1ly\u00e1zik (konkr\u00e9tan a Munk\u00e1csy \u00e9s T\u00f6m\u00f6rk\u00e9ny utc\u00e1k k\u00f6z\u00f6tti szakasz). A burkolaton k\u00edv\u00fcl 15 db \u00faj pad \u00e9s [&hellip;]\" \/>\n<meta property=\"og:url\" content=\"https:\/\/www.lengyelrobert.hu\/index.php\/2017\/01\/26\/2017-01-26-i-facebook-bejegyzes\/\" \/>\n<meta property=\"og:site_name\" content=\"dr. Lengyel R\u00f3bert\" \/>\n<meta property=\"article:published_time\" content=\"2017-01-26T15:25:54+00:00\" \/>\n<meta name=\"author\" content=\"webmaster\" \/>\n<meta name=\"twitter:card\" content=\"summary_large_image\" \/>\n<meta name=\"twitter:label1\" content=\"Szerz\u0151:\" \/>\n\t<meta name=\"twitter:data1\" content=\"webmaster\" \/>\n\t<meta name=\"twitter:label2\" content=\"Becs\u00fclt olvas\u00e1si id\u0151\" \/>\n\t<meta name=\"twitter:data2\" content=\"4 perc\" \/>\n<script type=\"application\/ld+json\" class=\"yoast-schema-graph\">{\"@context\":\"https:\/\/schema.org\",\"@graph\":[{\"@type\":\"WebPage\",\"@id\":\"https:\/\/www.lengyelrobert.hu\/index.php\/2017\/01\/26\/2017-01-26-i-facebook-bejegyzes\/\",\"url\":\"https:\/\/www.lengyelrobert.hu\/index.php\/2017\/01\/26\/2017-01-26-i-facebook-bejegyzes\/\",\"name\":\"2017.01.26-i Facebook bejegyz\u00e9s - dr. Lengyel R\u00f3bert\",\"isPartOf\":{\"@id\":\"https:\/\/www.lengyelrobert.hu\/#website\"},\"datePublished\":\"2017-01-26T15:25:54+00:00\",\"dateModified\":\"2017-01-26T15:25:54+00:00\",\"author\":{\"@id\":\"https:\/\/www.lengyelrobert.hu\/#\/schema\/person\/2926fe5141a59e6530d8a411eb7bfb2d\"},\"breadcrumb\":{\"@id\":\"https:\/\/www.lengyelrobert.hu\/index.php\/2017\/01\/26\/2017-01-26-i-facebook-bejegyzes\/#breadcrumb\"},\"inLanguage\":\"hu\",\"potentialAction\":[{\"@type\":\"ReadAction\",\"target\":[\"https:\/\/www.lengyelrobert.hu\/index.php\/2017\/01\/26\/2017-01-26-i-facebook-bejegyzes\/\"]}]},{\"@type\":\"BreadcrumbList\",\"@id\":\"https:\/\/www.lengyelrobert.hu\/index.php\/2017\/01\/26\/2017-01-26-i-facebook-bejegyzes\/#breadcrumb\",\"itemListElement\":[{\"@type\":\"ListItem\",\"position\":1,\"name\":\"Home\",\"item\":\"https:\/\/www.lengyelrobert.hu\/\"},{\"@type\":\"ListItem\",\"position\":2,\"name\":\"2017.01.26-i Facebook bejegyz\u00e9s\"}]},{\"@type\":\"WebSite\",\"@id\":\"https:\/\/www.lengyelrobert.hu\/#website\",\"url\":\"https:\/\/www.lengyelrobert.hu\/\",\"name\":\"dr. Lengyel R\u00f3bert\",\"description\":\"A Becs\u00fclettel Si\u00f3fok\u00e9rt Egyes\u00fclet honlapja\",\"potentialAction\":[{\"@type\":\"SearchAction\",\"target\":{\"@type\":\"EntryPoint\",\"urlTemplate\":\"https:\/\/www.lengyelrobert.hu\/?s={search_term_string}\"},\"query-input\":{\"@type\":\"PropertyValueSpecification\",\"valueRequired\":true,\"valueName\":\"search_term_string\"}}],\"inLanguage\":\"hu\"},{\"@type\":\"Person\",\"@id\":\"https:\/\/www.lengyelrobert.hu\/#\/schema\/person\/2926fe5141a59e6530d8a411eb7bfb2d\",\"name\":\"webmaster\",\"image\":{\"@type\":\"ImageObject\",\"inLanguage\":\"hu\",\"@id\":\"https:\/\/www.lengyelrobert.hu\/#\/schema\/person\/image\/\",\"url\":\"https:\/\/secure.gravatar.com\/avatar\/d53f7fc01f188bb097ecc2caf950c777c2cdc1ec48a2d1726a8399a2188940b0?s=96&d=mm&r=g\",\"contentUrl\":\"https:\/\/secure.gravatar.com\/avatar\/d53f7fc01f188bb097ecc2caf950c777c2cdc1ec48a2d1726a8399a2188940b0?s=96&d=mm&r=g\",\"caption\":\"webmaster\"},\"sameAs\":[\"https:\/\/www.lengyelrobert.hu\"],\"url\":\"https:\/\/www.lengyelrobert.hu\/index.php\/author\/webmaster\/\"}]}<\/script>\n<!-- \/ Yoast SEO plugin. -->","yoast_head_json":{"title":"2017.01.26-i Facebook bejegyz\u00e9s - dr. Lengyel R\u00f3bert","robots":{"index":"index","follow":"follow","max-snippet":"max-snippet:-1","max-image-preview":"max-image-preview:large","max-video-preview":"max-video-preview:-1"},"canonical":"https:\/\/www.lengyelrobert.hu\/index.php\/2017\/01\/26\/2017-01-26-i-facebook-bejegyzes\/","og_locale":"hu_HU","og_type":"article","og_title":"2017.01.26-i Facebook bejegyz\u00e9s - dr. Lengyel R\u00f3bert","og_description":"Tisztelt Olvas\u00f3im! A mai test\u00fcleti \u00fcl\u00e9s\u00fcnk f\u0151bb d\u00f6nt\u00e9sei: 1. A Balaton Fejleszt\u00e9si Tan\u00e1cs m\u00e9g 2016-ban d\u00f6nt\u00f6tt arr\u00f3l, hogy v\u00edzparti k\u00f6z\u00f6ss\u00e9gi ter\u00fcletek, s\u00e9t\u00e1nyok, z\u00f6ldfel\u00fcletek fejleszt\u00e9s\u00e9re p\u00e1ly\u00e1zati forr\u00e1sokat biztos\u00edt. V\u00e1rosunk a Cs\u00faszda utc\u00e1t\u00f3l indul\u00f3, r\u00e9szben m\u00e1r \u00fajonnan burkolt s\u00e9t\u00e1ny tov\u00e1bbfejleszt\u00e9s\u00e9re p\u00e1ly\u00e1zik (konkr\u00e9tan a Munk\u00e1csy \u00e9s T\u00f6m\u00f6rk\u00e9ny utc\u00e1k k\u00f6z\u00f6tti szakasz). A burkolaton k\u00edv\u00fcl 15 db \u00faj pad \u00e9s [&hellip;]","og_url":"https:\/\/www.lengyelrobert.hu\/index.php\/2017\/01\/26\/2017-01-26-i-facebook-bejegyzes\/","og_site_name":"dr. Lengyel R\u00f3bert","article_published_time":"2017-01-26T15:25:54+00:00","author":"webmaster","twitter_card":"summary_large_image","twitter_misc":{"Szerz\u0151:":"webmaster","Becs\u00fclt olvas\u00e1si id\u0151":"4 perc"},"schema":{"@context":"https:\/\/schema.org","@graph":[{"@type":"WebPage","@id":"https:\/\/www.lengyelrobert.hu\/index.php\/2017\/01\/26\/2017-01-26-i-facebook-bejegyzes\/","url":"https:\/\/www.lengyelrobert.hu\/index.php\/2017\/01\/26\/2017-01-26-i-facebook-bejegyzes\/","name":"2017.01.26-i Facebook bejegyz\u00e9s - dr. Lengyel R\u00f3bert","isPartOf":{"@id":"https:\/\/www.lengyelrobert.hu\/#website"},"datePublished":"2017-01-26T15:25:54+00:00","dateModified":"2017-01-26T15:25:54+00:00","author":{"@id":"https:\/\/www.lengyelrobert.hu\/#\/schema\/person\/2926fe5141a59e6530d8a411eb7bfb2d"},"breadcrumb":{"@id":"https:\/\/www.lengyelrobert.hu\/index.php\/2017\/01\/26\/2017-01-26-i-facebook-bejegyzes\/#breadcrumb"},"inLanguage":"hu","potentialAction":[{"@type":"ReadAction","target":["https:\/\/www.lengyelrobert.hu\/index.php\/2017\/01\/26\/2017-01-26-i-facebook-bejegyzes\/"]}]},{"@type":"BreadcrumbList","@id":"https:\/\/www.lengyelrobert.hu\/index.php\/2017\/01\/26\/2017-01-26-i-facebook-bejegyzes\/#breadcrumb","itemListElement":[{"@type":"ListItem","position":1,"name":"Home","item":"https:\/\/www.lengyelrobert.hu\/"},{"@type":"ListItem","position":2,"name":"2017.01.26-i Facebook bejegyz\u00e9s"}]},{"@type":"WebSite","@id":"https:\/\/www.lengyelrobert.hu\/#website","url":"https:\/\/www.lengyelrobert.hu\/","name":"dr. Lengyel R\u00f3bert","description":"A Becs\u00fclettel Si\u00f3fok\u00e9rt Egyes\u00fclet honlapja","potentialAction":[{"@type":"SearchAction","target":{"@type":"EntryPoint","urlTemplate":"https:\/\/www.lengyelrobert.hu\/?s={search_term_string}"},"query-input":{"@type":"PropertyValueSpecification","valueRequired":true,"valueName":"search_term_string"}}],"inLanguage":"hu"},{"@type":"Person","@id":"https:\/\/www.lengyelrobert.hu\/#\/schema\/person\/2926fe5141a59e6530d8a411eb7bfb2d","name":"webmaster","image":{"@type":"ImageObject","inLanguage":"hu","@id":"https:\/\/www.lengyelrobert.hu\/#\/schema\/person\/image\/","url":"https:\/\/secure.gravatar.com\/avatar\/d53f7fc01f188bb097ecc2caf950c777c2cdc1ec48a2d1726a8399a2188940b0?s=96&d=mm&r=g","contentUrl":"https:\/\/secure.gravatar.com\/avatar\/d53f7fc01f188bb097ecc2caf950c777c2cdc1ec48a2d1726a8399a2188940b0?s=96&d=mm&r=g","caption":"webmaster"},"sameAs":["https:\/\/www.lengyelrobert.hu"],"url":"https:\/\/www.lengyelrobert.hu\/index.php\/author\/webmaster\/"}]}},"_links":{"self":[{"href":"https:\/\/www.lengyelrobert.hu\/index.php\/wp-json\/wp\/v2\/posts\/5165","targetHints":{"allow":["GET"]}}],"collection":[{"href":"https:\/\/www.lengyelrobert.hu\/index.php\/wp-json\/wp\/v2\/posts"}],"about":[{"href":"https:\/\/www.lengyelrobert.hu\/index.php\/wp-json\/wp\/v2\/types\/post"}],"author":[{"embeddable":true,"href":"https:\/\/www.lengyelrobert.hu\/index.php\/wp-json\/wp\/v2\/users\/1"}],"replies":[{"embeddable":true,"href":"https:\/\/www.lengyelrobert.hu\/index.php\/wp-json\/wp\/v2\/comments?post=5165"}],"version-history":[{"count":0,"href":"https:\/\/www.lengyelrobert.hu\/index.php\/wp-json\/wp\/v2\/posts\/5165\/revisions"}],"wp:attachment":[{"href":"https:\/\/www.lengyelrobert.hu\/index.php\/wp-json\/wp\/v2\/media?parent=5165"}],"wp:term":[{"taxonomy":"category","embeddable":true,"href":"https:\/\/www.lengyelrobert.hu\/index.php\/wp-json\/wp\/v2\/categories?post=5165"},{"taxonomy":"post_tag","embeddable":true,"href":"https:\/\/www.lengyelrobert.hu\/index.php\/wp-json\/wp\/v2\/tags?post=5165"}],"curies":[{"name":"wp","href":"https:\/\/api.w.org\/{rel}","templated":true}]}}