{"id":5163,"date":"2017-01-27T12:06:11","date_gmt":"2017-01-27T11:06:11","guid":{"rendered":"https:\/\/www.lengyelrobert.hu\/uncategorized\/2017-01-27-i-facebook-bejegyzes\/"},"modified":"2017-01-27T12:06:11","modified_gmt":"2017-01-27T11:06:11","slug":"2017-01-27-i-facebook-bejegyzes","status":"publish","type":"post","link":"https:\/\/www.lengyelrobert.hu\/index.php\/2017\/01\/27\/2017-01-27-i-facebook-bejegyzes\/","title":{"rendered":"2017.01.27-i Facebook bejegyz\u00e9s"},"content":{"rendered":"<p>Tisztelt Olvas\u00f3k!<\/p>\n<p>        Lentebb olvashat\u00f3 a tegnapi test\u00fcleti \u00fcl\u00e9s\u00fcnk sonline-os cikke. Kolumb\u00e1n T\u00fcnde asszony az\u00e9rt nem hazudtolja meg \u00f6nmag\u00e1t. Egy kis ny\u00e1las FIDESZ dicshimnusz Habony m\u00f3dra, persze csak a korrekt t\u00e1j\u00e9koztat\u00e1s jegy\u00e9ben \u00e9s m\u00e9lt\u00f3an a sajt\u00f3szabads\u00e1g eleink \u00e1ltal r\u00e9g kiharcolt eszm\u00e9ihez. Nem elmulasztva megeml\u00edteni, hogy az\u00e9rt a polg\u00e1rmester \u00e9s a f\u0151\u00e1ll\u00e1s\u00fa alpolg\u00e1rmester is r\u00e9szt vettek ezen az \u00fcl\u00e9sen. Legal\u00e1bb is, amikor a t\u00f6rv\u00e9ny \u00e1ltal nekik rendelt b\u00e9remel\u00e9st tudom\u00e1sul vette a test\u00fclet. Meg, hogy Hamvas \u00far, a nem f\u0151\u00e1ll\u00e1s\u00fa meg nem kapott. Nem, mert neki a t\u00f6rv\u00e9ny nem rendelt b\u00e9remel\u00e9st, egy\u00e9bk\u00e9nt meg havi 250 000 Ft a tiszteletd\u00edja, azt a munk\u00e1t, amit a megb\u00edz\u00e1somb\u00f3l elv\u00e9gez, ezzel a p\u00e9nzzel bus\u00e1san honor\u00e1lja a v\u00e1ros. (Persze a korrekt t\u00e1j\u00e9koztat\u00e1s jegy\u00e9ben azt elfelejti le\u00edrni, hogy alpolg\u00e1rmester asszony eset\u00e9ben t\u00f3l-ig hat\u00e1rt szabott a jogalkot\u00f3 \u00e9s \u0151 maga k\u00e9rte, hogy csak a k\u00f6telez\u0151 minimumot kapja. Bizony\u00e1ra ez csak v\u00e9letlen\u00fcl ker\u00fclte el T\u00fcnde egy\u00e9bk\u00e9nt mindenre kiterjed\u0151 figyelm\u00e9t. Mint ahogy az is, hogy k\u00e9t fideszes k\u00e9pvisel\u0151, miut\u00e1n nem a sz\u00e1juk \u00edze szerint alakultak a dolgok, gyerekesen puffogva kivonultak a teremb\u0151l. Meg, mint ahogy az is, hogy a Fidesz frakci\u00f3 vezet\u0151je szerint, felesleges a k\u00e9pvisel\u0151k vagyonnyilatkozatainak nyilv\u00e1noss\u00e1gra hozatala t\u00e1rgy\u00e1ban oly sokat vit\u00e1znunk. Meg, hogy d\u00f6nt\u00f6tt\u00fcnk k\u00f6zel 100 si\u00f3foki csal\u00e1d t\u00e1mogat\u00e1s\u00e1r\u00f3l annak \u00e9rdek\u00e9ben, hogy ne fagyjanak meg. No nem baj, \u00e9n most meg\u00edrtam.) Mindegy is, neki most ez a dolga, ez\u00e9rt fizetik. Az \u00e9n zsebemben meg kotor\u00e1szhat, ott egyetlen fill\u00e9rt sem fog tal\u00e1lni, ami\u00e9rt ne dolgoztam volna, vagy ne dolgozn\u00e9k meg. Ennyire az\u00e9rt ismerhetne legal\u00e1bb azokb\u00f3l az id\u0151kb\u0151l, amikor \u00e9n rend\u0151rkapit\u00e1nyk\u00e9nt, \u0151 \u00fajs\u00e1g\u00edr\u00f3k\u00e9nt teljesen norm\u00e1lis \u00e9s korrekt munkakapcsolatban voltunk egym\u00e1ssal. Amikor m\u00e9g mindketten szabadnak hitt\u00fck \u00e9s \u00e9rezhett\u00fck a magyar sajt\u00f3t&#8230;<\/p>\n<p>        De, hogy legyen mir\u0151l h\u00e9tf\u0151n is \u00edrnia: holnapra, 2016 ut\u00e1n ism\u00e9t megh\u00edv\u00e1st kaptam a Jobbik eln\u00f6k\u00e9nek budapesti \u00e9v\u00e9rt\u00e9kel\u0151j\u00e9re. De mondok m\u00e1st is: elmegyek, meghallgatom Vona urat \u00e9s v\u00e9lhet\u0151en meg is tapsolom.<\/p>\n<p>        Azt\u00e1n m\u00e9g valami. Minapi d\u00f6nt\u00e9semmel megb\u00edztam Potocsk\u00e1n\u00e9 alpolg\u00e1rmester asszonyt, az \u00f6nkorm\u00e1nyzatunk \u00e1ltal k\u00f6t\u00f6tt szerz\u0151d\u00e9sek teljes\u00fcl\u00e9se ellen\u0151rz\u00e9s\u00e9nek, figyelemmel k\u00eds\u00e9r\u00e9s\u00e9nek seg\u00edt\u00e9se c\u00e9lj\u00e1b\u00f3l egy adatb\u00e1zis l\u00e9trehoz\u00e1s\u00e1val, annak kezel\u00e9s\u00e9vel. A sz\u00e1nd\u00e9k egy\u00e9rtelm\u0171: m\u00e9g nagyobb \u00e1tl\u00e1that\u00f3s\u00e1g, m\u00e9g tiszt\u00e1bb viszonyok biztos\u00edt\u00e1sa e ter\u00fcleten is. S\u0151t, d\u00f6nt\u00e9sem alapj\u00e1n az \u00f6nkorm\u00e1nyzat \u00e1ltal megrendelt munk\u00e1k, szolg\u00e1ltat\u00e1sok tekintet\u00e9ben, k\u00f6zgazd\u00e1sz-ad\u00f3szak\u00e9rt\u0151 alpolg\u00e1rmester asszonyunk fogja ezen t\u00fal a teljes sz\u00e1ml\u00e1z\u00e1s utalv\u00e1nyoz\u00e1s\u00e1t v\u00e9gezni az oszt\u00e1lyvezet\u0151k helyett, ezzel is f\u00e9l szem\u00e9t a hivatal \u00e1ltali kifizet\u00e9seken tartva. Megint csak az \u00e1tl\u00e1that\u00f3s\u00e1g \u00e9s a m\u00e9g tiszt\u00e1bb viszonyok biztos\u00edt\u00e1sa \u00e9rdek\u00e9ben.<\/p>\n<p>        Mert nek\u00fcnk ez fontos. Nek\u00fcnk ez t\u00e9nyleg fontos&#8230;<\/p>\n<p>        J\u00f3 h\u00e9tv\u00e9g\u00e9t k\u00edv\u00e1nva, bar\u00e1ts\u00e1ggal: R.<\/p>\n<p><a href=\"\"><\/a><\/p>\n","protected":false},"excerpt":{"rendered":"<p>Tisztelt Olvas\u00f3k! Lentebb olvashat\u00f3 a tegnapi test\u00fcleti \u00fcl\u00e9s\u00fcnk sonline-os cikke. Kolumb\u00e1n T\u00fcnde asszony az\u00e9rt nem hazudtolja meg \u00f6nmag\u00e1t. Egy kis ny\u00e1las FIDESZ dicshimnusz Habony m\u00f3dra, persze csak a korrekt t\u00e1j\u00e9koztat\u00e1s jegy\u00e9ben \u00e9s m\u00e9lt\u00f3an a sajt\u00f3szabads\u00e1g eleink \u00e1ltal r\u00e9g kiharcolt eszm\u00e9ihez. Nem elmulasztva megeml\u00edteni, hogy az\u00e9rt a polg\u00e1rmester \u00e9s a f\u0151\u00e1ll\u00e1s\u00fa alpolg\u00e1rmester is r\u00e9szt vettek ezen [&hellip;]<\/p>\n","protected":false},"author":1,"featured_media":0,"comment_status":"closed","ping_status":"closed","sticky":false,"template":"","format":"standard","meta":{"_acf_changed":false,"_et_pb_use_builder":"","_et_pb_old_content":"","_et_gb_content_width":"","footnotes":""},"categories":[1],"tags":[],"class_list":["post-5163","post","type-post","status-publish","format-standard","hentry","category-uncategorized"],"acf":[],"yoast_head":"<!-- This site is optimized with the Yoast SEO plugin v23.8 - https:\/\/yoast.com\/wordpress\/plugins\/seo\/ -->\n<title>2017.01.27-i Facebook bejegyz\u00e9s - dr. Lengyel R\u00f3bert<\/title>\n<meta name=\"robots\" content=\"index, follow, max-snippet:-1, max-image-preview:large, max-video-preview:-1\" \/>\n<link rel=\"canonical\" href=\"https:\/\/www.lengyelrobert.hu\/index.php\/2017\/01\/27\/2017-01-27-i-facebook-bejegyzes\/\" \/>\n<meta property=\"og:locale\" content=\"hu_HU\" \/>\n<meta property=\"og:type\" content=\"article\" \/>\n<meta property=\"og:title\" content=\"2017.01.27-i Facebook bejegyz\u00e9s - dr. Lengyel R\u00f3bert\" \/>\n<meta property=\"og:description\" content=\"Tisztelt Olvas\u00f3k! Lentebb olvashat\u00f3 a tegnapi test\u00fcleti \u00fcl\u00e9s\u00fcnk sonline-os cikke. Kolumb\u00e1n T\u00fcnde asszony az\u00e9rt nem hazudtolja meg \u00f6nmag\u00e1t. Egy kis ny\u00e1las FIDESZ dicshimnusz Habony m\u00f3dra, persze csak a korrekt t\u00e1j\u00e9koztat\u00e1s jegy\u00e9ben \u00e9s m\u00e9lt\u00f3an a sajt\u00f3szabads\u00e1g eleink \u00e1ltal r\u00e9g kiharcolt eszm\u00e9ihez. Nem elmulasztva megeml\u00edteni, hogy az\u00e9rt a polg\u00e1rmester \u00e9s a f\u0151\u00e1ll\u00e1s\u00fa alpolg\u00e1rmester is r\u00e9szt vettek ezen [&hellip;]\" \/>\n<meta property=\"og:url\" content=\"https:\/\/www.lengyelrobert.hu\/index.php\/2017\/01\/27\/2017-01-27-i-facebook-bejegyzes\/\" \/>\n<meta property=\"og:site_name\" content=\"dr. Lengyel R\u00f3bert\" \/>\n<meta property=\"article:published_time\" content=\"2017-01-27T11:06:11+00:00\" \/>\n<meta name=\"author\" content=\"webmaster\" \/>\n<meta name=\"twitter:card\" content=\"summary_large_image\" \/>\n<meta name=\"twitter:label1\" content=\"Szerz\u0151:\" \/>\n\t<meta name=\"twitter:data1\" content=\"webmaster\" \/>\n\t<meta name=\"twitter:label2\" content=\"Becs\u00fclt olvas\u00e1si id\u0151\" \/>\n\t<meta name=\"twitter:data2\" content=\"3 perc\" \/>\n<script type=\"application\/ld+json\" class=\"yoast-schema-graph\">{\"@context\":\"https:\/\/schema.org\",\"@graph\":[{\"@type\":\"WebPage\",\"@id\":\"https:\/\/www.lengyelrobert.hu\/index.php\/2017\/01\/27\/2017-01-27-i-facebook-bejegyzes\/\",\"url\":\"https:\/\/www.lengyelrobert.hu\/index.php\/2017\/01\/27\/2017-01-27-i-facebook-bejegyzes\/\",\"name\":\"2017.01.27-i Facebook bejegyz\u00e9s - dr. Lengyel R\u00f3bert\",\"isPartOf\":{\"@id\":\"https:\/\/www.lengyelrobert.hu\/#website\"},\"datePublished\":\"2017-01-27T11:06:11+00:00\",\"dateModified\":\"2017-01-27T11:06:11+00:00\",\"author\":{\"@id\":\"https:\/\/www.lengyelrobert.hu\/#\/schema\/person\/2926fe5141a59e6530d8a411eb7bfb2d\"},\"breadcrumb\":{\"@id\":\"https:\/\/www.lengyelrobert.hu\/index.php\/2017\/01\/27\/2017-01-27-i-facebook-bejegyzes\/#breadcrumb\"},\"inLanguage\":\"hu\",\"potentialAction\":[{\"@type\":\"ReadAction\",\"target\":[\"https:\/\/www.lengyelrobert.hu\/index.php\/2017\/01\/27\/2017-01-27-i-facebook-bejegyzes\/\"]}]},{\"@type\":\"BreadcrumbList\",\"@id\":\"https:\/\/www.lengyelrobert.hu\/index.php\/2017\/01\/27\/2017-01-27-i-facebook-bejegyzes\/#breadcrumb\",\"itemListElement\":[{\"@type\":\"ListItem\",\"position\":1,\"name\":\"Home\",\"item\":\"https:\/\/www.lengyelrobert.hu\/\"},{\"@type\":\"ListItem\",\"position\":2,\"name\":\"2017.01.27-i Facebook bejegyz\u00e9s\"}]},{\"@type\":\"WebSite\",\"@id\":\"https:\/\/www.lengyelrobert.hu\/#website\",\"url\":\"https:\/\/www.lengyelrobert.hu\/\",\"name\":\"dr. Lengyel R\u00f3bert\",\"description\":\"A Becs\u00fclettel Si\u00f3fok\u00e9rt Egyes\u00fclet honlapja\",\"potentialAction\":[{\"@type\":\"SearchAction\",\"target\":{\"@type\":\"EntryPoint\",\"urlTemplate\":\"https:\/\/www.lengyelrobert.hu\/?s={search_term_string}\"},\"query-input\":{\"@type\":\"PropertyValueSpecification\",\"valueRequired\":true,\"valueName\":\"search_term_string\"}}],\"inLanguage\":\"hu\"},{\"@type\":\"Person\",\"@id\":\"https:\/\/www.lengyelrobert.hu\/#\/schema\/person\/2926fe5141a59e6530d8a411eb7bfb2d\",\"name\":\"webmaster\",\"image\":{\"@type\":\"ImageObject\",\"inLanguage\":\"hu\",\"@id\":\"https:\/\/www.lengyelrobert.hu\/#\/schema\/person\/image\/\",\"url\":\"https:\/\/secure.gravatar.com\/avatar\/d53f7fc01f188bb097ecc2caf950c777c2cdc1ec48a2d1726a8399a2188940b0?s=96&d=mm&r=g\",\"contentUrl\":\"https:\/\/secure.gravatar.com\/avatar\/d53f7fc01f188bb097ecc2caf950c777c2cdc1ec48a2d1726a8399a2188940b0?s=96&d=mm&r=g\",\"caption\":\"webmaster\"},\"sameAs\":[\"https:\/\/www.lengyelrobert.hu\"],\"url\":\"https:\/\/www.lengyelrobert.hu\/index.php\/author\/webmaster\/\"}]}<\/script>\n<!-- \/ Yoast SEO plugin. -->","yoast_head_json":{"title":"2017.01.27-i Facebook bejegyz\u00e9s - dr. Lengyel R\u00f3bert","robots":{"index":"index","follow":"follow","max-snippet":"max-snippet:-1","max-image-preview":"max-image-preview:large","max-video-preview":"max-video-preview:-1"},"canonical":"https:\/\/www.lengyelrobert.hu\/index.php\/2017\/01\/27\/2017-01-27-i-facebook-bejegyzes\/","og_locale":"hu_HU","og_type":"article","og_title":"2017.01.27-i Facebook bejegyz\u00e9s - dr. Lengyel R\u00f3bert","og_description":"Tisztelt Olvas\u00f3k! Lentebb olvashat\u00f3 a tegnapi test\u00fcleti \u00fcl\u00e9s\u00fcnk sonline-os cikke. Kolumb\u00e1n T\u00fcnde asszony az\u00e9rt nem hazudtolja meg \u00f6nmag\u00e1t. Egy kis ny\u00e1las FIDESZ dicshimnusz Habony m\u00f3dra, persze csak a korrekt t\u00e1j\u00e9koztat\u00e1s jegy\u00e9ben \u00e9s m\u00e9lt\u00f3an a sajt\u00f3szabads\u00e1g eleink \u00e1ltal r\u00e9g kiharcolt eszm\u00e9ihez. Nem elmulasztva megeml\u00edteni, hogy az\u00e9rt a polg\u00e1rmester \u00e9s a f\u0151\u00e1ll\u00e1s\u00fa alpolg\u00e1rmester is r\u00e9szt vettek ezen [&hellip;]","og_url":"https:\/\/www.lengyelrobert.hu\/index.php\/2017\/01\/27\/2017-01-27-i-facebook-bejegyzes\/","og_site_name":"dr. Lengyel R\u00f3bert","article_published_time":"2017-01-27T11:06:11+00:00","author":"webmaster","twitter_card":"summary_large_image","twitter_misc":{"Szerz\u0151:":"webmaster","Becs\u00fclt olvas\u00e1si id\u0151":"3 perc"},"schema":{"@context":"https:\/\/schema.org","@graph":[{"@type":"WebPage","@id":"https:\/\/www.lengyelrobert.hu\/index.php\/2017\/01\/27\/2017-01-27-i-facebook-bejegyzes\/","url":"https:\/\/www.lengyelrobert.hu\/index.php\/2017\/01\/27\/2017-01-27-i-facebook-bejegyzes\/","name":"2017.01.27-i Facebook bejegyz\u00e9s - dr. Lengyel R\u00f3bert","isPartOf":{"@id":"https:\/\/www.lengyelrobert.hu\/#website"},"datePublished":"2017-01-27T11:06:11+00:00","dateModified":"2017-01-27T11:06:11+00:00","author":{"@id":"https:\/\/www.lengyelrobert.hu\/#\/schema\/person\/2926fe5141a59e6530d8a411eb7bfb2d"},"breadcrumb":{"@id":"https:\/\/www.lengyelrobert.hu\/index.php\/2017\/01\/27\/2017-01-27-i-facebook-bejegyzes\/#breadcrumb"},"inLanguage":"hu","potentialAction":[{"@type":"ReadAction","target":["https:\/\/www.lengyelrobert.hu\/index.php\/2017\/01\/27\/2017-01-27-i-facebook-bejegyzes\/"]}]},{"@type":"BreadcrumbList","@id":"https:\/\/www.lengyelrobert.hu\/index.php\/2017\/01\/27\/2017-01-27-i-facebook-bejegyzes\/#breadcrumb","itemListElement":[{"@type":"ListItem","position":1,"name":"Home","item":"https:\/\/www.lengyelrobert.hu\/"},{"@type":"ListItem","position":2,"name":"2017.01.27-i Facebook bejegyz\u00e9s"}]},{"@type":"WebSite","@id":"https:\/\/www.lengyelrobert.hu\/#website","url":"https:\/\/www.lengyelrobert.hu\/","name":"dr. Lengyel R\u00f3bert","description":"A Becs\u00fclettel Si\u00f3fok\u00e9rt Egyes\u00fclet honlapja","potentialAction":[{"@type":"SearchAction","target":{"@type":"EntryPoint","urlTemplate":"https:\/\/www.lengyelrobert.hu\/?s={search_term_string}"},"query-input":{"@type":"PropertyValueSpecification","valueRequired":true,"valueName":"search_term_string"}}],"inLanguage":"hu"},{"@type":"Person","@id":"https:\/\/www.lengyelrobert.hu\/#\/schema\/person\/2926fe5141a59e6530d8a411eb7bfb2d","name":"webmaster","image":{"@type":"ImageObject","inLanguage":"hu","@id":"https:\/\/www.lengyelrobert.hu\/#\/schema\/person\/image\/","url":"https:\/\/secure.gravatar.com\/avatar\/d53f7fc01f188bb097ecc2caf950c777c2cdc1ec48a2d1726a8399a2188940b0?s=96&d=mm&r=g","contentUrl":"https:\/\/secure.gravatar.com\/avatar\/d53f7fc01f188bb097ecc2caf950c777c2cdc1ec48a2d1726a8399a2188940b0?s=96&d=mm&r=g","caption":"webmaster"},"sameAs":["https:\/\/www.lengyelrobert.hu"],"url":"https:\/\/www.lengyelrobert.hu\/index.php\/author\/webmaster\/"}]}},"_links":{"self":[{"href":"https:\/\/www.lengyelrobert.hu\/index.php\/wp-json\/wp\/v2\/posts\/5163","targetHints":{"allow":["GET"]}}],"collection":[{"href":"https:\/\/www.lengyelrobert.hu\/index.php\/wp-json\/wp\/v2\/posts"}],"about":[{"href":"https:\/\/www.lengyelrobert.hu\/index.php\/wp-json\/wp\/v2\/types\/post"}],"author":[{"embeddable":true,"href":"https:\/\/www.lengyelrobert.hu\/index.php\/wp-json\/wp\/v2\/users\/1"}],"replies":[{"embeddable":true,"href":"https:\/\/www.lengyelrobert.hu\/index.php\/wp-json\/wp\/v2\/comments?post=5163"}],"version-history":[{"count":0,"href":"https:\/\/www.lengyelrobert.hu\/index.php\/wp-json\/wp\/v2\/posts\/5163\/revisions"}],"wp:attachment":[{"href":"https:\/\/www.lengyelrobert.hu\/index.php\/wp-json\/wp\/v2\/media?parent=5163"}],"wp:term":[{"taxonomy":"category","embeddable":true,"href":"https:\/\/www.lengyelrobert.hu\/index.php\/wp-json\/wp\/v2\/categories?post=5163"},{"taxonomy":"post_tag","embeddable":true,"href":"https:\/\/www.lengyelrobert.hu\/index.php\/wp-json\/wp\/v2\/tags?post=5163"}],"curies":[{"name":"wp","href":"https:\/\/api.w.org\/{rel}","templated":true}]}}