{"id":5128,"date":"2017-03-15T10:42:57","date_gmt":"2017-03-15T09:42:57","guid":{"rendered":"https:\/\/www.lengyelrobert.hu\/uncategorized\/2017-03-15-i-facebook-bejegyzes\/"},"modified":"2017-03-15T10:42:57","modified_gmt":"2017-03-15T09:42:57","slug":"2017-03-15-i-facebook-bejegyzes","status":"publish","type":"post","link":"https:\/\/www.lengyelrobert.hu\/index.php\/2017\/03\/15\/2017-03-15-i-facebook-bejegyzes\/","title":{"rendered":"2017.03.15-i Facebook bejegyz\u00e9s"},"content":{"rendered":"<p>A m\u00e1rcius 15-\u00f6dikei besz\u00e9dem. Lehet, hogy nem aratott osztatlan sikert, de ezek legal\u00e1bb \u0151szinte szavak&#8230;<\/p>\n<p>        &#8220;T\u00f6r\u00f6k, osztr\u00e1k, orosz. F\u00f6ldrajzilag egym\u00e1st\u00f3l t\u00e1vol es\u0151, vall\u00e1sukban k\u00fcl\u00f6nb\u00f6z\u0151, de egy dologban megegyez\u0151 nemzetek: sok szenved\u00e9st, aljass\u00e1got \u00e9s k\u00ednt hoztak a magyars\u00e1gra az elm\u00falt \u00e9vsz\u00e1zadokban. 1848. m\u00e1rcius 15-\u00e9n \u00e9pp az osztr\u00e1k k\u00e9nyuralmat el\u00e9gelte meg a nemzet. Az els\u00f6pr\u0151 t\u00f6bbs\u00e9g tele t\u00fcd\u0151b\u0151l \u00fcv\u00f6lt\u00f6tte, elege van abb\u00f3l, hogy osztr\u00e1k siserehad szipolyozza ki a magyars\u00e1g testnedveit, cs\u00fcng\u0151 pi\u00f3c\u00e1k m\u00f3dj\u00e1ra. Mert tudj\u00e1k, \u00fagy volt ez a magyarral, hogy itt szinte mindig volt mit elvenni, ellopni. Kiv\u00e1l\u00f3 term\u00e9szeti adotts\u00e1gok, tehets\u00e9ges \u00e9s szorgalmas emberek, megtermelt, majd nagyr\u00e9szt ellopott javak. T\u00f6bbnyire ez jutott nek\u00fcnk.  Ha nem idegenek, akkor magyarok lopt\u00e1k meg a magyarokat. Sokat t\u0171rt e nemzet, sokszor \u00e9s nagyon sokat. De azt\u00e1n mindig elj\u00f6tt az a pillanat, amikor elfogyott a t\u00fcrelem \u00e9s kit\u00f6rt a vulk\u00e1n. P\u00e9ld\u00e1ul 1848 m\u00e1rcius\u00e1nak idus\u00e1n, amikor maroknyi lelkes fiatal, meggy\u00fajtotta az osztr\u00e1k helytart\u00f3k feneke al\u00e1 cs\u00fasztatott puskaporos hord\u00f3 kan\u00f3c\u00e1t \u00e9s az annak rendje-m\u00f3dja szerint be is robbant. De olyan er\u0151vel \u00e1m, hogy m\u00e9g Eur\u00f3pa legt\u00e1volabbi szegleteiben is \u00e9rezni lehetett a rezg\u00e9st. Elindult a zivatar \u00e9s napr\u00f3l-napra n\u0151tt a fajs\u00falyos politikusok \u00e9s a kiv\u00e1l\u00f3bbn\u00e1l kiv\u00e1l\u00f3bb honv\u00e9dtisztek, t\u00e1bornokok sz\u00e1ma a nemzet z\u00e1szlaja alatt. Csak j\u00f6ttek \u00e9s j\u00f6ttek. \u00c9s nem kiz\u00e1r\u00f3lag magyarok, hanem m\u00e1s nemzetis\u00e9gek fiai is sz\u00e9p sz\u00e1mmal. T\u00e1madhatott a horv\u00e1t gazember Jellasics b\u00e1n, azt\u00e1n \u00f6z\u00f6n\u00f6lhettek az orsz\u00e1gba a mindenkit len\u00e9z\u0151 osztr\u00e1k szuronyosok t\u00edzezrei, csap\u00f3dhattak mell\u00e9j\u00fck a haz\u00e1jukat el\u00e1rul\u00f3 kutya magyarok, t\u00fal nagy falatnak bizonyultunk nekik. Azt\u00e1n, mint ahogy a t\u00f6rt\u00e9nelm\u00fcnkben nem utolj\u00e1ra, alig m\u00e1sf\u00e9l \u00e9v m\u00falva j\u00f6tt a nagy orosz medve \u00e9s felfalt benn\u00fcnket. De az a bizonyos m\u00e1rcius 15-\u00f6dike a dics\u0151s\u00e9g, a nemzeti \u00f6sszetartoz\u00e1s szimb\u00f3lumak\u00e9nt \u00edv\u00f3dott minden j\u00f3\u00e9rz\u00e9s\u0171 magyarba, \u00e9s mint egy genetikai k\u00f3d, \u00f6r\u00f6kl\u0151dik az\u00f3ta is ap\u00e1r\u00f3l fi\u00fara. M\u00e1rcius 15 jelk\u00e9p. Jelk\u00e9pe a l\u00e1zad\u00f3 magyar ifj\u00fas\u00e1gnak. Jelk\u00e9pe azon ifjaknak, akik el\u0151sz\u00f6r mertek az asztalra csapni, akik els\u0151k\u00e9nt mert\u00e9k a vil\u00e1gba ki\u00e1ltani a nemzet minden k\u00ednj\u00e1t \u00e9s nem t\u00f6r\u0151dve saj\u00e1t sorsukkal, tetteik lehets\u00e9ges k\u00f6vetkezm\u00e9nyeivel, els\u0151k\u00e9nt \u00e1lltak az \u00e9l\u00e9re egy XIX. sz\u00e1zadi rendszerv\u00e1lt\u00e1s-k\u00eds\u00e9rletnek. Mert azt az\u00e9rt tudnunk kell, hogy nem keveset kock\u00e1ztattak \u0151k akkor \u00e9s ott. Az osztr\u00e1k nem szokott a l\u00e1zad\u00f3kkal keszty\u0171s k\u00e9zzel b\u00e1nni.  Ha nem az lett volna az esem\u00e9nyek sodra, mint ami lett, ha nem csatlakoznak m\u00e1r a kezdet kezdet\u00e9n t\u00edzezrek a forradalm\u00e1rokhoz, nem k\u00e9ts\u00e9ges, hogy j\u00f6tt volna a Habsburg megtorl\u00e1s. De bizony kiszabadult a szellem a palackb\u00f3l \u00e9s forr\u00f3 l\u00e1vak\u00e9nt terjedt a szabads\u00e1g v\u00e1gya Pesten, majd a K\u00e1rp\u00e1t-medenc\u00e9ben. Mondom ezt akkor is, ha Arany J\u00e1nos lentebb id\u00e9zett szavai, 1848 m\u00e1rcius\u00e1nak esem\u00e9nyeir\u0151l, mint \u00fcnnepr\u0151l s nem, mint mindent els\u00f6pr\u0151 n\u00e9pharagr\u00f3l sz\u00f3lnak.  &#8220;A mi forradalmunk Pesten, m\u00e1rcius 15-\u00e9n nem v\u00e9ront\u00e1s volt, hanem egy sz\u00e9p \u00fcnnep, a szabads\u00e1g \u00fcnnepe: ezrek meg ezrek csoportoztak \u00f6ssze Isten ege al\u00e1, ezrek meg ezrek emelt\u00e9k \u00e9gre kezeiket, s egy sz\u00edvvel, sz\u00e1jjal mondt\u00e1k Pet\u0151fi ut\u00e1n az esk\u00fc szavait.&#8221;<br \/>\n        Igen, volt esk\u00fc \u00e9s voltak k\u00f6vetel\u00e9sek is. K\u00f6zt\u00fck olyan k\u00f6vetel\u00e9sek, amelyek ak\u00e1r a ma, \u00e9rts\u00fck \u00fagy, hogy az 1989 ut\u00e1ni Magyarorsz\u00e1gon is hol ilyen, hol olyan intenzit\u00e1ssal, de el\u0151ker\u00fclnek, fellebbennek. Ugye ismer\u0151s: cenz\u00fara n\u00e9lk\u00fcli szabad sajt\u00f3t, t\u00f6rv\u00e9ny el\u0151tti egyenl\u0151s\u00e9get, k\u00f6z\u00f6s tehervisel\u00e9st. Csak k\u00e9rd\u00e9sk\u00e9nt fogalmazom meg, v\u00e1laszt nem v\u00e1rva: Elt\u0171nt m\u00e1ra a cenz\u00fara, f\u00fcggetlen \u00e9s p\u00e1rtatlan a magyar sajt\u00f3? Vannak a t\u00f6rv\u00e9ny el\u0151tt egyenl\u0151bbek az egyenl\u0151k k\u00f6z\u00f6tt? Vagy k\u00f6z\u00f6sen \u00e9s ar\u00e1nyosan cipelj\u00fck az orsz\u00e1g ad\u00f3terheit? Persze, 1848 \u00e9s 2017 k\u00f6z\u00f6tt eltelt 169 \u00e9v. M\u00e1sok a viszonyok, m\u00e1sok az emberek, m\u00e1s a nemzet\u00fcnk. Megcsonkult a haz\u00e1nk, \u00edzekre szakadt a magyars\u00e1g, tetszhalott \u00e1llapotban t\u00f6lt\u00f6tt\u00fcnk \u00e9vtizedeket szovjet-orosz rabiga alatt \u00e9s szerezt\u00fcnk nehezen kit\u00f6r\u00f6lhet\u0151 beidegz\u0151d\u00e9seket. Ellopt\u00e1k a rendszerv\u00e1lt\u00e1sunkat \u00e9s m\u00e9g mindig van mit ellopni. De \u00f3ri\u00e1si baj, hogy kihaltak a Kossuthok, a De\u00e1kok, meg a Pet\u0151fik \u00e9s nem, helyesebben alig sz\u00fclettek \u00fajak ebben a t\u00f6bb mint m\u00e1sf\u00e9l \u00e9vsz\u00e1zadban.  Viszont sz\u00fclettek \u00e9s sz\u00fcletnek helyett\u00fck megoszt\u00f3 \u00e9s osztozkod\u00f3 politikusok garmad\u00e1val. Teremt\u0151dtek napjainkra modern kori oligarch\u00e1k a brili\u00e1ns agy\u00fa \u00fczletemberekt\u0151l, eg\u00e9szen a szer\u00e9ny k\u00e9pess\u00e9g\u0171 g\u00e1zszerel\u0151kig bez\u00e1r\u00f3lag. \u00c9s egyre birk\u00e1bbak lett\u00fcnk, egyre t\u00f6bbet tudnak lenyeletni vel\u00fcnk. El\u00e9g n\u00e9h\u00e1ny, a n\u00e9pnek vetett konc, hangzatos magyarkod\u00e1s, felsz\u00ednes \u00edg\u00e9ret \u00e9s m\u00e1ris sz\u00e1zezernyi magyar tapsikol, skand\u00e1l \u00f6nk\u00edv\u00fcletben. Mindek\u00f6zben \u0150k &#8220;a nagyok&#8221; meg odafenn hitetlenkedve n\u00e9znek minket \u00e9s sajog a sz\u00edv\u00fck, hull a k\u00f6nny\u00fck. Mert m\u00e9g azt is l\u00e1tniuk kell, hogy a nemzet \u00fcnnep\u00e9n p\u00e1rtokra szakadva, a demag\u00f3gia magasiskol\u00e1j\u00e1n vircsaftolva, kamp\u00e1nyolva, f\u00fcty\u00fcr\u00e9szve, megosztva eml\u00e9kezik a nemzet. H\u00e1t t\u00e9nyleg csak ennyi maradt nek\u00fcnk a magyars\u00e1gunkb\u00f3l? \u00c9s val\u00f3ban mi lenn\u00e9nk 1848 h\u0151seinek ut\u00f3dai? Azt gondolom igen, persze, hogy mi vagyunk azok, csak m\u00e9g hi\u00e1nyoznak a Pet\u0151fik, Kossuthok, De\u00e1kok, azaz a val\u00f3di igazod\u00e1si pontok, a szemfelnyit\u00f3k.<br \/>\n        &#8220;48 ifj\u00fas\u00e1ga, majd a szabads\u00e1gharc h\u0151sei csak jobb \u00e9letet, f\u00fcggetlen orsz\u00e1got \u00e9s legf\u0151k\u00e9ppen demokr\u00e1ci\u00e1t akartak. Ezek\u00e9rt harcoltak \u00e9s haltak meg oly sokan. Manaps\u00e1g meg a nagypolitika egyes k\u00e9pvisel\u0151i azt mondj\u00e1k, nem kell nek\u00fcnk az a fene nagy demokr\u00e1cia. Ott van p\u00e9ldak\u00e9nt a putyini, meg erdog\u00e1ni minta. \u00c9n meg erre azt mondom: k\u00f6sz\u00f6n\u00f6m, az oroszb\u00f3l is, a t\u00f6r\u00f6kb\u0151l is kaptunk m\u00e1r \u00edzel\u00edt\u0151t. Egy\u00e9bk\u00e9nt meg, ha majd lesz ebben az orsz\u00e1gban olyan politikus, olyan l\u00e9pt\u00e9k\u0171 \u00e1llamf\u00e9rfi csak egyetlen egy is, mint Kossuth Lajos volt, akkor majd odafigyelek r\u00e1 \u00e9s elgondolkodom a szavain demokr\u00e1cia k\u00e9rd\u00e9s\u00e9ben. Addig viszont, am\u00edg a mai magyar politikai elit z\u00f6me csak messzir\u0151l ugatja a nagy el\u0151d\u00f6ket, nos, addig nekem Kossuth al\u00e1bbi szavai jelentik a defin\u00edci\u00f3t demokr\u00e1cia-fogalom k\u00e9rd\u00e9s\u00e9ben \u00e9s javaslom ezt mindenki m\u00e1snak is, aki nem a szavak szintj\u00e9n, a t\u00e1ny\u00e9rnyi kok\u00e1rd\u00e1ja alapj\u00e1n, hanem a lelk\u00e9ben is magyar: &#8220;Mindent a n\u00e9p\u00e9rt, mindent a n\u00e9ppel egy\u00fctt, semmit a n\u00e9pr\u0151l a n\u00e9p feje felett.&#8221;<\/p>\n<p><a href=\"\"><\/a><\/p>\n","protected":false},"excerpt":{"rendered":"<p>A m\u00e1rcius 15-\u00f6dikei besz\u00e9dem. Lehet, hogy nem aratott osztatlan sikert, de ezek legal\u00e1bb \u0151szinte szavak&#8230; &#8220;T\u00f6r\u00f6k, osztr\u00e1k, orosz. F\u00f6ldrajzilag egym\u00e1st\u00f3l t\u00e1vol es\u0151, vall\u00e1sukban k\u00fcl\u00f6nb\u00f6z\u0151, de egy dologban megegyez\u0151 nemzetek: sok szenved\u00e9st, aljass\u00e1got \u00e9s k\u00ednt hoztak a magyars\u00e1gra az elm\u00falt \u00e9vsz\u00e1zadokban. 1848. m\u00e1rcius 15-\u00e9n \u00e9pp az osztr\u00e1k k\u00e9nyuralmat el\u00e9gelte meg a nemzet. Az els\u00f6pr\u0151 t\u00f6bbs\u00e9g tele [&hellip;]<\/p>\n","protected":false},"author":1,"featured_media":0,"comment_status":"closed","ping_status":"closed","sticky":false,"template":"","format":"standard","meta":{"_acf_changed":false,"_et_pb_use_builder":"","_et_pb_old_content":"","_et_gb_content_width":"","footnotes":""},"categories":[1],"tags":[],"class_list":["post-5128","post","type-post","status-publish","format-standard","hentry","category-uncategorized"],"acf":[],"yoast_head":"<!-- This site is optimized with the Yoast SEO plugin v23.8 - https:\/\/yoast.com\/wordpress\/plugins\/seo\/ -->\n<title>2017.03.15-i Facebook bejegyz\u00e9s - dr. Lengyel R\u00f3bert<\/title>\n<meta name=\"robots\" content=\"index, follow, max-snippet:-1, max-image-preview:large, max-video-preview:-1\" \/>\n<link rel=\"canonical\" href=\"https:\/\/www.lengyelrobert.hu\/index.php\/2017\/03\/15\/2017-03-15-i-facebook-bejegyzes\/\" \/>\n<meta property=\"og:locale\" content=\"hu_HU\" \/>\n<meta property=\"og:type\" content=\"article\" \/>\n<meta property=\"og:title\" content=\"2017.03.15-i Facebook bejegyz\u00e9s - dr. Lengyel R\u00f3bert\" \/>\n<meta property=\"og:description\" content=\"A m\u00e1rcius 15-\u00f6dikei besz\u00e9dem. Lehet, hogy nem aratott osztatlan sikert, de ezek legal\u00e1bb \u0151szinte szavak&#8230; &#8220;T\u00f6r\u00f6k, osztr\u00e1k, orosz. F\u00f6ldrajzilag egym\u00e1st\u00f3l t\u00e1vol es\u0151, vall\u00e1sukban k\u00fcl\u00f6nb\u00f6z\u0151, de egy dologban megegyez\u0151 nemzetek: sok szenved\u00e9st, aljass\u00e1got \u00e9s k\u00ednt hoztak a magyars\u00e1gra az elm\u00falt \u00e9vsz\u00e1zadokban. 1848. m\u00e1rcius 15-\u00e9n \u00e9pp az osztr\u00e1k k\u00e9nyuralmat el\u00e9gelte meg a nemzet. Az els\u00f6pr\u0151 t\u00f6bbs\u00e9g tele [&hellip;]\" \/>\n<meta property=\"og:url\" content=\"https:\/\/www.lengyelrobert.hu\/index.php\/2017\/03\/15\/2017-03-15-i-facebook-bejegyzes\/\" \/>\n<meta property=\"og:site_name\" content=\"dr. Lengyel R\u00f3bert\" \/>\n<meta property=\"article:published_time\" content=\"2017-03-15T09:42:57+00:00\" \/>\n<meta name=\"author\" content=\"webmaster\" \/>\n<meta name=\"twitter:card\" content=\"summary_large_image\" \/>\n<meta name=\"twitter:label1\" content=\"Szerz\u0151:\" \/>\n\t<meta name=\"twitter:data1\" content=\"webmaster\" \/>\n\t<meta name=\"twitter:label2\" content=\"Becs\u00fclt olvas\u00e1si id\u0151\" \/>\n\t<meta name=\"twitter:data2\" content=\"6 perc\" \/>\n<script type=\"application\/ld+json\" class=\"yoast-schema-graph\">{\"@context\":\"https:\/\/schema.org\",\"@graph\":[{\"@type\":\"WebPage\",\"@id\":\"https:\/\/www.lengyelrobert.hu\/index.php\/2017\/03\/15\/2017-03-15-i-facebook-bejegyzes\/\",\"url\":\"https:\/\/www.lengyelrobert.hu\/index.php\/2017\/03\/15\/2017-03-15-i-facebook-bejegyzes\/\",\"name\":\"2017.03.15-i Facebook bejegyz\u00e9s - dr. Lengyel R\u00f3bert\",\"isPartOf\":{\"@id\":\"https:\/\/www.lengyelrobert.hu\/#website\"},\"datePublished\":\"2017-03-15T09:42:57+00:00\",\"dateModified\":\"2017-03-15T09:42:57+00:00\",\"author\":{\"@id\":\"https:\/\/www.lengyelrobert.hu\/#\/schema\/person\/2926fe5141a59e6530d8a411eb7bfb2d\"},\"breadcrumb\":{\"@id\":\"https:\/\/www.lengyelrobert.hu\/index.php\/2017\/03\/15\/2017-03-15-i-facebook-bejegyzes\/#breadcrumb\"},\"inLanguage\":\"hu\",\"potentialAction\":[{\"@type\":\"ReadAction\",\"target\":[\"https:\/\/www.lengyelrobert.hu\/index.php\/2017\/03\/15\/2017-03-15-i-facebook-bejegyzes\/\"]}]},{\"@type\":\"BreadcrumbList\",\"@id\":\"https:\/\/www.lengyelrobert.hu\/index.php\/2017\/03\/15\/2017-03-15-i-facebook-bejegyzes\/#breadcrumb\",\"itemListElement\":[{\"@type\":\"ListItem\",\"position\":1,\"name\":\"Home\",\"item\":\"https:\/\/www.lengyelrobert.hu\/\"},{\"@type\":\"ListItem\",\"position\":2,\"name\":\"2017.03.15-i Facebook bejegyz\u00e9s\"}]},{\"@type\":\"WebSite\",\"@id\":\"https:\/\/www.lengyelrobert.hu\/#website\",\"url\":\"https:\/\/www.lengyelrobert.hu\/\",\"name\":\"dr. Lengyel R\u00f3bert\",\"description\":\"A Becs\u00fclettel Si\u00f3fok\u00e9rt Egyes\u00fclet honlapja\",\"potentialAction\":[{\"@type\":\"SearchAction\",\"target\":{\"@type\":\"EntryPoint\",\"urlTemplate\":\"https:\/\/www.lengyelrobert.hu\/?s={search_term_string}\"},\"query-input\":{\"@type\":\"PropertyValueSpecification\",\"valueRequired\":true,\"valueName\":\"search_term_string\"}}],\"inLanguage\":\"hu\"},{\"@type\":\"Person\",\"@id\":\"https:\/\/www.lengyelrobert.hu\/#\/schema\/person\/2926fe5141a59e6530d8a411eb7bfb2d\",\"name\":\"webmaster\",\"image\":{\"@type\":\"ImageObject\",\"inLanguage\":\"hu\",\"@id\":\"https:\/\/www.lengyelrobert.hu\/#\/schema\/person\/image\/\",\"url\":\"https:\/\/secure.gravatar.com\/avatar\/d53f7fc01f188bb097ecc2caf950c777c2cdc1ec48a2d1726a8399a2188940b0?s=96&d=mm&r=g\",\"contentUrl\":\"https:\/\/secure.gravatar.com\/avatar\/d53f7fc01f188bb097ecc2caf950c777c2cdc1ec48a2d1726a8399a2188940b0?s=96&d=mm&r=g\",\"caption\":\"webmaster\"},\"sameAs\":[\"https:\/\/www.lengyelrobert.hu\"],\"url\":\"https:\/\/www.lengyelrobert.hu\/index.php\/author\/webmaster\/\"}]}<\/script>\n<!-- \/ Yoast SEO plugin. -->","yoast_head_json":{"title":"2017.03.15-i Facebook bejegyz\u00e9s - dr. Lengyel R\u00f3bert","robots":{"index":"index","follow":"follow","max-snippet":"max-snippet:-1","max-image-preview":"max-image-preview:large","max-video-preview":"max-video-preview:-1"},"canonical":"https:\/\/www.lengyelrobert.hu\/index.php\/2017\/03\/15\/2017-03-15-i-facebook-bejegyzes\/","og_locale":"hu_HU","og_type":"article","og_title":"2017.03.15-i Facebook bejegyz\u00e9s - dr. Lengyel R\u00f3bert","og_description":"A m\u00e1rcius 15-\u00f6dikei besz\u00e9dem. Lehet, hogy nem aratott osztatlan sikert, de ezek legal\u00e1bb \u0151szinte szavak&#8230; &#8220;T\u00f6r\u00f6k, osztr\u00e1k, orosz. F\u00f6ldrajzilag egym\u00e1st\u00f3l t\u00e1vol es\u0151, vall\u00e1sukban k\u00fcl\u00f6nb\u00f6z\u0151, de egy dologban megegyez\u0151 nemzetek: sok szenved\u00e9st, aljass\u00e1got \u00e9s k\u00ednt hoztak a magyars\u00e1gra az elm\u00falt \u00e9vsz\u00e1zadokban. 1848. m\u00e1rcius 15-\u00e9n \u00e9pp az osztr\u00e1k k\u00e9nyuralmat el\u00e9gelte meg a nemzet. Az els\u00f6pr\u0151 t\u00f6bbs\u00e9g tele [&hellip;]","og_url":"https:\/\/www.lengyelrobert.hu\/index.php\/2017\/03\/15\/2017-03-15-i-facebook-bejegyzes\/","og_site_name":"dr. Lengyel R\u00f3bert","article_published_time":"2017-03-15T09:42:57+00:00","author":"webmaster","twitter_card":"summary_large_image","twitter_misc":{"Szerz\u0151:":"webmaster","Becs\u00fclt olvas\u00e1si id\u0151":"6 perc"},"schema":{"@context":"https:\/\/schema.org","@graph":[{"@type":"WebPage","@id":"https:\/\/www.lengyelrobert.hu\/index.php\/2017\/03\/15\/2017-03-15-i-facebook-bejegyzes\/","url":"https:\/\/www.lengyelrobert.hu\/index.php\/2017\/03\/15\/2017-03-15-i-facebook-bejegyzes\/","name":"2017.03.15-i Facebook bejegyz\u00e9s - dr. Lengyel R\u00f3bert","isPartOf":{"@id":"https:\/\/www.lengyelrobert.hu\/#website"},"datePublished":"2017-03-15T09:42:57+00:00","dateModified":"2017-03-15T09:42:57+00:00","author":{"@id":"https:\/\/www.lengyelrobert.hu\/#\/schema\/person\/2926fe5141a59e6530d8a411eb7bfb2d"},"breadcrumb":{"@id":"https:\/\/www.lengyelrobert.hu\/index.php\/2017\/03\/15\/2017-03-15-i-facebook-bejegyzes\/#breadcrumb"},"inLanguage":"hu","potentialAction":[{"@type":"ReadAction","target":["https:\/\/www.lengyelrobert.hu\/index.php\/2017\/03\/15\/2017-03-15-i-facebook-bejegyzes\/"]}]},{"@type":"BreadcrumbList","@id":"https:\/\/www.lengyelrobert.hu\/index.php\/2017\/03\/15\/2017-03-15-i-facebook-bejegyzes\/#breadcrumb","itemListElement":[{"@type":"ListItem","position":1,"name":"Home","item":"https:\/\/www.lengyelrobert.hu\/"},{"@type":"ListItem","position":2,"name":"2017.03.15-i Facebook bejegyz\u00e9s"}]},{"@type":"WebSite","@id":"https:\/\/www.lengyelrobert.hu\/#website","url":"https:\/\/www.lengyelrobert.hu\/","name":"dr. Lengyel R\u00f3bert","description":"A Becs\u00fclettel Si\u00f3fok\u00e9rt Egyes\u00fclet honlapja","potentialAction":[{"@type":"SearchAction","target":{"@type":"EntryPoint","urlTemplate":"https:\/\/www.lengyelrobert.hu\/?s={search_term_string}"},"query-input":{"@type":"PropertyValueSpecification","valueRequired":true,"valueName":"search_term_string"}}],"inLanguage":"hu"},{"@type":"Person","@id":"https:\/\/www.lengyelrobert.hu\/#\/schema\/person\/2926fe5141a59e6530d8a411eb7bfb2d","name":"webmaster","image":{"@type":"ImageObject","inLanguage":"hu","@id":"https:\/\/www.lengyelrobert.hu\/#\/schema\/person\/image\/","url":"https:\/\/secure.gravatar.com\/avatar\/d53f7fc01f188bb097ecc2caf950c777c2cdc1ec48a2d1726a8399a2188940b0?s=96&d=mm&r=g","contentUrl":"https:\/\/secure.gravatar.com\/avatar\/d53f7fc01f188bb097ecc2caf950c777c2cdc1ec48a2d1726a8399a2188940b0?s=96&d=mm&r=g","caption":"webmaster"},"sameAs":["https:\/\/www.lengyelrobert.hu"],"url":"https:\/\/www.lengyelrobert.hu\/index.php\/author\/webmaster\/"}]}},"_links":{"self":[{"href":"https:\/\/www.lengyelrobert.hu\/index.php\/wp-json\/wp\/v2\/posts\/5128","targetHints":{"allow":["GET"]}}],"collection":[{"href":"https:\/\/www.lengyelrobert.hu\/index.php\/wp-json\/wp\/v2\/posts"}],"about":[{"href":"https:\/\/www.lengyelrobert.hu\/index.php\/wp-json\/wp\/v2\/types\/post"}],"author":[{"embeddable":true,"href":"https:\/\/www.lengyelrobert.hu\/index.php\/wp-json\/wp\/v2\/users\/1"}],"replies":[{"embeddable":true,"href":"https:\/\/www.lengyelrobert.hu\/index.php\/wp-json\/wp\/v2\/comments?post=5128"}],"version-history":[{"count":0,"href":"https:\/\/www.lengyelrobert.hu\/index.php\/wp-json\/wp\/v2\/posts\/5128\/revisions"}],"wp:attachment":[{"href":"https:\/\/www.lengyelrobert.hu\/index.php\/wp-json\/wp\/v2\/media?parent=5128"}],"wp:term":[{"taxonomy":"category","embeddable":true,"href":"https:\/\/www.lengyelrobert.hu\/index.php\/wp-json\/wp\/v2\/categories?post=5128"},{"taxonomy":"post_tag","embeddable":true,"href":"https:\/\/www.lengyelrobert.hu\/index.php\/wp-json\/wp\/v2\/tags?post=5128"}],"curies":[{"name":"wp","href":"https:\/\/api.w.org\/{rel}","templated":true}]}}