{"id":5108,"date":"2017-04-12T12:19:53","date_gmt":"2017-04-12T10:19:53","guid":{"rendered":"https:\/\/www.lengyelrobert.hu\/uncategorized\/2017-04-12-i-facebook-bejegyzes\/"},"modified":"2017-04-12T12:19:53","modified_gmt":"2017-04-12T10:19:53","slug":"2017-04-12-i-facebook-bejegyzes","status":"publish","type":"post","link":"https:\/\/www.lengyelrobert.hu\/index.php\/2017\/04\/12\/2017-04-12-i-facebook-bejegyzes\/","title":{"rendered":"2017.04.12-i Facebook bejegyz\u00e9s"},"content":{"rendered":"<p>Tisztelt Olvas\u00f3im!<\/p>\n<p>        Uszoda \u00fcgyben kiss\u00e9 felp\u00f6r\u00f6gtek az esem\u00e9nyek. R\u00f6videsen rendk\u00edv\u00fcli test\u00fcleti \u00fcl\u00e9s keret\u00e9ben kell strat\u00e9giai d\u00f6nt\u00e9seket hoznunk (a majdani uszod\u00e1t \u00fczemeltet\u0151 v\u00e1rosi c\u00e9g alap\u00edt\u00e1sa, p\u00e1ly\u00e1zati \u00f6nr\u00e9sz biztos\u00edt\u00e1sa). A tegnapi posztom ut\u00e1n t\u00f6bben k\u00e9rdezt\u00e9k ism\u00e9t, hol van a l\u00e9tes\u00edtm\u00e9ny kijel\u00f6lt helye. Nos, Sz\u00e9plak, a 7-es \u00fat mellett, azon az \u00f6nkorm\u00e1nyzati ter\u00fcleten, ahol nyaranta a cirkuszosok, mutatv\u00e1nyosok szolg\u00e1ltatnak. T\u00f6bben f\u00e9lre \u00e9rtett\u00e9k, avagy f\u00e9lre\u00e9rthet\u0151en \u00edrtam arr\u00f3l, hogy a Galeriusban kialak\u00edtott medence &#8220;az Isten h\u00e1ta m\u00f6g\u00f6tt \u00e9p\u00fclt&#8221;. Eln\u00e9z\u00e9st, ezt kifejezetten az uszoda vonatkoz\u00e1s\u00e1ban \u00fagy \u00e9rtettem, hogy ahhoz bizony nagyon messze van, hogy v\u00e1rosunk lak\u00f3i, k\u00fcl\u00f6n\u00f6sen gyerekeink, di\u00e1kjaink oda j\u00e1rjanak ki, ut\u00f3bbiak ak\u00e1r egy testnevel\u00e9s \u00f3ra keret\u00e9ben is \u00fasz\u00e1s-oktat\u00e1sra. Ebb\u00e9li v\u00e9lem\u00e9nyemet tartom is. Mint ahogy azt is, kib\u00f6jt\u00f6lte a v\u00e1ros az uszod\u00e1j\u00e1t, meg\u00e9rdemeln\u00e9 ennyi id\u0151 ut\u00e1n, hogy \u00fajra legyen.<\/p>\n<p>        Egy kis Si\u00f3foki H\u00edrek. T\u00f6bben jelezt\u00e9k felh\u00e1borod\u00e1sukat, hogy az utols\u00f3 lapsz\u00e1mban az \u00e9v\u00e9rt\u00e9kel\u0151mmel kapcsolatosan, milyen nyilatkozatok jelentek meg, hogy azokra \u00e9n nem reag\u00e1ltam, illetve olyan fot\u00f3 is beker\u00fclt, amelyen az \u00fcres emeleti gal\u00e9ria \u00fcl\u00e9ssorait mutatt\u00e1k, azt az \u00e9rzetet keltve, mintha kong\u00f3 teremben \u00e9rt\u00e9keltem volna saj\u00e1t magamnak. Nos, fogadja m\u00e1r el a t\u00e9nyt a v\u00e1ros k\u00f6zv\u00e9lem\u00e9nye: ez a lap a v\u00e1ros p\u00e9nz\u00e9n fenntartott helyi FIDESZ sz\u00f3cs\u0151. N\u00e9zz\u00e9k meg ak\u00e1r az ut\u00f3bbi, ak\u00e1r a k\u00f6vetkez\u0151 lapsz\u00e1mot, h\u00e1nyszor szerepel a polg\u00e1rmester \u00e9s h\u00e1nyszor p\u00e9ld\u00e1ul a fideszes orsz\u00e1ggy\u0171l\u00e9si k\u00e9pvisel\u0151, vagy helyi fideszes k\u00e9pvisel\u0151k? \u00c9s kik pozit\u00edv, m\u00e9g kik negat\u00edv kontextusokban? (Vagy h\u00e1nyszor a rik\u00edt\u00f3 narancss\u00e1rga Hamvas \u00far, mint alpolg\u00e1rmester \u00e9s h\u00e1nyszor Potocsk\u00e1n\u00e9, mint m\u00e1sik, egy\u00e9bk\u00e9nt jobbikos alpolg\u00e1rmester.) Mag\u00e1\u00e9rt besz\u00e9l\u0151 t\u00e9nyek ezek, el\u00e9g v\u00e9gig lapozni egy lapp\u00e9ld\u00e1nyt. Hogy pof\u00e1tlan dolog-e v\u00e1rosi p\u00e9nzen p\u00e1rt propagand\u00e1t csin\u00e1lni? Az, de az eg\u00e9sz orsz\u00e1gban ez megy, \u00edgy megy. \u00c9s amint az esem\u00e9nyek mutatj\u00e1k, egyre t\u00f6bb embernek kezd ebb\u0151l az eg\u00e9szb\u0151l elege lenni. Nekem is, higgy\u00e9k el, higgy\u00e9tek el. Emelt f\u0151vel t\u0171r\u00f6m ezeket a megal\u00e1ztat\u00e1sokat is, abban a tudatban, hogy az emberek t\u00f6bbs\u00e9ge ezt l\u00e1tja \u00e9s majd \u00e9rt\u00e9k\u00edt\u00e9letet is mond err\u0151l, ha elj\u00f6n az ideje. Mert elj\u00f6n, nincs k\u00e9ts\u00e9gem. (Egy\u00e9bk\u00e9nt \u00e9rt\u00e9k\u00edt\u00e9let az is, hogy a l\u00e9pcs\u0151h\u00e1zi pap\u00edr kuk\u00e1nk a kihord\u00e1s napj\u00e1n, tele a fel sem lapozott Si\u00f3foki H\u00edrek belesz\u00f3rt p\u00e9ld\u00e1nyaival.) Van a birtokomban egy\u00e9bk\u00e9nt n\u00e9h\u00e1ny olyan telep\u00fcl\u00e9si \u00f6nkorm\u00e1nyzati \u00fajs\u00e1g, ahol nem t\u00f6bbs\u00e9gi fideszes v\u00e1rosvezet\u00e9s van. M\u00e1s vil\u00e1g, eg\u00e9szen m\u00e1s vil\u00e1g az. K\u00f6z\u00e9leti, korrekt, r\u00e9szrehajl\u00e1s-mentes, \u00e9s nem polg\u00e1rmester gyep\u00e1l\u00f3. Nekem, nek\u00fcnk egyel\u0151re ez jut&#8230;<\/p>\n<p>        Bar\u00e1ts\u00e1ggal: R.<\/p>\n<p><a href=\"\"><\/a><\/p>\n","protected":false},"excerpt":{"rendered":"<p>Tisztelt Olvas\u00f3im! Uszoda \u00fcgyben kiss\u00e9 felp\u00f6r\u00f6gtek az esem\u00e9nyek. R\u00f6videsen rendk\u00edv\u00fcli test\u00fcleti \u00fcl\u00e9s keret\u00e9ben kell strat\u00e9giai d\u00f6nt\u00e9seket hoznunk (a majdani uszod\u00e1t \u00fczemeltet\u0151 v\u00e1rosi c\u00e9g alap\u00edt\u00e1sa, p\u00e1ly\u00e1zati \u00f6nr\u00e9sz biztos\u00edt\u00e1sa). A tegnapi posztom ut\u00e1n t\u00f6bben k\u00e9rdezt\u00e9k ism\u00e9t, hol van a l\u00e9tes\u00edtm\u00e9ny kijel\u00f6lt helye. Nos, Sz\u00e9plak, a 7-es \u00fat mellett, azon az \u00f6nkorm\u00e1nyzati ter\u00fcleten, ahol nyaranta a cirkuszosok, mutatv\u00e1nyosok [&hellip;]<\/p>\n","protected":false},"author":1,"featured_media":0,"comment_status":"closed","ping_status":"closed","sticky":false,"template":"","format":"standard","meta":{"_acf_changed":false,"_et_pb_use_builder":"","_et_pb_old_content":"","_et_gb_content_width":"","footnotes":""},"categories":[1],"tags":[],"class_list":["post-5108","post","type-post","status-publish","format-standard","hentry","category-uncategorized"],"acf":[],"yoast_head":"<!-- This site is optimized with the Yoast SEO plugin v23.8 - https:\/\/yoast.com\/wordpress\/plugins\/seo\/ -->\n<title>2017.04.12-i Facebook bejegyz\u00e9s - dr. Lengyel R\u00f3bert<\/title>\n<meta name=\"robots\" content=\"index, follow, max-snippet:-1, max-image-preview:large, max-video-preview:-1\" \/>\n<link rel=\"canonical\" href=\"https:\/\/www.lengyelrobert.hu\/index.php\/2017\/04\/12\/2017-04-12-i-facebook-bejegyzes\/\" \/>\n<meta property=\"og:locale\" content=\"hu_HU\" \/>\n<meta property=\"og:type\" content=\"article\" \/>\n<meta property=\"og:title\" content=\"2017.04.12-i Facebook bejegyz\u00e9s - dr. Lengyel R\u00f3bert\" \/>\n<meta property=\"og:description\" content=\"Tisztelt Olvas\u00f3im! Uszoda \u00fcgyben kiss\u00e9 felp\u00f6r\u00f6gtek az esem\u00e9nyek. R\u00f6videsen rendk\u00edv\u00fcli test\u00fcleti \u00fcl\u00e9s keret\u00e9ben kell strat\u00e9giai d\u00f6nt\u00e9seket hoznunk (a majdani uszod\u00e1t \u00fczemeltet\u0151 v\u00e1rosi c\u00e9g alap\u00edt\u00e1sa, p\u00e1ly\u00e1zati \u00f6nr\u00e9sz biztos\u00edt\u00e1sa). A tegnapi posztom ut\u00e1n t\u00f6bben k\u00e9rdezt\u00e9k ism\u00e9t, hol van a l\u00e9tes\u00edtm\u00e9ny kijel\u00f6lt helye. Nos, Sz\u00e9plak, a 7-es \u00fat mellett, azon az \u00f6nkorm\u00e1nyzati ter\u00fcleten, ahol nyaranta a cirkuszosok, mutatv\u00e1nyosok [&hellip;]\" \/>\n<meta property=\"og:url\" content=\"https:\/\/www.lengyelrobert.hu\/index.php\/2017\/04\/12\/2017-04-12-i-facebook-bejegyzes\/\" \/>\n<meta property=\"og:site_name\" content=\"dr. Lengyel R\u00f3bert\" \/>\n<meta property=\"article:published_time\" content=\"2017-04-12T10:19:53+00:00\" \/>\n<meta name=\"author\" content=\"webmaster\" \/>\n<meta name=\"twitter:card\" content=\"summary_large_image\" \/>\n<meta name=\"twitter:label1\" content=\"Szerz\u0151:\" \/>\n\t<meta name=\"twitter:data1\" content=\"webmaster\" \/>\n\t<meta name=\"twitter:label2\" content=\"Becs\u00fclt olvas\u00e1si id\u0151\" \/>\n\t<meta name=\"twitter:data2\" content=\"3 perc\" \/>\n<script type=\"application\/ld+json\" class=\"yoast-schema-graph\">{\"@context\":\"https:\/\/schema.org\",\"@graph\":[{\"@type\":\"WebPage\",\"@id\":\"https:\/\/www.lengyelrobert.hu\/index.php\/2017\/04\/12\/2017-04-12-i-facebook-bejegyzes\/\",\"url\":\"https:\/\/www.lengyelrobert.hu\/index.php\/2017\/04\/12\/2017-04-12-i-facebook-bejegyzes\/\",\"name\":\"2017.04.12-i Facebook bejegyz\u00e9s - dr. Lengyel R\u00f3bert\",\"isPartOf\":{\"@id\":\"https:\/\/www.lengyelrobert.hu\/#website\"},\"datePublished\":\"2017-04-12T10:19:53+00:00\",\"dateModified\":\"2017-04-12T10:19:53+00:00\",\"author\":{\"@id\":\"https:\/\/www.lengyelrobert.hu\/#\/schema\/person\/2926fe5141a59e6530d8a411eb7bfb2d\"},\"breadcrumb\":{\"@id\":\"https:\/\/www.lengyelrobert.hu\/index.php\/2017\/04\/12\/2017-04-12-i-facebook-bejegyzes\/#breadcrumb\"},\"inLanguage\":\"hu\",\"potentialAction\":[{\"@type\":\"ReadAction\",\"target\":[\"https:\/\/www.lengyelrobert.hu\/index.php\/2017\/04\/12\/2017-04-12-i-facebook-bejegyzes\/\"]}]},{\"@type\":\"BreadcrumbList\",\"@id\":\"https:\/\/www.lengyelrobert.hu\/index.php\/2017\/04\/12\/2017-04-12-i-facebook-bejegyzes\/#breadcrumb\",\"itemListElement\":[{\"@type\":\"ListItem\",\"position\":1,\"name\":\"Home\",\"item\":\"https:\/\/www.lengyelrobert.hu\/\"},{\"@type\":\"ListItem\",\"position\":2,\"name\":\"2017.04.12-i Facebook bejegyz\u00e9s\"}]},{\"@type\":\"WebSite\",\"@id\":\"https:\/\/www.lengyelrobert.hu\/#website\",\"url\":\"https:\/\/www.lengyelrobert.hu\/\",\"name\":\"dr. Lengyel R\u00f3bert\",\"description\":\"A Becs\u00fclettel Si\u00f3fok\u00e9rt Egyes\u00fclet honlapja\",\"potentialAction\":[{\"@type\":\"SearchAction\",\"target\":{\"@type\":\"EntryPoint\",\"urlTemplate\":\"https:\/\/www.lengyelrobert.hu\/?s={search_term_string}\"},\"query-input\":{\"@type\":\"PropertyValueSpecification\",\"valueRequired\":true,\"valueName\":\"search_term_string\"}}],\"inLanguage\":\"hu\"},{\"@type\":\"Person\",\"@id\":\"https:\/\/www.lengyelrobert.hu\/#\/schema\/person\/2926fe5141a59e6530d8a411eb7bfb2d\",\"name\":\"webmaster\",\"image\":{\"@type\":\"ImageObject\",\"inLanguage\":\"hu\",\"@id\":\"https:\/\/www.lengyelrobert.hu\/#\/schema\/person\/image\/\",\"url\":\"https:\/\/secure.gravatar.com\/avatar\/d53f7fc01f188bb097ecc2caf950c777c2cdc1ec48a2d1726a8399a2188940b0?s=96&d=mm&r=g\",\"contentUrl\":\"https:\/\/secure.gravatar.com\/avatar\/d53f7fc01f188bb097ecc2caf950c777c2cdc1ec48a2d1726a8399a2188940b0?s=96&d=mm&r=g\",\"caption\":\"webmaster\"},\"sameAs\":[\"https:\/\/www.lengyelrobert.hu\"],\"url\":\"https:\/\/www.lengyelrobert.hu\/index.php\/author\/webmaster\/\"}]}<\/script>\n<!-- \/ Yoast SEO plugin. -->","yoast_head_json":{"title":"2017.04.12-i Facebook bejegyz\u00e9s - dr. Lengyel R\u00f3bert","robots":{"index":"index","follow":"follow","max-snippet":"max-snippet:-1","max-image-preview":"max-image-preview:large","max-video-preview":"max-video-preview:-1"},"canonical":"https:\/\/www.lengyelrobert.hu\/index.php\/2017\/04\/12\/2017-04-12-i-facebook-bejegyzes\/","og_locale":"hu_HU","og_type":"article","og_title":"2017.04.12-i Facebook bejegyz\u00e9s - dr. Lengyel R\u00f3bert","og_description":"Tisztelt Olvas\u00f3im! Uszoda \u00fcgyben kiss\u00e9 felp\u00f6r\u00f6gtek az esem\u00e9nyek. R\u00f6videsen rendk\u00edv\u00fcli test\u00fcleti \u00fcl\u00e9s keret\u00e9ben kell strat\u00e9giai d\u00f6nt\u00e9seket hoznunk (a majdani uszod\u00e1t \u00fczemeltet\u0151 v\u00e1rosi c\u00e9g alap\u00edt\u00e1sa, p\u00e1ly\u00e1zati \u00f6nr\u00e9sz biztos\u00edt\u00e1sa). A tegnapi posztom ut\u00e1n t\u00f6bben k\u00e9rdezt\u00e9k ism\u00e9t, hol van a l\u00e9tes\u00edtm\u00e9ny kijel\u00f6lt helye. Nos, Sz\u00e9plak, a 7-es \u00fat mellett, azon az \u00f6nkorm\u00e1nyzati ter\u00fcleten, ahol nyaranta a cirkuszosok, mutatv\u00e1nyosok [&hellip;]","og_url":"https:\/\/www.lengyelrobert.hu\/index.php\/2017\/04\/12\/2017-04-12-i-facebook-bejegyzes\/","og_site_name":"dr. Lengyel R\u00f3bert","article_published_time":"2017-04-12T10:19:53+00:00","author":"webmaster","twitter_card":"summary_large_image","twitter_misc":{"Szerz\u0151:":"webmaster","Becs\u00fclt olvas\u00e1si id\u0151":"3 perc"},"schema":{"@context":"https:\/\/schema.org","@graph":[{"@type":"WebPage","@id":"https:\/\/www.lengyelrobert.hu\/index.php\/2017\/04\/12\/2017-04-12-i-facebook-bejegyzes\/","url":"https:\/\/www.lengyelrobert.hu\/index.php\/2017\/04\/12\/2017-04-12-i-facebook-bejegyzes\/","name":"2017.04.12-i Facebook bejegyz\u00e9s - dr. Lengyel R\u00f3bert","isPartOf":{"@id":"https:\/\/www.lengyelrobert.hu\/#website"},"datePublished":"2017-04-12T10:19:53+00:00","dateModified":"2017-04-12T10:19:53+00:00","author":{"@id":"https:\/\/www.lengyelrobert.hu\/#\/schema\/person\/2926fe5141a59e6530d8a411eb7bfb2d"},"breadcrumb":{"@id":"https:\/\/www.lengyelrobert.hu\/index.php\/2017\/04\/12\/2017-04-12-i-facebook-bejegyzes\/#breadcrumb"},"inLanguage":"hu","potentialAction":[{"@type":"ReadAction","target":["https:\/\/www.lengyelrobert.hu\/index.php\/2017\/04\/12\/2017-04-12-i-facebook-bejegyzes\/"]}]},{"@type":"BreadcrumbList","@id":"https:\/\/www.lengyelrobert.hu\/index.php\/2017\/04\/12\/2017-04-12-i-facebook-bejegyzes\/#breadcrumb","itemListElement":[{"@type":"ListItem","position":1,"name":"Home","item":"https:\/\/www.lengyelrobert.hu\/"},{"@type":"ListItem","position":2,"name":"2017.04.12-i Facebook bejegyz\u00e9s"}]},{"@type":"WebSite","@id":"https:\/\/www.lengyelrobert.hu\/#website","url":"https:\/\/www.lengyelrobert.hu\/","name":"dr. Lengyel R\u00f3bert","description":"A Becs\u00fclettel Si\u00f3fok\u00e9rt Egyes\u00fclet honlapja","potentialAction":[{"@type":"SearchAction","target":{"@type":"EntryPoint","urlTemplate":"https:\/\/www.lengyelrobert.hu\/?s={search_term_string}"},"query-input":{"@type":"PropertyValueSpecification","valueRequired":true,"valueName":"search_term_string"}}],"inLanguage":"hu"},{"@type":"Person","@id":"https:\/\/www.lengyelrobert.hu\/#\/schema\/person\/2926fe5141a59e6530d8a411eb7bfb2d","name":"webmaster","image":{"@type":"ImageObject","inLanguage":"hu","@id":"https:\/\/www.lengyelrobert.hu\/#\/schema\/person\/image\/","url":"https:\/\/secure.gravatar.com\/avatar\/d53f7fc01f188bb097ecc2caf950c777c2cdc1ec48a2d1726a8399a2188940b0?s=96&d=mm&r=g","contentUrl":"https:\/\/secure.gravatar.com\/avatar\/d53f7fc01f188bb097ecc2caf950c777c2cdc1ec48a2d1726a8399a2188940b0?s=96&d=mm&r=g","caption":"webmaster"},"sameAs":["https:\/\/www.lengyelrobert.hu"],"url":"https:\/\/www.lengyelrobert.hu\/index.php\/author\/webmaster\/"}]}},"_links":{"self":[{"href":"https:\/\/www.lengyelrobert.hu\/index.php\/wp-json\/wp\/v2\/posts\/5108","targetHints":{"allow":["GET"]}}],"collection":[{"href":"https:\/\/www.lengyelrobert.hu\/index.php\/wp-json\/wp\/v2\/posts"}],"about":[{"href":"https:\/\/www.lengyelrobert.hu\/index.php\/wp-json\/wp\/v2\/types\/post"}],"author":[{"embeddable":true,"href":"https:\/\/www.lengyelrobert.hu\/index.php\/wp-json\/wp\/v2\/users\/1"}],"replies":[{"embeddable":true,"href":"https:\/\/www.lengyelrobert.hu\/index.php\/wp-json\/wp\/v2\/comments?post=5108"}],"version-history":[{"count":0,"href":"https:\/\/www.lengyelrobert.hu\/index.php\/wp-json\/wp\/v2\/posts\/5108\/revisions"}],"wp:attachment":[{"href":"https:\/\/www.lengyelrobert.hu\/index.php\/wp-json\/wp\/v2\/media?parent=5108"}],"wp:term":[{"taxonomy":"category","embeddable":true,"href":"https:\/\/www.lengyelrobert.hu\/index.php\/wp-json\/wp\/v2\/categories?post=5108"},{"taxonomy":"post_tag","embeddable":true,"href":"https:\/\/www.lengyelrobert.hu\/index.php\/wp-json\/wp\/v2\/tags?post=5108"}],"curies":[{"name":"wp","href":"https:\/\/api.w.org\/{rel}","templated":true}]}}