{"id":5032,"date":"2017-07-13T11:51:42","date_gmt":"2017-07-13T09:51:42","guid":{"rendered":"https:\/\/www.lengyelrobert.hu\/uncategorized\/2017-07-13-i-facebook-bejegyzes\/"},"modified":"2017-07-13T11:51:42","modified_gmt":"2017-07-13T09:51:42","slug":"2017-07-13-i-facebook-bejegyzes","status":"publish","type":"post","link":"https:\/\/www.lengyelrobert.hu\/index.php\/2017\/07\/13\/2017-07-13-i-facebook-bejegyzes\/","title":{"rendered":"2017.07.13-i Facebook bejegyz\u00e9s"},"content":{"rendered":"<p>Tisztelt Olvas\u00f3im!<\/p>\n<p>        A vihar s\u00fajtotta ter\u00fcleteken tov\u00e1bb folyik a k\u00e1relh\u00e1r\u00edt\u00e1s. Azt gondolom, Si\u00f3fok v\u00e1rosa m\u00e9lt\u00e1n lehet b\u00fcszke t\u0171zolt\u00f3ira, akik meleggel, es\u0151vel, most \u00e9pp sz\u00e9llel dacolva, napok \u00f3ta teszik a dolgukat \u00e9s takar\u00edtj\u00e1k a takar\u00edtand\u00f3t, mentik a menthet\u0151t. A tegnapi terepszeml\u00e9m keret\u00e9ben t\u00f6rt\u00e9nt megbesz\u00e9l\u00e9sek sor\u00e1n, a v\u00e1ros nev\u00e9ben minden seg\u00edts\u00e9get felaj\u00e1nlottam munk\u00e1jukhoz. A mai napon k\u00e9zi motoros f\u0171r\u00e9szeket, egy\u00e9b kieg\u00e9sz\u00edt\u0151 felszerel\u00e9seket szerezt\u00fcnk be \u00e9s adom\u00e1nyoztunk r\u00e9sz\u00fckre az \u00e1ltaluk jelzett ig\u00e9nyeknek megfelel\u0151en, illetve \u00e9tellel, itallal is t\u00e1mogatjuk \u0151ket. Meg\u00e9rdemlik. Ugyan \u00edgy k\u00f6sz\u00f6net illeti a m\u00e1s somogyi \u00e9s k\u00f6rnyez\u0151 megy\u00e9k telep\u00fcl\u00e9seir\u0151l idevez\u00e9nyelt t\u0171zolt\u00f3kat \u00e9s a rend\u0151rs\u00e9g munkat\u00e1rsait is. Ut\u00f3bbiak minden neh\u00e9zs\u00e9g ellen\u00e9re a forgalom rendj\u00e9t fenntartott\u00e1k\/tartj\u00e1k, v\u00e9grehajtj\u00e1k a t\u0171zolt\u00f3k munkav\u00e9gz\u00e9s\u00e9hez sz\u00fcks\u00e9ges lez\u00e1r\u00e1sokat, helysz\u00edni biztos\u00edt\u00e1sokat. Ezzel egy\u00fctt hivatalunk illet\u00e9kes dolgoz\u00f3i, a k\u00f6zmunk\u00e1sok, az ingatlanok tulajdonosai \u00e9s az \u00f6nk\u00e9ntes seg\u00edt\u0151k is elk\u00e9peszt\u0151 munk\u00e1t v\u00e9geznek annak \u00e9rdek\u00e9ben, hogy a k\u00f6zter\u00fcleteken, illetve a mag\u00e1n port\u00e1kon ism\u00e9t emberi \u00e9s biztons\u00e1gos k\u00f6r\u00fclm\u00e9nyeket teremtsenek. Ma ebben a nagy sz\u00e9lben nincs egyszer\u0171 dolguk t\u0171zolt\u00f3inknak, a civil ment\u0151csapatoknak, de v\u00e1llalt\u00e1k az emel\u0151 kosarakb\u00f3l val\u00f3 munkav\u00e9gz\u00e9st, \u00edgy most is t\u00e9nykednek. (Egy\u00e9bk\u00e9nt a vesz\u00e9lyelh\u00e1r\u00edt\u00e1s \u00e9s a k\u00e1rok felsz\u00e1mol\u00e1sa a kid\u0151lt f\u00e1k tekintet\u00e9ben m\u00e9g napokig, ak\u00e1r egy h\u00e9tig is el fog tartani. A biztons\u00e1gos munkav\u00e9gz\u00e9s \u00e9rdek\u00e9ben alkalmank\u00e9nt akadozhat a villamos energia ell\u00e1t\u00e1s is, mert ahol azt a t\u0171zolt\u00f3k k\u00e9rik, ott id\u0151legesen az E-ON kikapcsol. A k\u00e1rokban \u00e9rintettek nagy t\u00f6bbs\u00e9ge v\u00e9gtelen t\u00fcrelemmel \u00e9s meg\u00e9rt\u00e9ssel viseltetik, seg\u00edtik, t\u00e1mogatj\u00e1k a k\u00e1rfelsz\u00e1mol\u00f3k munk\u00e1j\u00e1t, amit a magam \u00e9s a ment\u00e9sben r\u00e9sztvev\u0151k nev\u00e9ben is k\u00f6sz\u00f6n\u00f6k.)<\/p>\n<p>        Bar\u00e1ts\u00e1ggal: R.<\/p>\n<p><a href=\"\"><\/a><\/p>\n","protected":false},"excerpt":{"rendered":"<p>Tisztelt Olvas\u00f3im! A vihar s\u00fajtotta ter\u00fcleteken tov\u00e1bb folyik a k\u00e1relh\u00e1r\u00edt\u00e1s. Azt gondolom, Si\u00f3fok v\u00e1rosa m\u00e9lt\u00e1n lehet b\u00fcszke t\u0171zolt\u00f3ira, akik meleggel, es\u0151vel, most \u00e9pp sz\u00e9llel dacolva, napok \u00f3ta teszik a dolgukat \u00e9s takar\u00edtj\u00e1k a takar\u00edtand\u00f3t, mentik a menthet\u0151t. A tegnapi terepszeml\u00e9m keret\u00e9ben t\u00f6rt\u00e9nt megbesz\u00e9l\u00e9sek sor\u00e1n, a v\u00e1ros nev\u00e9ben minden seg\u00edts\u00e9get felaj\u00e1nlottam munk\u00e1jukhoz. A mai napon k\u00e9zi [&hellip;]<\/p>\n","protected":false},"author":1,"featured_media":5033,"comment_status":"closed","ping_status":"closed","sticky":false,"template":"","format":"standard","meta":{"_acf_changed":false,"_et_pb_use_builder":"","_et_pb_old_content":"","_et_gb_content_width":"","footnotes":""},"categories":[1],"tags":[],"class_list":["post-5032","post","type-post","status-publish","format-standard","has-post-thumbnail","hentry","category-uncategorized"],"acf":[],"yoast_head":"<!-- This site is optimized with the Yoast SEO plugin v23.8 - https:\/\/yoast.com\/wordpress\/plugins\/seo\/ -->\n<title>2017.07.13-i Facebook bejegyz\u00e9s - dr. Lengyel R\u00f3bert<\/title>\n<meta name=\"robots\" content=\"index, follow, max-snippet:-1, max-image-preview:large, max-video-preview:-1\" \/>\n<link rel=\"canonical\" href=\"https:\/\/www.lengyelrobert.hu\/index.php\/2017\/07\/13\/2017-07-13-i-facebook-bejegyzes\/\" \/>\n<meta property=\"og:locale\" content=\"hu_HU\" \/>\n<meta property=\"og:type\" content=\"article\" \/>\n<meta property=\"og:title\" content=\"2017.07.13-i Facebook bejegyz\u00e9s - dr. Lengyel R\u00f3bert\" \/>\n<meta property=\"og:description\" content=\"Tisztelt Olvas\u00f3im! A vihar s\u00fajtotta ter\u00fcleteken tov\u00e1bb folyik a k\u00e1relh\u00e1r\u00edt\u00e1s. Azt gondolom, Si\u00f3fok v\u00e1rosa m\u00e9lt\u00e1n lehet b\u00fcszke t\u0171zolt\u00f3ira, akik meleggel, es\u0151vel, most \u00e9pp sz\u00e9llel dacolva, napok \u00f3ta teszik a dolgukat \u00e9s takar\u00edtj\u00e1k a takar\u00edtand\u00f3t, mentik a menthet\u0151t. A tegnapi terepszeml\u00e9m keret\u00e9ben t\u00f6rt\u00e9nt megbesz\u00e9l\u00e9sek sor\u00e1n, a v\u00e1ros nev\u00e9ben minden seg\u00edts\u00e9get felaj\u00e1nlottam munk\u00e1jukhoz. A mai napon k\u00e9zi [&hellip;]\" \/>\n<meta property=\"og:url\" content=\"https:\/\/www.lengyelrobert.hu\/index.php\/2017\/07\/13\/2017-07-13-i-facebook-bejegyzes\/\" \/>\n<meta property=\"og:site_name\" content=\"dr. Lengyel R\u00f3bert\" \/>\n<meta property=\"article:published_time\" content=\"2017-07-13T09:51:42+00:00\" \/>\n<meta property=\"og:image\" content=\"https:\/\/www.lengyelrobert.hu\/wp-content\/uploads\/2019\/04\/20045446_860840097398636_6406937859981317771_o_860840097398636-1.jpg\" \/>\n\t<meta property=\"og:image:width\" content=\"2048\" \/>\n\t<meta property=\"og:image:height\" content=\"1365\" \/>\n\t<meta property=\"og:image:type\" content=\"image\/jpeg\" \/>\n<meta name=\"author\" content=\"webmaster\" \/>\n<meta name=\"twitter:card\" content=\"summary_large_image\" \/>\n<meta name=\"twitter:label1\" content=\"Szerz\u0151:\" \/>\n\t<meta name=\"twitter:data1\" content=\"webmaster\" \/>\n\t<meta name=\"twitter:label2\" content=\"Becs\u00fclt olvas\u00e1si id\u0151\" \/>\n\t<meta name=\"twitter:data2\" content=\"2 perc\" \/>\n<script type=\"application\/ld+json\" class=\"yoast-schema-graph\">{\"@context\":\"https:\/\/schema.org\",\"@graph\":[{\"@type\":\"WebPage\",\"@id\":\"https:\/\/www.lengyelrobert.hu\/index.php\/2017\/07\/13\/2017-07-13-i-facebook-bejegyzes\/\",\"url\":\"https:\/\/www.lengyelrobert.hu\/index.php\/2017\/07\/13\/2017-07-13-i-facebook-bejegyzes\/\",\"name\":\"2017.07.13-i Facebook bejegyz\u00e9s - dr. Lengyel R\u00f3bert\",\"isPartOf\":{\"@id\":\"https:\/\/www.lengyelrobert.hu\/#website\"},\"primaryImageOfPage\":{\"@id\":\"https:\/\/www.lengyelrobert.hu\/index.php\/2017\/07\/13\/2017-07-13-i-facebook-bejegyzes\/#primaryimage\"},\"image\":{\"@id\":\"https:\/\/www.lengyelrobert.hu\/index.php\/2017\/07\/13\/2017-07-13-i-facebook-bejegyzes\/#primaryimage\"},\"thumbnailUrl\":\"https:\/\/www.lengyelrobert.hu\/wp-content\/uploads\/2019\/04\/20045446_860840097398636_6406937859981317771_o_860840097398636-1.jpg\",\"datePublished\":\"2017-07-13T09:51:42+00:00\",\"dateModified\":\"2017-07-13T09:51:42+00:00\",\"author\":{\"@id\":\"https:\/\/www.lengyelrobert.hu\/#\/schema\/person\/2926fe5141a59e6530d8a411eb7bfb2d\"},\"breadcrumb\":{\"@id\":\"https:\/\/www.lengyelrobert.hu\/index.php\/2017\/07\/13\/2017-07-13-i-facebook-bejegyzes\/#breadcrumb\"},\"inLanguage\":\"hu\",\"potentialAction\":[{\"@type\":\"ReadAction\",\"target\":[\"https:\/\/www.lengyelrobert.hu\/index.php\/2017\/07\/13\/2017-07-13-i-facebook-bejegyzes\/\"]}]},{\"@type\":\"ImageObject\",\"inLanguage\":\"hu\",\"@id\":\"https:\/\/www.lengyelrobert.hu\/index.php\/2017\/07\/13\/2017-07-13-i-facebook-bejegyzes\/#primaryimage\",\"url\":\"https:\/\/www.lengyelrobert.hu\/wp-content\/uploads\/2019\/04\/20045446_860840097398636_6406937859981317771_o_860840097398636-1.jpg\",\"contentUrl\":\"https:\/\/www.lengyelrobert.hu\/wp-content\/uploads\/2019\/04\/20045446_860840097398636_6406937859981317771_o_860840097398636-1.jpg\",\"width\":2048,\"height\":1365},{\"@type\":\"BreadcrumbList\",\"@id\":\"https:\/\/www.lengyelrobert.hu\/index.php\/2017\/07\/13\/2017-07-13-i-facebook-bejegyzes\/#breadcrumb\",\"itemListElement\":[{\"@type\":\"ListItem\",\"position\":1,\"name\":\"Home\",\"item\":\"https:\/\/www.lengyelrobert.hu\/\"},{\"@type\":\"ListItem\",\"position\":2,\"name\":\"2017.07.13-i Facebook bejegyz\u00e9s\"}]},{\"@type\":\"WebSite\",\"@id\":\"https:\/\/www.lengyelrobert.hu\/#website\",\"url\":\"https:\/\/www.lengyelrobert.hu\/\",\"name\":\"dr. Lengyel R\u00f3bert\",\"description\":\"A Becs\u00fclettel Si\u00f3fok\u00e9rt Egyes\u00fclet honlapja\",\"potentialAction\":[{\"@type\":\"SearchAction\",\"target\":{\"@type\":\"EntryPoint\",\"urlTemplate\":\"https:\/\/www.lengyelrobert.hu\/?s={search_term_string}\"},\"query-input\":{\"@type\":\"PropertyValueSpecification\",\"valueRequired\":true,\"valueName\":\"search_term_string\"}}],\"inLanguage\":\"hu\"},{\"@type\":\"Person\",\"@id\":\"https:\/\/www.lengyelrobert.hu\/#\/schema\/person\/2926fe5141a59e6530d8a411eb7bfb2d\",\"name\":\"webmaster\",\"image\":{\"@type\":\"ImageObject\",\"inLanguage\":\"hu\",\"@id\":\"https:\/\/www.lengyelrobert.hu\/#\/schema\/person\/image\/\",\"url\":\"https:\/\/secure.gravatar.com\/avatar\/d53f7fc01f188bb097ecc2caf950c777c2cdc1ec48a2d1726a8399a2188940b0?s=96&d=mm&r=g\",\"contentUrl\":\"https:\/\/secure.gravatar.com\/avatar\/d53f7fc01f188bb097ecc2caf950c777c2cdc1ec48a2d1726a8399a2188940b0?s=96&d=mm&r=g\",\"caption\":\"webmaster\"},\"sameAs\":[\"https:\/\/www.lengyelrobert.hu\"],\"url\":\"https:\/\/www.lengyelrobert.hu\/index.php\/author\/webmaster\/\"}]}<\/script>\n<!-- \/ Yoast SEO plugin. -->","yoast_head_json":{"title":"2017.07.13-i Facebook bejegyz\u00e9s - dr. Lengyel R\u00f3bert","robots":{"index":"index","follow":"follow","max-snippet":"max-snippet:-1","max-image-preview":"max-image-preview:large","max-video-preview":"max-video-preview:-1"},"canonical":"https:\/\/www.lengyelrobert.hu\/index.php\/2017\/07\/13\/2017-07-13-i-facebook-bejegyzes\/","og_locale":"hu_HU","og_type":"article","og_title":"2017.07.13-i Facebook bejegyz\u00e9s - dr. Lengyel R\u00f3bert","og_description":"Tisztelt Olvas\u00f3im! A vihar s\u00fajtotta ter\u00fcleteken tov\u00e1bb folyik a k\u00e1relh\u00e1r\u00edt\u00e1s. Azt gondolom, Si\u00f3fok v\u00e1rosa m\u00e9lt\u00e1n lehet b\u00fcszke t\u0171zolt\u00f3ira, akik meleggel, es\u0151vel, most \u00e9pp sz\u00e9llel dacolva, napok \u00f3ta teszik a dolgukat \u00e9s takar\u00edtj\u00e1k a takar\u00edtand\u00f3t, mentik a menthet\u0151t. A tegnapi terepszeml\u00e9m keret\u00e9ben t\u00f6rt\u00e9nt megbesz\u00e9l\u00e9sek sor\u00e1n, a v\u00e1ros nev\u00e9ben minden seg\u00edts\u00e9get felaj\u00e1nlottam munk\u00e1jukhoz. A mai napon k\u00e9zi [&hellip;]","og_url":"https:\/\/www.lengyelrobert.hu\/index.php\/2017\/07\/13\/2017-07-13-i-facebook-bejegyzes\/","og_site_name":"dr. Lengyel R\u00f3bert","article_published_time":"2017-07-13T09:51:42+00:00","og_image":[{"width":2048,"height":1365,"url":"https:\/\/www.lengyelrobert.hu\/wp-content\/uploads\/2019\/04\/20045446_860840097398636_6406937859981317771_o_860840097398636-1.jpg","type":"image\/jpeg"}],"author":"webmaster","twitter_card":"summary_large_image","twitter_misc":{"Szerz\u0151:":"webmaster","Becs\u00fclt olvas\u00e1si id\u0151":"2 perc"},"schema":{"@context":"https:\/\/schema.org","@graph":[{"@type":"WebPage","@id":"https:\/\/www.lengyelrobert.hu\/index.php\/2017\/07\/13\/2017-07-13-i-facebook-bejegyzes\/","url":"https:\/\/www.lengyelrobert.hu\/index.php\/2017\/07\/13\/2017-07-13-i-facebook-bejegyzes\/","name":"2017.07.13-i Facebook bejegyz\u00e9s - dr. Lengyel R\u00f3bert","isPartOf":{"@id":"https:\/\/www.lengyelrobert.hu\/#website"},"primaryImageOfPage":{"@id":"https:\/\/www.lengyelrobert.hu\/index.php\/2017\/07\/13\/2017-07-13-i-facebook-bejegyzes\/#primaryimage"},"image":{"@id":"https:\/\/www.lengyelrobert.hu\/index.php\/2017\/07\/13\/2017-07-13-i-facebook-bejegyzes\/#primaryimage"},"thumbnailUrl":"https:\/\/www.lengyelrobert.hu\/wp-content\/uploads\/2019\/04\/20045446_860840097398636_6406937859981317771_o_860840097398636-1.jpg","datePublished":"2017-07-13T09:51:42+00:00","dateModified":"2017-07-13T09:51:42+00:00","author":{"@id":"https:\/\/www.lengyelrobert.hu\/#\/schema\/person\/2926fe5141a59e6530d8a411eb7bfb2d"},"breadcrumb":{"@id":"https:\/\/www.lengyelrobert.hu\/index.php\/2017\/07\/13\/2017-07-13-i-facebook-bejegyzes\/#breadcrumb"},"inLanguage":"hu","potentialAction":[{"@type":"ReadAction","target":["https:\/\/www.lengyelrobert.hu\/index.php\/2017\/07\/13\/2017-07-13-i-facebook-bejegyzes\/"]}]},{"@type":"ImageObject","inLanguage":"hu","@id":"https:\/\/www.lengyelrobert.hu\/index.php\/2017\/07\/13\/2017-07-13-i-facebook-bejegyzes\/#primaryimage","url":"https:\/\/www.lengyelrobert.hu\/wp-content\/uploads\/2019\/04\/20045446_860840097398636_6406937859981317771_o_860840097398636-1.jpg","contentUrl":"https:\/\/www.lengyelrobert.hu\/wp-content\/uploads\/2019\/04\/20045446_860840097398636_6406937859981317771_o_860840097398636-1.jpg","width":2048,"height":1365},{"@type":"BreadcrumbList","@id":"https:\/\/www.lengyelrobert.hu\/index.php\/2017\/07\/13\/2017-07-13-i-facebook-bejegyzes\/#breadcrumb","itemListElement":[{"@type":"ListItem","position":1,"name":"Home","item":"https:\/\/www.lengyelrobert.hu\/"},{"@type":"ListItem","position":2,"name":"2017.07.13-i Facebook bejegyz\u00e9s"}]},{"@type":"WebSite","@id":"https:\/\/www.lengyelrobert.hu\/#website","url":"https:\/\/www.lengyelrobert.hu\/","name":"dr. Lengyel R\u00f3bert","description":"A Becs\u00fclettel Si\u00f3fok\u00e9rt Egyes\u00fclet honlapja","potentialAction":[{"@type":"SearchAction","target":{"@type":"EntryPoint","urlTemplate":"https:\/\/www.lengyelrobert.hu\/?s={search_term_string}"},"query-input":{"@type":"PropertyValueSpecification","valueRequired":true,"valueName":"search_term_string"}}],"inLanguage":"hu"},{"@type":"Person","@id":"https:\/\/www.lengyelrobert.hu\/#\/schema\/person\/2926fe5141a59e6530d8a411eb7bfb2d","name":"webmaster","image":{"@type":"ImageObject","inLanguage":"hu","@id":"https:\/\/www.lengyelrobert.hu\/#\/schema\/person\/image\/","url":"https:\/\/secure.gravatar.com\/avatar\/d53f7fc01f188bb097ecc2caf950c777c2cdc1ec48a2d1726a8399a2188940b0?s=96&d=mm&r=g","contentUrl":"https:\/\/secure.gravatar.com\/avatar\/d53f7fc01f188bb097ecc2caf950c777c2cdc1ec48a2d1726a8399a2188940b0?s=96&d=mm&r=g","caption":"webmaster"},"sameAs":["https:\/\/www.lengyelrobert.hu"],"url":"https:\/\/www.lengyelrobert.hu\/index.php\/author\/webmaster\/"}]}},"_links":{"self":[{"href":"https:\/\/www.lengyelrobert.hu\/index.php\/wp-json\/wp\/v2\/posts\/5032","targetHints":{"allow":["GET"]}}],"collection":[{"href":"https:\/\/www.lengyelrobert.hu\/index.php\/wp-json\/wp\/v2\/posts"}],"about":[{"href":"https:\/\/www.lengyelrobert.hu\/index.php\/wp-json\/wp\/v2\/types\/post"}],"author":[{"embeddable":true,"href":"https:\/\/www.lengyelrobert.hu\/index.php\/wp-json\/wp\/v2\/users\/1"}],"replies":[{"embeddable":true,"href":"https:\/\/www.lengyelrobert.hu\/index.php\/wp-json\/wp\/v2\/comments?post=5032"}],"version-history":[{"count":0,"href":"https:\/\/www.lengyelrobert.hu\/index.php\/wp-json\/wp\/v2\/posts\/5032\/revisions"}],"wp:featuredmedia":[{"embeddable":true,"href":"https:\/\/www.lengyelrobert.hu\/index.php\/wp-json\/wp\/v2\/media\/5033"}],"wp:attachment":[{"href":"https:\/\/www.lengyelrobert.hu\/index.php\/wp-json\/wp\/v2\/media?parent=5032"}],"wp:term":[{"taxonomy":"category","embeddable":true,"href":"https:\/\/www.lengyelrobert.hu\/index.php\/wp-json\/wp\/v2\/categories?post=5032"},{"taxonomy":"post_tag","embeddable":true,"href":"https:\/\/www.lengyelrobert.hu\/index.php\/wp-json\/wp\/v2\/tags?post=5032"}],"curies":[{"name":"wp","href":"https:\/\/api.w.org\/{rel}","templated":true}]}}