{"id":5018,"date":"2017-07-28T08:48:51","date_gmt":"2017-07-28T06:48:51","guid":{"rendered":"https:\/\/www.lengyelrobert.hu\/uncategorized\/2017-07-28-i-facebook-bejegyzes\/"},"modified":"2017-07-28T08:48:51","modified_gmt":"2017-07-28T06:48:51","slug":"2017-07-28-i-facebook-bejegyzes","status":"publish","type":"post","link":"https:\/\/www.lengyelrobert.hu\/index.php\/2017\/07\/28\/2017-07-28-i-facebook-bejegyzes\/","title":{"rendered":"2017.07.28-i Facebook bejegyz\u00e9s"},"content":{"rendered":"<p>Tisztelt Olvas\u00f3im!<\/p>\n<p>        A n\u00e9h\u00e1ny h\u00e9ttel ezel\u0151tti vihark\u00e1rok tekintet\u00e9ben csin\u00e1ltunk egy el\u0151zetes sz\u00e1mvet\u00e9st. A v\u00e1ros kassz\u00e1j\u00e1b\u00f3l eddig a mentes\u00edt\u00e9sre, (els\u0151sorban k\u00f6zter\u00fcleti f\u00e1ink gallyaz\u00e1sa, apr\u00edt\u00e1sa, a hullad\u00e9k eltakar\u00edt\u00e1sa, elsz\u00e1ll\u00edttat\u00e1sa, a z\u00f6ldfel\u00fcletek helyre\u00e1ll\u00edt\u00e1sa, a ment\u00e9sben r\u00e9sztvev\u0151k \u00e9lelemmel \u00e9s folyad\u00e9kkal t\u00f6rt\u00e9n\u0151 ell\u00e1t\u00e1sa) hozz\u00e1vet\u0151legesen 11 milli\u00f3 Ft ker\u00fclt kifizet\u00e9sre. El\u0151zetes kalkul\u00e1ci\u00f3nk szerint a tov\u00e1bbi sz\u00e1ll\u00edt\u00e1sokra, n\u00f6v\u00e9nyzet-p\u00f3tl\u00e1sra, z\u00f6ldhullad\u00e9k dar\u00e1l\u00e1sra m\u00e9g alaphangon tov\u00e1bbi 20 milli\u00f3s kiad\u00e1ssal sz\u00e1molhatunk. Vis maior helyzet volt, el\u0151re nem kalkul\u00e1lhat\u00f3 k\u00f6lts\u00e9gekkel \u00e9s m\u00e9g nem is tudjuk pontosan hol a v\u00e9ge. Tartal\u00e9kaink jelent\u0151sen elapadtak, \u00edgy a bel\u00fcgyminiszt\u00e9riumhoz fordulunk a felmer\u00fclt k\u00f6lts\u00e9gek r\u00e9szben, avagy teljes eg\u00e9sz\u00e9ben t\u00f6rt\u00e9n\u0151 \u00e1llami \u00e1tv\u00e1llal\u00e1sa t\u00e1rgy\u00e1ban. Felk\u00e9rt\u00fck Witzmann Mih\u00e1ly k\u00e9pvisel\u0151 urat, k\u00f6zvet\u00edtsen nek\u00fcnk az \u00e9rintett miniszt\u00e9rium ir\u00e1ny\u00e1ba, mely felk\u00e9r\u00e9snek a minap eleget is tett. K\u00e9relm\u00fcnk elb\u00edr\u00e1l\u00e1s\u00e1nak eredm\u00e9ny\u00e9r\u0151l ut\u00f3bb t\u00e1j\u00e9koztatni fogom a k\u00f6zv\u00e9lem\u00e9nyt.<\/p>\n<p>        A vihar sor\u00e1n keletkezett z\u00f6ldhullad\u00e9k elsz\u00e1ll\u00edt\u00e1s\u00e1val kapcsolatosan sz\u00e1mos k\u00e9rd\u00e9s \u00e9rkezett hozz\u00e1m. A hullad\u00e9kot k\u00f6tegel\u00e9s\/zs\u00e1kol\u00e1s n\u00e9lk\u00fcl kirakhatta \u00e9s kirakhatja a lakoss\u00e1g, a sz\u00e1ll\u00edt\u00e1s a Si\u00f3kom \u00e9s 2 egy\u00e9ni v\u00e1llalkoz\u00f3k bevon\u00e1s\u00e1val folyamatos, b\u00e1r k\u00e9ts\u00e9gtelen\u00fcl lass\u00fa. Ez ann\u00e1l ink\u00e1bb is igaz, mert nyaral\u00f3 tulajdonosok folyamat\u00e1ban \u00e9rkeznek \u00e9s a m\u00e1r megtiszt\u00edtott utc\u00e1kon is egyre \u00fajabb \u00e9s \u00fajabb kupacok jelennek meg. (A Z\u00f6ldfok a vihar ut\u00e1ni napokon ingyenes sz\u00e1ll\u00edt\u00e1st aj\u00e1nlott fel r\u00e9sz\u00fcnkre, amit ez\u00faton is k\u00f6sz\u00f6n\u00fcnk. Ezt k\u00f6vet\u0151en \u00f6nk\u00f6lts\u00e9gi \u00e1ron val\u00f3 sz\u00e1ll\u00edt\u00e1st v\u00e1llaltak volna, de az az \u00f6sszeg  is jelent\u0151sen meghaladta annak m\u00e9rt\u00e9k\u00e9t, mint amit a fentebb eml\u00edtett 2 egy\u00e9ni v\u00e1llalkoz\u00f3 megaj\u00e1nlott.) Nyomat\u00e9kosan k\u00e9rj\u00fck, hogy val\u00f3ban csak a vihark\u00e1ri hullad\u00e9kot helyezz\u00e9k ki, mert ez nem lomtalan\u00edt\u00e1s. Egyre t\u00f6bben \u00e9p\u00edt\u00e9si t\u00f6rmel\u00e9ket, h\u00e1ztart\u00e1si hullad\u00e9kot is kiraknak, gondolv\u00e1n, hogy els\u00fctik vihark\u00e1ri ramatyk\u00e9nt ezeket is. Higgy\u00e9k el, van el\u00e9g bajunk az ilyen csib\u00e9szked\u00e9sekt\u0151l f\u00fcggetlen\u00fcl is, k\u00e9rem, k\u00e9rj\u00fck, ne csin\u00e1lj\u00e1k.<\/p>\n<p>        Ma 17.00 \u00f3ra magass\u00e1g\u00e1ban Si\u00f3fokra \u00e9rkezik Vona G\u00e1bor a Jobbik eln\u00f6ke, minisztereln\u00f6k-jel\u00f6ltje. Eln\u00f6k \u00far el\u0151zetesen jelezte, hogy szeretne tal\u00e1lkozni, besz\u00e9lni velem, majd a v\u00e1ros k\u00f6zpontj\u00e1ban kicsit k\u00f6rbe menni, k\u00f6r\u00fcl n\u00e9zni. Term\u00e9szetesen \u00e1llok rendelkez\u00e9s\u00e9re. Mint ahogy a tervek szerint a n\u00e9h\u00e1ny h\u00e9ten bel\u00fcl ugyan csak a v\u00e1rosunkba l\u00e1togat\u00f3 Botka L\u00e1szl\u00f3val, az MSZP minisztereln\u00f6k-jel\u00f6ltj\u00e9vel t\u00f6rt\u00e9n\u0151 szem\u00e9lyes tal\u00e1lkoz\u00e1sra is igent mondtam a szervez\u0151knek.<\/p>\n<p>        Az elk\u00f6vetkezend\u0151 napokban egy kis szabads\u00e1gra vonulok, mely id\u0151szakot els\u0151sorban a csal\u00e1domnak sz\u00e1nom, \u00edgy kevesebbet fogok posztolni is. Azt\u00e1n \u00fajult er\u0151vel nekiveselked\u00fcnk&#8230; Sz\u00e9p h\u00e9tv\u00e9g\u00e9t mindenkinek!<\/p>\n<p>        Bar\u00e1ts\u00e1ggal: R.<\/p>\n<p><a href=\"\"><\/a><\/p>\n","protected":false},"excerpt":{"rendered":"<p>Tisztelt Olvas\u00f3im! A n\u00e9h\u00e1ny h\u00e9ttel ezel\u0151tti vihark\u00e1rok tekintet\u00e9ben csin\u00e1ltunk egy el\u0151zetes sz\u00e1mvet\u00e9st. A v\u00e1ros kassz\u00e1j\u00e1b\u00f3l eddig a mentes\u00edt\u00e9sre, (els\u0151sorban k\u00f6zter\u00fcleti f\u00e1ink gallyaz\u00e1sa, apr\u00edt\u00e1sa, a hullad\u00e9k eltakar\u00edt\u00e1sa, elsz\u00e1ll\u00edttat\u00e1sa, a z\u00f6ldfel\u00fcletek helyre\u00e1ll\u00edt\u00e1sa, a ment\u00e9sben r\u00e9sztvev\u0151k \u00e9lelemmel \u00e9s folyad\u00e9kkal t\u00f6rt\u00e9n\u0151 ell\u00e1t\u00e1sa) hozz\u00e1vet\u0151legesen 11 milli\u00f3 Ft ker\u00fclt kifizet\u00e9sre. El\u0151zetes kalkul\u00e1ci\u00f3nk szerint a tov\u00e1bbi sz\u00e1ll\u00edt\u00e1sokra, n\u00f6v\u00e9nyzet-p\u00f3tl\u00e1sra, z\u00f6ldhullad\u00e9k dar\u00e1l\u00e1sra m\u00e9g alaphangon [&hellip;]<\/p>\n","protected":false},"author":1,"featured_media":0,"comment_status":"closed","ping_status":"closed","sticky":false,"template":"","format":"standard","meta":{"_acf_changed":false,"_et_pb_use_builder":"","_et_pb_old_content":"","_et_gb_content_width":"","footnotes":""},"categories":[1],"tags":[],"class_list":["post-5018","post","type-post","status-publish","format-standard","hentry","category-uncategorized"],"acf":[],"yoast_head":"<!-- This site is optimized with the Yoast SEO plugin v23.8 - https:\/\/yoast.com\/wordpress\/plugins\/seo\/ -->\n<title>2017.07.28-i Facebook bejegyz\u00e9s - dr. Lengyel R\u00f3bert<\/title>\n<meta name=\"robots\" content=\"index, follow, max-snippet:-1, max-image-preview:large, max-video-preview:-1\" \/>\n<link rel=\"canonical\" href=\"https:\/\/www.lengyelrobert.hu\/index.php\/2017\/07\/28\/2017-07-28-i-facebook-bejegyzes\/\" \/>\n<meta property=\"og:locale\" content=\"hu_HU\" \/>\n<meta property=\"og:type\" content=\"article\" \/>\n<meta property=\"og:title\" content=\"2017.07.28-i Facebook bejegyz\u00e9s - dr. Lengyel R\u00f3bert\" \/>\n<meta property=\"og:description\" content=\"Tisztelt Olvas\u00f3im! A n\u00e9h\u00e1ny h\u00e9ttel ezel\u0151tti vihark\u00e1rok tekintet\u00e9ben csin\u00e1ltunk egy el\u0151zetes sz\u00e1mvet\u00e9st. A v\u00e1ros kassz\u00e1j\u00e1b\u00f3l eddig a mentes\u00edt\u00e9sre, (els\u0151sorban k\u00f6zter\u00fcleti f\u00e1ink gallyaz\u00e1sa, apr\u00edt\u00e1sa, a hullad\u00e9k eltakar\u00edt\u00e1sa, elsz\u00e1ll\u00edttat\u00e1sa, a z\u00f6ldfel\u00fcletek helyre\u00e1ll\u00edt\u00e1sa, a ment\u00e9sben r\u00e9sztvev\u0151k \u00e9lelemmel \u00e9s folyad\u00e9kkal t\u00f6rt\u00e9n\u0151 ell\u00e1t\u00e1sa) hozz\u00e1vet\u0151legesen 11 milli\u00f3 Ft ker\u00fclt kifizet\u00e9sre. El\u0151zetes kalkul\u00e1ci\u00f3nk szerint a tov\u00e1bbi sz\u00e1ll\u00edt\u00e1sokra, n\u00f6v\u00e9nyzet-p\u00f3tl\u00e1sra, z\u00f6ldhullad\u00e9k dar\u00e1l\u00e1sra m\u00e9g alaphangon [&hellip;]\" \/>\n<meta property=\"og:url\" content=\"https:\/\/www.lengyelrobert.hu\/index.php\/2017\/07\/28\/2017-07-28-i-facebook-bejegyzes\/\" \/>\n<meta property=\"og:site_name\" content=\"dr. Lengyel R\u00f3bert\" \/>\n<meta property=\"article:published_time\" content=\"2017-07-28T06:48:51+00:00\" \/>\n<meta name=\"author\" content=\"webmaster\" \/>\n<meta name=\"twitter:card\" content=\"summary_large_image\" \/>\n<meta name=\"twitter:label1\" content=\"Szerz\u0151:\" \/>\n\t<meta name=\"twitter:data1\" content=\"webmaster\" \/>\n\t<meta name=\"twitter:label2\" content=\"Becs\u00fclt olvas\u00e1si id\u0151\" \/>\n\t<meta name=\"twitter:data2\" content=\"3 perc\" \/>\n<script type=\"application\/ld+json\" class=\"yoast-schema-graph\">{\"@context\":\"https:\/\/schema.org\",\"@graph\":[{\"@type\":\"WebPage\",\"@id\":\"https:\/\/www.lengyelrobert.hu\/index.php\/2017\/07\/28\/2017-07-28-i-facebook-bejegyzes\/\",\"url\":\"https:\/\/www.lengyelrobert.hu\/index.php\/2017\/07\/28\/2017-07-28-i-facebook-bejegyzes\/\",\"name\":\"2017.07.28-i Facebook bejegyz\u00e9s - dr. Lengyel R\u00f3bert\",\"isPartOf\":{\"@id\":\"https:\/\/www.lengyelrobert.hu\/#website\"},\"datePublished\":\"2017-07-28T06:48:51+00:00\",\"dateModified\":\"2017-07-28T06:48:51+00:00\",\"author\":{\"@id\":\"https:\/\/www.lengyelrobert.hu\/#\/schema\/person\/2926fe5141a59e6530d8a411eb7bfb2d\"},\"breadcrumb\":{\"@id\":\"https:\/\/www.lengyelrobert.hu\/index.php\/2017\/07\/28\/2017-07-28-i-facebook-bejegyzes\/#breadcrumb\"},\"inLanguage\":\"hu\",\"potentialAction\":[{\"@type\":\"ReadAction\",\"target\":[\"https:\/\/www.lengyelrobert.hu\/index.php\/2017\/07\/28\/2017-07-28-i-facebook-bejegyzes\/\"]}]},{\"@type\":\"BreadcrumbList\",\"@id\":\"https:\/\/www.lengyelrobert.hu\/index.php\/2017\/07\/28\/2017-07-28-i-facebook-bejegyzes\/#breadcrumb\",\"itemListElement\":[{\"@type\":\"ListItem\",\"position\":1,\"name\":\"Home\",\"item\":\"https:\/\/www.lengyelrobert.hu\/\"},{\"@type\":\"ListItem\",\"position\":2,\"name\":\"2017.07.28-i Facebook bejegyz\u00e9s\"}]},{\"@type\":\"WebSite\",\"@id\":\"https:\/\/www.lengyelrobert.hu\/#website\",\"url\":\"https:\/\/www.lengyelrobert.hu\/\",\"name\":\"dr. Lengyel R\u00f3bert\",\"description\":\"A Becs\u00fclettel Si\u00f3fok\u00e9rt Egyes\u00fclet honlapja\",\"potentialAction\":[{\"@type\":\"SearchAction\",\"target\":{\"@type\":\"EntryPoint\",\"urlTemplate\":\"https:\/\/www.lengyelrobert.hu\/?s={search_term_string}\"},\"query-input\":{\"@type\":\"PropertyValueSpecification\",\"valueRequired\":true,\"valueName\":\"search_term_string\"}}],\"inLanguage\":\"hu\"},{\"@type\":\"Person\",\"@id\":\"https:\/\/www.lengyelrobert.hu\/#\/schema\/person\/2926fe5141a59e6530d8a411eb7bfb2d\",\"name\":\"webmaster\",\"image\":{\"@type\":\"ImageObject\",\"inLanguage\":\"hu\",\"@id\":\"https:\/\/www.lengyelrobert.hu\/#\/schema\/person\/image\/\",\"url\":\"https:\/\/secure.gravatar.com\/avatar\/d53f7fc01f188bb097ecc2caf950c777c2cdc1ec48a2d1726a8399a2188940b0?s=96&d=mm&r=g\",\"contentUrl\":\"https:\/\/secure.gravatar.com\/avatar\/d53f7fc01f188bb097ecc2caf950c777c2cdc1ec48a2d1726a8399a2188940b0?s=96&d=mm&r=g\",\"caption\":\"webmaster\"},\"sameAs\":[\"https:\/\/www.lengyelrobert.hu\"],\"url\":\"https:\/\/www.lengyelrobert.hu\/index.php\/author\/webmaster\/\"}]}<\/script>\n<!-- \/ Yoast SEO plugin. -->","yoast_head_json":{"title":"2017.07.28-i Facebook bejegyz\u00e9s - dr. Lengyel R\u00f3bert","robots":{"index":"index","follow":"follow","max-snippet":"max-snippet:-1","max-image-preview":"max-image-preview:large","max-video-preview":"max-video-preview:-1"},"canonical":"https:\/\/www.lengyelrobert.hu\/index.php\/2017\/07\/28\/2017-07-28-i-facebook-bejegyzes\/","og_locale":"hu_HU","og_type":"article","og_title":"2017.07.28-i Facebook bejegyz\u00e9s - dr. Lengyel R\u00f3bert","og_description":"Tisztelt Olvas\u00f3im! A n\u00e9h\u00e1ny h\u00e9ttel ezel\u0151tti vihark\u00e1rok tekintet\u00e9ben csin\u00e1ltunk egy el\u0151zetes sz\u00e1mvet\u00e9st. A v\u00e1ros kassz\u00e1j\u00e1b\u00f3l eddig a mentes\u00edt\u00e9sre, (els\u0151sorban k\u00f6zter\u00fcleti f\u00e1ink gallyaz\u00e1sa, apr\u00edt\u00e1sa, a hullad\u00e9k eltakar\u00edt\u00e1sa, elsz\u00e1ll\u00edttat\u00e1sa, a z\u00f6ldfel\u00fcletek helyre\u00e1ll\u00edt\u00e1sa, a ment\u00e9sben r\u00e9sztvev\u0151k \u00e9lelemmel \u00e9s folyad\u00e9kkal t\u00f6rt\u00e9n\u0151 ell\u00e1t\u00e1sa) hozz\u00e1vet\u0151legesen 11 milli\u00f3 Ft ker\u00fclt kifizet\u00e9sre. El\u0151zetes kalkul\u00e1ci\u00f3nk szerint a tov\u00e1bbi sz\u00e1ll\u00edt\u00e1sokra, n\u00f6v\u00e9nyzet-p\u00f3tl\u00e1sra, z\u00f6ldhullad\u00e9k dar\u00e1l\u00e1sra m\u00e9g alaphangon [&hellip;]","og_url":"https:\/\/www.lengyelrobert.hu\/index.php\/2017\/07\/28\/2017-07-28-i-facebook-bejegyzes\/","og_site_name":"dr. Lengyel R\u00f3bert","article_published_time":"2017-07-28T06:48:51+00:00","author":"webmaster","twitter_card":"summary_large_image","twitter_misc":{"Szerz\u0151:":"webmaster","Becs\u00fclt olvas\u00e1si id\u0151":"3 perc"},"schema":{"@context":"https:\/\/schema.org","@graph":[{"@type":"WebPage","@id":"https:\/\/www.lengyelrobert.hu\/index.php\/2017\/07\/28\/2017-07-28-i-facebook-bejegyzes\/","url":"https:\/\/www.lengyelrobert.hu\/index.php\/2017\/07\/28\/2017-07-28-i-facebook-bejegyzes\/","name":"2017.07.28-i Facebook bejegyz\u00e9s - dr. Lengyel R\u00f3bert","isPartOf":{"@id":"https:\/\/www.lengyelrobert.hu\/#website"},"datePublished":"2017-07-28T06:48:51+00:00","dateModified":"2017-07-28T06:48:51+00:00","author":{"@id":"https:\/\/www.lengyelrobert.hu\/#\/schema\/person\/2926fe5141a59e6530d8a411eb7bfb2d"},"breadcrumb":{"@id":"https:\/\/www.lengyelrobert.hu\/index.php\/2017\/07\/28\/2017-07-28-i-facebook-bejegyzes\/#breadcrumb"},"inLanguage":"hu","potentialAction":[{"@type":"ReadAction","target":["https:\/\/www.lengyelrobert.hu\/index.php\/2017\/07\/28\/2017-07-28-i-facebook-bejegyzes\/"]}]},{"@type":"BreadcrumbList","@id":"https:\/\/www.lengyelrobert.hu\/index.php\/2017\/07\/28\/2017-07-28-i-facebook-bejegyzes\/#breadcrumb","itemListElement":[{"@type":"ListItem","position":1,"name":"Home","item":"https:\/\/www.lengyelrobert.hu\/"},{"@type":"ListItem","position":2,"name":"2017.07.28-i Facebook bejegyz\u00e9s"}]},{"@type":"WebSite","@id":"https:\/\/www.lengyelrobert.hu\/#website","url":"https:\/\/www.lengyelrobert.hu\/","name":"dr. Lengyel R\u00f3bert","description":"A Becs\u00fclettel Si\u00f3fok\u00e9rt Egyes\u00fclet honlapja","potentialAction":[{"@type":"SearchAction","target":{"@type":"EntryPoint","urlTemplate":"https:\/\/www.lengyelrobert.hu\/?s={search_term_string}"},"query-input":{"@type":"PropertyValueSpecification","valueRequired":true,"valueName":"search_term_string"}}],"inLanguage":"hu"},{"@type":"Person","@id":"https:\/\/www.lengyelrobert.hu\/#\/schema\/person\/2926fe5141a59e6530d8a411eb7bfb2d","name":"webmaster","image":{"@type":"ImageObject","inLanguage":"hu","@id":"https:\/\/www.lengyelrobert.hu\/#\/schema\/person\/image\/","url":"https:\/\/secure.gravatar.com\/avatar\/d53f7fc01f188bb097ecc2caf950c777c2cdc1ec48a2d1726a8399a2188940b0?s=96&d=mm&r=g","contentUrl":"https:\/\/secure.gravatar.com\/avatar\/d53f7fc01f188bb097ecc2caf950c777c2cdc1ec48a2d1726a8399a2188940b0?s=96&d=mm&r=g","caption":"webmaster"},"sameAs":["https:\/\/www.lengyelrobert.hu"],"url":"https:\/\/www.lengyelrobert.hu\/index.php\/author\/webmaster\/"}]}},"_links":{"self":[{"href":"https:\/\/www.lengyelrobert.hu\/index.php\/wp-json\/wp\/v2\/posts\/5018","targetHints":{"allow":["GET"]}}],"collection":[{"href":"https:\/\/www.lengyelrobert.hu\/index.php\/wp-json\/wp\/v2\/posts"}],"about":[{"href":"https:\/\/www.lengyelrobert.hu\/index.php\/wp-json\/wp\/v2\/types\/post"}],"author":[{"embeddable":true,"href":"https:\/\/www.lengyelrobert.hu\/index.php\/wp-json\/wp\/v2\/users\/1"}],"replies":[{"embeddable":true,"href":"https:\/\/www.lengyelrobert.hu\/index.php\/wp-json\/wp\/v2\/comments?post=5018"}],"version-history":[{"count":0,"href":"https:\/\/www.lengyelrobert.hu\/index.php\/wp-json\/wp\/v2\/posts\/5018\/revisions"}],"wp:attachment":[{"href":"https:\/\/www.lengyelrobert.hu\/index.php\/wp-json\/wp\/v2\/media?parent=5018"}],"wp:term":[{"taxonomy":"category","embeddable":true,"href":"https:\/\/www.lengyelrobert.hu\/index.php\/wp-json\/wp\/v2\/categories?post=5018"},{"taxonomy":"post_tag","embeddable":true,"href":"https:\/\/www.lengyelrobert.hu\/index.php\/wp-json\/wp\/v2\/tags?post=5018"}],"curies":[{"name":"wp","href":"https:\/\/api.w.org\/{rel}","templated":true}]}}