{"id":4962,"date":"2017-10-01T14:45:43","date_gmt":"2017-10-01T12:45:43","guid":{"rendered":"https:\/\/www.lengyelrobert.hu\/uncategorized\/2017-10-01-i-facebook-bejegyzes\/"},"modified":"2017-10-01T14:45:43","modified_gmt":"2017-10-01T12:45:43","slug":"2017-10-01-i-facebook-bejegyzes","status":"publish","type":"post","link":"https:\/\/www.lengyelrobert.hu\/index.php\/2017\/10\/01\/2017-10-01-i-facebook-bejegyzes\/","title":{"rendered":"2017.10.01-i Facebook bejegyz\u00e9s"},"content":{"rendered":"<p>Id\u0151sek napi besz\u00e9dem.<br \/>\n        &#8220;Tisztelt Hallgat\u00f3s\u00e1gom, Kedves H\u00f6lgyeim \u00e9s Uraim!<br \/>\n        Okt\u00f3ber 1. az Id\u0151sek Vil\u00e1gnapja. Ez a sz\u00e1raz t\u00e9ny, ami \u00f6nmag\u00e1ban annyit jelent, hogy van egyetlen napja az \u00e9vnek, amikor a sajt\u00f3 meg a politikusok figyelme is biztosan odafordul az id\u0151sebb koroszt\u00e1lyokra. Ilyenkor szok\u00e1s dics\u00e9rni, \u00edg\u00e9rni, k\u00f6zhelyeket puffogtatni. A probl\u00e9ma csak az, hogy az \u00e9vnek 365 napja van. Az, aki ak\u00e1r politikusk\u00e9nt, ak\u00e1r hozz\u00e1tartoz\u00f3k\u00e9nt, ak\u00e1r bar\u00e1tk\u00e9nt \u00e9ven \u00e1t odafigyel legal\u00e1bb a k\u00f6rnyezet\u00e9ben l\u00e9v\u0151 id\u0151sekre, aki \u00e9ven \u00e1t tisztelettel fordul fel\u00e9j\u00fck, aki \u00e9ven \u00e1t \u00e9rezteti vel\u00fck, hogy fontosak \u00e9s j\u00f3, hogy vannak nek\u00fcnk, azok a mai napon okkal \u00e9s joggal \u00fcnnepelhetnek egy\u00fctt vel\u00fck. Egy\u00fctt a sz\u00fcl\u0151kkel, nagysz\u00fcl\u0151kkel, a szerencs\u00e9sebbek a d\u00e9dsz\u00fcl\u0151kkel, a nyugd\u00edjas koll\u00e9g\u00e1ikkal, szomsz\u00e9dokkal, m\u00e1s ismer\u0151s\u00f6kkel. Az \u00f6sszes t\u00f6bbi csak \u00fcres fr\u00e1zisokat szajk\u00f3z, ha egy\u00e1ltal\u00e1n esz\u00e9be jut, mi is kapcsol\u00f3dik okt\u00f3ber 1-hez.<br \/>\n        Pedig volt id\u0151, \u00e9s nem is oly r\u00e9g, amikor nem kegy, hanem evidencia volt az id\u0151sekre figyelni, r\u00e1juk hallgatni.  Volt id\u0151, amikor m\u00e9g az embereknek a t\u00f6bbs\u00e9ge megtanult igazi csal\u00e1dban \u00e9lni, egy\u00fctt enni-inni, gy\u00e1szolni-mulatni, s\u00edrni \u00e9s nevetni, egym\u00e1st seg\u00edteni munk\u00e1ban \u00e9s lelkiekben egyar\u00e1nt. Tisztelettel, t\u00fcrelemmel \u00e9s odafigyel\u00e9ssel fordulni a nagypap\u00e1k, nagymam\u00e1k, id\u0151s koll\u00e9g\u00e1k, szomsz\u00e9dok fel\u00e9. Volt egy csir\u00edz, amely a kis k\u00f6z\u00f6ss\u00e9geket, a t\u00f6bb gener\u00e1ci\u00f3s csal\u00e1dokat, de ak\u00e1r az egym\u00e1st\u00f3l t\u00e1volabb \u00e9l\u0151 csal\u00e1dtagokat, meg a lak\u00f3k\u00f6z\u00f6ss\u00e9geket, munkahelyi kollekt\u00edv\u00e1kat is egys\u00e9gbe kov\u00e1csolta. Egy csir\u00edz, amelynek v\u00edz\u00e9t a tisztelet, lisztj\u00e9t a szeretet adta, s\u0151t, a szerencs\u00e9s csal\u00e1doknak \u00e9s m\u00e1s k\u00f6z\u00f6ss\u00e9geknek a mai napig is adja. Az a szeretet \u00e9s tisztelet, amelyre manaps\u00e1g egy\u00e9bk\u00e9nt m\u00e1r sokaknak nincs idej\u00fck, megkock\u00e1ztatom igazi ig\u00e9ny\u00fck sem. Az a szeretet \u00e9s tisztelet, amely \u00f6nzetlen\u00fcl, mondjuk \u00fagy &#8220;zsigerb\u0151l&#8221; j\u00f6n \u00e9s emberebb\u00e9 teszi az embert. Az a szeretet \u00e9s tisztelet, ami egy\u00e9bk\u00e9nt ingyen van, vagy alig ker\u00fcl valamibe. Szeretet-deficit van az orsz\u00e1gban minden\u00fctt. Hogy ezen a helyzeten itt Si\u00f3fokon kicsit jav\u00edtsak, engedj\u00e9k meg, hogy egy kis anekd\u00f3t\u00e1t adjak \u00d6n\u00f6knek aj\u00e1nd\u00e9kba az Id\u0151sek Napj\u00e1n. Csak \u00d6n\u00f6knek, t\u0151lem. Egy anekd\u00f3t\u00e1t az igaz szeretetr\u0151l. Egy anekd\u00f3t\u00e1t, ami bizony\u00edtja, hogy a szeretet nem p\u00e9nz k\u00e9rd\u00e9se, v\u00e9gk\u00e9pp nem sok p\u00e9nz k\u00e9rd\u00e9se. Legyen ez \u00fczenet \u00e9s vez\u00e9rfonal a j\u00f6v\u0151re n\u00e9zve mindazoknak, akik nem \u00e9rnek r\u00e1, nem tanultak meg, vagy \u00e9pp elfelejtettek szeretni&#8230;&#8221;<\/p>\n<p>        \u00c9s az anekd\u00f3ta: A neve: szeretet.<br \/>\n        http:\/\/www.tanmesek.eoldal.hu\/cikkek\/a-neve-szeretet.html<\/p>\n<p><a href=\"http:\/\/www.tanmesek.eoldal.hu\/cikkek\/a-neve-szeretet.html\">http:\/\/www.tanmesek.eoldal.hu\/cikkek\/a-neve-szeretet.html<\/a><\/p>\n","protected":false},"excerpt":{"rendered":"<p>Id\u0151sek napi besz\u00e9dem. &#8220;Tisztelt Hallgat\u00f3s\u00e1gom, Kedves H\u00f6lgyeim \u00e9s Uraim! Okt\u00f3ber 1. az Id\u0151sek Vil\u00e1gnapja. Ez a sz\u00e1raz t\u00e9ny, ami \u00f6nmag\u00e1ban annyit jelent, hogy van egyetlen napja az \u00e9vnek, amikor a sajt\u00f3 meg a politikusok figyelme is biztosan odafordul az id\u0151sebb koroszt\u00e1lyokra. Ilyenkor szok\u00e1s dics\u00e9rni, \u00edg\u00e9rni, k\u00f6zhelyeket puffogtatni. A probl\u00e9ma csak az, hogy az \u00e9vnek 365 [&hellip;]<\/p>\n","protected":false},"author":1,"featured_media":0,"comment_status":"closed","ping_status":"closed","sticky":false,"template":"","format":"standard","meta":{"_acf_changed":false,"_et_pb_use_builder":"","_et_pb_old_content":"","_et_gb_content_width":"","footnotes":""},"categories":[1],"tags":[],"class_list":["post-4962","post","type-post","status-publish","format-standard","hentry","category-uncategorized"],"acf":[],"yoast_head":"<!-- This site is optimized with the Yoast SEO plugin v23.8 - https:\/\/yoast.com\/wordpress\/plugins\/seo\/ -->\n<title>2017.10.01-i Facebook bejegyz\u00e9s - dr. Lengyel R\u00f3bert<\/title>\n<meta name=\"robots\" content=\"index, follow, max-snippet:-1, max-image-preview:large, max-video-preview:-1\" \/>\n<link rel=\"canonical\" href=\"https:\/\/www.lengyelrobert.hu\/index.php\/2017\/10\/01\/2017-10-01-i-facebook-bejegyzes\/\" \/>\n<meta property=\"og:locale\" content=\"hu_HU\" \/>\n<meta property=\"og:type\" content=\"article\" \/>\n<meta property=\"og:title\" content=\"2017.10.01-i Facebook bejegyz\u00e9s - dr. Lengyel R\u00f3bert\" \/>\n<meta property=\"og:description\" content=\"Id\u0151sek napi besz\u00e9dem. &#8220;Tisztelt Hallgat\u00f3s\u00e1gom, Kedves H\u00f6lgyeim \u00e9s Uraim! Okt\u00f3ber 1. az Id\u0151sek Vil\u00e1gnapja. Ez a sz\u00e1raz t\u00e9ny, ami \u00f6nmag\u00e1ban annyit jelent, hogy van egyetlen napja az \u00e9vnek, amikor a sajt\u00f3 meg a politikusok figyelme is biztosan odafordul az id\u0151sebb koroszt\u00e1lyokra. Ilyenkor szok\u00e1s dics\u00e9rni, \u00edg\u00e9rni, k\u00f6zhelyeket puffogtatni. A probl\u00e9ma csak az, hogy az \u00e9vnek 365 [&hellip;]\" \/>\n<meta property=\"og:url\" content=\"https:\/\/www.lengyelrobert.hu\/index.php\/2017\/10\/01\/2017-10-01-i-facebook-bejegyzes\/\" \/>\n<meta property=\"og:site_name\" content=\"dr. Lengyel R\u00f3bert\" \/>\n<meta property=\"article:published_time\" content=\"2017-10-01T12:45:43+00:00\" \/>\n<meta name=\"author\" content=\"webmaster\" \/>\n<meta name=\"twitter:card\" content=\"summary_large_image\" \/>\n<meta name=\"twitter:label1\" content=\"Szerz\u0151:\" \/>\n\t<meta name=\"twitter:data1\" content=\"webmaster\" \/>\n\t<meta name=\"twitter:label2\" content=\"Becs\u00fclt olvas\u00e1si id\u0151\" \/>\n\t<meta name=\"twitter:data2\" content=\"3 perc\" \/>\n<script type=\"application\/ld+json\" class=\"yoast-schema-graph\">{\"@context\":\"https:\/\/schema.org\",\"@graph\":[{\"@type\":\"WebPage\",\"@id\":\"https:\/\/www.lengyelrobert.hu\/index.php\/2017\/10\/01\/2017-10-01-i-facebook-bejegyzes\/\",\"url\":\"https:\/\/www.lengyelrobert.hu\/index.php\/2017\/10\/01\/2017-10-01-i-facebook-bejegyzes\/\",\"name\":\"2017.10.01-i Facebook bejegyz\u00e9s - dr. Lengyel R\u00f3bert\",\"isPartOf\":{\"@id\":\"https:\/\/www.lengyelrobert.hu\/#website\"},\"datePublished\":\"2017-10-01T12:45:43+00:00\",\"dateModified\":\"2017-10-01T12:45:43+00:00\",\"author\":{\"@id\":\"https:\/\/www.lengyelrobert.hu\/#\/schema\/person\/2926fe5141a59e6530d8a411eb7bfb2d\"},\"breadcrumb\":{\"@id\":\"https:\/\/www.lengyelrobert.hu\/index.php\/2017\/10\/01\/2017-10-01-i-facebook-bejegyzes\/#breadcrumb\"},\"inLanguage\":\"hu\",\"potentialAction\":[{\"@type\":\"ReadAction\",\"target\":[\"https:\/\/www.lengyelrobert.hu\/index.php\/2017\/10\/01\/2017-10-01-i-facebook-bejegyzes\/\"]}]},{\"@type\":\"BreadcrumbList\",\"@id\":\"https:\/\/www.lengyelrobert.hu\/index.php\/2017\/10\/01\/2017-10-01-i-facebook-bejegyzes\/#breadcrumb\",\"itemListElement\":[{\"@type\":\"ListItem\",\"position\":1,\"name\":\"Home\",\"item\":\"https:\/\/www.lengyelrobert.hu\/\"},{\"@type\":\"ListItem\",\"position\":2,\"name\":\"2017.10.01-i Facebook bejegyz\u00e9s\"}]},{\"@type\":\"WebSite\",\"@id\":\"https:\/\/www.lengyelrobert.hu\/#website\",\"url\":\"https:\/\/www.lengyelrobert.hu\/\",\"name\":\"dr. Lengyel R\u00f3bert\",\"description\":\"A Becs\u00fclettel Si\u00f3fok\u00e9rt Egyes\u00fclet honlapja\",\"potentialAction\":[{\"@type\":\"SearchAction\",\"target\":{\"@type\":\"EntryPoint\",\"urlTemplate\":\"https:\/\/www.lengyelrobert.hu\/?s={search_term_string}\"},\"query-input\":{\"@type\":\"PropertyValueSpecification\",\"valueRequired\":true,\"valueName\":\"search_term_string\"}}],\"inLanguage\":\"hu\"},{\"@type\":\"Person\",\"@id\":\"https:\/\/www.lengyelrobert.hu\/#\/schema\/person\/2926fe5141a59e6530d8a411eb7bfb2d\",\"name\":\"webmaster\",\"image\":{\"@type\":\"ImageObject\",\"inLanguage\":\"hu\",\"@id\":\"https:\/\/www.lengyelrobert.hu\/#\/schema\/person\/image\/\",\"url\":\"https:\/\/secure.gravatar.com\/avatar\/d53f7fc01f188bb097ecc2caf950c777c2cdc1ec48a2d1726a8399a2188940b0?s=96&d=mm&r=g\",\"contentUrl\":\"https:\/\/secure.gravatar.com\/avatar\/d53f7fc01f188bb097ecc2caf950c777c2cdc1ec48a2d1726a8399a2188940b0?s=96&d=mm&r=g\",\"caption\":\"webmaster\"},\"sameAs\":[\"https:\/\/www.lengyelrobert.hu\"],\"url\":\"https:\/\/www.lengyelrobert.hu\/index.php\/author\/webmaster\/\"}]}<\/script>\n<!-- \/ Yoast SEO plugin. -->","yoast_head_json":{"title":"2017.10.01-i Facebook bejegyz\u00e9s - dr. Lengyel R\u00f3bert","robots":{"index":"index","follow":"follow","max-snippet":"max-snippet:-1","max-image-preview":"max-image-preview:large","max-video-preview":"max-video-preview:-1"},"canonical":"https:\/\/www.lengyelrobert.hu\/index.php\/2017\/10\/01\/2017-10-01-i-facebook-bejegyzes\/","og_locale":"hu_HU","og_type":"article","og_title":"2017.10.01-i Facebook bejegyz\u00e9s - dr. Lengyel R\u00f3bert","og_description":"Id\u0151sek napi besz\u00e9dem. &#8220;Tisztelt Hallgat\u00f3s\u00e1gom, Kedves H\u00f6lgyeim \u00e9s Uraim! Okt\u00f3ber 1. az Id\u0151sek Vil\u00e1gnapja. Ez a sz\u00e1raz t\u00e9ny, ami \u00f6nmag\u00e1ban annyit jelent, hogy van egyetlen napja az \u00e9vnek, amikor a sajt\u00f3 meg a politikusok figyelme is biztosan odafordul az id\u0151sebb koroszt\u00e1lyokra. Ilyenkor szok\u00e1s dics\u00e9rni, \u00edg\u00e9rni, k\u00f6zhelyeket puffogtatni. A probl\u00e9ma csak az, hogy az \u00e9vnek 365 [&hellip;]","og_url":"https:\/\/www.lengyelrobert.hu\/index.php\/2017\/10\/01\/2017-10-01-i-facebook-bejegyzes\/","og_site_name":"dr. Lengyel R\u00f3bert","article_published_time":"2017-10-01T12:45:43+00:00","author":"webmaster","twitter_card":"summary_large_image","twitter_misc":{"Szerz\u0151:":"webmaster","Becs\u00fclt olvas\u00e1si id\u0151":"3 perc"},"schema":{"@context":"https:\/\/schema.org","@graph":[{"@type":"WebPage","@id":"https:\/\/www.lengyelrobert.hu\/index.php\/2017\/10\/01\/2017-10-01-i-facebook-bejegyzes\/","url":"https:\/\/www.lengyelrobert.hu\/index.php\/2017\/10\/01\/2017-10-01-i-facebook-bejegyzes\/","name":"2017.10.01-i Facebook bejegyz\u00e9s - dr. Lengyel R\u00f3bert","isPartOf":{"@id":"https:\/\/www.lengyelrobert.hu\/#website"},"datePublished":"2017-10-01T12:45:43+00:00","dateModified":"2017-10-01T12:45:43+00:00","author":{"@id":"https:\/\/www.lengyelrobert.hu\/#\/schema\/person\/2926fe5141a59e6530d8a411eb7bfb2d"},"breadcrumb":{"@id":"https:\/\/www.lengyelrobert.hu\/index.php\/2017\/10\/01\/2017-10-01-i-facebook-bejegyzes\/#breadcrumb"},"inLanguage":"hu","potentialAction":[{"@type":"ReadAction","target":["https:\/\/www.lengyelrobert.hu\/index.php\/2017\/10\/01\/2017-10-01-i-facebook-bejegyzes\/"]}]},{"@type":"BreadcrumbList","@id":"https:\/\/www.lengyelrobert.hu\/index.php\/2017\/10\/01\/2017-10-01-i-facebook-bejegyzes\/#breadcrumb","itemListElement":[{"@type":"ListItem","position":1,"name":"Home","item":"https:\/\/www.lengyelrobert.hu\/"},{"@type":"ListItem","position":2,"name":"2017.10.01-i Facebook bejegyz\u00e9s"}]},{"@type":"WebSite","@id":"https:\/\/www.lengyelrobert.hu\/#website","url":"https:\/\/www.lengyelrobert.hu\/","name":"dr. Lengyel R\u00f3bert","description":"A Becs\u00fclettel Si\u00f3fok\u00e9rt Egyes\u00fclet honlapja","potentialAction":[{"@type":"SearchAction","target":{"@type":"EntryPoint","urlTemplate":"https:\/\/www.lengyelrobert.hu\/?s={search_term_string}"},"query-input":{"@type":"PropertyValueSpecification","valueRequired":true,"valueName":"search_term_string"}}],"inLanguage":"hu"},{"@type":"Person","@id":"https:\/\/www.lengyelrobert.hu\/#\/schema\/person\/2926fe5141a59e6530d8a411eb7bfb2d","name":"webmaster","image":{"@type":"ImageObject","inLanguage":"hu","@id":"https:\/\/www.lengyelrobert.hu\/#\/schema\/person\/image\/","url":"https:\/\/secure.gravatar.com\/avatar\/d53f7fc01f188bb097ecc2caf950c777c2cdc1ec48a2d1726a8399a2188940b0?s=96&d=mm&r=g","contentUrl":"https:\/\/secure.gravatar.com\/avatar\/d53f7fc01f188bb097ecc2caf950c777c2cdc1ec48a2d1726a8399a2188940b0?s=96&d=mm&r=g","caption":"webmaster"},"sameAs":["https:\/\/www.lengyelrobert.hu"],"url":"https:\/\/www.lengyelrobert.hu\/index.php\/author\/webmaster\/"}]}},"_links":{"self":[{"href":"https:\/\/www.lengyelrobert.hu\/index.php\/wp-json\/wp\/v2\/posts\/4962","targetHints":{"allow":["GET"]}}],"collection":[{"href":"https:\/\/www.lengyelrobert.hu\/index.php\/wp-json\/wp\/v2\/posts"}],"about":[{"href":"https:\/\/www.lengyelrobert.hu\/index.php\/wp-json\/wp\/v2\/types\/post"}],"author":[{"embeddable":true,"href":"https:\/\/www.lengyelrobert.hu\/index.php\/wp-json\/wp\/v2\/users\/1"}],"replies":[{"embeddable":true,"href":"https:\/\/www.lengyelrobert.hu\/index.php\/wp-json\/wp\/v2\/comments?post=4962"}],"version-history":[{"count":0,"href":"https:\/\/www.lengyelrobert.hu\/index.php\/wp-json\/wp\/v2\/posts\/4962\/revisions"}],"wp:attachment":[{"href":"https:\/\/www.lengyelrobert.hu\/index.php\/wp-json\/wp\/v2\/media?parent=4962"}],"wp:term":[{"taxonomy":"category","embeddable":true,"href":"https:\/\/www.lengyelrobert.hu\/index.php\/wp-json\/wp\/v2\/categories?post=4962"},{"taxonomy":"post_tag","embeddable":true,"href":"https:\/\/www.lengyelrobert.hu\/index.php\/wp-json\/wp\/v2\/tags?post=4962"}],"curies":[{"name":"wp","href":"https:\/\/api.w.org\/{rel}","templated":true}]}}