{"id":4956,"date":"2017-10-05T11:35:58","date_gmt":"2017-10-05T09:35:58","guid":{"rendered":"https:\/\/www.lengyelrobert.hu\/uncategorized\/2017-10-05-i-facebook-bejegyzes\/"},"modified":"2017-10-05T11:35:58","modified_gmt":"2017-10-05T09:35:58","slug":"2017-10-05-i-facebook-bejegyzes","status":"publish","type":"post","link":"https:\/\/www.lengyelrobert.hu\/index.php\/2017\/10\/05\/2017-10-05-i-facebook-bejegyzes\/","title":{"rendered":"2017.10.05-i Facebook bejegyz\u00e9s"},"content":{"rendered":"<p>Egy nemzet v\u00e9re fr\u00f6ccsent az \u0151si magyar f\u00f6ldre&#8230;<\/p>\n<p>        1849-ben az orsz\u00e1gunkba \u00f6z\u00f6nl\u0151 orosz hadsereg szuronyainak \u00e1rny\u00e9k\u00e1ban, \u00f6sszet\u00f6rt egy nemzet nagy-nagy \u00e1lma. \u00c1lma egy szebb \u00e9s jobb vil\u00e1gr\u00f3l, egy szabad \u00e9s boldog orsz\u00e1gr\u00f3l. \u00c9s, hogy a nemzet al\u00e1z\u00e1sa, megf\u00e9leml\u00edt\u00e9se teljesebb legyen, hogy a bossz\u00fav\u00e1gy \u00e1ltal vez\u00e9relt osztr\u00e1k \u00e9s nemzet\u00e1rul\u00f3 magyar urak t\u00e9bolyult v\u00e9rszomja is csillapodjon, a megtorl\u00e1s sem maradt el. Persze kellett egy \u00e1tkozott ember, egy Haynau nev\u0171 senkih\u00e1zi osztr\u00e1k hi\u00e9na, hogy teljess\u00e9 tegye a k\u00f6z\u00f6s osztr\u00e1k-orosz sikert. 1849. okt\u00f3ber 5-\u00e9n 13 magas rang\u00fa magyar katonatiszt (12 t\u00e1bornok \u00e9s 1 ezredes) m\u00e1r a hal\u00e1lra k\u00e9sz\u00fclt. B\u00facs\u00faleveleiket \u00edrogatt\u00e1k \u00e9s \u00f6sszeszedt\u00e9k utols\u00f3 erej\u00fcket, hogy azt\u00e1n m\u00e1snap m\u00e9lt\u00f3s\u00e1ggal viselj\u00e9k megal\u00e1ztat\u00e1sukat \u00e9s legyilkol\u00e1sukat.  9 k\u00f6t\u00e9l, 4 pedig goly\u00f3 \u00e1ltal halt. Nem ez volt az els\u0151 \u00e9s nem is az utols\u00f3 kiv\u00e9gz\u00e9s-sorozat. M\u00e9g augusztus 20-\u00e1n, Temesv\u00e1ron agyonl\u0151tt\u00e9k Hruby Gyula \u0151rnagyot, de Aradon is voltak tov\u00e1bbi kiv\u00e9gz\u00e9sek. Augusztus 22-\u00e9n Ormai Norbert ezredes, okt\u00f3ber 25-\u00e9n Kazinczy Lajos ezredes, majd 1850. febru\u00e1r 19-\u00e9n Ludwig Hauk alezredes sem ker\u00fclhett\u00e9k el sorsukat. (Lenkey J\u00e1nos t\u00e1bornok az aradi b\u00f6rt\u00f6nben megt\u00e9bolyult, ez\u00e9rt nem v\u00e9gezt\u00e9k ki. K\u00e9s\u0151bb a cell\u00e1j\u00e1ban term\u00e9szetes hal\u00e1llal halt.) Hi\u00e1ba volt a nagy nemzetk\u00f6zi felh\u00e1borod\u00e1s a kegyetlen megtorl\u00e1sok miatt, Haynau tette, amire \u00e1tkozott eml\u00e9k\u0171 cs\u00e1sz\u00e1ra, Ferenc J\u00f3zsef felk\u00e9rte.  Hi\u00e1ba telt el annyi \u00e9v, hi\u00e1ba t\u00f6rt\u00e9nt az\u00f3ta is oly sok minden ezzel a kis haz\u00e1val, ezt az osztr\u00e1k \u00e9s orosz gyal\u00e1zatot nem lehet az ut\u00f3kornak elfeledni. V\u00e9gk\u00e9pp nem lehet azokat elfeledni, akik anno tettek, majd \u00e9let\u00fckkel fizettek a nagy k\u00f6z\u00f6s \u00e1lom\u00e9rt. A 13 aradi szimb\u00f3lum, de hal\u00e1luk \u00e9vfordul\u00f3j\u00e1n val\u00f3j\u00e1ban elesett t\u00edzezreket \u00e9s elvesz\u00edtett \u00e9vtizedeket gy\u00e1szolunk. Csendben, m\u00e9lt\u00f3s\u00e1ggal, majd 15 milli\u00f3 magyar sz\u00edvvel, itthon \u00e9s szerte a vil\u00e1gban. Eml\u00e9kezz\u00fcnk&#8230;<\/p>\n<p><a href=\"\"><\/a><\/p>\n","protected":false},"excerpt":{"rendered":"<p>Egy nemzet v\u00e9re fr\u00f6ccsent az \u0151si magyar f\u00f6ldre&#8230; 1849-ben az orsz\u00e1gunkba \u00f6z\u00f6nl\u0151 orosz hadsereg szuronyainak \u00e1rny\u00e9k\u00e1ban, \u00f6sszet\u00f6rt egy nemzet nagy-nagy \u00e1lma. \u00c1lma egy szebb \u00e9s jobb vil\u00e1gr\u00f3l, egy szabad \u00e9s boldog orsz\u00e1gr\u00f3l. \u00c9s, hogy a nemzet al\u00e1z\u00e1sa, megf\u00e9leml\u00edt\u00e9se teljesebb legyen, hogy a bossz\u00fav\u00e1gy \u00e1ltal vez\u00e9relt osztr\u00e1k \u00e9s nemzet\u00e1rul\u00f3 magyar urak t\u00e9bolyult v\u00e9rszomja is csillapodjon, a [&hellip;]<\/p>\n","protected":false},"author":1,"featured_media":4957,"comment_status":"closed","ping_status":"closed","sticky":false,"template":"","format":"standard","meta":{"_acf_changed":false,"_et_pb_use_builder":"","_et_pb_old_content":"","_et_gb_content_width":"","footnotes":""},"categories":[1],"tags":[],"class_list":["post-4956","post","type-post","status-publish","format-standard","has-post-thumbnail","hentry","category-uncategorized"],"acf":[],"yoast_head":"<!-- This site is optimized with the Yoast SEO plugin v23.8 - https:\/\/yoast.com\/wordpress\/plugins\/seo\/ -->\n<title>2017.10.05-i Facebook bejegyz\u00e9s - dr. Lengyel R\u00f3bert<\/title>\n<meta name=\"robots\" content=\"index, follow, max-snippet:-1, max-image-preview:large, max-video-preview:-1\" \/>\n<link rel=\"canonical\" href=\"https:\/\/www.lengyelrobert.hu\/index.php\/2017\/10\/05\/2017-10-05-i-facebook-bejegyzes\/\" \/>\n<meta property=\"og:locale\" content=\"hu_HU\" \/>\n<meta property=\"og:type\" content=\"article\" \/>\n<meta property=\"og:title\" content=\"2017.10.05-i Facebook bejegyz\u00e9s - dr. Lengyel R\u00f3bert\" \/>\n<meta property=\"og:description\" content=\"Egy nemzet v\u00e9re fr\u00f6ccsent az \u0151si magyar f\u00f6ldre&#8230; 1849-ben az orsz\u00e1gunkba \u00f6z\u00f6nl\u0151 orosz hadsereg szuronyainak \u00e1rny\u00e9k\u00e1ban, \u00f6sszet\u00f6rt egy nemzet nagy-nagy \u00e1lma. \u00c1lma egy szebb \u00e9s jobb vil\u00e1gr\u00f3l, egy szabad \u00e9s boldog orsz\u00e1gr\u00f3l. \u00c9s, hogy a nemzet al\u00e1z\u00e1sa, megf\u00e9leml\u00edt\u00e9se teljesebb legyen, hogy a bossz\u00fav\u00e1gy \u00e1ltal vez\u00e9relt osztr\u00e1k \u00e9s nemzet\u00e1rul\u00f3 magyar urak t\u00e9bolyult v\u00e9rszomja is csillapodjon, a [&hellip;]\" \/>\n<meta property=\"og:url\" content=\"https:\/\/www.lengyelrobert.hu\/index.php\/2017\/10\/05\/2017-10-05-i-facebook-bejegyzes\/\" \/>\n<meta property=\"og:site_name\" content=\"dr. Lengyel R\u00f3bert\" \/>\n<meta property=\"article:published_time\" content=\"2017-10-05T09:35:58+00:00\" \/>\n<meta property=\"og:image\" content=\"https:\/\/www.lengyelrobert.hu\/wp-content\/uploads\/2019\/04\/22195400_906440272838618_7384210457036936502_n_906440272838618-1.jpg\" \/>\n\t<meta property=\"og:image:width\" content=\"960\" \/>\n\t<meta property=\"og:image:height\" content=\"690\" \/>\n\t<meta property=\"og:image:type\" content=\"image\/jpeg\" \/>\n<meta name=\"author\" content=\"webmaster\" \/>\n<meta name=\"twitter:card\" content=\"summary_large_image\" \/>\n<meta name=\"twitter:label1\" content=\"Szerz\u0151:\" \/>\n\t<meta name=\"twitter:data1\" content=\"webmaster\" \/>\n\t<meta name=\"twitter:label2\" content=\"Becs\u00fclt olvas\u00e1si id\u0151\" \/>\n\t<meta name=\"twitter:data2\" content=\"2 perc\" \/>\n<script type=\"application\/ld+json\" class=\"yoast-schema-graph\">{\"@context\":\"https:\/\/schema.org\",\"@graph\":[{\"@type\":\"WebPage\",\"@id\":\"https:\/\/www.lengyelrobert.hu\/index.php\/2017\/10\/05\/2017-10-05-i-facebook-bejegyzes\/\",\"url\":\"https:\/\/www.lengyelrobert.hu\/index.php\/2017\/10\/05\/2017-10-05-i-facebook-bejegyzes\/\",\"name\":\"2017.10.05-i Facebook bejegyz\u00e9s - dr. Lengyel R\u00f3bert\",\"isPartOf\":{\"@id\":\"https:\/\/www.lengyelrobert.hu\/#website\"},\"primaryImageOfPage\":{\"@id\":\"https:\/\/www.lengyelrobert.hu\/index.php\/2017\/10\/05\/2017-10-05-i-facebook-bejegyzes\/#primaryimage\"},\"image\":{\"@id\":\"https:\/\/www.lengyelrobert.hu\/index.php\/2017\/10\/05\/2017-10-05-i-facebook-bejegyzes\/#primaryimage\"},\"thumbnailUrl\":\"https:\/\/www.lengyelrobert.hu\/wp-content\/uploads\/2019\/04\/22195400_906440272838618_7384210457036936502_n_906440272838618-1.jpg\",\"datePublished\":\"2017-10-05T09:35:58+00:00\",\"dateModified\":\"2017-10-05T09:35:58+00:00\",\"author\":{\"@id\":\"https:\/\/www.lengyelrobert.hu\/#\/schema\/person\/2926fe5141a59e6530d8a411eb7bfb2d\"},\"breadcrumb\":{\"@id\":\"https:\/\/www.lengyelrobert.hu\/index.php\/2017\/10\/05\/2017-10-05-i-facebook-bejegyzes\/#breadcrumb\"},\"inLanguage\":\"hu\",\"potentialAction\":[{\"@type\":\"ReadAction\",\"target\":[\"https:\/\/www.lengyelrobert.hu\/index.php\/2017\/10\/05\/2017-10-05-i-facebook-bejegyzes\/\"]}]},{\"@type\":\"ImageObject\",\"inLanguage\":\"hu\",\"@id\":\"https:\/\/www.lengyelrobert.hu\/index.php\/2017\/10\/05\/2017-10-05-i-facebook-bejegyzes\/#primaryimage\",\"url\":\"https:\/\/www.lengyelrobert.hu\/wp-content\/uploads\/2019\/04\/22195400_906440272838618_7384210457036936502_n_906440272838618-1.jpg\",\"contentUrl\":\"https:\/\/www.lengyelrobert.hu\/wp-content\/uploads\/2019\/04\/22195400_906440272838618_7384210457036936502_n_906440272838618-1.jpg\",\"width\":960,\"height\":690},{\"@type\":\"BreadcrumbList\",\"@id\":\"https:\/\/www.lengyelrobert.hu\/index.php\/2017\/10\/05\/2017-10-05-i-facebook-bejegyzes\/#breadcrumb\",\"itemListElement\":[{\"@type\":\"ListItem\",\"position\":1,\"name\":\"Home\",\"item\":\"https:\/\/www.lengyelrobert.hu\/\"},{\"@type\":\"ListItem\",\"position\":2,\"name\":\"2017.10.05-i Facebook bejegyz\u00e9s\"}]},{\"@type\":\"WebSite\",\"@id\":\"https:\/\/www.lengyelrobert.hu\/#website\",\"url\":\"https:\/\/www.lengyelrobert.hu\/\",\"name\":\"dr. Lengyel R\u00f3bert\",\"description\":\"A Becs\u00fclettel Si\u00f3fok\u00e9rt Egyes\u00fclet honlapja\",\"potentialAction\":[{\"@type\":\"SearchAction\",\"target\":{\"@type\":\"EntryPoint\",\"urlTemplate\":\"https:\/\/www.lengyelrobert.hu\/?s={search_term_string}\"},\"query-input\":{\"@type\":\"PropertyValueSpecification\",\"valueRequired\":true,\"valueName\":\"search_term_string\"}}],\"inLanguage\":\"hu\"},{\"@type\":\"Person\",\"@id\":\"https:\/\/www.lengyelrobert.hu\/#\/schema\/person\/2926fe5141a59e6530d8a411eb7bfb2d\",\"name\":\"webmaster\",\"image\":{\"@type\":\"ImageObject\",\"inLanguage\":\"hu\",\"@id\":\"https:\/\/www.lengyelrobert.hu\/#\/schema\/person\/image\/\",\"url\":\"https:\/\/secure.gravatar.com\/avatar\/d53f7fc01f188bb097ecc2caf950c777c2cdc1ec48a2d1726a8399a2188940b0?s=96&d=mm&r=g\",\"contentUrl\":\"https:\/\/secure.gravatar.com\/avatar\/d53f7fc01f188bb097ecc2caf950c777c2cdc1ec48a2d1726a8399a2188940b0?s=96&d=mm&r=g\",\"caption\":\"webmaster\"},\"sameAs\":[\"https:\/\/www.lengyelrobert.hu\"],\"url\":\"https:\/\/www.lengyelrobert.hu\/index.php\/author\/webmaster\/\"}]}<\/script>\n<!-- \/ Yoast SEO plugin. -->","yoast_head_json":{"title":"2017.10.05-i Facebook bejegyz\u00e9s - dr. Lengyel R\u00f3bert","robots":{"index":"index","follow":"follow","max-snippet":"max-snippet:-1","max-image-preview":"max-image-preview:large","max-video-preview":"max-video-preview:-1"},"canonical":"https:\/\/www.lengyelrobert.hu\/index.php\/2017\/10\/05\/2017-10-05-i-facebook-bejegyzes\/","og_locale":"hu_HU","og_type":"article","og_title":"2017.10.05-i Facebook bejegyz\u00e9s - dr. Lengyel R\u00f3bert","og_description":"Egy nemzet v\u00e9re fr\u00f6ccsent az \u0151si magyar f\u00f6ldre&#8230; 1849-ben az orsz\u00e1gunkba \u00f6z\u00f6nl\u0151 orosz hadsereg szuronyainak \u00e1rny\u00e9k\u00e1ban, \u00f6sszet\u00f6rt egy nemzet nagy-nagy \u00e1lma. \u00c1lma egy szebb \u00e9s jobb vil\u00e1gr\u00f3l, egy szabad \u00e9s boldog orsz\u00e1gr\u00f3l. \u00c9s, hogy a nemzet al\u00e1z\u00e1sa, megf\u00e9leml\u00edt\u00e9se teljesebb legyen, hogy a bossz\u00fav\u00e1gy \u00e1ltal vez\u00e9relt osztr\u00e1k \u00e9s nemzet\u00e1rul\u00f3 magyar urak t\u00e9bolyult v\u00e9rszomja is csillapodjon, a [&hellip;]","og_url":"https:\/\/www.lengyelrobert.hu\/index.php\/2017\/10\/05\/2017-10-05-i-facebook-bejegyzes\/","og_site_name":"dr. Lengyel R\u00f3bert","article_published_time":"2017-10-05T09:35:58+00:00","og_image":[{"width":960,"height":690,"url":"https:\/\/www.lengyelrobert.hu\/wp-content\/uploads\/2019\/04\/22195400_906440272838618_7384210457036936502_n_906440272838618-1.jpg","type":"image\/jpeg"}],"author":"webmaster","twitter_card":"summary_large_image","twitter_misc":{"Szerz\u0151:":"webmaster","Becs\u00fclt olvas\u00e1si id\u0151":"2 perc"},"schema":{"@context":"https:\/\/schema.org","@graph":[{"@type":"WebPage","@id":"https:\/\/www.lengyelrobert.hu\/index.php\/2017\/10\/05\/2017-10-05-i-facebook-bejegyzes\/","url":"https:\/\/www.lengyelrobert.hu\/index.php\/2017\/10\/05\/2017-10-05-i-facebook-bejegyzes\/","name":"2017.10.05-i Facebook bejegyz\u00e9s - dr. Lengyel R\u00f3bert","isPartOf":{"@id":"https:\/\/www.lengyelrobert.hu\/#website"},"primaryImageOfPage":{"@id":"https:\/\/www.lengyelrobert.hu\/index.php\/2017\/10\/05\/2017-10-05-i-facebook-bejegyzes\/#primaryimage"},"image":{"@id":"https:\/\/www.lengyelrobert.hu\/index.php\/2017\/10\/05\/2017-10-05-i-facebook-bejegyzes\/#primaryimage"},"thumbnailUrl":"https:\/\/www.lengyelrobert.hu\/wp-content\/uploads\/2019\/04\/22195400_906440272838618_7384210457036936502_n_906440272838618-1.jpg","datePublished":"2017-10-05T09:35:58+00:00","dateModified":"2017-10-05T09:35:58+00:00","author":{"@id":"https:\/\/www.lengyelrobert.hu\/#\/schema\/person\/2926fe5141a59e6530d8a411eb7bfb2d"},"breadcrumb":{"@id":"https:\/\/www.lengyelrobert.hu\/index.php\/2017\/10\/05\/2017-10-05-i-facebook-bejegyzes\/#breadcrumb"},"inLanguage":"hu","potentialAction":[{"@type":"ReadAction","target":["https:\/\/www.lengyelrobert.hu\/index.php\/2017\/10\/05\/2017-10-05-i-facebook-bejegyzes\/"]}]},{"@type":"ImageObject","inLanguage":"hu","@id":"https:\/\/www.lengyelrobert.hu\/index.php\/2017\/10\/05\/2017-10-05-i-facebook-bejegyzes\/#primaryimage","url":"https:\/\/www.lengyelrobert.hu\/wp-content\/uploads\/2019\/04\/22195400_906440272838618_7384210457036936502_n_906440272838618-1.jpg","contentUrl":"https:\/\/www.lengyelrobert.hu\/wp-content\/uploads\/2019\/04\/22195400_906440272838618_7384210457036936502_n_906440272838618-1.jpg","width":960,"height":690},{"@type":"BreadcrumbList","@id":"https:\/\/www.lengyelrobert.hu\/index.php\/2017\/10\/05\/2017-10-05-i-facebook-bejegyzes\/#breadcrumb","itemListElement":[{"@type":"ListItem","position":1,"name":"Home","item":"https:\/\/www.lengyelrobert.hu\/"},{"@type":"ListItem","position":2,"name":"2017.10.05-i Facebook bejegyz\u00e9s"}]},{"@type":"WebSite","@id":"https:\/\/www.lengyelrobert.hu\/#website","url":"https:\/\/www.lengyelrobert.hu\/","name":"dr. Lengyel R\u00f3bert","description":"A Becs\u00fclettel Si\u00f3fok\u00e9rt Egyes\u00fclet honlapja","potentialAction":[{"@type":"SearchAction","target":{"@type":"EntryPoint","urlTemplate":"https:\/\/www.lengyelrobert.hu\/?s={search_term_string}"},"query-input":{"@type":"PropertyValueSpecification","valueRequired":true,"valueName":"search_term_string"}}],"inLanguage":"hu"},{"@type":"Person","@id":"https:\/\/www.lengyelrobert.hu\/#\/schema\/person\/2926fe5141a59e6530d8a411eb7bfb2d","name":"webmaster","image":{"@type":"ImageObject","inLanguage":"hu","@id":"https:\/\/www.lengyelrobert.hu\/#\/schema\/person\/image\/","url":"https:\/\/secure.gravatar.com\/avatar\/d53f7fc01f188bb097ecc2caf950c777c2cdc1ec48a2d1726a8399a2188940b0?s=96&d=mm&r=g","contentUrl":"https:\/\/secure.gravatar.com\/avatar\/d53f7fc01f188bb097ecc2caf950c777c2cdc1ec48a2d1726a8399a2188940b0?s=96&d=mm&r=g","caption":"webmaster"},"sameAs":["https:\/\/www.lengyelrobert.hu"],"url":"https:\/\/www.lengyelrobert.hu\/index.php\/author\/webmaster\/"}]}},"_links":{"self":[{"href":"https:\/\/www.lengyelrobert.hu\/index.php\/wp-json\/wp\/v2\/posts\/4956","targetHints":{"allow":["GET"]}}],"collection":[{"href":"https:\/\/www.lengyelrobert.hu\/index.php\/wp-json\/wp\/v2\/posts"}],"about":[{"href":"https:\/\/www.lengyelrobert.hu\/index.php\/wp-json\/wp\/v2\/types\/post"}],"author":[{"embeddable":true,"href":"https:\/\/www.lengyelrobert.hu\/index.php\/wp-json\/wp\/v2\/users\/1"}],"replies":[{"embeddable":true,"href":"https:\/\/www.lengyelrobert.hu\/index.php\/wp-json\/wp\/v2\/comments?post=4956"}],"version-history":[{"count":0,"href":"https:\/\/www.lengyelrobert.hu\/index.php\/wp-json\/wp\/v2\/posts\/4956\/revisions"}],"wp:featuredmedia":[{"embeddable":true,"href":"https:\/\/www.lengyelrobert.hu\/index.php\/wp-json\/wp\/v2\/media\/4957"}],"wp:attachment":[{"href":"https:\/\/www.lengyelrobert.hu\/index.php\/wp-json\/wp\/v2\/media?parent=4956"}],"wp:term":[{"taxonomy":"category","embeddable":true,"href":"https:\/\/www.lengyelrobert.hu\/index.php\/wp-json\/wp\/v2\/categories?post=4956"},{"taxonomy":"post_tag","embeddable":true,"href":"https:\/\/www.lengyelrobert.hu\/index.php\/wp-json\/wp\/v2\/tags?post=4956"}],"curies":[{"name":"wp","href":"https:\/\/api.w.org\/{rel}","templated":true}]}}