{"id":4921,"date":"2017-11-02T08:32:23","date_gmt":"2017-11-02T07:32:23","guid":{"rendered":"https:\/\/www.lengyelrobert.hu\/uncategorized\/2017-11-02-i-facebook-bejegyzes\/"},"modified":"2017-11-02T08:32:23","modified_gmt":"2017-11-02T07:32:23","slug":"2017-11-02-i-facebook-bejegyzes","status":"publish","type":"post","link":"https:\/\/www.lengyelrobert.hu\/index.php\/2017\/11\/02\/2017-11-02-i-facebook-bejegyzes\/","title":{"rendered":"2017.11.02-i Facebook bejegyz\u00e9s"},"content":{"rendered":"<p>Tisztelt Olvas\u00f3im!<\/p>\n<p>        Egy 3 napos testv\u00e9rv\u00e1rosi l\u00e1togat\u00e1sr\u00f3l tegnap hajnalban \u00e9rkeztem, \u00e9rkezt\u00fcnk haza. Az izraeli Netanya Si\u00f3fok egyik testv\u00e9rv\u00e1rosa, ide sz\u00f3lt a megh\u00edv\u00e1s. Az utaz\u00e1sokkal egy\u00fctt igen zs\u00fafolt 3 nap volt ez. A test\u00fclet d\u00f6nt\u00e9se alapj\u00e1n a 3 tag\u00fa deleg\u00e1ci\u00f3nak m\u00e9g Nagy S\u00e1ndorn\u00e9 \u00e9s \u00dajv\u00e1ri Istv\u00e1n k\u00e9pvisel\u0151 t\u00e1rsaim voltak a tagjai. N\u00e9h\u00e1ny h\u00f3napja Netanya a Bor \u00e9s Keny\u00e9r \u00dcnnep\u00e9re k\u00fcld\u00f6tt hozz\u00e1nk deleg\u00e1ci\u00f3t, egyebek mellett ezt a l\u00e1togat\u00e1st viszonoztuk. A v\u00e1ros polg\u00e1rmester\u00e9vel, Miriam Fierberg-Ikar asszonnyal folytatott megbesz\u00e9l\u00e9s sor\u00e1n (ld. a lenti k\u00e9pet), abban \u00e1llapodtunk meg, hogy az amerikai testv\u00e9rv\u00e1rosunk\u00e9val, Walnut Creekkel hasonl\u00f3 cseredi\u00e1k-kapcsolatot k\u00e9sz\u00edt\u00fcnk el\u0151 az elk\u00f6vetkezend\u0151 id\u0151szakban. Szeretn\u00e9nk, ha si\u00f3foki magyar di\u00e1kok az izraeli, m\u00edg az izraeliek a  magyar kult\u00far\u00e1val ismerkedhetn\u00e9nek \u00e9s term\u00e9szetesen az angol nyelvtud\u00e1sok t\u00f6k\u00e9letes\u00edt\u00e9s\u00e9re is kiv\u00e1l\u00f3 alkalom lehet a mi di\u00e1kjainknak egy kint tart\u00f3zkod\u00e1s. A r\u00e9szletek kidolgoz\u00e1s\u00e1ra \u0151 is, \u00e9n is megb\u00edz\u00e1st adunk illet\u00e9kes koll\u00e9g\u00e1knak. (Egy m\u00e1sik, horv\u00e1torsz\u00e1gi testv\u00e9rv\u00e1rossal, Poreccsel is elind\u00edtottunk egy ilyen k\u00f6z\u00f6s kezdem\u00e9nyez\u00e9st, amelyr\u0151l m\u00e1r kor\u00e1bban h\u00edrt adtam, a n\u00e9metorsz\u00e1gi Waldheimmel is t\u00e1rgyalunk err\u0151l.) Ezen fel\u00fcl 2018-ban a kultur\u00e1lis kapcsolatok tekintet\u00e9ben is el\u0151re szeretn\u00e9nk l\u00e9pni. Ennek els\u0151 l\u00e9p\u00e9se, hogy a szezonnyit\u00f3nkra v\u00e1rhat\u00f3an Izraelb\u0151l is k\u00fcldenek fell\u00e9p\u0151ket. Sz\u00e1momra k\u00fcl\u00f6n megtiszteltet\u00e9s volt, hogy a netanyai rend\u0151rkapit\u00e1nys\u00e1gon is tehett\u00fcnk l\u00e1togat\u00e1st. Vadonat\u00faj \u00e9p\u00fclet, nagyszer\u0171 munkahelyi k\u00f6r\u00fclm\u00e9nyek \u00e9s \u00e9rezhet\u0151en kiv\u00e1l\u00f3 munkahelyi l\u00e9gk\u00f6r. \u00c9vi 15 ezer b\u0171ncselekm\u00e9ny a v\u00e1rosban, z\u00f6m\u00e9ben muszlim elk\u00f6vet\u0151kkel. 250 rend\u0151r \u00e9s 40 f\u0151s v\u00e1ros\u0151rs\u00e9g adja a k\u00f6zbiztons\u00e1g alapjait a mintegy 230 ezer lakos\u00fa, tengerparti telep\u00fcl\u00e9sen. Egy\u00e9bk\u00e9nt mindenfel\u00e9 \u00e9p\u00edtkez\u00e9sek folynak, de nincs annyi \u00faj lak\u00e1s, amennyit el ne lehetne adni. Franciaorsz\u00e1gb\u00f3l a terrorizmus \u00e9s a muszlimok el\u0151l t\u00f6meg\u00e9vel menek\u00fclnek a zsid\u00f3k Izraelbe \u00e9s v\u00e1s\u00e1rolj\u00e1k az ingatlanokat. Amerre j\u00e1rtunk, mindenhol probl\u00e9m\u00e1t jelentett az utcai szem\u00e9t. K\u00eds\u00e9r\u0151nk elmond\u00e1sa szerint, a muszlim lakoss\u00e1g egy r\u00e9sze k\u00e9ptelen betartani az ide vonatkoz\u00f3 szab\u00e1lyokat. Amerre j\u00e1rnak, dob\u00e1lj\u00e1k a szemetet szanasz\u00e9t, lak\u00f3k\u00f6rnyezet\u00fck is koszos, gondozatlan. <\/p>\n<p>        Bar\u00e1ts\u00e1ggal: R.<\/p>\n<p><a href=\"\"><\/a><\/p>\n","protected":false},"excerpt":{"rendered":"<p>Tisztelt Olvas\u00f3im! Egy 3 napos testv\u00e9rv\u00e1rosi l\u00e1togat\u00e1sr\u00f3l tegnap hajnalban \u00e9rkeztem, \u00e9rkezt\u00fcnk haza. Az izraeli Netanya Si\u00f3fok egyik testv\u00e9rv\u00e1rosa, ide sz\u00f3lt a megh\u00edv\u00e1s. Az utaz\u00e1sokkal egy\u00fctt igen zs\u00fafolt 3 nap volt ez. A test\u00fclet d\u00f6nt\u00e9se alapj\u00e1n a 3 tag\u00fa deleg\u00e1ci\u00f3nak m\u00e9g Nagy S\u00e1ndorn\u00e9 \u00e9s \u00dajv\u00e1ri Istv\u00e1n k\u00e9pvisel\u0151 t\u00e1rsaim voltak a tagjai. N\u00e9h\u00e1ny h\u00f3napja Netanya a Bor [&hellip;]<\/p>\n","protected":false},"author":1,"featured_media":4922,"comment_status":"closed","ping_status":"closed","sticky":false,"template":"","format":"standard","meta":{"_acf_changed":false,"_et_pb_use_builder":"","_et_pb_old_content":"","_et_gb_content_width":"","footnotes":""},"categories":[1],"tags":[],"class_list":["post-4921","post","type-post","status-publish","format-standard","has-post-thumbnail","hentry","category-uncategorized"],"acf":[],"yoast_head":"<!-- This site is optimized with the Yoast SEO plugin v23.8 - https:\/\/yoast.com\/wordpress\/plugins\/seo\/ -->\n<title>2017.11.02-i Facebook bejegyz\u00e9s - dr. Lengyel R\u00f3bert<\/title>\n<meta name=\"robots\" content=\"index, follow, max-snippet:-1, max-image-preview:large, max-video-preview:-1\" \/>\n<link rel=\"canonical\" href=\"https:\/\/www.lengyelrobert.hu\/index.php\/2017\/11\/02\/2017-11-02-i-facebook-bejegyzes\/\" \/>\n<meta property=\"og:locale\" content=\"hu_HU\" \/>\n<meta property=\"og:type\" content=\"article\" \/>\n<meta property=\"og:title\" content=\"2017.11.02-i Facebook bejegyz\u00e9s - dr. Lengyel R\u00f3bert\" \/>\n<meta property=\"og:description\" content=\"Tisztelt Olvas\u00f3im! Egy 3 napos testv\u00e9rv\u00e1rosi l\u00e1togat\u00e1sr\u00f3l tegnap hajnalban \u00e9rkeztem, \u00e9rkezt\u00fcnk haza. Az izraeli Netanya Si\u00f3fok egyik testv\u00e9rv\u00e1rosa, ide sz\u00f3lt a megh\u00edv\u00e1s. Az utaz\u00e1sokkal egy\u00fctt igen zs\u00fafolt 3 nap volt ez. A test\u00fclet d\u00f6nt\u00e9se alapj\u00e1n a 3 tag\u00fa deleg\u00e1ci\u00f3nak m\u00e9g Nagy S\u00e1ndorn\u00e9 \u00e9s \u00dajv\u00e1ri Istv\u00e1n k\u00e9pvisel\u0151 t\u00e1rsaim voltak a tagjai. N\u00e9h\u00e1ny h\u00f3napja Netanya a Bor [&hellip;]\" \/>\n<meta property=\"og:url\" content=\"https:\/\/www.lengyelrobert.hu\/index.php\/2017\/11\/02\/2017-11-02-i-facebook-bejegyzes\/\" \/>\n<meta property=\"og:site_name\" content=\"dr. Lengyel R\u00f3bert\" \/>\n<meta property=\"article:published_time\" content=\"2017-11-02T07:32:23+00:00\" \/>\n<meta property=\"og:image\" content=\"https:\/\/www.lengyelrobert.hu\/wp-content\/uploads\/2019\/04\/23167684_921266984689280_6696672719519005345_n_921266984689280-1.jpg\" \/>\n\t<meta property=\"og:image:width\" content=\"528\" \/>\n\t<meta property=\"og:image:height\" content=\"720\" \/>\n\t<meta property=\"og:image:type\" content=\"image\/jpeg\" \/>\n<meta name=\"author\" content=\"webmaster\" \/>\n<meta name=\"twitter:card\" content=\"summary_large_image\" \/>\n<meta name=\"twitter:label1\" content=\"Szerz\u0151:\" \/>\n\t<meta name=\"twitter:data1\" content=\"webmaster\" \/>\n\t<meta name=\"twitter:label2\" content=\"Becs\u00fclt olvas\u00e1si id\u0151\" \/>\n\t<meta name=\"twitter:data2\" content=\"2 perc\" \/>\n<script type=\"application\/ld+json\" class=\"yoast-schema-graph\">{\"@context\":\"https:\/\/schema.org\",\"@graph\":[{\"@type\":\"WebPage\",\"@id\":\"https:\/\/www.lengyelrobert.hu\/index.php\/2017\/11\/02\/2017-11-02-i-facebook-bejegyzes\/\",\"url\":\"https:\/\/www.lengyelrobert.hu\/index.php\/2017\/11\/02\/2017-11-02-i-facebook-bejegyzes\/\",\"name\":\"2017.11.02-i Facebook bejegyz\u00e9s - dr. Lengyel R\u00f3bert\",\"isPartOf\":{\"@id\":\"https:\/\/www.lengyelrobert.hu\/#website\"},\"primaryImageOfPage\":{\"@id\":\"https:\/\/www.lengyelrobert.hu\/index.php\/2017\/11\/02\/2017-11-02-i-facebook-bejegyzes\/#primaryimage\"},\"image\":{\"@id\":\"https:\/\/www.lengyelrobert.hu\/index.php\/2017\/11\/02\/2017-11-02-i-facebook-bejegyzes\/#primaryimage\"},\"thumbnailUrl\":\"https:\/\/www.lengyelrobert.hu\/wp-content\/uploads\/2019\/04\/23167684_921266984689280_6696672719519005345_n_921266984689280-1.jpg\",\"datePublished\":\"2017-11-02T07:32:23+00:00\",\"dateModified\":\"2017-11-02T07:32:23+00:00\",\"author\":{\"@id\":\"https:\/\/www.lengyelrobert.hu\/#\/schema\/person\/2926fe5141a59e6530d8a411eb7bfb2d\"},\"breadcrumb\":{\"@id\":\"https:\/\/www.lengyelrobert.hu\/index.php\/2017\/11\/02\/2017-11-02-i-facebook-bejegyzes\/#breadcrumb\"},\"inLanguage\":\"hu\",\"potentialAction\":[{\"@type\":\"ReadAction\",\"target\":[\"https:\/\/www.lengyelrobert.hu\/index.php\/2017\/11\/02\/2017-11-02-i-facebook-bejegyzes\/\"]}]},{\"@type\":\"ImageObject\",\"inLanguage\":\"hu\",\"@id\":\"https:\/\/www.lengyelrobert.hu\/index.php\/2017\/11\/02\/2017-11-02-i-facebook-bejegyzes\/#primaryimage\",\"url\":\"https:\/\/www.lengyelrobert.hu\/wp-content\/uploads\/2019\/04\/23167684_921266984689280_6696672719519005345_n_921266984689280-1.jpg\",\"contentUrl\":\"https:\/\/www.lengyelrobert.hu\/wp-content\/uploads\/2019\/04\/23167684_921266984689280_6696672719519005345_n_921266984689280-1.jpg\",\"width\":528,\"height\":720},{\"@type\":\"BreadcrumbList\",\"@id\":\"https:\/\/www.lengyelrobert.hu\/index.php\/2017\/11\/02\/2017-11-02-i-facebook-bejegyzes\/#breadcrumb\",\"itemListElement\":[{\"@type\":\"ListItem\",\"position\":1,\"name\":\"Home\",\"item\":\"https:\/\/www.lengyelrobert.hu\/\"},{\"@type\":\"ListItem\",\"position\":2,\"name\":\"2017.11.02-i Facebook bejegyz\u00e9s\"}]},{\"@type\":\"WebSite\",\"@id\":\"https:\/\/www.lengyelrobert.hu\/#website\",\"url\":\"https:\/\/www.lengyelrobert.hu\/\",\"name\":\"dr. Lengyel R\u00f3bert\",\"description\":\"A Becs\u00fclettel Si\u00f3fok\u00e9rt Egyes\u00fclet honlapja\",\"potentialAction\":[{\"@type\":\"SearchAction\",\"target\":{\"@type\":\"EntryPoint\",\"urlTemplate\":\"https:\/\/www.lengyelrobert.hu\/?s={search_term_string}\"},\"query-input\":{\"@type\":\"PropertyValueSpecification\",\"valueRequired\":true,\"valueName\":\"search_term_string\"}}],\"inLanguage\":\"hu\"},{\"@type\":\"Person\",\"@id\":\"https:\/\/www.lengyelrobert.hu\/#\/schema\/person\/2926fe5141a59e6530d8a411eb7bfb2d\",\"name\":\"webmaster\",\"image\":{\"@type\":\"ImageObject\",\"inLanguage\":\"hu\",\"@id\":\"https:\/\/www.lengyelrobert.hu\/#\/schema\/person\/image\/\",\"url\":\"https:\/\/secure.gravatar.com\/avatar\/d53f7fc01f188bb097ecc2caf950c777c2cdc1ec48a2d1726a8399a2188940b0?s=96&d=mm&r=g\",\"contentUrl\":\"https:\/\/secure.gravatar.com\/avatar\/d53f7fc01f188bb097ecc2caf950c777c2cdc1ec48a2d1726a8399a2188940b0?s=96&d=mm&r=g\",\"caption\":\"webmaster\"},\"sameAs\":[\"https:\/\/www.lengyelrobert.hu\"],\"url\":\"https:\/\/www.lengyelrobert.hu\/index.php\/author\/webmaster\/\"}]}<\/script>\n<!-- \/ Yoast SEO plugin. -->","yoast_head_json":{"title":"2017.11.02-i Facebook bejegyz\u00e9s - dr. Lengyel R\u00f3bert","robots":{"index":"index","follow":"follow","max-snippet":"max-snippet:-1","max-image-preview":"max-image-preview:large","max-video-preview":"max-video-preview:-1"},"canonical":"https:\/\/www.lengyelrobert.hu\/index.php\/2017\/11\/02\/2017-11-02-i-facebook-bejegyzes\/","og_locale":"hu_HU","og_type":"article","og_title":"2017.11.02-i Facebook bejegyz\u00e9s - dr. Lengyel R\u00f3bert","og_description":"Tisztelt Olvas\u00f3im! Egy 3 napos testv\u00e9rv\u00e1rosi l\u00e1togat\u00e1sr\u00f3l tegnap hajnalban \u00e9rkeztem, \u00e9rkezt\u00fcnk haza. Az izraeli Netanya Si\u00f3fok egyik testv\u00e9rv\u00e1rosa, ide sz\u00f3lt a megh\u00edv\u00e1s. Az utaz\u00e1sokkal egy\u00fctt igen zs\u00fafolt 3 nap volt ez. A test\u00fclet d\u00f6nt\u00e9se alapj\u00e1n a 3 tag\u00fa deleg\u00e1ci\u00f3nak m\u00e9g Nagy S\u00e1ndorn\u00e9 \u00e9s \u00dajv\u00e1ri Istv\u00e1n k\u00e9pvisel\u0151 t\u00e1rsaim voltak a tagjai. N\u00e9h\u00e1ny h\u00f3napja Netanya a Bor [&hellip;]","og_url":"https:\/\/www.lengyelrobert.hu\/index.php\/2017\/11\/02\/2017-11-02-i-facebook-bejegyzes\/","og_site_name":"dr. Lengyel R\u00f3bert","article_published_time":"2017-11-02T07:32:23+00:00","og_image":[{"width":528,"height":720,"url":"https:\/\/www.lengyelrobert.hu\/wp-content\/uploads\/2019\/04\/23167684_921266984689280_6696672719519005345_n_921266984689280-1.jpg","type":"image\/jpeg"}],"author":"webmaster","twitter_card":"summary_large_image","twitter_misc":{"Szerz\u0151:":"webmaster","Becs\u00fclt olvas\u00e1si id\u0151":"2 perc"},"schema":{"@context":"https:\/\/schema.org","@graph":[{"@type":"WebPage","@id":"https:\/\/www.lengyelrobert.hu\/index.php\/2017\/11\/02\/2017-11-02-i-facebook-bejegyzes\/","url":"https:\/\/www.lengyelrobert.hu\/index.php\/2017\/11\/02\/2017-11-02-i-facebook-bejegyzes\/","name":"2017.11.02-i Facebook bejegyz\u00e9s - dr. Lengyel R\u00f3bert","isPartOf":{"@id":"https:\/\/www.lengyelrobert.hu\/#website"},"primaryImageOfPage":{"@id":"https:\/\/www.lengyelrobert.hu\/index.php\/2017\/11\/02\/2017-11-02-i-facebook-bejegyzes\/#primaryimage"},"image":{"@id":"https:\/\/www.lengyelrobert.hu\/index.php\/2017\/11\/02\/2017-11-02-i-facebook-bejegyzes\/#primaryimage"},"thumbnailUrl":"https:\/\/www.lengyelrobert.hu\/wp-content\/uploads\/2019\/04\/23167684_921266984689280_6696672719519005345_n_921266984689280-1.jpg","datePublished":"2017-11-02T07:32:23+00:00","dateModified":"2017-11-02T07:32:23+00:00","author":{"@id":"https:\/\/www.lengyelrobert.hu\/#\/schema\/person\/2926fe5141a59e6530d8a411eb7bfb2d"},"breadcrumb":{"@id":"https:\/\/www.lengyelrobert.hu\/index.php\/2017\/11\/02\/2017-11-02-i-facebook-bejegyzes\/#breadcrumb"},"inLanguage":"hu","potentialAction":[{"@type":"ReadAction","target":["https:\/\/www.lengyelrobert.hu\/index.php\/2017\/11\/02\/2017-11-02-i-facebook-bejegyzes\/"]}]},{"@type":"ImageObject","inLanguage":"hu","@id":"https:\/\/www.lengyelrobert.hu\/index.php\/2017\/11\/02\/2017-11-02-i-facebook-bejegyzes\/#primaryimage","url":"https:\/\/www.lengyelrobert.hu\/wp-content\/uploads\/2019\/04\/23167684_921266984689280_6696672719519005345_n_921266984689280-1.jpg","contentUrl":"https:\/\/www.lengyelrobert.hu\/wp-content\/uploads\/2019\/04\/23167684_921266984689280_6696672719519005345_n_921266984689280-1.jpg","width":528,"height":720},{"@type":"BreadcrumbList","@id":"https:\/\/www.lengyelrobert.hu\/index.php\/2017\/11\/02\/2017-11-02-i-facebook-bejegyzes\/#breadcrumb","itemListElement":[{"@type":"ListItem","position":1,"name":"Home","item":"https:\/\/www.lengyelrobert.hu\/"},{"@type":"ListItem","position":2,"name":"2017.11.02-i Facebook bejegyz\u00e9s"}]},{"@type":"WebSite","@id":"https:\/\/www.lengyelrobert.hu\/#website","url":"https:\/\/www.lengyelrobert.hu\/","name":"dr. Lengyel R\u00f3bert","description":"A Becs\u00fclettel Si\u00f3fok\u00e9rt Egyes\u00fclet honlapja","potentialAction":[{"@type":"SearchAction","target":{"@type":"EntryPoint","urlTemplate":"https:\/\/www.lengyelrobert.hu\/?s={search_term_string}"},"query-input":{"@type":"PropertyValueSpecification","valueRequired":true,"valueName":"search_term_string"}}],"inLanguage":"hu"},{"@type":"Person","@id":"https:\/\/www.lengyelrobert.hu\/#\/schema\/person\/2926fe5141a59e6530d8a411eb7bfb2d","name":"webmaster","image":{"@type":"ImageObject","inLanguage":"hu","@id":"https:\/\/www.lengyelrobert.hu\/#\/schema\/person\/image\/","url":"https:\/\/secure.gravatar.com\/avatar\/d53f7fc01f188bb097ecc2caf950c777c2cdc1ec48a2d1726a8399a2188940b0?s=96&d=mm&r=g","contentUrl":"https:\/\/secure.gravatar.com\/avatar\/d53f7fc01f188bb097ecc2caf950c777c2cdc1ec48a2d1726a8399a2188940b0?s=96&d=mm&r=g","caption":"webmaster"},"sameAs":["https:\/\/www.lengyelrobert.hu"],"url":"https:\/\/www.lengyelrobert.hu\/index.php\/author\/webmaster\/"}]}},"_links":{"self":[{"href":"https:\/\/www.lengyelrobert.hu\/index.php\/wp-json\/wp\/v2\/posts\/4921","targetHints":{"allow":["GET"]}}],"collection":[{"href":"https:\/\/www.lengyelrobert.hu\/index.php\/wp-json\/wp\/v2\/posts"}],"about":[{"href":"https:\/\/www.lengyelrobert.hu\/index.php\/wp-json\/wp\/v2\/types\/post"}],"author":[{"embeddable":true,"href":"https:\/\/www.lengyelrobert.hu\/index.php\/wp-json\/wp\/v2\/users\/1"}],"replies":[{"embeddable":true,"href":"https:\/\/www.lengyelrobert.hu\/index.php\/wp-json\/wp\/v2\/comments?post=4921"}],"version-history":[{"count":0,"href":"https:\/\/www.lengyelrobert.hu\/index.php\/wp-json\/wp\/v2\/posts\/4921\/revisions"}],"wp:featuredmedia":[{"embeddable":true,"href":"https:\/\/www.lengyelrobert.hu\/index.php\/wp-json\/wp\/v2\/media\/4922"}],"wp:attachment":[{"href":"https:\/\/www.lengyelrobert.hu\/index.php\/wp-json\/wp\/v2\/media?parent=4921"}],"wp:term":[{"taxonomy":"category","embeddable":true,"href":"https:\/\/www.lengyelrobert.hu\/index.php\/wp-json\/wp\/v2\/categories?post=4921"},{"taxonomy":"post_tag","embeddable":true,"href":"https:\/\/www.lengyelrobert.hu\/index.php\/wp-json\/wp\/v2\/tags?post=4921"}],"curies":[{"name":"wp","href":"https:\/\/api.w.org\/{rel}","templated":true}]}}