{"id":4813,"date":"2018-01-30T10:44:14","date_gmt":"2018-01-30T09:44:14","guid":{"rendered":"https:\/\/www.lengyelrobert.hu\/uncategorized\/2018-01-30-i-facebook-bejegyzes\/"},"modified":"2018-01-30T10:44:14","modified_gmt":"2018-01-30T09:44:14","slug":"2018-01-30-i-facebook-bejegyzes","status":"publish","type":"post","link":"https:\/\/www.lengyelrobert.hu\/index.php\/2018\/01\/30\/2018-01-30-i-facebook-bejegyzes\/","title":{"rendered":"2018.01.30-i Facebook bejegyz\u00e9s"},"content":{"rendered":"<p>Tisztelt Olvas\u00f3im!<\/p>\n<p>        N\u00e9h\u00e1ny f\u0151bb d\u00f6nt\u00e9s a tegnapi test\u00fcleti \u00fcl\u00e9s\u00fcnk\u00f6n:<br \/>\n        1.) Elfogadtuk a v\u00e1ros telep\u00fcl\u00e9si arculati k\u00e9zik\u00f6nyv\u00e9t \u00e9s a telep\u00fcl\u00e9sk\u00e9p v\u00e9delm\u00e9r\u0151l sz\u00f3l\u00f3 rendelet\u00e9t. Ut\u00f3bbival kapcsolatosan \u00fagy fogalmaztam, hogy mentj\u00fck, ami m\u00e9g menthet\u0151. \u00c9rtem ezt arra, hogy az el\u0151z\u0151 v\u00e1rosvezet\u00e9s drasztikusan lecs\u00f6kkentette a v\u00e9delem alatt \u00e1ll\u00f3 si\u00f3foki \u00e9p\u00fcletek sz\u00e1m\u00e1t, lehet\u0151v\u00e9 t\u00e9ve ezzel pl. komoly \u00e9p\u00edt\u00e9szeti\/t\u00f6rt\u00e9nelmi \u00e9rt\u00e9keket k\u00e9pvisel\u0151 vill\u00e1k led\u00f3zerol\u00e1s\u00e1t, helyett\u00fck apartmanok felh\u00faz\u00e1s\u00e1t. Az \u00faj helyi jogszab\u00e1llyal megt\u00f6bbsz\u00f6r\u00f6zt\u00fck a v\u00e9delem al\u00e1 helyezett ingatlanok sz\u00e1m\u00e1t, s b\u00e1r tudom, hogy ezzel egyes egy\u00e9ni \u00e9rdekek s\u00e9r\u00fclni fognak, de a t\u00f6bbs\u00e9g \u00e9rdeke viszont ezt k\u00edv\u00e1nja. Ezzel egy\u00fctt viszont tervezz\u00fck, hogy a v\u00e9delem alatt \u00e1ll\u00f3 \u00e9p\u00fcletek fel\u00faj\u00edt\u00e1s\u00e1hoz p\u00e1ly\u00e1zati forr\u00e1s biztos\u00edt\u00e1s\u00e1val hozz\u00e1j\u00e1rul majd a v\u00e1ros. A p\u00e1ly\u00e1zattal kapcsolatos r\u00e9szlet-szab\u00e1lyokat a m\u00e1jusi \u00fcl\u00e9s\u00fcnk\u00f6n t\u00e1rgyaljuk.<br \/>\n        2.) D\u00f6nt\u00f6tt\u00fcnk arr\u00f3l is, hogy az \u00f6nkorm\u00e1nyzat dolgoz\u00f3i -akik 10 \u00e9ve nem r\u00e9szes\u00fcltek b\u00e9remel\u00e9sben- saj\u00e1t forr\u00e1sb\u00f3l kapnak egy kis plusz p\u00e9nzt, az \u00e1llami beavatkoz\u00e1sra nem v\u00e1rhatunk tov\u00e1bb. Ezzel egyebek mellett a fluktu\u00e1ci\u00f3nak is igyeksz\u00fcnk g\u00e1tat vetni, hisz csak 2017-ben 10 munkat\u00e1rsunk t\u00e1vozott a hivatalb\u00f3l, z\u00f6m\u00e9ben magasabb b\u00e9rekkel kecsegtet\u0151 \u00e1ll\u00e1shelyek ok\u00e1n.<br \/>\n        3.) \u00daj s\u00edreml\u00e9ket kap Ka\u00e1li Nagy Dezs\u0151 (a lenti fot\u00f3n), akinek id\u00e9n lesz a sz\u00fclet\u00e9se 150. \u00e9vfordul\u00f3ja. Nev\u00e9hez f\u0171z\u0151dik t\u00f6bb balatoni, k\u00f6zt\u00fck a si\u00f3foki haj\u00f3kik\u00f6t\u0151 tervez\u00e9se \u00e9s meg\u00e9p\u00edttet\u00e9se, a Balatonon is haszn\u00e1lt, un. KDN t\u00edpus\u00fa partfal tervez\u00e9se, ki\u00e9p\u00edttet\u00e9se, a Si\u00f3 csatorna haj\u00f3zhat\u00f3v\u00e1 t\u00e9tele, az egykori si\u00f3foki reform\u00e1tus imah\u00e1z \u00e9p\u00edt\u00e9s\u00e9hez val\u00f3 hozz\u00e1j\u00e1rul\u00e1s \u00e9s sz\u00e1mos m\u00e1s helyi adom\u00e1nyoz\u00e1s. Az \u00fajhelyi temet\u0151nkben l\u00e9v\u0151 s\u00edrja fog meg\u00fajulni, mellyel a v\u00e1ros ad\u00f3zik eml\u00e9ke el\u0151tt. Igyeksz\u00fcnk a BAHARt-ot \u00e9s m\u00e1s parti telep\u00fcl\u00e9seket is bevonni a k\u00f6lts\u00e9gek fedez\u00e9s\u00e9be.<br \/>\n        4.) Ezen fel\u00fcl elfogadta el\u0151terjeszt\u00e9semet a test\u00fclet, miszerint a v\u00e1ros kib\u00e9rli a v\u00e1s\u00e1rcsarnok k\u00f6zel\u00e9ben l\u00e9v\u0151 salakos ter\u00fcletet \u00e9s ott tov\u00e1bbra is parkol\u00e1si lehet\u0151s\u00e9get biztos\u00edtunk az embereknek. T\u00f6bbsz\u00f6r \u00edrtam r\u00f3la, hogy \u00e1ldatlan \u00e1llapotok alakultak ki a k\u00f6rny\u00e9ken parkol\u00e1s tekintet\u00e9ben, arr\u00f3l nem besz\u00e9lve, hogy a ny\u00e1ri h\u00f3napokban m\u00e9g a k\u00f6zelben sem tudunk majd megfelel\u0151 sz\u00e1m\u00fa parkol\u00f3 helyet biztos\u00edtani a j\u00e1rm\u0171 t\u00f6megnek. 1 \u00e9ves, hat\u00e1rozott idej\u0171 szerz\u0151d\u00e9ssel kezelj\u00fck most a probl\u00e9m\u00e1t.<\/p>\n<p>        Bar\u00e1ts\u00e1ggal: R.<\/p>\n<p><a href=\"\"><\/a><\/p>\n","protected":false},"excerpt":{"rendered":"<p>Tisztelt Olvas\u00f3im! N\u00e9h\u00e1ny f\u0151bb d\u00f6nt\u00e9s a tegnapi test\u00fcleti \u00fcl\u00e9s\u00fcnk\u00f6n: 1.) Elfogadtuk a v\u00e1ros telep\u00fcl\u00e9si arculati k\u00e9zik\u00f6nyv\u00e9t \u00e9s a telep\u00fcl\u00e9sk\u00e9p v\u00e9delm\u00e9r\u0151l sz\u00f3l\u00f3 rendelet\u00e9t. Ut\u00f3bbival kapcsolatosan \u00fagy fogalmaztam, hogy mentj\u00fck, ami m\u00e9g menthet\u0151. \u00c9rtem ezt arra, hogy az el\u0151z\u0151 v\u00e1rosvezet\u00e9s drasztikusan lecs\u00f6kkentette a v\u00e9delem alatt \u00e1ll\u00f3 si\u00f3foki \u00e9p\u00fcletek sz\u00e1m\u00e1t, lehet\u0151v\u00e9 t\u00e9ve ezzel pl. komoly \u00e9p\u00edt\u00e9szeti\/t\u00f6rt\u00e9nelmi \u00e9rt\u00e9keket k\u00e9pvisel\u0151 [&hellip;]<\/p>\n","protected":false},"author":1,"featured_media":4814,"comment_status":"closed","ping_status":"closed","sticky":false,"template":"","format":"standard","meta":{"_acf_changed":false,"_et_pb_use_builder":"","_et_pb_old_content":"","_et_gb_content_width":"","footnotes":""},"categories":[1],"tags":[],"class_list":["post-4813","post","type-post","status-publish","format-standard","has-post-thumbnail","hentry","category-uncategorized"],"acf":[],"yoast_head":"<!-- This site is optimized with the Yoast SEO plugin v23.8 - https:\/\/yoast.com\/wordpress\/plugins\/seo\/ -->\n<title>2018.01.30-i Facebook bejegyz\u00e9s - dr. Lengyel R\u00f3bert<\/title>\n<meta name=\"robots\" content=\"index, follow, max-snippet:-1, max-image-preview:large, max-video-preview:-1\" \/>\n<link rel=\"canonical\" href=\"https:\/\/www.lengyelrobert.hu\/index.php\/2018\/01\/30\/2018-01-30-i-facebook-bejegyzes\/\" \/>\n<meta property=\"og:locale\" content=\"hu_HU\" \/>\n<meta property=\"og:type\" content=\"article\" \/>\n<meta property=\"og:title\" content=\"2018.01.30-i Facebook bejegyz\u00e9s - dr. Lengyel R\u00f3bert\" \/>\n<meta property=\"og:description\" content=\"Tisztelt Olvas\u00f3im! N\u00e9h\u00e1ny f\u0151bb d\u00f6nt\u00e9s a tegnapi test\u00fcleti \u00fcl\u00e9s\u00fcnk\u00f6n: 1.) Elfogadtuk a v\u00e1ros telep\u00fcl\u00e9si arculati k\u00e9zik\u00f6nyv\u00e9t \u00e9s a telep\u00fcl\u00e9sk\u00e9p v\u00e9delm\u00e9r\u0151l sz\u00f3l\u00f3 rendelet\u00e9t. Ut\u00f3bbival kapcsolatosan \u00fagy fogalmaztam, hogy mentj\u00fck, ami m\u00e9g menthet\u0151. \u00c9rtem ezt arra, hogy az el\u0151z\u0151 v\u00e1rosvezet\u00e9s drasztikusan lecs\u00f6kkentette a v\u00e9delem alatt \u00e1ll\u00f3 si\u00f3foki \u00e9p\u00fcletek sz\u00e1m\u00e1t, lehet\u0151v\u00e9 t\u00e9ve ezzel pl. komoly \u00e9p\u00edt\u00e9szeti\/t\u00f6rt\u00e9nelmi \u00e9rt\u00e9keket k\u00e9pvisel\u0151 [&hellip;]\" \/>\n<meta property=\"og:url\" content=\"https:\/\/www.lengyelrobert.hu\/index.php\/2018\/01\/30\/2018-01-30-i-facebook-bejegyzes\/\" \/>\n<meta property=\"og:site_name\" content=\"dr. Lengyel R\u00f3bert\" \/>\n<meta property=\"article:published_time\" content=\"2018-01-30T09:44:14+00:00\" \/>\n<meta property=\"og:image\" content=\"https:\/\/www.lengyelrobert.hu\/wp-content\/uploads\/2019\/04\/27067739_974696579346320_6011615657114316871_n_974696579346320-1.jpg\" \/>\n\t<meta property=\"og:image:width\" content=\"187\" \/>\n\t<meta property=\"og:image:height\" content=\"270\" \/>\n\t<meta property=\"og:image:type\" content=\"image\/jpeg\" \/>\n<meta name=\"author\" content=\"webmaster\" \/>\n<meta name=\"twitter:card\" content=\"summary_large_image\" \/>\n<meta name=\"twitter:label1\" content=\"Szerz\u0151:\" \/>\n\t<meta name=\"twitter:data1\" content=\"webmaster\" \/>\n\t<meta name=\"twitter:label2\" content=\"Becs\u00fclt olvas\u00e1si id\u0151\" \/>\n\t<meta name=\"twitter:data2\" content=\"3 perc\" \/>\n<script type=\"application\/ld+json\" class=\"yoast-schema-graph\">{\"@context\":\"https:\/\/schema.org\",\"@graph\":[{\"@type\":\"WebPage\",\"@id\":\"https:\/\/www.lengyelrobert.hu\/index.php\/2018\/01\/30\/2018-01-30-i-facebook-bejegyzes\/\",\"url\":\"https:\/\/www.lengyelrobert.hu\/index.php\/2018\/01\/30\/2018-01-30-i-facebook-bejegyzes\/\",\"name\":\"2018.01.30-i Facebook bejegyz\u00e9s - dr. Lengyel R\u00f3bert\",\"isPartOf\":{\"@id\":\"https:\/\/www.lengyelrobert.hu\/#website\"},\"primaryImageOfPage\":{\"@id\":\"https:\/\/www.lengyelrobert.hu\/index.php\/2018\/01\/30\/2018-01-30-i-facebook-bejegyzes\/#primaryimage\"},\"image\":{\"@id\":\"https:\/\/www.lengyelrobert.hu\/index.php\/2018\/01\/30\/2018-01-30-i-facebook-bejegyzes\/#primaryimage\"},\"thumbnailUrl\":\"https:\/\/www.lengyelrobert.hu\/wp-content\/uploads\/2019\/04\/27067739_974696579346320_6011615657114316871_n_974696579346320-1.jpg\",\"datePublished\":\"2018-01-30T09:44:14+00:00\",\"dateModified\":\"2018-01-30T09:44:14+00:00\",\"author\":{\"@id\":\"https:\/\/www.lengyelrobert.hu\/#\/schema\/person\/2926fe5141a59e6530d8a411eb7bfb2d\"},\"breadcrumb\":{\"@id\":\"https:\/\/www.lengyelrobert.hu\/index.php\/2018\/01\/30\/2018-01-30-i-facebook-bejegyzes\/#breadcrumb\"},\"inLanguage\":\"hu\",\"potentialAction\":[{\"@type\":\"ReadAction\",\"target\":[\"https:\/\/www.lengyelrobert.hu\/index.php\/2018\/01\/30\/2018-01-30-i-facebook-bejegyzes\/\"]}]},{\"@type\":\"ImageObject\",\"inLanguage\":\"hu\",\"@id\":\"https:\/\/www.lengyelrobert.hu\/index.php\/2018\/01\/30\/2018-01-30-i-facebook-bejegyzes\/#primaryimage\",\"url\":\"https:\/\/www.lengyelrobert.hu\/wp-content\/uploads\/2019\/04\/27067739_974696579346320_6011615657114316871_n_974696579346320-1.jpg\",\"contentUrl\":\"https:\/\/www.lengyelrobert.hu\/wp-content\/uploads\/2019\/04\/27067739_974696579346320_6011615657114316871_n_974696579346320-1.jpg\",\"width\":187,\"height\":270},{\"@type\":\"BreadcrumbList\",\"@id\":\"https:\/\/www.lengyelrobert.hu\/index.php\/2018\/01\/30\/2018-01-30-i-facebook-bejegyzes\/#breadcrumb\",\"itemListElement\":[{\"@type\":\"ListItem\",\"position\":1,\"name\":\"Home\",\"item\":\"https:\/\/www.lengyelrobert.hu\/\"},{\"@type\":\"ListItem\",\"position\":2,\"name\":\"2018.01.30-i Facebook bejegyz\u00e9s\"}]},{\"@type\":\"WebSite\",\"@id\":\"https:\/\/www.lengyelrobert.hu\/#website\",\"url\":\"https:\/\/www.lengyelrobert.hu\/\",\"name\":\"dr. Lengyel R\u00f3bert\",\"description\":\"A Becs\u00fclettel Si\u00f3fok\u00e9rt Egyes\u00fclet honlapja\",\"potentialAction\":[{\"@type\":\"SearchAction\",\"target\":{\"@type\":\"EntryPoint\",\"urlTemplate\":\"https:\/\/www.lengyelrobert.hu\/?s={search_term_string}\"},\"query-input\":{\"@type\":\"PropertyValueSpecification\",\"valueRequired\":true,\"valueName\":\"search_term_string\"}}],\"inLanguage\":\"hu\"},{\"@type\":\"Person\",\"@id\":\"https:\/\/www.lengyelrobert.hu\/#\/schema\/person\/2926fe5141a59e6530d8a411eb7bfb2d\",\"name\":\"webmaster\",\"image\":{\"@type\":\"ImageObject\",\"inLanguage\":\"hu\",\"@id\":\"https:\/\/www.lengyelrobert.hu\/#\/schema\/person\/image\/\",\"url\":\"https:\/\/secure.gravatar.com\/avatar\/d53f7fc01f188bb097ecc2caf950c777c2cdc1ec48a2d1726a8399a2188940b0?s=96&d=mm&r=g\",\"contentUrl\":\"https:\/\/secure.gravatar.com\/avatar\/d53f7fc01f188bb097ecc2caf950c777c2cdc1ec48a2d1726a8399a2188940b0?s=96&d=mm&r=g\",\"caption\":\"webmaster\"},\"sameAs\":[\"https:\/\/www.lengyelrobert.hu\"],\"url\":\"https:\/\/www.lengyelrobert.hu\/index.php\/author\/webmaster\/\"}]}<\/script>\n<!-- \/ Yoast SEO plugin. -->","yoast_head_json":{"title":"2018.01.30-i Facebook bejegyz\u00e9s - dr. Lengyel R\u00f3bert","robots":{"index":"index","follow":"follow","max-snippet":"max-snippet:-1","max-image-preview":"max-image-preview:large","max-video-preview":"max-video-preview:-1"},"canonical":"https:\/\/www.lengyelrobert.hu\/index.php\/2018\/01\/30\/2018-01-30-i-facebook-bejegyzes\/","og_locale":"hu_HU","og_type":"article","og_title":"2018.01.30-i Facebook bejegyz\u00e9s - dr. Lengyel R\u00f3bert","og_description":"Tisztelt Olvas\u00f3im! N\u00e9h\u00e1ny f\u0151bb d\u00f6nt\u00e9s a tegnapi test\u00fcleti \u00fcl\u00e9s\u00fcnk\u00f6n: 1.) Elfogadtuk a v\u00e1ros telep\u00fcl\u00e9si arculati k\u00e9zik\u00f6nyv\u00e9t \u00e9s a telep\u00fcl\u00e9sk\u00e9p v\u00e9delm\u00e9r\u0151l sz\u00f3l\u00f3 rendelet\u00e9t. Ut\u00f3bbival kapcsolatosan \u00fagy fogalmaztam, hogy mentj\u00fck, ami m\u00e9g menthet\u0151. \u00c9rtem ezt arra, hogy az el\u0151z\u0151 v\u00e1rosvezet\u00e9s drasztikusan lecs\u00f6kkentette a v\u00e9delem alatt \u00e1ll\u00f3 si\u00f3foki \u00e9p\u00fcletek sz\u00e1m\u00e1t, lehet\u0151v\u00e9 t\u00e9ve ezzel pl. komoly \u00e9p\u00edt\u00e9szeti\/t\u00f6rt\u00e9nelmi \u00e9rt\u00e9keket k\u00e9pvisel\u0151 [&hellip;]","og_url":"https:\/\/www.lengyelrobert.hu\/index.php\/2018\/01\/30\/2018-01-30-i-facebook-bejegyzes\/","og_site_name":"dr. Lengyel R\u00f3bert","article_published_time":"2018-01-30T09:44:14+00:00","og_image":[{"width":187,"height":270,"url":"https:\/\/www.lengyelrobert.hu\/wp-content\/uploads\/2019\/04\/27067739_974696579346320_6011615657114316871_n_974696579346320-1.jpg","type":"image\/jpeg"}],"author":"webmaster","twitter_card":"summary_large_image","twitter_misc":{"Szerz\u0151:":"webmaster","Becs\u00fclt olvas\u00e1si id\u0151":"3 perc"},"schema":{"@context":"https:\/\/schema.org","@graph":[{"@type":"WebPage","@id":"https:\/\/www.lengyelrobert.hu\/index.php\/2018\/01\/30\/2018-01-30-i-facebook-bejegyzes\/","url":"https:\/\/www.lengyelrobert.hu\/index.php\/2018\/01\/30\/2018-01-30-i-facebook-bejegyzes\/","name":"2018.01.30-i Facebook bejegyz\u00e9s - dr. Lengyel R\u00f3bert","isPartOf":{"@id":"https:\/\/www.lengyelrobert.hu\/#website"},"primaryImageOfPage":{"@id":"https:\/\/www.lengyelrobert.hu\/index.php\/2018\/01\/30\/2018-01-30-i-facebook-bejegyzes\/#primaryimage"},"image":{"@id":"https:\/\/www.lengyelrobert.hu\/index.php\/2018\/01\/30\/2018-01-30-i-facebook-bejegyzes\/#primaryimage"},"thumbnailUrl":"https:\/\/www.lengyelrobert.hu\/wp-content\/uploads\/2019\/04\/27067739_974696579346320_6011615657114316871_n_974696579346320-1.jpg","datePublished":"2018-01-30T09:44:14+00:00","dateModified":"2018-01-30T09:44:14+00:00","author":{"@id":"https:\/\/www.lengyelrobert.hu\/#\/schema\/person\/2926fe5141a59e6530d8a411eb7bfb2d"},"breadcrumb":{"@id":"https:\/\/www.lengyelrobert.hu\/index.php\/2018\/01\/30\/2018-01-30-i-facebook-bejegyzes\/#breadcrumb"},"inLanguage":"hu","potentialAction":[{"@type":"ReadAction","target":["https:\/\/www.lengyelrobert.hu\/index.php\/2018\/01\/30\/2018-01-30-i-facebook-bejegyzes\/"]}]},{"@type":"ImageObject","inLanguage":"hu","@id":"https:\/\/www.lengyelrobert.hu\/index.php\/2018\/01\/30\/2018-01-30-i-facebook-bejegyzes\/#primaryimage","url":"https:\/\/www.lengyelrobert.hu\/wp-content\/uploads\/2019\/04\/27067739_974696579346320_6011615657114316871_n_974696579346320-1.jpg","contentUrl":"https:\/\/www.lengyelrobert.hu\/wp-content\/uploads\/2019\/04\/27067739_974696579346320_6011615657114316871_n_974696579346320-1.jpg","width":187,"height":270},{"@type":"BreadcrumbList","@id":"https:\/\/www.lengyelrobert.hu\/index.php\/2018\/01\/30\/2018-01-30-i-facebook-bejegyzes\/#breadcrumb","itemListElement":[{"@type":"ListItem","position":1,"name":"Home","item":"https:\/\/www.lengyelrobert.hu\/"},{"@type":"ListItem","position":2,"name":"2018.01.30-i Facebook bejegyz\u00e9s"}]},{"@type":"WebSite","@id":"https:\/\/www.lengyelrobert.hu\/#website","url":"https:\/\/www.lengyelrobert.hu\/","name":"dr. Lengyel R\u00f3bert","description":"A Becs\u00fclettel Si\u00f3fok\u00e9rt Egyes\u00fclet honlapja","potentialAction":[{"@type":"SearchAction","target":{"@type":"EntryPoint","urlTemplate":"https:\/\/www.lengyelrobert.hu\/?s={search_term_string}"},"query-input":{"@type":"PropertyValueSpecification","valueRequired":true,"valueName":"search_term_string"}}],"inLanguage":"hu"},{"@type":"Person","@id":"https:\/\/www.lengyelrobert.hu\/#\/schema\/person\/2926fe5141a59e6530d8a411eb7bfb2d","name":"webmaster","image":{"@type":"ImageObject","inLanguage":"hu","@id":"https:\/\/www.lengyelrobert.hu\/#\/schema\/person\/image\/","url":"https:\/\/secure.gravatar.com\/avatar\/d53f7fc01f188bb097ecc2caf950c777c2cdc1ec48a2d1726a8399a2188940b0?s=96&d=mm&r=g","contentUrl":"https:\/\/secure.gravatar.com\/avatar\/d53f7fc01f188bb097ecc2caf950c777c2cdc1ec48a2d1726a8399a2188940b0?s=96&d=mm&r=g","caption":"webmaster"},"sameAs":["https:\/\/www.lengyelrobert.hu"],"url":"https:\/\/www.lengyelrobert.hu\/index.php\/author\/webmaster\/"}]}},"_links":{"self":[{"href":"https:\/\/www.lengyelrobert.hu\/index.php\/wp-json\/wp\/v2\/posts\/4813","targetHints":{"allow":["GET"]}}],"collection":[{"href":"https:\/\/www.lengyelrobert.hu\/index.php\/wp-json\/wp\/v2\/posts"}],"about":[{"href":"https:\/\/www.lengyelrobert.hu\/index.php\/wp-json\/wp\/v2\/types\/post"}],"author":[{"embeddable":true,"href":"https:\/\/www.lengyelrobert.hu\/index.php\/wp-json\/wp\/v2\/users\/1"}],"replies":[{"embeddable":true,"href":"https:\/\/www.lengyelrobert.hu\/index.php\/wp-json\/wp\/v2\/comments?post=4813"}],"version-history":[{"count":0,"href":"https:\/\/www.lengyelrobert.hu\/index.php\/wp-json\/wp\/v2\/posts\/4813\/revisions"}],"wp:featuredmedia":[{"embeddable":true,"href":"https:\/\/www.lengyelrobert.hu\/index.php\/wp-json\/wp\/v2\/media\/4814"}],"wp:attachment":[{"href":"https:\/\/www.lengyelrobert.hu\/index.php\/wp-json\/wp\/v2\/media?parent=4813"}],"wp:term":[{"taxonomy":"category","embeddable":true,"href":"https:\/\/www.lengyelrobert.hu\/index.php\/wp-json\/wp\/v2\/categories?post=4813"},{"taxonomy":"post_tag","embeddable":true,"href":"https:\/\/www.lengyelrobert.hu\/index.php\/wp-json\/wp\/v2\/tags?post=4813"}],"curies":[{"name":"wp","href":"https:\/\/api.w.org\/{rel}","templated":true}]}}