{"id":4771,"date":"2018-03-07T14:44:38","date_gmt":"2018-03-07T13:44:38","guid":{"rendered":"https:\/\/www.lengyelrobert.hu\/uncategorized\/2018-03-07-i-facebook-bejegyzes\/"},"modified":"2018-03-07T14:44:38","modified_gmt":"2018-03-07T13:44:38","slug":"2018-03-07-i-facebook-bejegyzes","status":"publish","type":"post","link":"https:\/\/www.lengyelrobert.hu\/index.php\/2018\/03\/07\/2018-03-07-i-facebook-bejegyzes\/","title":{"rendered":"2018.03.07-i Facebook bejegyz\u00e9s"},"content":{"rendered":"<p>Tisztelt Olvas\u00f3im!<\/p>\n<p>        Az elm\u00falt napokban egyes, elfogulatlannak m\u00e9g v\u00e9letlen\u00fcl sem nevezhet\u0151 sajt\u00f3org\u00e1numok, igyekeztek a v\u00e1laszt\u00e1si s\u00e1rdob\u00e1l\u00e1s r\u00e9szes\u00e9v\u00e9 tenni. Nem l\u00e9tez\u0151 \u00f6sszef\u00fcgg\u00e9seket l\u00e1tnak k\u00f6ztem, meg hol az egyik, hol meg a m\u00e1sik ellenz\u00e9ki p\u00e1rt k\u00f6z\u00f6tt. Persze gondosan \u00fcgyelve arra, hogy engem meg se k\u00e9rdezzenek. Akkor most k\u00e9rd\u00e9s n\u00e9lk\u00fcl, r\u00e9szben csak r\u00e1er\u0151s\u00edtek a m\u00e1r kor\u00e1bban \u00e1ltalam megfogalmazottakra. 2014 okt\u00f3ber\u00e9ben f\u00fcggetlen jel\u00f6ltk\u00e9nt indultam \u00e9s nyertem, \u00fagy, hogy M\u00e1rki-Zay  P\u00e9terhez hasonl\u00f3an, a Si\u00f3fokon szervezettel rendelkez\u0151 ellenz\u00e9ki p\u00e1rtok egy\u00f6ntet\u0171en m\u00f6g\u00e9m \u00e1lltak. Nem p\u00e9nzzel, nem kamp\u00e1ny-st\u00e1bbal, hanem azzal, hogy valamennyien t\u00e1mogathat\u00f3 jel\u00f6ltnek \u00edt\u00e9ltek meg \u00e9s nem ind\u00edtottak r\u00e1m. A kamp\u00e1ny alatt, majd a megv\u00e1laszt\u00e1som ut\u00e1n is a korm\u00e1nyp\u00e1rtok helyi emberei a gusztustalanabbn\u00e1l gusztustalanabb eszk\u00f6z\u00f6kben sem v\u00e1logatva estek a torkomnak \u00e9s pr\u00f3b\u00e1ltak minden eszk\u00f6zzel lej\u00e1ratni, k\u00e9s\u0151bb lemond\u00e1sra k\u00e9nyszer\u00edteni. Nyilv\u00e1n ez\u00e9rt nem tudok h\u00e1l\u00e1s lenni nekik, mint ahogy gondolom azok sem felejtettek, akik r\u00e1m szavaztak \u00e9s megtapasztalt\u00e1k ezt az elemi aljass\u00e1got, amiben r\u00e9szem volt. S b\u00e1r a helyzet k\u00e9ts\u00e9g k\u00edv\u00fcl konszolid\u00e1l\u00f3dott az id\u0151k folyam\u00e1n, az\u00e9rt ezt a leck\u00e9t nem felejtettem \u00e9s nem is felejthetem el. Az is t\u00e9ny, hogy az elm\u00falt id\u0151szakban t\u00f6bb ellenz\u00e9ki p\u00e1rt is&#8221;megk\u00f3stolt&#8221;, induljak el orsz\u00e1ggy\u0171l\u00e9si k\u00e9pvisel\u0151-jel\u00f6ltk\u00e9nt. Mindenkit kikosaraztam, mondv\u00e1n: a politika vil\u00e1ga sz\u00e1momra olyan szinten aljas, hogy egyel\u0151re el\u00e9g az, amit polg\u00e1rmesterk\u00e9nt megtapasztalhatok bel\u0151le, nem akarok m\u00e9g m\u00e9lyebben belemer\u00fclni. Most tombol a kamp\u00e1ny. A hatalom g\u00f6rcs\u00f6sen kapaszkodik, akinek f\u00e9lni val\u00f3ja van k\u00f6zt\u00fck, az most retteg a b\u00f6rt\u00f6nt\u0151l \u00e9s \u00e9let-hal\u00e1l harcot v\u00edv, akinek a kenyere f\u00fcgg a korm\u00e1ny siker\u00e9t\u0151l, az meg foh\u00e1szkodik m\u00e9g 4 \u00e9v k\u00f6zp\u00e9nzhabzsol\u00e1s\u00e9rt. A t\u00f6bbp\u00f3lus\u00fa ellenz\u00e9k meg k\u00f6zben igyekszik minden lehet\u0151s\u00e9get kihaszn\u00e1lni, hogy buktassa a korm\u00e1nyt. Illetve most m\u00e9g nem teljesen vil\u00e1gos, hogy kinek mi a fontosabb: a korm\u00e1nyv\u00e1lt\u00e1s, vagy a szem\u00e9lyes amb\u00edci\u00f3k, a hatalom tort\u00e1j\u00e1b\u00f3l min\u00e9l nagyobb szelet kihas\u00edt\u00e1sa. Majd kider\u00fcl. Az \u00e1ll\u00e1spontom v\u00e1ltozatlan: es\u00e9ly\u00fck akkor van igaz\u00e1n, ha a k\u00f6rzetek t\u00f6bbs\u00e9g\u00e9ben egyetlen \u00fct\u0151s ellenz\u00e9ki jel\u00f6lt marad \u00e1llva a korm\u00e1nyp\u00e1rtival szemben. A si\u00f3foki k\u00f6rzetben is. Ha mind Potocsk\u00e1n\u00e9 (Jobbik), mind pedig Magyar doktor (MSZP-P\u00e1rbesz\u00e9d) kih\u00edv\u00f3i poz\u00edci\u00f3ban maradnak a v\u00e9g\u00e9n, szinte es\u00e9lytelen a v\u00e1lt\u00e1s, ellenkez\u0151 esetben er\u0151teljesen es\u00e9lyes.<br \/>\n        Ma Magyar Gy\u00f6rgynek lesz a si\u00f3foki KIKK sz\u00ednh\u00e1zterm\u00e9ben v\u00e1laszt\u00e1si rendezv\u00e9nye, ahol Kar\u00e1csony Gergely is jelen lesz. Tisztess\u00e9ggel megh\u00edvtak \u00e9s el is fogok menni, meg fogom hallgatni a jel\u00f6ltet. \u00c9s nem ez lesz az utols\u00f3 kamp\u00e1ny-rendezv\u00e9ny a v\u00e1rosban, ahol szint\u00e9n jelen leszek majd. Egyr\u00e9szt, mert nem felejtettem el, hogy amikor kellett, mely p\u00e1rtok \u00e1lltak mell\u00e9m, m\u00e1sr\u00e9szt pedig az sem baj, ha t\u00e1j\u00e9koz\u00f3dik az ember, ki mit \u00edg\u00e9r, mit akar a j\u00f6v\u0151re n\u00e9zve&#8230;<\/p>\n<p>        Bar\u00e1ts\u00e1ggal: R.<\/p>\n<p><a href=\"\"><\/a><\/p>\n","protected":false},"excerpt":{"rendered":"<p>Tisztelt Olvas\u00f3im! Az elm\u00falt napokban egyes, elfogulatlannak m\u00e9g v\u00e9letlen\u00fcl sem nevezhet\u0151 sajt\u00f3org\u00e1numok, igyekeztek a v\u00e1laszt\u00e1si s\u00e1rdob\u00e1l\u00e1s r\u00e9szes\u00e9v\u00e9 tenni. Nem l\u00e9tez\u0151 \u00f6sszef\u00fcgg\u00e9seket l\u00e1tnak k\u00f6ztem, meg hol az egyik, hol meg a m\u00e1sik ellenz\u00e9ki p\u00e1rt k\u00f6z\u00f6tt. Persze gondosan \u00fcgyelve arra, hogy engem meg se k\u00e9rdezzenek. Akkor most k\u00e9rd\u00e9s n\u00e9lk\u00fcl, r\u00e9szben csak r\u00e1er\u0151s\u00edtek a m\u00e1r kor\u00e1bban \u00e1ltalam megfogalmazottakra. [&hellip;]<\/p>\n","protected":false},"author":1,"featured_media":4772,"comment_status":"closed","ping_status":"closed","sticky":false,"template":"","format":"standard","meta":{"_acf_changed":false,"_et_pb_use_builder":"","_et_pb_old_content":"","_et_gb_content_width":"","footnotes":""},"categories":[1],"tags":[],"class_list":["post-4771","post","type-post","status-publish","format-standard","has-post-thumbnail","hentry","category-uncategorized"],"acf":[],"yoast_head":"<!-- This site is optimized with the Yoast SEO plugin v23.8 - https:\/\/yoast.com\/wordpress\/plugins\/seo\/ -->\n<title>2018.03.07-i Facebook bejegyz\u00e9s - dr. Lengyel R\u00f3bert<\/title>\n<meta name=\"robots\" content=\"index, follow, max-snippet:-1, max-image-preview:large, max-video-preview:-1\" \/>\n<link rel=\"canonical\" href=\"https:\/\/www.lengyelrobert.hu\/index.php\/2018\/03\/07\/2018-03-07-i-facebook-bejegyzes\/\" \/>\n<meta property=\"og:locale\" content=\"hu_HU\" \/>\n<meta property=\"og:type\" content=\"article\" \/>\n<meta property=\"og:title\" content=\"2018.03.07-i Facebook bejegyz\u00e9s - dr. Lengyel R\u00f3bert\" \/>\n<meta property=\"og:description\" content=\"Tisztelt Olvas\u00f3im! Az elm\u00falt napokban egyes, elfogulatlannak m\u00e9g v\u00e9letlen\u00fcl sem nevezhet\u0151 sajt\u00f3org\u00e1numok, igyekeztek a v\u00e1laszt\u00e1si s\u00e1rdob\u00e1l\u00e1s r\u00e9szes\u00e9v\u00e9 tenni. Nem l\u00e9tez\u0151 \u00f6sszef\u00fcgg\u00e9seket l\u00e1tnak k\u00f6ztem, meg hol az egyik, hol meg a m\u00e1sik ellenz\u00e9ki p\u00e1rt k\u00f6z\u00f6tt. Persze gondosan \u00fcgyelve arra, hogy engem meg se k\u00e9rdezzenek. Akkor most k\u00e9rd\u00e9s n\u00e9lk\u00fcl, r\u00e9szben csak r\u00e1er\u0151s\u00edtek a m\u00e1r kor\u00e1bban \u00e1ltalam megfogalmazottakra. [&hellip;]\" \/>\n<meta property=\"og:url\" content=\"https:\/\/www.lengyelrobert.hu\/index.php\/2018\/03\/07\/2018-03-07-i-facebook-bejegyzes\/\" \/>\n<meta property=\"og:site_name\" content=\"dr. Lengyel R\u00f3bert\" \/>\n<meta property=\"article:published_time\" content=\"2018-03-07T13:44:38+00:00\" \/>\n<meta property=\"og:image\" content=\"https:\/\/www.lengyelrobert.hu\/wp-content\/uploads\/2019\/04\/28795407_997921303690514_4941263683960438784_n_997921297023848-1.jpg\" \/>\n\t<meta property=\"og:image:width\" content=\"780\" \/>\n\t<meta property=\"og:image:height\" content=\"439\" \/>\n\t<meta property=\"og:image:type\" content=\"image\/jpeg\" \/>\n<meta name=\"author\" content=\"webmaster\" \/>\n<meta name=\"twitter:card\" content=\"summary_large_image\" \/>\n<meta name=\"twitter:label1\" content=\"Szerz\u0151:\" \/>\n\t<meta name=\"twitter:data1\" content=\"webmaster\" \/>\n\t<meta name=\"twitter:label2\" content=\"Becs\u00fclt olvas\u00e1si id\u0151\" \/>\n\t<meta name=\"twitter:data2\" content=\"3 perc\" \/>\n<script type=\"application\/ld+json\" class=\"yoast-schema-graph\">{\"@context\":\"https:\/\/schema.org\",\"@graph\":[{\"@type\":\"WebPage\",\"@id\":\"https:\/\/www.lengyelrobert.hu\/index.php\/2018\/03\/07\/2018-03-07-i-facebook-bejegyzes\/\",\"url\":\"https:\/\/www.lengyelrobert.hu\/index.php\/2018\/03\/07\/2018-03-07-i-facebook-bejegyzes\/\",\"name\":\"2018.03.07-i Facebook bejegyz\u00e9s - dr. Lengyel R\u00f3bert\",\"isPartOf\":{\"@id\":\"https:\/\/www.lengyelrobert.hu\/#website\"},\"primaryImageOfPage\":{\"@id\":\"https:\/\/www.lengyelrobert.hu\/index.php\/2018\/03\/07\/2018-03-07-i-facebook-bejegyzes\/#primaryimage\"},\"image\":{\"@id\":\"https:\/\/www.lengyelrobert.hu\/index.php\/2018\/03\/07\/2018-03-07-i-facebook-bejegyzes\/#primaryimage\"},\"thumbnailUrl\":\"https:\/\/www.lengyelrobert.hu\/wp-content\/uploads\/2019\/04\/28795407_997921303690514_4941263683960438784_n_997921297023848-1.jpg\",\"datePublished\":\"2018-03-07T13:44:38+00:00\",\"dateModified\":\"2018-03-07T13:44:38+00:00\",\"author\":{\"@id\":\"https:\/\/www.lengyelrobert.hu\/#\/schema\/person\/2926fe5141a59e6530d8a411eb7bfb2d\"},\"breadcrumb\":{\"@id\":\"https:\/\/www.lengyelrobert.hu\/index.php\/2018\/03\/07\/2018-03-07-i-facebook-bejegyzes\/#breadcrumb\"},\"inLanguage\":\"hu\",\"potentialAction\":[{\"@type\":\"ReadAction\",\"target\":[\"https:\/\/www.lengyelrobert.hu\/index.php\/2018\/03\/07\/2018-03-07-i-facebook-bejegyzes\/\"]}]},{\"@type\":\"ImageObject\",\"inLanguage\":\"hu\",\"@id\":\"https:\/\/www.lengyelrobert.hu\/index.php\/2018\/03\/07\/2018-03-07-i-facebook-bejegyzes\/#primaryimage\",\"url\":\"https:\/\/www.lengyelrobert.hu\/wp-content\/uploads\/2019\/04\/28795407_997921303690514_4941263683960438784_n_997921297023848-1.jpg\",\"contentUrl\":\"https:\/\/www.lengyelrobert.hu\/wp-content\/uploads\/2019\/04\/28795407_997921303690514_4941263683960438784_n_997921297023848-1.jpg\",\"width\":780,\"height\":439},{\"@type\":\"BreadcrumbList\",\"@id\":\"https:\/\/www.lengyelrobert.hu\/index.php\/2018\/03\/07\/2018-03-07-i-facebook-bejegyzes\/#breadcrumb\",\"itemListElement\":[{\"@type\":\"ListItem\",\"position\":1,\"name\":\"Home\",\"item\":\"https:\/\/www.lengyelrobert.hu\/\"},{\"@type\":\"ListItem\",\"position\":2,\"name\":\"2018.03.07-i Facebook bejegyz\u00e9s\"}]},{\"@type\":\"WebSite\",\"@id\":\"https:\/\/www.lengyelrobert.hu\/#website\",\"url\":\"https:\/\/www.lengyelrobert.hu\/\",\"name\":\"dr. Lengyel R\u00f3bert\",\"description\":\"A Becs\u00fclettel Si\u00f3fok\u00e9rt Egyes\u00fclet honlapja\",\"potentialAction\":[{\"@type\":\"SearchAction\",\"target\":{\"@type\":\"EntryPoint\",\"urlTemplate\":\"https:\/\/www.lengyelrobert.hu\/?s={search_term_string}\"},\"query-input\":{\"@type\":\"PropertyValueSpecification\",\"valueRequired\":true,\"valueName\":\"search_term_string\"}}],\"inLanguage\":\"hu\"},{\"@type\":\"Person\",\"@id\":\"https:\/\/www.lengyelrobert.hu\/#\/schema\/person\/2926fe5141a59e6530d8a411eb7bfb2d\",\"name\":\"webmaster\",\"image\":{\"@type\":\"ImageObject\",\"inLanguage\":\"hu\",\"@id\":\"https:\/\/www.lengyelrobert.hu\/#\/schema\/person\/image\/\",\"url\":\"https:\/\/secure.gravatar.com\/avatar\/d53f7fc01f188bb097ecc2caf950c777c2cdc1ec48a2d1726a8399a2188940b0?s=96&d=mm&r=g\",\"contentUrl\":\"https:\/\/secure.gravatar.com\/avatar\/d53f7fc01f188bb097ecc2caf950c777c2cdc1ec48a2d1726a8399a2188940b0?s=96&d=mm&r=g\",\"caption\":\"webmaster\"},\"sameAs\":[\"https:\/\/www.lengyelrobert.hu\"],\"url\":\"https:\/\/www.lengyelrobert.hu\/index.php\/author\/webmaster\/\"}]}<\/script>\n<!-- \/ Yoast SEO plugin. -->","yoast_head_json":{"title":"2018.03.07-i Facebook bejegyz\u00e9s - dr. Lengyel R\u00f3bert","robots":{"index":"index","follow":"follow","max-snippet":"max-snippet:-1","max-image-preview":"max-image-preview:large","max-video-preview":"max-video-preview:-1"},"canonical":"https:\/\/www.lengyelrobert.hu\/index.php\/2018\/03\/07\/2018-03-07-i-facebook-bejegyzes\/","og_locale":"hu_HU","og_type":"article","og_title":"2018.03.07-i Facebook bejegyz\u00e9s - dr. Lengyel R\u00f3bert","og_description":"Tisztelt Olvas\u00f3im! Az elm\u00falt napokban egyes, elfogulatlannak m\u00e9g v\u00e9letlen\u00fcl sem nevezhet\u0151 sajt\u00f3org\u00e1numok, igyekeztek a v\u00e1laszt\u00e1si s\u00e1rdob\u00e1l\u00e1s r\u00e9szes\u00e9v\u00e9 tenni. Nem l\u00e9tez\u0151 \u00f6sszef\u00fcgg\u00e9seket l\u00e1tnak k\u00f6ztem, meg hol az egyik, hol meg a m\u00e1sik ellenz\u00e9ki p\u00e1rt k\u00f6z\u00f6tt. Persze gondosan \u00fcgyelve arra, hogy engem meg se k\u00e9rdezzenek. Akkor most k\u00e9rd\u00e9s n\u00e9lk\u00fcl, r\u00e9szben csak r\u00e1er\u0151s\u00edtek a m\u00e1r kor\u00e1bban \u00e1ltalam megfogalmazottakra. [&hellip;]","og_url":"https:\/\/www.lengyelrobert.hu\/index.php\/2018\/03\/07\/2018-03-07-i-facebook-bejegyzes\/","og_site_name":"dr. Lengyel R\u00f3bert","article_published_time":"2018-03-07T13:44:38+00:00","og_image":[{"width":780,"height":439,"url":"https:\/\/www.lengyelrobert.hu\/wp-content\/uploads\/2019\/04\/28795407_997921303690514_4941263683960438784_n_997921297023848-1.jpg","type":"image\/jpeg"}],"author":"webmaster","twitter_card":"summary_large_image","twitter_misc":{"Szerz\u0151:":"webmaster","Becs\u00fclt olvas\u00e1si id\u0151":"3 perc"},"schema":{"@context":"https:\/\/schema.org","@graph":[{"@type":"WebPage","@id":"https:\/\/www.lengyelrobert.hu\/index.php\/2018\/03\/07\/2018-03-07-i-facebook-bejegyzes\/","url":"https:\/\/www.lengyelrobert.hu\/index.php\/2018\/03\/07\/2018-03-07-i-facebook-bejegyzes\/","name":"2018.03.07-i Facebook bejegyz\u00e9s - dr. Lengyel R\u00f3bert","isPartOf":{"@id":"https:\/\/www.lengyelrobert.hu\/#website"},"primaryImageOfPage":{"@id":"https:\/\/www.lengyelrobert.hu\/index.php\/2018\/03\/07\/2018-03-07-i-facebook-bejegyzes\/#primaryimage"},"image":{"@id":"https:\/\/www.lengyelrobert.hu\/index.php\/2018\/03\/07\/2018-03-07-i-facebook-bejegyzes\/#primaryimage"},"thumbnailUrl":"https:\/\/www.lengyelrobert.hu\/wp-content\/uploads\/2019\/04\/28795407_997921303690514_4941263683960438784_n_997921297023848-1.jpg","datePublished":"2018-03-07T13:44:38+00:00","dateModified":"2018-03-07T13:44:38+00:00","author":{"@id":"https:\/\/www.lengyelrobert.hu\/#\/schema\/person\/2926fe5141a59e6530d8a411eb7bfb2d"},"breadcrumb":{"@id":"https:\/\/www.lengyelrobert.hu\/index.php\/2018\/03\/07\/2018-03-07-i-facebook-bejegyzes\/#breadcrumb"},"inLanguage":"hu","potentialAction":[{"@type":"ReadAction","target":["https:\/\/www.lengyelrobert.hu\/index.php\/2018\/03\/07\/2018-03-07-i-facebook-bejegyzes\/"]}]},{"@type":"ImageObject","inLanguage":"hu","@id":"https:\/\/www.lengyelrobert.hu\/index.php\/2018\/03\/07\/2018-03-07-i-facebook-bejegyzes\/#primaryimage","url":"https:\/\/www.lengyelrobert.hu\/wp-content\/uploads\/2019\/04\/28795407_997921303690514_4941263683960438784_n_997921297023848-1.jpg","contentUrl":"https:\/\/www.lengyelrobert.hu\/wp-content\/uploads\/2019\/04\/28795407_997921303690514_4941263683960438784_n_997921297023848-1.jpg","width":780,"height":439},{"@type":"BreadcrumbList","@id":"https:\/\/www.lengyelrobert.hu\/index.php\/2018\/03\/07\/2018-03-07-i-facebook-bejegyzes\/#breadcrumb","itemListElement":[{"@type":"ListItem","position":1,"name":"Home","item":"https:\/\/www.lengyelrobert.hu\/"},{"@type":"ListItem","position":2,"name":"2018.03.07-i Facebook bejegyz\u00e9s"}]},{"@type":"WebSite","@id":"https:\/\/www.lengyelrobert.hu\/#website","url":"https:\/\/www.lengyelrobert.hu\/","name":"dr. Lengyel R\u00f3bert","description":"A Becs\u00fclettel Si\u00f3fok\u00e9rt Egyes\u00fclet honlapja","potentialAction":[{"@type":"SearchAction","target":{"@type":"EntryPoint","urlTemplate":"https:\/\/www.lengyelrobert.hu\/?s={search_term_string}"},"query-input":{"@type":"PropertyValueSpecification","valueRequired":true,"valueName":"search_term_string"}}],"inLanguage":"hu"},{"@type":"Person","@id":"https:\/\/www.lengyelrobert.hu\/#\/schema\/person\/2926fe5141a59e6530d8a411eb7bfb2d","name":"webmaster","image":{"@type":"ImageObject","inLanguage":"hu","@id":"https:\/\/www.lengyelrobert.hu\/#\/schema\/person\/image\/","url":"https:\/\/secure.gravatar.com\/avatar\/d53f7fc01f188bb097ecc2caf950c777c2cdc1ec48a2d1726a8399a2188940b0?s=96&d=mm&r=g","contentUrl":"https:\/\/secure.gravatar.com\/avatar\/d53f7fc01f188bb097ecc2caf950c777c2cdc1ec48a2d1726a8399a2188940b0?s=96&d=mm&r=g","caption":"webmaster"},"sameAs":["https:\/\/www.lengyelrobert.hu"],"url":"https:\/\/www.lengyelrobert.hu\/index.php\/author\/webmaster\/"}]}},"_links":{"self":[{"href":"https:\/\/www.lengyelrobert.hu\/index.php\/wp-json\/wp\/v2\/posts\/4771","targetHints":{"allow":["GET"]}}],"collection":[{"href":"https:\/\/www.lengyelrobert.hu\/index.php\/wp-json\/wp\/v2\/posts"}],"about":[{"href":"https:\/\/www.lengyelrobert.hu\/index.php\/wp-json\/wp\/v2\/types\/post"}],"author":[{"embeddable":true,"href":"https:\/\/www.lengyelrobert.hu\/index.php\/wp-json\/wp\/v2\/users\/1"}],"replies":[{"embeddable":true,"href":"https:\/\/www.lengyelrobert.hu\/index.php\/wp-json\/wp\/v2\/comments?post=4771"}],"version-history":[{"count":0,"href":"https:\/\/www.lengyelrobert.hu\/index.php\/wp-json\/wp\/v2\/posts\/4771\/revisions"}],"wp:featuredmedia":[{"embeddable":true,"href":"https:\/\/www.lengyelrobert.hu\/index.php\/wp-json\/wp\/v2\/media\/4772"}],"wp:attachment":[{"href":"https:\/\/www.lengyelrobert.hu\/index.php\/wp-json\/wp\/v2\/media?parent=4771"}],"wp:term":[{"taxonomy":"category","embeddable":true,"href":"https:\/\/www.lengyelrobert.hu\/index.php\/wp-json\/wp\/v2\/categories?post=4771"},{"taxonomy":"post_tag","embeddable":true,"href":"https:\/\/www.lengyelrobert.hu\/index.php\/wp-json\/wp\/v2\/tags?post=4771"}],"curies":[{"name":"wp","href":"https:\/\/api.w.org\/{rel}","templated":true}]}}