{"id":4751,"date":"2018-03-22T07:34:26","date_gmt":"2018-03-22T06:34:26","guid":{"rendered":"https:\/\/www.lengyelrobert.hu\/uncategorized\/2018-03-22-i-facebook-bejegyzes\/"},"modified":"2018-03-22T07:34:26","modified_gmt":"2018-03-22T06:34:26","slug":"2018-03-22-i-facebook-bejegyzes","status":"publish","type":"post","link":"https:\/\/www.lengyelrobert.hu\/index.php\/2018\/03\/22\/2018-03-22-i-facebook-bejegyzes\/","title":{"rendered":"2018.03.22-i Facebook bejegyz\u00e9s"},"content":{"rendered":"<p>Tisztelt Olvas\u00f3im!<\/p>\n<p>        Az elm\u00falt 1-2 h\u00e9tben, a kamp\u00e1ny hev\u00e9ben, j\u00f3magam is kaptam hideget-meleget. Ennek a m\u00e9lypontj\u00e1t sz\u00e1momra a m\u00e1rcius 15-ei koszor\u00faz\u00e1s k\u00f6r\u00fcl kialakult\/sz\u00edtott vagdalkoz\u00e1s, v\u00e1daskod\u00e1s jelentette. Nem is az a f\u0151 k\u00e9rd\u00e9s, ki kezdte -erre lentebb Hofi tr\u00e9f\u00e1s v\u00e1laszt ad-, hanem, hogy mi\u00e9rt kell m\u00e9g ebb\u0151l is boh\u00f3zatot csin\u00e1lni? Sz\u00f3val olyan szinten lett elegem a s\u00e1rdob\u00e1l\u00e1sb\u00f3l, az engem, vagy \u00e9pp munkat\u00e1rsaimat \u00e9rt t\u00e1mad\u00e1sokb\u00f3l, jobb esetben kritik\u00e1kb\u00f3l, hogy od\u00e1ig jutottam, teljesen izol\u00e1lom magam a nagypolitika esem\u00e9nyeit\u0151l \u00e9s hagyom az eg\u00e9szet a francba. \u00d6ld\u00f6k\u00f6lj\u00e9k, any\u00e1zz\u00e1k egym\u00e1st a p\u00e1rtok, a szimpatiz\u00e1nsok, majd csak elm\u00falik ez a nagy sebl\u00e1z. Eg\u00e9szen od\u00e1ig jutottam, hogy kamp\u00e1ny, avagy ahhoz kapcsol\u00f3d\u00f3 rendezv\u00e9nyre el sem megyek m\u00e1r \u00e1prilis 8-ig, mert nincs erre semmi sz\u00fcks\u00e9gem. \u00c9rtettem ezt a KIKK-ben 2018. m\u00e1rcius 24-\u00e9n 15.30 \u00f3rakor kezd\u0151d\u0151 &#8220;F\u00fcggetlens\u00e9g Napja&#8221; nev\u0171 rendezv\u00e9nyre is, melynek rajtam k\u00edv\u00fcl M\u00e1rki-Zay P\u00e9ter H\u00f3dmez\u0151v\u00e1s\u00e1rhely, valamint Wittinghoff Tam\u00e1s Buda\u0151rs f\u00fcggetlen polg\u00e1rmesterei szint\u00e9n megh\u00edvott vend\u00e9gei. <\/p>\n<p>        V\u00e9g\u00fcl egy hosszas \u00e9jszakai v\u00edv\u00f3d\u00e1s ut\u00e1n megv\u00e1ltoztattam a d\u00f6nt\u00e9semet, m\u00e9gis ott leszek. Nem els\u0151sorban az\u00e9rt, mert id\u0151k\u00f6zben a program hirdet\u00e9se m\u00e1r megkezd\u0151d\u00f6tt \u00e9s a nevem a plak\u00e1tokon szerepel, de m\u00e9g csak nem is az\u00e9rt, hogy szem\u00e9ly szerint b\u00e1rkinek is kamp\u00e1nyoljak. Els\u0151sorban az\u00e9rt, mert erre V\u00f6lgyi Lajos baloldali k\u00e9pvisel\u0151 t\u00e1rsam (aki az elm\u00falt \u00e9vekben Orb\u00e1nn\u00e9 Wald Mariannal \/Jobbik\/ egy\u00fctt sokszor \u00e1llt ki mellettem) k\u00fcl\u00f6n megk\u00e9rt, m\u00e1sr\u00e9szt pedig az\u00e9rt, amit M\u00e1rki-Zay P\u00e9ter mondott nekem egy tegnapi besz\u00e9lget\u00e9s\u00fcnk sor\u00e1n. L\u00e9nyeg\u00e9t tekintve ez a k\u00f6vetkez\u0151 volt: mindazon f\u00fcggetlen polg\u00e1rmestereknek, akik a jelenlegi korm\u00e1nyzati politik\u00e1val egy\u00e1ltal\u00e1n nem, avagy javar\u00e9szt nem \u00e9rtenek egyet -\u00e9s \u00e9n magamat ez ut\u00f3bbiak k\u00f6z\u00e9 sorolom- t\u00f6rt\u00e9nelmi felel\u0151ss\u00e9g\u00fck van abban, hogy most ki\u00e1lljanak, v\u00e9lem\u00e9nyt alkossanak \u00e9s a korm\u00e1ny politik\u00e1j\u00e1val szint\u00e9n egyet nem \u00e9rt\u0151 t\u00f6meg hangj\u00e1n is megsz\u00f3laljanak. \u00dczenjenek ahol csak tudnak a hezit\u00e1l\u00f3, matekoz\u00f3, verseng\u0151 p\u00e1rtpolitikusoknak. \u00c9s igaza van. Nos, \u00e9n ez\u00e9rt leszek ott&#8230;<\/p>\n<p>        Bar\u00e1ts\u00e1ggal: R.<\/p>\n<p><a href=\"\"><\/a><\/p>\n","protected":false},"excerpt":{"rendered":"<p>Tisztelt Olvas\u00f3im! Az elm\u00falt 1-2 h\u00e9tben, a kamp\u00e1ny hev\u00e9ben, j\u00f3magam is kaptam hideget-meleget. Ennek a m\u00e9lypontj\u00e1t sz\u00e1momra a m\u00e1rcius 15-ei koszor\u00faz\u00e1s k\u00f6r\u00fcl kialakult\/sz\u00edtott vagdalkoz\u00e1s, v\u00e1daskod\u00e1s jelentette. Nem is az a f\u0151 k\u00e9rd\u00e9s, ki kezdte -erre lentebb Hofi tr\u00e9f\u00e1s v\u00e1laszt ad-, hanem, hogy mi\u00e9rt kell m\u00e9g ebb\u0151l is boh\u00f3zatot csin\u00e1lni? Sz\u00f3val olyan szinten lett elegem a [&hellip;]<\/p>\n","protected":false},"author":1,"featured_media":4752,"comment_status":"closed","ping_status":"closed","sticky":false,"template":"","format":"standard","meta":{"_acf_changed":false,"_et_pb_use_builder":"","_et_pb_old_content":"","_et_gb_content_width":"","footnotes":""},"categories":[1],"tags":[],"class_list":["post-4751","post","type-post","status-publish","format-standard","has-post-thumbnail","hentry","category-uncategorized"],"acf":[],"yoast_head":"<!-- This site is optimized with the Yoast SEO plugin v23.8 - https:\/\/yoast.com\/wordpress\/plugins\/seo\/ -->\n<title>2018.03.22-i Facebook bejegyz\u00e9s - dr. Lengyel R\u00f3bert<\/title>\n<meta name=\"robots\" content=\"index, follow, max-snippet:-1, max-image-preview:large, max-video-preview:-1\" \/>\n<link rel=\"canonical\" href=\"https:\/\/www.lengyelrobert.hu\/index.php\/2018\/03\/22\/2018-03-22-i-facebook-bejegyzes\/\" \/>\n<meta property=\"og:locale\" content=\"hu_HU\" \/>\n<meta property=\"og:type\" content=\"article\" \/>\n<meta property=\"og:title\" content=\"2018.03.22-i Facebook bejegyz\u00e9s - dr. Lengyel R\u00f3bert\" \/>\n<meta property=\"og:description\" content=\"Tisztelt Olvas\u00f3im! Az elm\u00falt 1-2 h\u00e9tben, a kamp\u00e1ny hev\u00e9ben, j\u00f3magam is kaptam hideget-meleget. Ennek a m\u00e9lypontj\u00e1t sz\u00e1momra a m\u00e1rcius 15-ei koszor\u00faz\u00e1s k\u00f6r\u00fcl kialakult\/sz\u00edtott vagdalkoz\u00e1s, v\u00e1daskod\u00e1s jelentette. Nem is az a f\u0151 k\u00e9rd\u00e9s, ki kezdte -erre lentebb Hofi tr\u00e9f\u00e1s v\u00e1laszt ad-, hanem, hogy mi\u00e9rt kell m\u00e9g ebb\u0151l is boh\u00f3zatot csin\u00e1lni? Sz\u00f3val olyan szinten lett elegem a [&hellip;]\" \/>\n<meta property=\"og:url\" content=\"https:\/\/www.lengyelrobert.hu\/index.php\/2018\/03\/22\/2018-03-22-i-facebook-bejegyzes\/\" \/>\n<meta property=\"og:site_name\" content=\"dr. Lengyel R\u00f3bert\" \/>\n<meta property=\"article:published_time\" content=\"2018-03-22T06:34:26+00:00\" \/>\n<meta property=\"og:image\" content=\"https:\/\/www.lengyelrobert.hu\/wp-content\/uploads\/2019\/04\/29511901_1007669499382361_582700287517523968_n_1007669496049028-1.jpg\" \/>\n\t<meta property=\"og:image:width\" content=\"600\" \/>\n\t<meta property=\"og:image:height\" content=\"611\" \/>\n\t<meta property=\"og:image:type\" content=\"image\/jpeg\" \/>\n<meta name=\"author\" content=\"webmaster\" \/>\n<meta name=\"twitter:card\" content=\"summary_large_image\" \/>\n<meta name=\"twitter:label1\" content=\"Szerz\u0151:\" \/>\n\t<meta name=\"twitter:data1\" content=\"webmaster\" \/>\n\t<meta name=\"twitter:label2\" content=\"Becs\u00fclt olvas\u00e1si id\u0151\" \/>\n\t<meta name=\"twitter:data2\" content=\"2 perc\" \/>\n<script type=\"application\/ld+json\" class=\"yoast-schema-graph\">{\"@context\":\"https:\/\/schema.org\",\"@graph\":[{\"@type\":\"WebPage\",\"@id\":\"https:\/\/www.lengyelrobert.hu\/index.php\/2018\/03\/22\/2018-03-22-i-facebook-bejegyzes\/\",\"url\":\"https:\/\/www.lengyelrobert.hu\/index.php\/2018\/03\/22\/2018-03-22-i-facebook-bejegyzes\/\",\"name\":\"2018.03.22-i Facebook bejegyz\u00e9s - dr. Lengyel R\u00f3bert\",\"isPartOf\":{\"@id\":\"https:\/\/www.lengyelrobert.hu\/#website\"},\"primaryImageOfPage\":{\"@id\":\"https:\/\/www.lengyelrobert.hu\/index.php\/2018\/03\/22\/2018-03-22-i-facebook-bejegyzes\/#primaryimage\"},\"image\":{\"@id\":\"https:\/\/www.lengyelrobert.hu\/index.php\/2018\/03\/22\/2018-03-22-i-facebook-bejegyzes\/#primaryimage\"},\"thumbnailUrl\":\"https:\/\/www.lengyelrobert.hu\/wp-content\/uploads\/2019\/04\/29511901_1007669499382361_582700287517523968_n_1007669496049028-1.jpg\",\"datePublished\":\"2018-03-22T06:34:26+00:00\",\"dateModified\":\"2018-03-22T06:34:26+00:00\",\"author\":{\"@id\":\"https:\/\/www.lengyelrobert.hu\/#\/schema\/person\/2926fe5141a59e6530d8a411eb7bfb2d\"},\"breadcrumb\":{\"@id\":\"https:\/\/www.lengyelrobert.hu\/index.php\/2018\/03\/22\/2018-03-22-i-facebook-bejegyzes\/#breadcrumb\"},\"inLanguage\":\"hu\",\"potentialAction\":[{\"@type\":\"ReadAction\",\"target\":[\"https:\/\/www.lengyelrobert.hu\/index.php\/2018\/03\/22\/2018-03-22-i-facebook-bejegyzes\/\"]}]},{\"@type\":\"ImageObject\",\"inLanguage\":\"hu\",\"@id\":\"https:\/\/www.lengyelrobert.hu\/index.php\/2018\/03\/22\/2018-03-22-i-facebook-bejegyzes\/#primaryimage\",\"url\":\"https:\/\/www.lengyelrobert.hu\/wp-content\/uploads\/2019\/04\/29511901_1007669499382361_582700287517523968_n_1007669496049028-1.jpg\",\"contentUrl\":\"https:\/\/www.lengyelrobert.hu\/wp-content\/uploads\/2019\/04\/29511901_1007669499382361_582700287517523968_n_1007669496049028-1.jpg\",\"width\":600,\"height\":611},{\"@type\":\"BreadcrumbList\",\"@id\":\"https:\/\/www.lengyelrobert.hu\/index.php\/2018\/03\/22\/2018-03-22-i-facebook-bejegyzes\/#breadcrumb\",\"itemListElement\":[{\"@type\":\"ListItem\",\"position\":1,\"name\":\"Home\",\"item\":\"https:\/\/www.lengyelrobert.hu\/\"},{\"@type\":\"ListItem\",\"position\":2,\"name\":\"2018.03.22-i Facebook bejegyz\u00e9s\"}]},{\"@type\":\"WebSite\",\"@id\":\"https:\/\/www.lengyelrobert.hu\/#website\",\"url\":\"https:\/\/www.lengyelrobert.hu\/\",\"name\":\"dr. Lengyel R\u00f3bert\",\"description\":\"A Becs\u00fclettel Si\u00f3fok\u00e9rt Egyes\u00fclet honlapja\",\"potentialAction\":[{\"@type\":\"SearchAction\",\"target\":{\"@type\":\"EntryPoint\",\"urlTemplate\":\"https:\/\/www.lengyelrobert.hu\/?s={search_term_string}\"},\"query-input\":{\"@type\":\"PropertyValueSpecification\",\"valueRequired\":true,\"valueName\":\"search_term_string\"}}],\"inLanguage\":\"hu\"},{\"@type\":\"Person\",\"@id\":\"https:\/\/www.lengyelrobert.hu\/#\/schema\/person\/2926fe5141a59e6530d8a411eb7bfb2d\",\"name\":\"webmaster\",\"image\":{\"@type\":\"ImageObject\",\"inLanguage\":\"hu\",\"@id\":\"https:\/\/www.lengyelrobert.hu\/#\/schema\/person\/image\/\",\"url\":\"https:\/\/secure.gravatar.com\/avatar\/d53f7fc01f188bb097ecc2caf950c777c2cdc1ec48a2d1726a8399a2188940b0?s=96&d=mm&r=g\",\"contentUrl\":\"https:\/\/secure.gravatar.com\/avatar\/d53f7fc01f188bb097ecc2caf950c777c2cdc1ec48a2d1726a8399a2188940b0?s=96&d=mm&r=g\",\"caption\":\"webmaster\"},\"sameAs\":[\"https:\/\/www.lengyelrobert.hu\"],\"url\":\"https:\/\/www.lengyelrobert.hu\/index.php\/author\/webmaster\/\"}]}<\/script>\n<!-- \/ Yoast SEO plugin. -->","yoast_head_json":{"title":"2018.03.22-i Facebook bejegyz\u00e9s - dr. Lengyel R\u00f3bert","robots":{"index":"index","follow":"follow","max-snippet":"max-snippet:-1","max-image-preview":"max-image-preview:large","max-video-preview":"max-video-preview:-1"},"canonical":"https:\/\/www.lengyelrobert.hu\/index.php\/2018\/03\/22\/2018-03-22-i-facebook-bejegyzes\/","og_locale":"hu_HU","og_type":"article","og_title":"2018.03.22-i Facebook bejegyz\u00e9s - dr. Lengyel R\u00f3bert","og_description":"Tisztelt Olvas\u00f3im! Az elm\u00falt 1-2 h\u00e9tben, a kamp\u00e1ny hev\u00e9ben, j\u00f3magam is kaptam hideget-meleget. Ennek a m\u00e9lypontj\u00e1t sz\u00e1momra a m\u00e1rcius 15-ei koszor\u00faz\u00e1s k\u00f6r\u00fcl kialakult\/sz\u00edtott vagdalkoz\u00e1s, v\u00e1daskod\u00e1s jelentette. Nem is az a f\u0151 k\u00e9rd\u00e9s, ki kezdte -erre lentebb Hofi tr\u00e9f\u00e1s v\u00e1laszt ad-, hanem, hogy mi\u00e9rt kell m\u00e9g ebb\u0151l is boh\u00f3zatot csin\u00e1lni? Sz\u00f3val olyan szinten lett elegem a [&hellip;]","og_url":"https:\/\/www.lengyelrobert.hu\/index.php\/2018\/03\/22\/2018-03-22-i-facebook-bejegyzes\/","og_site_name":"dr. Lengyel R\u00f3bert","article_published_time":"2018-03-22T06:34:26+00:00","og_image":[{"width":600,"height":611,"url":"https:\/\/www.lengyelrobert.hu\/wp-content\/uploads\/2019\/04\/29511901_1007669499382361_582700287517523968_n_1007669496049028-1.jpg","type":"image\/jpeg"}],"author":"webmaster","twitter_card":"summary_large_image","twitter_misc":{"Szerz\u0151:":"webmaster","Becs\u00fclt olvas\u00e1si id\u0151":"2 perc"},"schema":{"@context":"https:\/\/schema.org","@graph":[{"@type":"WebPage","@id":"https:\/\/www.lengyelrobert.hu\/index.php\/2018\/03\/22\/2018-03-22-i-facebook-bejegyzes\/","url":"https:\/\/www.lengyelrobert.hu\/index.php\/2018\/03\/22\/2018-03-22-i-facebook-bejegyzes\/","name":"2018.03.22-i Facebook bejegyz\u00e9s - dr. Lengyel R\u00f3bert","isPartOf":{"@id":"https:\/\/www.lengyelrobert.hu\/#website"},"primaryImageOfPage":{"@id":"https:\/\/www.lengyelrobert.hu\/index.php\/2018\/03\/22\/2018-03-22-i-facebook-bejegyzes\/#primaryimage"},"image":{"@id":"https:\/\/www.lengyelrobert.hu\/index.php\/2018\/03\/22\/2018-03-22-i-facebook-bejegyzes\/#primaryimage"},"thumbnailUrl":"https:\/\/www.lengyelrobert.hu\/wp-content\/uploads\/2019\/04\/29511901_1007669499382361_582700287517523968_n_1007669496049028-1.jpg","datePublished":"2018-03-22T06:34:26+00:00","dateModified":"2018-03-22T06:34:26+00:00","author":{"@id":"https:\/\/www.lengyelrobert.hu\/#\/schema\/person\/2926fe5141a59e6530d8a411eb7bfb2d"},"breadcrumb":{"@id":"https:\/\/www.lengyelrobert.hu\/index.php\/2018\/03\/22\/2018-03-22-i-facebook-bejegyzes\/#breadcrumb"},"inLanguage":"hu","potentialAction":[{"@type":"ReadAction","target":["https:\/\/www.lengyelrobert.hu\/index.php\/2018\/03\/22\/2018-03-22-i-facebook-bejegyzes\/"]}]},{"@type":"ImageObject","inLanguage":"hu","@id":"https:\/\/www.lengyelrobert.hu\/index.php\/2018\/03\/22\/2018-03-22-i-facebook-bejegyzes\/#primaryimage","url":"https:\/\/www.lengyelrobert.hu\/wp-content\/uploads\/2019\/04\/29511901_1007669499382361_582700287517523968_n_1007669496049028-1.jpg","contentUrl":"https:\/\/www.lengyelrobert.hu\/wp-content\/uploads\/2019\/04\/29511901_1007669499382361_582700287517523968_n_1007669496049028-1.jpg","width":600,"height":611},{"@type":"BreadcrumbList","@id":"https:\/\/www.lengyelrobert.hu\/index.php\/2018\/03\/22\/2018-03-22-i-facebook-bejegyzes\/#breadcrumb","itemListElement":[{"@type":"ListItem","position":1,"name":"Home","item":"https:\/\/www.lengyelrobert.hu\/"},{"@type":"ListItem","position":2,"name":"2018.03.22-i Facebook bejegyz\u00e9s"}]},{"@type":"WebSite","@id":"https:\/\/www.lengyelrobert.hu\/#website","url":"https:\/\/www.lengyelrobert.hu\/","name":"dr. Lengyel R\u00f3bert","description":"A Becs\u00fclettel Si\u00f3fok\u00e9rt Egyes\u00fclet honlapja","potentialAction":[{"@type":"SearchAction","target":{"@type":"EntryPoint","urlTemplate":"https:\/\/www.lengyelrobert.hu\/?s={search_term_string}"},"query-input":{"@type":"PropertyValueSpecification","valueRequired":true,"valueName":"search_term_string"}}],"inLanguage":"hu"},{"@type":"Person","@id":"https:\/\/www.lengyelrobert.hu\/#\/schema\/person\/2926fe5141a59e6530d8a411eb7bfb2d","name":"webmaster","image":{"@type":"ImageObject","inLanguage":"hu","@id":"https:\/\/www.lengyelrobert.hu\/#\/schema\/person\/image\/","url":"https:\/\/secure.gravatar.com\/avatar\/d53f7fc01f188bb097ecc2caf950c777c2cdc1ec48a2d1726a8399a2188940b0?s=96&d=mm&r=g","contentUrl":"https:\/\/secure.gravatar.com\/avatar\/d53f7fc01f188bb097ecc2caf950c777c2cdc1ec48a2d1726a8399a2188940b0?s=96&d=mm&r=g","caption":"webmaster"},"sameAs":["https:\/\/www.lengyelrobert.hu"],"url":"https:\/\/www.lengyelrobert.hu\/index.php\/author\/webmaster\/"}]}},"_links":{"self":[{"href":"https:\/\/www.lengyelrobert.hu\/index.php\/wp-json\/wp\/v2\/posts\/4751","targetHints":{"allow":["GET"]}}],"collection":[{"href":"https:\/\/www.lengyelrobert.hu\/index.php\/wp-json\/wp\/v2\/posts"}],"about":[{"href":"https:\/\/www.lengyelrobert.hu\/index.php\/wp-json\/wp\/v2\/types\/post"}],"author":[{"embeddable":true,"href":"https:\/\/www.lengyelrobert.hu\/index.php\/wp-json\/wp\/v2\/users\/1"}],"replies":[{"embeddable":true,"href":"https:\/\/www.lengyelrobert.hu\/index.php\/wp-json\/wp\/v2\/comments?post=4751"}],"version-history":[{"count":0,"href":"https:\/\/www.lengyelrobert.hu\/index.php\/wp-json\/wp\/v2\/posts\/4751\/revisions"}],"wp:featuredmedia":[{"embeddable":true,"href":"https:\/\/www.lengyelrobert.hu\/index.php\/wp-json\/wp\/v2\/media\/4752"}],"wp:attachment":[{"href":"https:\/\/www.lengyelrobert.hu\/index.php\/wp-json\/wp\/v2\/media?parent=4751"}],"wp:term":[{"taxonomy":"category","embeddable":true,"href":"https:\/\/www.lengyelrobert.hu\/index.php\/wp-json\/wp\/v2\/categories?post=4751"},{"taxonomy":"post_tag","embeddable":true,"href":"https:\/\/www.lengyelrobert.hu\/index.php\/wp-json\/wp\/v2\/tags?post=4751"}],"curies":[{"name":"wp","href":"https:\/\/api.w.org\/{rel}","templated":true}]}}