{"id":4736,"date":"2018-03-29T08:06:39","date_gmt":"2018-03-29T06:06:39","guid":{"rendered":"https:\/\/www.lengyelrobert.hu\/uncategorized\/2018-03-29-i-facebook-bejegyzes\/"},"modified":"2018-03-29T08:06:39","modified_gmt":"2018-03-29T06:06:39","slug":"2018-03-29-i-facebook-bejegyzes","status":"publish","type":"post","link":"https:\/\/www.lengyelrobert.hu\/index.php\/2018\/03\/29\/2018-03-29-i-facebook-bejegyzes\/","title":{"rendered":"2018.03.29-i Facebook bejegyz\u00e9s"},"content":{"rendered":"<p>Tisztelt Olvas\u00f3im!<\/p>\n<p>        Kaptam n\u00e9h\u00e1ny kritikai \u00e9szrev\u00e9telt, hogy a rend\u0151rkapit\u00e1nys\u00e1gon a minap \u00e1tadott elismer\u00e9seket mi\u00e9rt csak vezet\u0151k kapt\u00e1k? Nos, a rend\u0151r\u00f6k elismer\u00e9se t\u00e1rgy\u00e1ban azok el\u00f6lj\u00e1r\u00f3ja, jelen esetben a v\u00e1ros rend\u0151rkapit\u00e1nya d\u00f6nt. Ez az \u0151 kompetenci\u00e1ja, amivel lehet nem egyet\u00e9rteni, de illik tudom\u00e1sul venni.<\/p>\n<p>        D\u00fcb\u00f6r\u00f6g a kamp\u00e1ny, megy a karakter-gyilkol\u00e1sz\u00e1s is j\u00f3 magyar szok\u00e1s szerint. Alpolg\u00e1rmesterem, Potocsk\u00e1n\u00e9 a Jobbik sz\u00edneiben m\u00e9reti meg mag\u00e1t \u00e9s sz\u00e1m\u00edtott arra, hogy nem fogj\u00e1k k\u00edm\u00e9lni \u0151t sem.  Olvasom a szem\u00e9ly\u00e9re vonatkoz\u00f3 negat\u00edv megnyilv\u00e1nul\u00e1sokat. L\u00e1tom az interneten terjed\u0151 k\u00e9pet, melynek tan\u00fas\u00e1ga szerint \u0151 Witzmann Mih\u00e1ly \u00far szek\u00e9rtol\u00f3ja, stb. stb. Ok, kamp\u00e1ny van. Ami miatt most m\u00e9gis felemelem a hangomat, az az \u0151 szakmais\u00e1g\u00e1t \u00e9s embers\u00e9g\u00e9t megk\u00e9rd\u0151jelez\u0151 pocskodia-hadj\u00e1rat. Anita 3 \u00e9s f\u00e9l \u00e9ve \u00e1ll mellettem j\u00f3ban \u00e9s rosszban egyar\u00e1nt. Egyes \u00e1ll\u00edt\u00e1sokkal ellent\u00e9tben, nem a FIDESZ hozta \u0151t helyzetbe, \u00e9n szem\u00e9lyesen k\u00e9rtem fel az alpolg\u00e1rmesteri posztra. Az el\u0151z\u0151 k\u00f6z\u00f6s munkahely\u00fcnk\u00f6n, az FGSZ-n\u00e9l figyeltem fel tehets\u00e9g\u00e9re. A koll\u00e9g\u00e1ink \u00e1ltal elismert p\u00e9nz\u00fcgyi szakemberk\u00e9nt dolgozott ott \u00e9s seg\u00edtette a t\u00f6bbi szakter\u00fclet munk\u00e1j\u00e1t. K\u00f6zgazd\u00e1sz-ad\u00f3szak\u00e9rt\u0151, nem mellesleg most is tanul \u00e9s hamarosan doktori c\u00edm birtokosa lesz. \u00c9n jog\u00e1sz vagyok, p\u00e9nz\u00fcgyi v\u00e9gzetts\u00e9gem nincs, \u00edgy mindenk\u00e9pp szerettem volna magam mell\u00e9 p\u00e9nz\u00fcgyes szakembert. \u00c9s benne nem csal\u00f3dtam, nekem mind emberileg, mind szakmailag bizony\u00edtott. Sz\u00f3val azt kell mondjam, hogy a kamp\u00e1nyba sok minden bele f\u00e9r, de az \u0151t but\u00e1nak, alkalmatlannak sugall\u00f3 megnyilatkoz\u00e1sok a szem\u00e9lyes \u00e1ll\u00e1spontom szerint k\u00f6zel sem \u00e1llj\u00e1k meg a hely\u00fcket. Okos, p\u00e9nz (ad\u00f3) \u00fcgyekben j\u00e1rtas szakember, tisztess\u00e9ges ember. \u00c9s ez a v\u00e9lem\u00e9nyem a kamp\u00e1ny hev\u00e9ben sem v\u00e1ltozott, ellent\u00e9tben azokkal, akik az elm\u00falt \u00e9vekben oly sokszor kerest\u00e9k a t\u00e1rsas\u00e1g\u00e1t, k\u00e9rt\u00e9k a seg\u00edts\u00e9g\u00e9t, most pedig farkasokk\u00e9nt esnek neki. Kamp\u00e1ny ide, vagy oda, ezzel a megnyilatkoz\u00e1ssal,egyben a k\u00f6sz\u00f6netemmel tartozom koll\u00e9gan\u0151mnek \u00e9s tov\u00e1bbi sok er\u0151t, kitart\u00e1st k\u00edv\u00e1nok neki.<\/p>\n<p>        Bar\u00e1ts\u00e1ggal: R.<\/p>\n<p><a href=\"\"><\/a><\/p>\n","protected":false},"excerpt":{"rendered":"<p>Tisztelt Olvas\u00f3im! Kaptam n\u00e9h\u00e1ny kritikai \u00e9szrev\u00e9telt, hogy a rend\u0151rkapit\u00e1nys\u00e1gon a minap \u00e1tadott elismer\u00e9seket mi\u00e9rt csak vezet\u0151k kapt\u00e1k? Nos, a rend\u0151r\u00f6k elismer\u00e9se t\u00e1rgy\u00e1ban azok el\u00f6lj\u00e1r\u00f3ja, jelen esetben a v\u00e1ros rend\u0151rkapit\u00e1nya d\u00f6nt. Ez az \u0151 kompetenci\u00e1ja, amivel lehet nem egyet\u00e9rteni, de illik tudom\u00e1sul venni. D\u00fcb\u00f6r\u00f6g a kamp\u00e1ny, megy a karakter-gyilkol\u00e1sz\u00e1s is j\u00f3 magyar szok\u00e1s szerint. Alpolg\u00e1rmesterem, Potocsk\u00e1n\u00e9 [&hellip;]<\/p>\n","protected":false},"author":1,"featured_media":4737,"comment_status":"closed","ping_status":"closed","sticky":false,"template":"","format":"standard","meta":{"_acf_changed":false,"_et_pb_use_builder":"","_et_pb_old_content":"","_et_gb_content_width":"","footnotes":""},"categories":[1],"tags":[],"class_list":["post-4736","post","type-post","status-publish","format-standard","has-post-thumbnail","hentry","category-uncategorized"],"acf":[],"yoast_head":"<!-- This site is optimized with the Yoast SEO plugin v23.8 - https:\/\/yoast.com\/wordpress\/plugins\/seo\/ -->\n<title>2018.03.29-i Facebook bejegyz\u00e9s - dr. Lengyel R\u00f3bert<\/title>\n<meta name=\"robots\" content=\"index, follow, max-snippet:-1, max-image-preview:large, max-video-preview:-1\" \/>\n<link rel=\"canonical\" href=\"https:\/\/www.lengyelrobert.hu\/index.php\/2018\/03\/29\/2018-03-29-i-facebook-bejegyzes\/\" \/>\n<meta property=\"og:locale\" content=\"hu_HU\" \/>\n<meta property=\"og:type\" content=\"article\" \/>\n<meta property=\"og:title\" content=\"2018.03.29-i Facebook bejegyz\u00e9s - dr. Lengyel R\u00f3bert\" \/>\n<meta property=\"og:description\" content=\"Tisztelt Olvas\u00f3im! Kaptam n\u00e9h\u00e1ny kritikai \u00e9szrev\u00e9telt, hogy a rend\u0151rkapit\u00e1nys\u00e1gon a minap \u00e1tadott elismer\u00e9seket mi\u00e9rt csak vezet\u0151k kapt\u00e1k? Nos, a rend\u0151r\u00f6k elismer\u00e9se t\u00e1rgy\u00e1ban azok el\u00f6lj\u00e1r\u00f3ja, jelen esetben a v\u00e1ros rend\u0151rkapit\u00e1nya d\u00f6nt. Ez az \u0151 kompetenci\u00e1ja, amivel lehet nem egyet\u00e9rteni, de illik tudom\u00e1sul venni. D\u00fcb\u00f6r\u00f6g a kamp\u00e1ny, megy a karakter-gyilkol\u00e1sz\u00e1s is j\u00f3 magyar szok\u00e1s szerint. Alpolg\u00e1rmesterem, Potocsk\u00e1n\u00e9 [&hellip;]\" \/>\n<meta property=\"og:url\" content=\"https:\/\/www.lengyelrobert.hu\/index.php\/2018\/03\/29\/2018-03-29-i-facebook-bejegyzes\/\" \/>\n<meta property=\"og:site_name\" content=\"dr. Lengyel R\u00f3bert\" \/>\n<meta property=\"article:published_time\" content=\"2018-03-29T06:06:39+00:00\" \/>\n<meta property=\"og:image\" content=\"https:\/\/www.lengyelrobert.hu\/wp-content\/uploads\/2019\/04\/29684146_1012041072278537_3369525821551108532_n_1012041072278537-1.jpg\" \/>\n\t<meta property=\"og:image:width\" content=\"340\" \/>\n\t<meta property=\"og:image:height\" content=\"400\" \/>\n\t<meta property=\"og:image:type\" content=\"image\/jpeg\" \/>\n<meta name=\"author\" content=\"webmaster\" \/>\n<meta name=\"twitter:card\" content=\"summary_large_image\" \/>\n<meta name=\"twitter:label1\" content=\"Szerz\u0151:\" \/>\n\t<meta name=\"twitter:data1\" content=\"webmaster\" \/>\n\t<meta name=\"twitter:label2\" content=\"Becs\u00fclt olvas\u00e1si id\u0151\" \/>\n\t<meta name=\"twitter:data2\" content=\"2 perc\" \/>\n<script type=\"application\/ld+json\" class=\"yoast-schema-graph\">{\"@context\":\"https:\/\/schema.org\",\"@graph\":[{\"@type\":\"WebPage\",\"@id\":\"https:\/\/www.lengyelrobert.hu\/index.php\/2018\/03\/29\/2018-03-29-i-facebook-bejegyzes\/\",\"url\":\"https:\/\/www.lengyelrobert.hu\/index.php\/2018\/03\/29\/2018-03-29-i-facebook-bejegyzes\/\",\"name\":\"2018.03.29-i Facebook bejegyz\u00e9s - dr. Lengyel R\u00f3bert\",\"isPartOf\":{\"@id\":\"https:\/\/www.lengyelrobert.hu\/#website\"},\"primaryImageOfPage\":{\"@id\":\"https:\/\/www.lengyelrobert.hu\/index.php\/2018\/03\/29\/2018-03-29-i-facebook-bejegyzes\/#primaryimage\"},\"image\":{\"@id\":\"https:\/\/www.lengyelrobert.hu\/index.php\/2018\/03\/29\/2018-03-29-i-facebook-bejegyzes\/#primaryimage\"},\"thumbnailUrl\":\"https:\/\/www.lengyelrobert.hu\/wp-content\/uploads\/2019\/04\/29684146_1012041072278537_3369525821551108532_n_1012041072278537-1.jpg\",\"datePublished\":\"2018-03-29T06:06:39+00:00\",\"dateModified\":\"2018-03-29T06:06:39+00:00\",\"author\":{\"@id\":\"https:\/\/www.lengyelrobert.hu\/#\/schema\/person\/2926fe5141a59e6530d8a411eb7bfb2d\"},\"breadcrumb\":{\"@id\":\"https:\/\/www.lengyelrobert.hu\/index.php\/2018\/03\/29\/2018-03-29-i-facebook-bejegyzes\/#breadcrumb\"},\"inLanguage\":\"hu\",\"potentialAction\":[{\"@type\":\"ReadAction\",\"target\":[\"https:\/\/www.lengyelrobert.hu\/index.php\/2018\/03\/29\/2018-03-29-i-facebook-bejegyzes\/\"]}]},{\"@type\":\"ImageObject\",\"inLanguage\":\"hu\",\"@id\":\"https:\/\/www.lengyelrobert.hu\/index.php\/2018\/03\/29\/2018-03-29-i-facebook-bejegyzes\/#primaryimage\",\"url\":\"https:\/\/www.lengyelrobert.hu\/wp-content\/uploads\/2019\/04\/29684146_1012041072278537_3369525821551108532_n_1012041072278537-1.jpg\",\"contentUrl\":\"https:\/\/www.lengyelrobert.hu\/wp-content\/uploads\/2019\/04\/29684146_1012041072278537_3369525821551108532_n_1012041072278537-1.jpg\",\"width\":340,\"height\":400},{\"@type\":\"BreadcrumbList\",\"@id\":\"https:\/\/www.lengyelrobert.hu\/index.php\/2018\/03\/29\/2018-03-29-i-facebook-bejegyzes\/#breadcrumb\",\"itemListElement\":[{\"@type\":\"ListItem\",\"position\":1,\"name\":\"Home\",\"item\":\"https:\/\/www.lengyelrobert.hu\/\"},{\"@type\":\"ListItem\",\"position\":2,\"name\":\"2018.03.29-i Facebook bejegyz\u00e9s\"}]},{\"@type\":\"WebSite\",\"@id\":\"https:\/\/www.lengyelrobert.hu\/#website\",\"url\":\"https:\/\/www.lengyelrobert.hu\/\",\"name\":\"dr. Lengyel R\u00f3bert\",\"description\":\"A Becs\u00fclettel Si\u00f3fok\u00e9rt Egyes\u00fclet honlapja\",\"potentialAction\":[{\"@type\":\"SearchAction\",\"target\":{\"@type\":\"EntryPoint\",\"urlTemplate\":\"https:\/\/www.lengyelrobert.hu\/?s={search_term_string}\"},\"query-input\":{\"@type\":\"PropertyValueSpecification\",\"valueRequired\":true,\"valueName\":\"search_term_string\"}}],\"inLanguage\":\"hu\"},{\"@type\":\"Person\",\"@id\":\"https:\/\/www.lengyelrobert.hu\/#\/schema\/person\/2926fe5141a59e6530d8a411eb7bfb2d\",\"name\":\"webmaster\",\"image\":{\"@type\":\"ImageObject\",\"inLanguage\":\"hu\",\"@id\":\"https:\/\/www.lengyelrobert.hu\/#\/schema\/person\/image\/\",\"url\":\"https:\/\/secure.gravatar.com\/avatar\/d53f7fc01f188bb097ecc2caf950c777c2cdc1ec48a2d1726a8399a2188940b0?s=96&d=mm&r=g\",\"contentUrl\":\"https:\/\/secure.gravatar.com\/avatar\/d53f7fc01f188bb097ecc2caf950c777c2cdc1ec48a2d1726a8399a2188940b0?s=96&d=mm&r=g\",\"caption\":\"webmaster\"},\"sameAs\":[\"https:\/\/www.lengyelrobert.hu\"],\"url\":\"https:\/\/www.lengyelrobert.hu\/index.php\/author\/webmaster\/\"}]}<\/script>\n<!-- \/ Yoast SEO plugin. -->","yoast_head_json":{"title":"2018.03.29-i Facebook bejegyz\u00e9s - dr. Lengyel R\u00f3bert","robots":{"index":"index","follow":"follow","max-snippet":"max-snippet:-1","max-image-preview":"max-image-preview:large","max-video-preview":"max-video-preview:-1"},"canonical":"https:\/\/www.lengyelrobert.hu\/index.php\/2018\/03\/29\/2018-03-29-i-facebook-bejegyzes\/","og_locale":"hu_HU","og_type":"article","og_title":"2018.03.29-i Facebook bejegyz\u00e9s - dr. Lengyel R\u00f3bert","og_description":"Tisztelt Olvas\u00f3im! Kaptam n\u00e9h\u00e1ny kritikai \u00e9szrev\u00e9telt, hogy a rend\u0151rkapit\u00e1nys\u00e1gon a minap \u00e1tadott elismer\u00e9seket mi\u00e9rt csak vezet\u0151k kapt\u00e1k? Nos, a rend\u0151r\u00f6k elismer\u00e9se t\u00e1rgy\u00e1ban azok el\u00f6lj\u00e1r\u00f3ja, jelen esetben a v\u00e1ros rend\u0151rkapit\u00e1nya d\u00f6nt. Ez az \u0151 kompetenci\u00e1ja, amivel lehet nem egyet\u00e9rteni, de illik tudom\u00e1sul venni. D\u00fcb\u00f6r\u00f6g a kamp\u00e1ny, megy a karakter-gyilkol\u00e1sz\u00e1s is j\u00f3 magyar szok\u00e1s szerint. Alpolg\u00e1rmesterem, Potocsk\u00e1n\u00e9 [&hellip;]","og_url":"https:\/\/www.lengyelrobert.hu\/index.php\/2018\/03\/29\/2018-03-29-i-facebook-bejegyzes\/","og_site_name":"dr. Lengyel R\u00f3bert","article_published_time":"2018-03-29T06:06:39+00:00","og_image":[{"width":340,"height":400,"url":"https:\/\/www.lengyelrobert.hu\/wp-content\/uploads\/2019\/04\/29684146_1012041072278537_3369525821551108532_n_1012041072278537-1.jpg","type":"image\/jpeg"}],"author":"webmaster","twitter_card":"summary_large_image","twitter_misc":{"Szerz\u0151:":"webmaster","Becs\u00fclt olvas\u00e1si id\u0151":"2 perc"},"schema":{"@context":"https:\/\/schema.org","@graph":[{"@type":"WebPage","@id":"https:\/\/www.lengyelrobert.hu\/index.php\/2018\/03\/29\/2018-03-29-i-facebook-bejegyzes\/","url":"https:\/\/www.lengyelrobert.hu\/index.php\/2018\/03\/29\/2018-03-29-i-facebook-bejegyzes\/","name":"2018.03.29-i Facebook bejegyz\u00e9s - dr. Lengyel R\u00f3bert","isPartOf":{"@id":"https:\/\/www.lengyelrobert.hu\/#website"},"primaryImageOfPage":{"@id":"https:\/\/www.lengyelrobert.hu\/index.php\/2018\/03\/29\/2018-03-29-i-facebook-bejegyzes\/#primaryimage"},"image":{"@id":"https:\/\/www.lengyelrobert.hu\/index.php\/2018\/03\/29\/2018-03-29-i-facebook-bejegyzes\/#primaryimage"},"thumbnailUrl":"https:\/\/www.lengyelrobert.hu\/wp-content\/uploads\/2019\/04\/29684146_1012041072278537_3369525821551108532_n_1012041072278537-1.jpg","datePublished":"2018-03-29T06:06:39+00:00","dateModified":"2018-03-29T06:06:39+00:00","author":{"@id":"https:\/\/www.lengyelrobert.hu\/#\/schema\/person\/2926fe5141a59e6530d8a411eb7bfb2d"},"breadcrumb":{"@id":"https:\/\/www.lengyelrobert.hu\/index.php\/2018\/03\/29\/2018-03-29-i-facebook-bejegyzes\/#breadcrumb"},"inLanguage":"hu","potentialAction":[{"@type":"ReadAction","target":["https:\/\/www.lengyelrobert.hu\/index.php\/2018\/03\/29\/2018-03-29-i-facebook-bejegyzes\/"]}]},{"@type":"ImageObject","inLanguage":"hu","@id":"https:\/\/www.lengyelrobert.hu\/index.php\/2018\/03\/29\/2018-03-29-i-facebook-bejegyzes\/#primaryimage","url":"https:\/\/www.lengyelrobert.hu\/wp-content\/uploads\/2019\/04\/29684146_1012041072278537_3369525821551108532_n_1012041072278537-1.jpg","contentUrl":"https:\/\/www.lengyelrobert.hu\/wp-content\/uploads\/2019\/04\/29684146_1012041072278537_3369525821551108532_n_1012041072278537-1.jpg","width":340,"height":400},{"@type":"BreadcrumbList","@id":"https:\/\/www.lengyelrobert.hu\/index.php\/2018\/03\/29\/2018-03-29-i-facebook-bejegyzes\/#breadcrumb","itemListElement":[{"@type":"ListItem","position":1,"name":"Home","item":"https:\/\/www.lengyelrobert.hu\/"},{"@type":"ListItem","position":2,"name":"2018.03.29-i Facebook bejegyz\u00e9s"}]},{"@type":"WebSite","@id":"https:\/\/www.lengyelrobert.hu\/#website","url":"https:\/\/www.lengyelrobert.hu\/","name":"dr. Lengyel R\u00f3bert","description":"A Becs\u00fclettel Si\u00f3fok\u00e9rt Egyes\u00fclet honlapja","potentialAction":[{"@type":"SearchAction","target":{"@type":"EntryPoint","urlTemplate":"https:\/\/www.lengyelrobert.hu\/?s={search_term_string}"},"query-input":{"@type":"PropertyValueSpecification","valueRequired":true,"valueName":"search_term_string"}}],"inLanguage":"hu"},{"@type":"Person","@id":"https:\/\/www.lengyelrobert.hu\/#\/schema\/person\/2926fe5141a59e6530d8a411eb7bfb2d","name":"webmaster","image":{"@type":"ImageObject","inLanguage":"hu","@id":"https:\/\/www.lengyelrobert.hu\/#\/schema\/person\/image\/","url":"https:\/\/secure.gravatar.com\/avatar\/d53f7fc01f188bb097ecc2caf950c777c2cdc1ec48a2d1726a8399a2188940b0?s=96&d=mm&r=g","contentUrl":"https:\/\/secure.gravatar.com\/avatar\/d53f7fc01f188bb097ecc2caf950c777c2cdc1ec48a2d1726a8399a2188940b0?s=96&d=mm&r=g","caption":"webmaster"},"sameAs":["https:\/\/www.lengyelrobert.hu"],"url":"https:\/\/www.lengyelrobert.hu\/index.php\/author\/webmaster\/"}]}},"_links":{"self":[{"href":"https:\/\/www.lengyelrobert.hu\/index.php\/wp-json\/wp\/v2\/posts\/4736","targetHints":{"allow":["GET"]}}],"collection":[{"href":"https:\/\/www.lengyelrobert.hu\/index.php\/wp-json\/wp\/v2\/posts"}],"about":[{"href":"https:\/\/www.lengyelrobert.hu\/index.php\/wp-json\/wp\/v2\/types\/post"}],"author":[{"embeddable":true,"href":"https:\/\/www.lengyelrobert.hu\/index.php\/wp-json\/wp\/v2\/users\/1"}],"replies":[{"embeddable":true,"href":"https:\/\/www.lengyelrobert.hu\/index.php\/wp-json\/wp\/v2\/comments?post=4736"}],"version-history":[{"count":0,"href":"https:\/\/www.lengyelrobert.hu\/index.php\/wp-json\/wp\/v2\/posts\/4736\/revisions"}],"wp:featuredmedia":[{"embeddable":true,"href":"https:\/\/www.lengyelrobert.hu\/index.php\/wp-json\/wp\/v2\/media\/4737"}],"wp:attachment":[{"href":"https:\/\/www.lengyelrobert.hu\/index.php\/wp-json\/wp\/v2\/media?parent=4736"}],"wp:term":[{"taxonomy":"category","embeddable":true,"href":"https:\/\/www.lengyelrobert.hu\/index.php\/wp-json\/wp\/v2\/categories?post=4736"},{"taxonomy":"post_tag","embeddable":true,"href":"https:\/\/www.lengyelrobert.hu\/index.php\/wp-json\/wp\/v2\/tags?post=4736"}],"curies":[{"name":"wp","href":"https:\/\/api.w.org\/{rel}","templated":true}]}}