{"id":4679,"date":"2018-05-23T12:44:48","date_gmt":"2018-05-23T10:44:48","guid":{"rendered":"https:\/\/www.lengyelrobert.hu\/uncategorized\/2018-05-23-i-facebook-bejegyzes\/"},"modified":"2018-05-23T12:44:48","modified_gmt":"2018-05-23T10:44:48","slug":"2018-05-23-i-facebook-bejegyzes","status":"publish","type":"post","link":"https:\/\/www.lengyelrobert.hu\/index.php\/2018\/05\/23\/2018-05-23-i-facebook-bejegyzes\/","title":{"rendered":"2018.05.23-i Facebook bejegyz\u00e9s"},"content":{"rendered":"<p>Tisztelt Olvas\u00f3im!<\/p>\n<p>        Ma Si\u00f3fokon tartotta szezonnyit\u00f3 \u00fcl\u00e9s\u00e9t a Balatoni K\u00f6zbiztons\u00e1gi Koordin\u00e1ci\u00f3s Bizotts\u00e1g. A 4 megyei rend\u0151r-f\u0151kapit\u00e1nys\u00e1g (Somogy, Zala, Veszpr\u00e9m \u00e9s Fej\u00e9r) egy\u00fcttm\u0171k\u00f6d\u00e9s\u00e9vel tev\u00e9kenyked\u0151 koordin\u00e1ci\u00f3s szervezet, a parti kapit\u00e1nys\u00e1gok tev\u00e9kenys\u00e9g\u00e9nek \u00f6sszehangol\u00e1s\u00e1val hivatott arra, hogy a ny\u00e1ri szezonban a rendelkez\u00e9sre \u00e1ll\u00f3 er\u0151k \u00f6sszehangol\u00e1s\u00e1val, \u00e1tcsoportos\u00edt\u00e1s\u00e1val el\u0151seg\u00edtse a jobb k\u00f6zbiztons\u00e1g szavatol\u00e1s\u00e1t. Id\u00e9n a soros eln\u00f6ki feladatokat Somogy l\u00e1tja el, \u00edgy ker\u00fclt v\u00e1rosunkba a megnyit\u00f3. Egyebek mellett megtudhattuk, hogy a Balaton id\u00e9n a helyi \u00e9s megyei rend\u0151r\u00f6k\u00f6n k\u00edv\u00fcl, fokozottan sz\u00e1m\u00edthat k\u00e9szenl\u00e9ti rend\u0151rs\u00e9gi er\u0151k folyamatos jelenl\u00e9t\u00e9re is. <\/p>\n<p>        Komoly probl\u00e9m\u00e1t siker\u00fclt a napokban orvosolnunk. A gondoz\u00e1si k\u00f6zpontunk r\u00e9gi ig\u00e9nye volt m\u00e1r egy minden ig\u00e9nyt kiel\u00e9g\u00edt\u0151, speci\u00e1lisan \u00e1talak\u00edtott, a beszerelt r\u00e1mp\u00e1val ak\u00e1r kerekessz\u00e9kes id\u0151s \u00e1poltak mozgat\u00e1s\u00e1ra is alkalmas j\u00e1rm\u0171 beszerz\u00e9se. Test\u00fclet\u00fcnk egy k\u00f6zelm\u00faltban megsz\u00fcletett egyhang\u00fa d\u00f6nt\u00e9se alapj\u00e1n, l\u00edzing konstrukci\u00f3ban munk\u00e1ba \u00e1llt v\u00e9gre egy ilyen aut\u00f3, \u00e1tvett\u00e9k a k\u00f6zpont dolgoz\u00f3i. Rem\u00e9lem sokak munk\u00e1j\u00e1t, \u00e9let\u00e9t, mindennapjait megk\u00f6nny\u00edti majd, k\u00f6sz\u00f6net \u00e9rte Si\u00f3fok ad\u00f3fizet\u0151inek<\/p>\n<p>        Bar\u00e1ts\u00e1ggal: R.<\/p>\n<p><a href=\"\"><\/a><\/p>\n","protected":false},"excerpt":{"rendered":"<p>Tisztelt Olvas\u00f3im! Ma Si\u00f3fokon tartotta szezonnyit\u00f3 \u00fcl\u00e9s\u00e9t a Balatoni K\u00f6zbiztons\u00e1gi Koordin\u00e1ci\u00f3s Bizotts\u00e1g. A 4 megyei rend\u0151r-f\u0151kapit\u00e1nys\u00e1g (Somogy, Zala, Veszpr\u00e9m \u00e9s Fej\u00e9r) egy\u00fcttm\u0171k\u00f6d\u00e9s\u00e9vel tev\u00e9kenyked\u0151 koordin\u00e1ci\u00f3s szervezet, a parti kapit\u00e1nys\u00e1gok tev\u00e9kenys\u00e9g\u00e9nek \u00f6sszehangol\u00e1s\u00e1val hivatott arra, hogy a ny\u00e1ri szezonban a rendelkez\u00e9sre \u00e1ll\u00f3 er\u0151k \u00f6sszehangol\u00e1s\u00e1val, \u00e1tcsoportos\u00edt\u00e1s\u00e1val el\u0151seg\u00edtse a jobb k\u00f6zbiztons\u00e1g szavatol\u00e1s\u00e1t. Id\u00e9n a soros eln\u00f6ki feladatokat Somogy l\u00e1tja el, [&hellip;]<\/p>\n","protected":false},"author":1,"featured_media":4680,"comment_status":"closed","ping_status":"closed","sticky":false,"template":"","format":"standard","meta":{"_acf_changed":false,"_et_pb_use_builder":"","_et_pb_old_content":"","_et_gb_content_width":"","footnotes":""},"categories":[1],"tags":[],"class_list":["post-4679","post","type-post","status-publish","format-standard","has-post-thumbnail","hentry","category-uncategorized"],"acf":[],"yoast_head":"<!-- This site is optimized with the Yoast SEO plugin v23.8 - https:\/\/yoast.com\/wordpress\/plugins\/seo\/ -->\n<title>2018.05.23-i Facebook bejegyz\u00e9s - dr. Lengyel R\u00f3bert<\/title>\n<meta name=\"robots\" content=\"index, follow, max-snippet:-1, max-image-preview:large, max-video-preview:-1\" \/>\n<link rel=\"canonical\" href=\"https:\/\/www.lengyelrobert.hu\/index.php\/2018\/05\/23\/2018-05-23-i-facebook-bejegyzes\/\" \/>\n<meta property=\"og:locale\" content=\"hu_HU\" \/>\n<meta property=\"og:type\" content=\"article\" \/>\n<meta property=\"og:title\" content=\"2018.05.23-i Facebook bejegyz\u00e9s - dr. Lengyel R\u00f3bert\" \/>\n<meta property=\"og:description\" content=\"Tisztelt Olvas\u00f3im! Ma Si\u00f3fokon tartotta szezonnyit\u00f3 \u00fcl\u00e9s\u00e9t a Balatoni K\u00f6zbiztons\u00e1gi Koordin\u00e1ci\u00f3s Bizotts\u00e1g. A 4 megyei rend\u0151r-f\u0151kapit\u00e1nys\u00e1g (Somogy, Zala, Veszpr\u00e9m \u00e9s Fej\u00e9r) egy\u00fcttm\u0171k\u00f6d\u00e9s\u00e9vel tev\u00e9kenyked\u0151 koordin\u00e1ci\u00f3s szervezet, a parti kapit\u00e1nys\u00e1gok tev\u00e9kenys\u00e9g\u00e9nek \u00f6sszehangol\u00e1s\u00e1val hivatott arra, hogy a ny\u00e1ri szezonban a rendelkez\u00e9sre \u00e1ll\u00f3 er\u0151k \u00f6sszehangol\u00e1s\u00e1val, \u00e1tcsoportos\u00edt\u00e1s\u00e1val el\u0151seg\u00edtse a jobb k\u00f6zbiztons\u00e1g szavatol\u00e1s\u00e1t. Id\u00e9n a soros eln\u00f6ki feladatokat Somogy l\u00e1tja el, [&hellip;]\" \/>\n<meta property=\"og:url\" content=\"https:\/\/www.lengyelrobert.hu\/index.php\/2018\/05\/23\/2018-05-23-i-facebook-bejegyzes\/\" \/>\n<meta property=\"og:site_name\" content=\"dr. Lengyel R\u00f3bert\" \/>\n<meta property=\"article:published_time\" content=\"2018-05-23T10:44:48+00:00\" \/>\n<meta property=\"og:image\" content=\"https:\/\/www.lengyelrobert.hu\/wp-content\/uploads\/2019\/04\/33180075_1043765619106082_7480420444953116672_o_1043765612439416-1.jpg\" \/>\n\t<meta property=\"og:image:width\" content=\"1920\" \/>\n\t<meta property=\"og:image:height\" content=\"1152\" \/>\n\t<meta property=\"og:image:type\" content=\"image\/jpeg\" \/>\n<meta name=\"author\" content=\"webmaster\" \/>\n<meta name=\"twitter:card\" content=\"summary_large_image\" \/>\n<meta name=\"twitter:label1\" content=\"Szerz\u0151:\" \/>\n\t<meta name=\"twitter:data1\" content=\"webmaster\" \/>\n\t<meta name=\"twitter:label2\" content=\"Becs\u00fclt olvas\u00e1si id\u0151\" \/>\n\t<meta name=\"twitter:data2\" content=\"1 perc\" \/>\n<script type=\"application\/ld+json\" class=\"yoast-schema-graph\">{\"@context\":\"https:\/\/schema.org\",\"@graph\":[{\"@type\":\"WebPage\",\"@id\":\"https:\/\/www.lengyelrobert.hu\/index.php\/2018\/05\/23\/2018-05-23-i-facebook-bejegyzes\/\",\"url\":\"https:\/\/www.lengyelrobert.hu\/index.php\/2018\/05\/23\/2018-05-23-i-facebook-bejegyzes\/\",\"name\":\"2018.05.23-i Facebook bejegyz\u00e9s - dr. Lengyel R\u00f3bert\",\"isPartOf\":{\"@id\":\"https:\/\/www.lengyelrobert.hu\/#website\"},\"primaryImageOfPage\":{\"@id\":\"https:\/\/www.lengyelrobert.hu\/index.php\/2018\/05\/23\/2018-05-23-i-facebook-bejegyzes\/#primaryimage\"},\"image\":{\"@id\":\"https:\/\/www.lengyelrobert.hu\/index.php\/2018\/05\/23\/2018-05-23-i-facebook-bejegyzes\/#primaryimage\"},\"thumbnailUrl\":\"https:\/\/www.lengyelrobert.hu\/wp-content\/uploads\/2019\/04\/33180075_1043765619106082_7480420444953116672_o_1043765612439416-1.jpg\",\"datePublished\":\"2018-05-23T10:44:48+00:00\",\"dateModified\":\"2018-05-23T10:44:48+00:00\",\"author\":{\"@id\":\"https:\/\/www.lengyelrobert.hu\/#\/schema\/person\/2926fe5141a59e6530d8a411eb7bfb2d\"},\"breadcrumb\":{\"@id\":\"https:\/\/www.lengyelrobert.hu\/index.php\/2018\/05\/23\/2018-05-23-i-facebook-bejegyzes\/#breadcrumb\"},\"inLanguage\":\"hu\",\"potentialAction\":[{\"@type\":\"ReadAction\",\"target\":[\"https:\/\/www.lengyelrobert.hu\/index.php\/2018\/05\/23\/2018-05-23-i-facebook-bejegyzes\/\"]}]},{\"@type\":\"ImageObject\",\"inLanguage\":\"hu\",\"@id\":\"https:\/\/www.lengyelrobert.hu\/index.php\/2018\/05\/23\/2018-05-23-i-facebook-bejegyzes\/#primaryimage\",\"url\":\"https:\/\/www.lengyelrobert.hu\/wp-content\/uploads\/2019\/04\/33180075_1043765619106082_7480420444953116672_o_1043765612439416-1.jpg\",\"contentUrl\":\"https:\/\/www.lengyelrobert.hu\/wp-content\/uploads\/2019\/04\/33180075_1043765619106082_7480420444953116672_o_1043765612439416-1.jpg\",\"width\":1920,\"height\":1152},{\"@type\":\"BreadcrumbList\",\"@id\":\"https:\/\/www.lengyelrobert.hu\/index.php\/2018\/05\/23\/2018-05-23-i-facebook-bejegyzes\/#breadcrumb\",\"itemListElement\":[{\"@type\":\"ListItem\",\"position\":1,\"name\":\"Home\",\"item\":\"https:\/\/www.lengyelrobert.hu\/\"},{\"@type\":\"ListItem\",\"position\":2,\"name\":\"2018.05.23-i Facebook bejegyz\u00e9s\"}]},{\"@type\":\"WebSite\",\"@id\":\"https:\/\/www.lengyelrobert.hu\/#website\",\"url\":\"https:\/\/www.lengyelrobert.hu\/\",\"name\":\"dr. Lengyel R\u00f3bert\",\"description\":\"A Becs\u00fclettel Si\u00f3fok\u00e9rt Egyes\u00fclet honlapja\",\"potentialAction\":[{\"@type\":\"SearchAction\",\"target\":{\"@type\":\"EntryPoint\",\"urlTemplate\":\"https:\/\/www.lengyelrobert.hu\/?s={search_term_string}\"},\"query-input\":{\"@type\":\"PropertyValueSpecification\",\"valueRequired\":true,\"valueName\":\"search_term_string\"}}],\"inLanguage\":\"hu\"},{\"@type\":\"Person\",\"@id\":\"https:\/\/www.lengyelrobert.hu\/#\/schema\/person\/2926fe5141a59e6530d8a411eb7bfb2d\",\"name\":\"webmaster\",\"image\":{\"@type\":\"ImageObject\",\"inLanguage\":\"hu\",\"@id\":\"https:\/\/www.lengyelrobert.hu\/#\/schema\/person\/image\/\",\"url\":\"https:\/\/secure.gravatar.com\/avatar\/d53f7fc01f188bb097ecc2caf950c777c2cdc1ec48a2d1726a8399a2188940b0?s=96&d=mm&r=g\",\"contentUrl\":\"https:\/\/secure.gravatar.com\/avatar\/d53f7fc01f188bb097ecc2caf950c777c2cdc1ec48a2d1726a8399a2188940b0?s=96&d=mm&r=g\",\"caption\":\"webmaster\"},\"sameAs\":[\"https:\/\/www.lengyelrobert.hu\"],\"url\":\"https:\/\/www.lengyelrobert.hu\/index.php\/author\/webmaster\/\"}]}<\/script>\n<!-- \/ Yoast SEO plugin. -->","yoast_head_json":{"title":"2018.05.23-i Facebook bejegyz\u00e9s - dr. Lengyel R\u00f3bert","robots":{"index":"index","follow":"follow","max-snippet":"max-snippet:-1","max-image-preview":"max-image-preview:large","max-video-preview":"max-video-preview:-1"},"canonical":"https:\/\/www.lengyelrobert.hu\/index.php\/2018\/05\/23\/2018-05-23-i-facebook-bejegyzes\/","og_locale":"hu_HU","og_type":"article","og_title":"2018.05.23-i Facebook bejegyz\u00e9s - dr. Lengyel R\u00f3bert","og_description":"Tisztelt Olvas\u00f3im! Ma Si\u00f3fokon tartotta szezonnyit\u00f3 \u00fcl\u00e9s\u00e9t a Balatoni K\u00f6zbiztons\u00e1gi Koordin\u00e1ci\u00f3s Bizotts\u00e1g. A 4 megyei rend\u0151r-f\u0151kapit\u00e1nys\u00e1g (Somogy, Zala, Veszpr\u00e9m \u00e9s Fej\u00e9r) egy\u00fcttm\u0171k\u00f6d\u00e9s\u00e9vel tev\u00e9kenyked\u0151 koordin\u00e1ci\u00f3s szervezet, a parti kapit\u00e1nys\u00e1gok tev\u00e9kenys\u00e9g\u00e9nek \u00f6sszehangol\u00e1s\u00e1val hivatott arra, hogy a ny\u00e1ri szezonban a rendelkez\u00e9sre \u00e1ll\u00f3 er\u0151k \u00f6sszehangol\u00e1s\u00e1val, \u00e1tcsoportos\u00edt\u00e1s\u00e1val el\u0151seg\u00edtse a jobb k\u00f6zbiztons\u00e1g szavatol\u00e1s\u00e1t. Id\u00e9n a soros eln\u00f6ki feladatokat Somogy l\u00e1tja el, [&hellip;]","og_url":"https:\/\/www.lengyelrobert.hu\/index.php\/2018\/05\/23\/2018-05-23-i-facebook-bejegyzes\/","og_site_name":"dr. Lengyel R\u00f3bert","article_published_time":"2018-05-23T10:44:48+00:00","og_image":[{"width":1920,"height":1152,"url":"https:\/\/www.lengyelrobert.hu\/wp-content\/uploads\/2019\/04\/33180075_1043765619106082_7480420444953116672_o_1043765612439416-1.jpg","type":"image\/jpeg"}],"author":"webmaster","twitter_card":"summary_large_image","twitter_misc":{"Szerz\u0151:":"webmaster","Becs\u00fclt olvas\u00e1si id\u0151":"1 perc"},"schema":{"@context":"https:\/\/schema.org","@graph":[{"@type":"WebPage","@id":"https:\/\/www.lengyelrobert.hu\/index.php\/2018\/05\/23\/2018-05-23-i-facebook-bejegyzes\/","url":"https:\/\/www.lengyelrobert.hu\/index.php\/2018\/05\/23\/2018-05-23-i-facebook-bejegyzes\/","name":"2018.05.23-i Facebook bejegyz\u00e9s - dr. Lengyel R\u00f3bert","isPartOf":{"@id":"https:\/\/www.lengyelrobert.hu\/#website"},"primaryImageOfPage":{"@id":"https:\/\/www.lengyelrobert.hu\/index.php\/2018\/05\/23\/2018-05-23-i-facebook-bejegyzes\/#primaryimage"},"image":{"@id":"https:\/\/www.lengyelrobert.hu\/index.php\/2018\/05\/23\/2018-05-23-i-facebook-bejegyzes\/#primaryimage"},"thumbnailUrl":"https:\/\/www.lengyelrobert.hu\/wp-content\/uploads\/2019\/04\/33180075_1043765619106082_7480420444953116672_o_1043765612439416-1.jpg","datePublished":"2018-05-23T10:44:48+00:00","dateModified":"2018-05-23T10:44:48+00:00","author":{"@id":"https:\/\/www.lengyelrobert.hu\/#\/schema\/person\/2926fe5141a59e6530d8a411eb7bfb2d"},"breadcrumb":{"@id":"https:\/\/www.lengyelrobert.hu\/index.php\/2018\/05\/23\/2018-05-23-i-facebook-bejegyzes\/#breadcrumb"},"inLanguage":"hu","potentialAction":[{"@type":"ReadAction","target":["https:\/\/www.lengyelrobert.hu\/index.php\/2018\/05\/23\/2018-05-23-i-facebook-bejegyzes\/"]}]},{"@type":"ImageObject","inLanguage":"hu","@id":"https:\/\/www.lengyelrobert.hu\/index.php\/2018\/05\/23\/2018-05-23-i-facebook-bejegyzes\/#primaryimage","url":"https:\/\/www.lengyelrobert.hu\/wp-content\/uploads\/2019\/04\/33180075_1043765619106082_7480420444953116672_o_1043765612439416-1.jpg","contentUrl":"https:\/\/www.lengyelrobert.hu\/wp-content\/uploads\/2019\/04\/33180075_1043765619106082_7480420444953116672_o_1043765612439416-1.jpg","width":1920,"height":1152},{"@type":"BreadcrumbList","@id":"https:\/\/www.lengyelrobert.hu\/index.php\/2018\/05\/23\/2018-05-23-i-facebook-bejegyzes\/#breadcrumb","itemListElement":[{"@type":"ListItem","position":1,"name":"Home","item":"https:\/\/www.lengyelrobert.hu\/"},{"@type":"ListItem","position":2,"name":"2018.05.23-i Facebook bejegyz\u00e9s"}]},{"@type":"WebSite","@id":"https:\/\/www.lengyelrobert.hu\/#website","url":"https:\/\/www.lengyelrobert.hu\/","name":"dr. Lengyel R\u00f3bert","description":"A Becs\u00fclettel Si\u00f3fok\u00e9rt Egyes\u00fclet honlapja","potentialAction":[{"@type":"SearchAction","target":{"@type":"EntryPoint","urlTemplate":"https:\/\/www.lengyelrobert.hu\/?s={search_term_string}"},"query-input":{"@type":"PropertyValueSpecification","valueRequired":true,"valueName":"search_term_string"}}],"inLanguage":"hu"},{"@type":"Person","@id":"https:\/\/www.lengyelrobert.hu\/#\/schema\/person\/2926fe5141a59e6530d8a411eb7bfb2d","name":"webmaster","image":{"@type":"ImageObject","inLanguage":"hu","@id":"https:\/\/www.lengyelrobert.hu\/#\/schema\/person\/image\/","url":"https:\/\/secure.gravatar.com\/avatar\/d53f7fc01f188bb097ecc2caf950c777c2cdc1ec48a2d1726a8399a2188940b0?s=96&d=mm&r=g","contentUrl":"https:\/\/secure.gravatar.com\/avatar\/d53f7fc01f188bb097ecc2caf950c777c2cdc1ec48a2d1726a8399a2188940b0?s=96&d=mm&r=g","caption":"webmaster"},"sameAs":["https:\/\/www.lengyelrobert.hu"],"url":"https:\/\/www.lengyelrobert.hu\/index.php\/author\/webmaster\/"}]}},"_links":{"self":[{"href":"https:\/\/www.lengyelrobert.hu\/index.php\/wp-json\/wp\/v2\/posts\/4679","targetHints":{"allow":["GET"]}}],"collection":[{"href":"https:\/\/www.lengyelrobert.hu\/index.php\/wp-json\/wp\/v2\/posts"}],"about":[{"href":"https:\/\/www.lengyelrobert.hu\/index.php\/wp-json\/wp\/v2\/types\/post"}],"author":[{"embeddable":true,"href":"https:\/\/www.lengyelrobert.hu\/index.php\/wp-json\/wp\/v2\/users\/1"}],"replies":[{"embeddable":true,"href":"https:\/\/www.lengyelrobert.hu\/index.php\/wp-json\/wp\/v2\/comments?post=4679"}],"version-history":[{"count":0,"href":"https:\/\/www.lengyelrobert.hu\/index.php\/wp-json\/wp\/v2\/posts\/4679\/revisions"}],"wp:featuredmedia":[{"embeddable":true,"href":"https:\/\/www.lengyelrobert.hu\/index.php\/wp-json\/wp\/v2\/media\/4680"}],"wp:attachment":[{"href":"https:\/\/www.lengyelrobert.hu\/index.php\/wp-json\/wp\/v2\/media?parent=4679"}],"wp:term":[{"taxonomy":"category","embeddable":true,"href":"https:\/\/www.lengyelrobert.hu\/index.php\/wp-json\/wp\/v2\/categories?post=4679"},{"taxonomy":"post_tag","embeddable":true,"href":"https:\/\/www.lengyelrobert.hu\/index.php\/wp-json\/wp\/v2\/tags?post=4679"}],"curies":[{"name":"wp","href":"https:\/\/api.w.org\/{rel}","templated":true}]}}