{"id":4529,"date":"2018-09-14T07:15:42","date_gmt":"2018-09-14T05:15:42","guid":{"rendered":"https:\/\/www.lengyelrobert.hu\/uncategorized\/2018-09-14-i-facebook-bejegyzes\/"},"modified":"2018-09-14T07:15:42","modified_gmt":"2018-09-14T05:15:42","slug":"2018-09-14-i-facebook-bejegyzes","status":"publish","type":"post","link":"https:\/\/www.lengyelrobert.hu\/index.php\/2018\/09\/14\/2018-09-14-i-facebook-bejegyzes\/","title":{"rendered":"2018.09.14-i Facebook bejegyz\u00e9s"},"content":{"rendered":"<p>Tisztelt Olvas\u00f3im!<\/p>\n<p>        Tegnap tartotta szezon\u00e9rt\u00e9kel\u0151j\u00e9t a Balatoni K\u00f6zbiztons\u00e1gi Koordin\u00e1ci\u00f3s Bizotts\u00e1g (BKKB) a Fony\u00f3di Rend\u0151rkapit\u00e1nys\u00e1g \u00e9p\u00fclet\u00e9ben. A Somogy, Zala, Veszpr\u00e9m \u00e9s Fej\u00e9r megyei f\u0151kapit\u00e1nys\u00e1gok ny\u00e1ri v\u00edzparti tev\u00e9kenys\u00e9g\u00e9t \u00f6sszehangol\u00f3 szervezet idei soros eln\u00f6ke, a Somogy megyei f\u0151kapit\u00e1ny egyik helyettese, Pungor J\u00e1nos ezredes \u00e9rt\u00e9kelte a munk\u00e1t. (A Velencei t\u00f3 szint\u00e9n a bizotts\u00e1g illet\u00e9kess\u00e9g\u00e9be tartozik, ez\u00e9rt r\u00e9sztvev\u0151 Fej\u00e9r megye is.) Ezredes \u00far k\u00f6zbiztons\u00e1gi szempontb\u00f3l &#8220;j\u00f3ra&#8221; \u00e9rt\u00e9kelte a nyarat. A hal\u00e1los k\u00f6z\u00fati k\u00f6zleked\u00e9sek sz\u00e1ma stagn\u00e1lt &#8220;17-hez k\u00e9pest, viszont a k\u00f6nny\u0171 \u00e9s s\u00falyos s\u00e9r\u00fcltek sz\u00e1ma jelent\u0151sen cs\u00f6kkent. B\u0171n\u00fcgyi ter\u00fcleten a g\u00e9pkocsi felt\u00f6r\u00e9sek kiv\u00e9tel\u00e9vel, valamennyi b\u0171ncselekm\u00e9ny kateg\u00f3ri\u00e1ban mark\u00e1ns cs\u00f6kken\u00e9s volt. Jelent\u0151sen cs\u00f6kken a v\u00edzbe fullad\u00e1sok sz\u00e1ma is a Balatonon, a bek\u00f6vetkezett hal\u00e1lesetekn\u00e9l viszont tov\u00e1bbra is az \u00e1ldozatok felel\u0151tlen magatart\u00e1sa a f\u0151 hal\u00e1lok (felhev\u00fclt testtel t\u00f6rt\u00e9n\u0151 beugr\u00e1s a m\u00e9ly \u00e9s hidegebb v\u00edzbe, vagy \u00e9pp \u00faszni nem tud\u00f3k pr\u00f3b\u00e1lkoz\u00e1sa a m\u00e9lys\u00e9ggel.) A Velencei t\u00f3ban \u00e9vek \u00f3ta \u00e9s id\u00e9n sem volt v\u00edzbe fullad\u00e1s. Ezzel egy\u00fctt is a balatoni vizirend\u0151r\u00f6k k\u00f6zel 400! esetben mentettek, z\u00f6m\u00e9ben saj\u00e1t hib\u00e1jukb\u00f3l bajba ker\u00fclt embereket. (Ehhez j\u00f6nnek m\u00e9g a viziment\u0151k \u00e1ltal kimentettek.) Az \u00e9rtekezlet el\u00f6lj\u00e1r\u00f3ja, dr. Halmosi Zsolt vez\u00e9r\u0151rnagy bejelentette, hogy az orsz\u00e1gos f\u0151kapit\u00e1ny v\u00e1ltoztat\u00e1s n\u00e9lk\u00fcl elfogadta a BKKB idei ny\u00e1rr\u00f3l k\u00e9sz\u00fclt \u00edr\u00e1sos \u00e9rt\u00e9kel\u0151j\u00e9t. Vez\u00e9r\u0151rnagy \u00far megk\u00f6sz\u00f6nte a rend\u0151r\u00f6k, a t\u00e1rsszervek, a polg\u00e1r\u0151r\u00f6k \u00e9s \u00f6nkorm\u00e1nyzatok munk\u00e1j\u00e1t \u00e9s a maga r\u00e9sz\u00e9r\u0151l &#8220;kiv\u00e1l\u00f3&#8221; \u00e9rt\u00e9kel\u00e9st adott. A z\u00e1rsz\u00f3t Hidv\u00e9gi J\u00f3zsef fony\u00f3di polg\u00e1rmester mondta. \u0150 k\u00fcl\u00f6n kiemelte, hogy \u00e9vekkel ezel\u0151tt a magyar rend\u0151rs\u00e9g nagyon m\u00e9lyr\u0151l indult, viszont az ut\u00f3bbi 6-8 \u00e9vben a Korm\u00e1ny komoly anyagi \u00e1ldozatokat v\u00e1llalt a rend\u0151r\u00f6k jav\u00e1ra, akik m\u00e1ra m\u00e1r kiv\u00e1l\u00f3 k\u00f6zbiztons\u00e1got szavatolnak.<\/p>\n<p>        Szeptember 24 \u00e9n, 17.00 \u00f3rai kezdettel a k\u00f6nyvt\u00e1r emelet\u00e9n \u00fajra indul a Civil Akad\u00e9mia. Ez\u00fattal dr. Horv\u00e1th Gyula Baross G\u00e1bor, a polihisztor \u00e9let\u00e9r\u0151l \u00e9s munk\u00e1ss\u00e1g\u00e1r\u00f3l tart vet\u00edtett k\u00e9pes el\u0151ad\u00e1st. H\u00e1zigazdak\u00e9nt v\u00e1rom az \u00e9rdekl\u0151d\u0151 k\u00f6z\u00f6ns\u00e9get.<\/p>\n<p>        Bar\u00e1ts\u00e1ggal: R.<\/p>\n<p><a href=\"\"><\/a><\/p>\n","protected":false},"excerpt":{"rendered":"<p>Tisztelt Olvas\u00f3im! Tegnap tartotta szezon\u00e9rt\u00e9kel\u0151j\u00e9t a Balatoni K\u00f6zbiztons\u00e1gi Koordin\u00e1ci\u00f3s Bizotts\u00e1g (BKKB) a Fony\u00f3di Rend\u0151rkapit\u00e1nys\u00e1g \u00e9p\u00fclet\u00e9ben. A Somogy, Zala, Veszpr\u00e9m \u00e9s Fej\u00e9r megyei f\u0151kapit\u00e1nys\u00e1gok ny\u00e1ri v\u00edzparti tev\u00e9kenys\u00e9g\u00e9t \u00f6sszehangol\u00f3 szervezet idei soros eln\u00f6ke, a Somogy megyei f\u0151kapit\u00e1ny egyik helyettese, Pungor J\u00e1nos ezredes \u00e9rt\u00e9kelte a munk\u00e1t. (A Velencei t\u00f3 szint\u00e9n a bizotts\u00e1g illet\u00e9kess\u00e9g\u00e9be tartozik, ez\u00e9rt r\u00e9sztvev\u0151 Fej\u00e9r megye [&hellip;]<\/p>\n","protected":false},"author":1,"featured_media":4530,"comment_status":"closed","ping_status":"closed","sticky":false,"template":"","format":"standard","meta":{"_acf_changed":false,"_et_pb_use_builder":"","_et_pb_old_content":"","_et_gb_content_width":"","footnotes":""},"categories":[1],"tags":[],"class_list":["post-4529","post","type-post","status-publish","format-standard","has-post-thumbnail","hentry","category-uncategorized"],"acf":[],"yoast_head":"<!-- This site is optimized with the Yoast SEO plugin v23.8 - https:\/\/yoast.com\/wordpress\/plugins\/seo\/ -->\n<title>2018.09.14-i Facebook bejegyz\u00e9s - dr. Lengyel R\u00f3bert<\/title>\n<meta name=\"robots\" content=\"index, follow, max-snippet:-1, max-image-preview:large, max-video-preview:-1\" \/>\n<link rel=\"canonical\" href=\"https:\/\/www.lengyelrobert.hu\/index.php\/2018\/09\/14\/2018-09-14-i-facebook-bejegyzes\/\" \/>\n<meta property=\"og:locale\" content=\"hu_HU\" \/>\n<meta property=\"og:type\" content=\"article\" \/>\n<meta property=\"og:title\" content=\"2018.09.14-i Facebook bejegyz\u00e9s - dr. Lengyel R\u00f3bert\" \/>\n<meta property=\"og:description\" content=\"Tisztelt Olvas\u00f3im! Tegnap tartotta szezon\u00e9rt\u00e9kel\u0151j\u00e9t a Balatoni K\u00f6zbiztons\u00e1gi Koordin\u00e1ci\u00f3s Bizotts\u00e1g (BKKB) a Fony\u00f3di Rend\u0151rkapit\u00e1nys\u00e1g \u00e9p\u00fclet\u00e9ben. A Somogy, Zala, Veszpr\u00e9m \u00e9s Fej\u00e9r megyei f\u0151kapit\u00e1nys\u00e1gok ny\u00e1ri v\u00edzparti tev\u00e9kenys\u00e9g\u00e9t \u00f6sszehangol\u00f3 szervezet idei soros eln\u00f6ke, a Somogy megyei f\u0151kapit\u00e1ny egyik helyettese, Pungor J\u00e1nos ezredes \u00e9rt\u00e9kelte a munk\u00e1t. (A Velencei t\u00f3 szint\u00e9n a bizotts\u00e1g illet\u00e9kess\u00e9g\u00e9be tartozik, ez\u00e9rt r\u00e9sztvev\u0151 Fej\u00e9r megye [&hellip;]\" \/>\n<meta property=\"og:url\" content=\"https:\/\/www.lengyelrobert.hu\/index.php\/2018\/09\/14\/2018-09-14-i-facebook-bejegyzes\/\" \/>\n<meta property=\"og:site_name\" content=\"dr. Lengyel R\u00f3bert\" \/>\n<meta property=\"article:published_time\" content=\"2018-09-14T05:15:42+00:00\" \/>\n<meta property=\"og:image\" content=\"https:\/\/www.lengyelrobert.hu\/wp-content\/uploads\/2019\/04\/41768508_1168010326681610_4118357115507048448_o_1168010320014944-1-scaled.jpg\" \/>\n\t<meta property=\"og:image:width\" content=\"2560\" \/>\n\t<meta property=\"og:image:height\" content=\"708\" \/>\n\t<meta property=\"og:image:type\" content=\"image\/jpeg\" \/>\n<meta name=\"author\" content=\"webmaster\" \/>\n<meta name=\"twitter:card\" content=\"summary_large_image\" \/>\n<meta name=\"twitter:label1\" content=\"Szerz\u0151:\" \/>\n\t<meta name=\"twitter:data1\" content=\"webmaster\" \/>\n\t<meta name=\"twitter:label2\" content=\"Becs\u00fclt olvas\u00e1si id\u0151\" \/>\n\t<meta name=\"twitter:data2\" content=\"2 perc\" \/>\n<script type=\"application\/ld+json\" class=\"yoast-schema-graph\">{\"@context\":\"https:\/\/schema.org\",\"@graph\":[{\"@type\":\"WebPage\",\"@id\":\"https:\/\/www.lengyelrobert.hu\/index.php\/2018\/09\/14\/2018-09-14-i-facebook-bejegyzes\/\",\"url\":\"https:\/\/www.lengyelrobert.hu\/index.php\/2018\/09\/14\/2018-09-14-i-facebook-bejegyzes\/\",\"name\":\"2018.09.14-i Facebook bejegyz\u00e9s - dr. Lengyel R\u00f3bert\",\"isPartOf\":{\"@id\":\"https:\/\/www.lengyelrobert.hu\/#website\"},\"primaryImageOfPage\":{\"@id\":\"https:\/\/www.lengyelrobert.hu\/index.php\/2018\/09\/14\/2018-09-14-i-facebook-bejegyzes\/#primaryimage\"},\"image\":{\"@id\":\"https:\/\/www.lengyelrobert.hu\/index.php\/2018\/09\/14\/2018-09-14-i-facebook-bejegyzes\/#primaryimage\"},\"thumbnailUrl\":\"https:\/\/www.lengyelrobert.hu\/wp-content\/uploads\/2019\/04\/41768508_1168010326681610_4118357115507048448_o_1168010320014944-1-scaled.jpg\",\"datePublished\":\"2018-09-14T05:15:42+00:00\",\"dateModified\":\"2018-09-14T05:15:42+00:00\",\"author\":{\"@id\":\"https:\/\/www.lengyelrobert.hu\/#\/schema\/person\/2926fe5141a59e6530d8a411eb7bfb2d\"},\"breadcrumb\":{\"@id\":\"https:\/\/www.lengyelrobert.hu\/index.php\/2018\/09\/14\/2018-09-14-i-facebook-bejegyzes\/#breadcrumb\"},\"inLanguage\":\"hu\",\"potentialAction\":[{\"@type\":\"ReadAction\",\"target\":[\"https:\/\/www.lengyelrobert.hu\/index.php\/2018\/09\/14\/2018-09-14-i-facebook-bejegyzes\/\"]}]},{\"@type\":\"ImageObject\",\"inLanguage\":\"hu\",\"@id\":\"https:\/\/www.lengyelrobert.hu\/index.php\/2018\/09\/14\/2018-09-14-i-facebook-bejegyzes\/#primaryimage\",\"url\":\"https:\/\/www.lengyelrobert.hu\/wp-content\/uploads\/2019\/04\/41768508_1168010326681610_4118357115507048448_o_1168010320014944-1-scaled.jpg\",\"contentUrl\":\"https:\/\/www.lengyelrobert.hu\/wp-content\/uploads\/2019\/04\/41768508_1168010326681610_4118357115507048448_o_1168010320014944-1-scaled.jpg\",\"width\":2560,\"height\":708},{\"@type\":\"BreadcrumbList\",\"@id\":\"https:\/\/www.lengyelrobert.hu\/index.php\/2018\/09\/14\/2018-09-14-i-facebook-bejegyzes\/#breadcrumb\",\"itemListElement\":[{\"@type\":\"ListItem\",\"position\":1,\"name\":\"Home\",\"item\":\"https:\/\/www.lengyelrobert.hu\/\"},{\"@type\":\"ListItem\",\"position\":2,\"name\":\"2018.09.14-i Facebook bejegyz\u00e9s\"}]},{\"@type\":\"WebSite\",\"@id\":\"https:\/\/www.lengyelrobert.hu\/#website\",\"url\":\"https:\/\/www.lengyelrobert.hu\/\",\"name\":\"dr. Lengyel R\u00f3bert\",\"description\":\"A Becs\u00fclettel Si\u00f3fok\u00e9rt Egyes\u00fclet honlapja\",\"potentialAction\":[{\"@type\":\"SearchAction\",\"target\":{\"@type\":\"EntryPoint\",\"urlTemplate\":\"https:\/\/www.lengyelrobert.hu\/?s={search_term_string}\"},\"query-input\":{\"@type\":\"PropertyValueSpecification\",\"valueRequired\":true,\"valueName\":\"search_term_string\"}}],\"inLanguage\":\"hu\"},{\"@type\":\"Person\",\"@id\":\"https:\/\/www.lengyelrobert.hu\/#\/schema\/person\/2926fe5141a59e6530d8a411eb7bfb2d\",\"name\":\"webmaster\",\"image\":{\"@type\":\"ImageObject\",\"inLanguage\":\"hu\",\"@id\":\"https:\/\/www.lengyelrobert.hu\/#\/schema\/person\/image\/\",\"url\":\"https:\/\/secure.gravatar.com\/avatar\/d53f7fc01f188bb097ecc2caf950c777c2cdc1ec48a2d1726a8399a2188940b0?s=96&d=mm&r=g\",\"contentUrl\":\"https:\/\/secure.gravatar.com\/avatar\/d53f7fc01f188bb097ecc2caf950c777c2cdc1ec48a2d1726a8399a2188940b0?s=96&d=mm&r=g\",\"caption\":\"webmaster\"},\"sameAs\":[\"https:\/\/www.lengyelrobert.hu\"],\"url\":\"https:\/\/www.lengyelrobert.hu\/index.php\/author\/webmaster\/\"}]}<\/script>\n<!-- \/ Yoast SEO plugin. -->","yoast_head_json":{"title":"2018.09.14-i Facebook bejegyz\u00e9s - dr. Lengyel R\u00f3bert","robots":{"index":"index","follow":"follow","max-snippet":"max-snippet:-1","max-image-preview":"max-image-preview:large","max-video-preview":"max-video-preview:-1"},"canonical":"https:\/\/www.lengyelrobert.hu\/index.php\/2018\/09\/14\/2018-09-14-i-facebook-bejegyzes\/","og_locale":"hu_HU","og_type":"article","og_title":"2018.09.14-i Facebook bejegyz\u00e9s - dr. Lengyel R\u00f3bert","og_description":"Tisztelt Olvas\u00f3im! Tegnap tartotta szezon\u00e9rt\u00e9kel\u0151j\u00e9t a Balatoni K\u00f6zbiztons\u00e1gi Koordin\u00e1ci\u00f3s Bizotts\u00e1g (BKKB) a Fony\u00f3di Rend\u0151rkapit\u00e1nys\u00e1g \u00e9p\u00fclet\u00e9ben. A Somogy, Zala, Veszpr\u00e9m \u00e9s Fej\u00e9r megyei f\u0151kapit\u00e1nys\u00e1gok ny\u00e1ri v\u00edzparti tev\u00e9kenys\u00e9g\u00e9t \u00f6sszehangol\u00f3 szervezet idei soros eln\u00f6ke, a Somogy megyei f\u0151kapit\u00e1ny egyik helyettese, Pungor J\u00e1nos ezredes \u00e9rt\u00e9kelte a munk\u00e1t. (A Velencei t\u00f3 szint\u00e9n a bizotts\u00e1g illet\u00e9kess\u00e9g\u00e9be tartozik, ez\u00e9rt r\u00e9sztvev\u0151 Fej\u00e9r megye [&hellip;]","og_url":"https:\/\/www.lengyelrobert.hu\/index.php\/2018\/09\/14\/2018-09-14-i-facebook-bejegyzes\/","og_site_name":"dr. Lengyel R\u00f3bert","article_published_time":"2018-09-14T05:15:42+00:00","og_image":[{"width":2560,"height":708,"url":"https:\/\/www.lengyelrobert.hu\/wp-content\/uploads\/2019\/04\/41768508_1168010326681610_4118357115507048448_o_1168010320014944-1-scaled.jpg","type":"image\/jpeg"}],"author":"webmaster","twitter_card":"summary_large_image","twitter_misc":{"Szerz\u0151:":"webmaster","Becs\u00fclt olvas\u00e1si id\u0151":"2 perc"},"schema":{"@context":"https:\/\/schema.org","@graph":[{"@type":"WebPage","@id":"https:\/\/www.lengyelrobert.hu\/index.php\/2018\/09\/14\/2018-09-14-i-facebook-bejegyzes\/","url":"https:\/\/www.lengyelrobert.hu\/index.php\/2018\/09\/14\/2018-09-14-i-facebook-bejegyzes\/","name":"2018.09.14-i Facebook bejegyz\u00e9s - dr. Lengyel R\u00f3bert","isPartOf":{"@id":"https:\/\/www.lengyelrobert.hu\/#website"},"primaryImageOfPage":{"@id":"https:\/\/www.lengyelrobert.hu\/index.php\/2018\/09\/14\/2018-09-14-i-facebook-bejegyzes\/#primaryimage"},"image":{"@id":"https:\/\/www.lengyelrobert.hu\/index.php\/2018\/09\/14\/2018-09-14-i-facebook-bejegyzes\/#primaryimage"},"thumbnailUrl":"https:\/\/www.lengyelrobert.hu\/wp-content\/uploads\/2019\/04\/41768508_1168010326681610_4118357115507048448_o_1168010320014944-1-scaled.jpg","datePublished":"2018-09-14T05:15:42+00:00","dateModified":"2018-09-14T05:15:42+00:00","author":{"@id":"https:\/\/www.lengyelrobert.hu\/#\/schema\/person\/2926fe5141a59e6530d8a411eb7bfb2d"},"breadcrumb":{"@id":"https:\/\/www.lengyelrobert.hu\/index.php\/2018\/09\/14\/2018-09-14-i-facebook-bejegyzes\/#breadcrumb"},"inLanguage":"hu","potentialAction":[{"@type":"ReadAction","target":["https:\/\/www.lengyelrobert.hu\/index.php\/2018\/09\/14\/2018-09-14-i-facebook-bejegyzes\/"]}]},{"@type":"ImageObject","inLanguage":"hu","@id":"https:\/\/www.lengyelrobert.hu\/index.php\/2018\/09\/14\/2018-09-14-i-facebook-bejegyzes\/#primaryimage","url":"https:\/\/www.lengyelrobert.hu\/wp-content\/uploads\/2019\/04\/41768508_1168010326681610_4118357115507048448_o_1168010320014944-1-scaled.jpg","contentUrl":"https:\/\/www.lengyelrobert.hu\/wp-content\/uploads\/2019\/04\/41768508_1168010326681610_4118357115507048448_o_1168010320014944-1-scaled.jpg","width":2560,"height":708},{"@type":"BreadcrumbList","@id":"https:\/\/www.lengyelrobert.hu\/index.php\/2018\/09\/14\/2018-09-14-i-facebook-bejegyzes\/#breadcrumb","itemListElement":[{"@type":"ListItem","position":1,"name":"Home","item":"https:\/\/www.lengyelrobert.hu\/"},{"@type":"ListItem","position":2,"name":"2018.09.14-i Facebook bejegyz\u00e9s"}]},{"@type":"WebSite","@id":"https:\/\/www.lengyelrobert.hu\/#website","url":"https:\/\/www.lengyelrobert.hu\/","name":"dr. Lengyel R\u00f3bert","description":"A Becs\u00fclettel Si\u00f3fok\u00e9rt Egyes\u00fclet honlapja","potentialAction":[{"@type":"SearchAction","target":{"@type":"EntryPoint","urlTemplate":"https:\/\/www.lengyelrobert.hu\/?s={search_term_string}"},"query-input":{"@type":"PropertyValueSpecification","valueRequired":true,"valueName":"search_term_string"}}],"inLanguage":"hu"},{"@type":"Person","@id":"https:\/\/www.lengyelrobert.hu\/#\/schema\/person\/2926fe5141a59e6530d8a411eb7bfb2d","name":"webmaster","image":{"@type":"ImageObject","inLanguage":"hu","@id":"https:\/\/www.lengyelrobert.hu\/#\/schema\/person\/image\/","url":"https:\/\/secure.gravatar.com\/avatar\/d53f7fc01f188bb097ecc2caf950c777c2cdc1ec48a2d1726a8399a2188940b0?s=96&d=mm&r=g","contentUrl":"https:\/\/secure.gravatar.com\/avatar\/d53f7fc01f188bb097ecc2caf950c777c2cdc1ec48a2d1726a8399a2188940b0?s=96&d=mm&r=g","caption":"webmaster"},"sameAs":["https:\/\/www.lengyelrobert.hu"],"url":"https:\/\/www.lengyelrobert.hu\/index.php\/author\/webmaster\/"}]}},"_links":{"self":[{"href":"https:\/\/www.lengyelrobert.hu\/index.php\/wp-json\/wp\/v2\/posts\/4529","targetHints":{"allow":["GET"]}}],"collection":[{"href":"https:\/\/www.lengyelrobert.hu\/index.php\/wp-json\/wp\/v2\/posts"}],"about":[{"href":"https:\/\/www.lengyelrobert.hu\/index.php\/wp-json\/wp\/v2\/types\/post"}],"author":[{"embeddable":true,"href":"https:\/\/www.lengyelrobert.hu\/index.php\/wp-json\/wp\/v2\/users\/1"}],"replies":[{"embeddable":true,"href":"https:\/\/www.lengyelrobert.hu\/index.php\/wp-json\/wp\/v2\/comments?post=4529"}],"version-history":[{"count":0,"href":"https:\/\/www.lengyelrobert.hu\/index.php\/wp-json\/wp\/v2\/posts\/4529\/revisions"}],"wp:featuredmedia":[{"embeddable":true,"href":"https:\/\/www.lengyelrobert.hu\/index.php\/wp-json\/wp\/v2\/media\/4530"}],"wp:attachment":[{"href":"https:\/\/www.lengyelrobert.hu\/index.php\/wp-json\/wp\/v2\/media?parent=4529"}],"wp:term":[{"taxonomy":"category","embeddable":true,"href":"https:\/\/www.lengyelrobert.hu\/index.php\/wp-json\/wp\/v2\/categories?post=4529"},{"taxonomy":"post_tag","embeddable":true,"href":"https:\/\/www.lengyelrobert.hu\/index.php\/wp-json\/wp\/v2\/tags?post=4529"}],"curies":[{"name":"wp","href":"https:\/\/api.w.org\/{rel}","templated":true}]}}