{"id":4528,"date":"2018-09-18T08:39:56","date_gmt":"2018-09-18T06:39:56","guid":{"rendered":"https:\/\/www.lengyelrobert.hu\/uncategorized\/2018-09-18-i-facebook-bejegyzes\/"},"modified":"2018-09-18T08:39:56","modified_gmt":"2018-09-18T06:39:56","slug":"2018-09-18-i-facebook-bejegyzes","status":"publish","type":"post","link":"https:\/\/www.lengyelrobert.hu\/index.php\/2018\/09\/18\/2018-09-18-i-facebook-bejegyzes\/","title":{"rendered":"2018.09.18-i Facebook bejegyz\u00e9s"},"content":{"rendered":"<p>Tisztelt Olvas\u00f3im!<\/p>\n<p>        M\u00falt h\u00e9ten sz\u00e1moltam be arr\u00f3l, hogy a &#8220;nagy nemzeti hullad\u00e9kos c\u00e9g&#8221;, azaz az NHKV sz\u00e9kh\u00e1z\u00e1ban j\u00e1rtam Budapesten. Egyebek mellett pr\u00f3b\u00e1ltam magyar\u00e1zatot k\u00e9rni arra: vajon a lakoss\u00e1g mi\u00e9rt nem kapja eg\u00e9sz \u00e9vben a hullad\u00e9ksz\u00e1ll\u00edt\u00e1si csekkjeit, mi\u00e9rt hagyj\u00e1k a tartoz\u00e1sok folyamatos halmoz\u00f3d\u00e1s\u00e1t, ki v\u00e1llalja a felel\u0151ss\u00e9get, ha majd esetleg kar\u00e1csonyi aj\u00e1nd\u00e9kk\u00e9nt, egyben kapj\u00e1k az emberek k\u00e9zbe az elmaradt csekkhalmot? Tov\u00e1bb\u00e1 szerettem volna megtudni azt is, hogy a szem\u00e9t sz\u00e1ll\u00edt\u00e1s\u00e1t n\u00e1lunk elv\u00e9gz\u0151 SI\u00d3KOM meg mi\u00e9rt nem kapja meg az elv\u00e9gzett munk\u00e1j\u00e1\u00e9rt j\u00e1r\u00f3 p\u00e9nz\u00e9t az \u00e1llamt\u00f3l, pontosabban az \u00e1llami tulajdon\u00fa NHKV-t\u00f3l. Akkor sajnos \u00e9rdemi v\u00e1laszok n\u00e9lk\u00fcl maradtam, a nemtetsz\u00e9semnek is er\u0151teljes hangot adva. Hogy esetleg az asztalra csap\u00e1s hatott-e, nem tudni, de t\u00e9ny, hogy a SI\u00d3KOM \u00fcgyvezet\u0151je ma arr\u00f3l t\u00e1j\u00e9koztatott, hogy az NHKV jelezte: j\u00f6v\u0151 h\u00e9t m\u00e1sodik fel\u00e9ben elkezdik kik\u00fcldeni a lakoss\u00e1g 2017 utols\u00f3 \u00e9s 2018 els\u0151 negyed\u00e9vi csekkjeit. Ha lesz v\u00e9gre bev\u00e9tel\u00fck, rem\u00e9lhet\u0151leg \u0151k meg kifizetik a p\u00e9nz\u00fckre v\u00e1r\u00f3 &#8220;szemetes c\u00e9geket&#8221; szerte az orsz\u00e1gban, \u00edgy n\u00e1lunk a Si\u00f3komot. Mert a probl\u00e9ma sajnos orsz\u00e1gos, nem csak helyi. Akit k\u00f6zelebbr\u0151l \u00e9rdekel a t\u00e9ma, annak nagyon \u00e9rdemes elolvasni a lenti cikket. Kis pillanatk\u00e9p Magyarorsz\u00e1gr\u00f3l \u00e9s arr\u00f3l, mi t\u00f6rt\u00e9nhet, ha \u00e1llamos\u00edtunk, helyesebben, ha \u00edgy \u00e1llamos\u00edtunk. Mert az alapelk\u00e9pzel\u00e9ssel, a hullad\u00e9kgazd\u00e1lkod\u00e1s k\u00f6zpontos\u00edt\u00e1s\u00e1val alapvet\u0151en egyet tudok \u00e9rteni, ezt m\u00e1r kor\u00e1bban is t\u00f6bbsz\u00f6r kifejtettem, de az ilyen gyatra v\u00e9grehajt\u00e1ssal m\u00e1r aligha. Egy\u00e9bk\u00e9nt az NHKV eddigi vez\u00e9rigazgat\u00f3ja a minap feljebb l\u00e9pett azon a bizonyos l\u00e9tr\u00e1n \u00e9s \u00e1llamtitk\u00e1ri kinevez\u00e9st kapott, most v\u00e1rj\u00e1k, ki lesz az \u00faj &#8220;befut\u00f3&#8221;.<\/p>\n<p>        (A t\u00e9m\u00e1ban a lentebbi youtube vide\u00f3ra kattintva l\u00e1that\u00f3 Potocsk\u00e1n\u00e9 K\u0151r\u00f6si Anita k\u00e9pvisel\u0151 asszony parlamenti felsz\u00f3lal\u00e1sa is.)<\/p>\n<p>        Bar\u00e1ts\u00e1ggal: R.<\/p>\n<p>        https:\/\/24.hu\/fn\/gazdasag\/2018\/09\/17\/nhkv-kukaholding-szemetszallitas\/<\/p>\n<p>        <iframe loading=\"lazy\" title=\"Potocsk\u00e1n\u00e9 K\u0151r\u00f6si Anita: Mi ker\u00fcl a kar\u00e1csonyfa al\u00e1? (2018.09.17)\" width=\"1080\" height=\"608\" src=\"https:\/\/www.youtube.com\/embed\/OE3Hz6Rrbuc?feature=oembed\"  allow=\"accelerometer; autoplay; clipboard-write; encrypted-media; gyroscope; picture-in-picture; web-share\" referrerpolicy=\"strict-origin-when-cross-origin\" allowfullscreen><\/iframe><\/p>\n<p><a href=\"https:\/\/24.hu\/fn\/gazdasag\/2018\/09\/17\/nhkv-kukaholding-szemetszallitas\/\">https:\/\/24.hu\/fn\/gazdasag\/2018\/09\/17\/nhkv-kukaholding-szemetszallitas\/<\/a><\/p>\n","protected":false},"excerpt":{"rendered":"<p>Tisztelt Olvas\u00f3im! M\u00falt h\u00e9ten sz\u00e1moltam be arr\u00f3l, hogy a &#8220;nagy nemzeti hullad\u00e9kos c\u00e9g&#8221;, azaz az NHKV sz\u00e9kh\u00e1z\u00e1ban j\u00e1rtam Budapesten. Egyebek mellett pr\u00f3b\u00e1ltam magyar\u00e1zatot k\u00e9rni arra: vajon a lakoss\u00e1g mi\u00e9rt nem kapja eg\u00e9sz \u00e9vben a hullad\u00e9ksz\u00e1ll\u00edt\u00e1si csekkjeit, mi\u00e9rt hagyj\u00e1k a tartoz\u00e1sok folyamatos halmoz\u00f3d\u00e1s\u00e1t, ki v\u00e1llalja a felel\u0151ss\u00e9get, ha majd esetleg kar\u00e1csonyi aj\u00e1nd\u00e9kk\u00e9nt, egyben kapj\u00e1k az emberek [&hellip;]<\/p>\n","protected":false},"author":1,"featured_media":0,"comment_status":"closed","ping_status":"closed","sticky":false,"template":"","format":"standard","meta":{"_acf_changed":false,"_et_pb_use_builder":"","_et_pb_old_content":"","_et_gb_content_width":"","footnotes":""},"categories":[1],"tags":[],"class_list":["post-4528","post","type-post","status-publish","format-standard","hentry","category-uncategorized"],"acf":[],"yoast_head":"<!-- This site is optimized with the Yoast SEO plugin v23.8 - https:\/\/yoast.com\/wordpress\/plugins\/seo\/ -->\n<title>2018.09.18-i Facebook bejegyz\u00e9s - dr. Lengyel R\u00f3bert<\/title>\n<meta name=\"robots\" content=\"index, follow, max-snippet:-1, max-image-preview:large, max-video-preview:-1\" \/>\n<link rel=\"canonical\" href=\"https:\/\/www.lengyelrobert.hu\/index.php\/2018\/09\/18\/2018-09-18-i-facebook-bejegyzes\/\" \/>\n<meta property=\"og:locale\" content=\"hu_HU\" \/>\n<meta property=\"og:type\" content=\"article\" \/>\n<meta property=\"og:title\" content=\"2018.09.18-i Facebook bejegyz\u00e9s - dr. Lengyel R\u00f3bert\" \/>\n<meta property=\"og:description\" content=\"Tisztelt Olvas\u00f3im! M\u00falt h\u00e9ten sz\u00e1moltam be arr\u00f3l, hogy a &#8220;nagy nemzeti hullad\u00e9kos c\u00e9g&#8221;, azaz az NHKV sz\u00e9kh\u00e1z\u00e1ban j\u00e1rtam Budapesten. Egyebek mellett pr\u00f3b\u00e1ltam magyar\u00e1zatot k\u00e9rni arra: vajon a lakoss\u00e1g mi\u00e9rt nem kapja eg\u00e9sz \u00e9vben a hullad\u00e9ksz\u00e1ll\u00edt\u00e1si csekkjeit, mi\u00e9rt hagyj\u00e1k a tartoz\u00e1sok folyamatos halmoz\u00f3d\u00e1s\u00e1t, ki v\u00e1llalja a felel\u0151ss\u00e9get, ha majd esetleg kar\u00e1csonyi aj\u00e1nd\u00e9kk\u00e9nt, egyben kapj\u00e1k az emberek [&hellip;]\" \/>\n<meta property=\"og:url\" content=\"https:\/\/www.lengyelrobert.hu\/index.php\/2018\/09\/18\/2018-09-18-i-facebook-bejegyzes\/\" \/>\n<meta property=\"og:site_name\" content=\"dr. Lengyel R\u00f3bert\" \/>\n<meta property=\"article:published_time\" content=\"2018-09-18T06:39:56+00:00\" \/>\n<meta name=\"author\" content=\"webmaster\" \/>\n<meta name=\"twitter:card\" content=\"summary_large_image\" \/>\n<meta name=\"twitter:label1\" content=\"Szerz\u0151:\" \/>\n\t<meta name=\"twitter:data1\" content=\"webmaster\" \/>\n\t<meta name=\"twitter:label2\" content=\"Becs\u00fclt olvas\u00e1si id\u0151\" \/>\n\t<meta name=\"twitter:data2\" content=\"2 perc\" \/>\n<script type=\"application\/ld+json\" class=\"yoast-schema-graph\">{\"@context\":\"https:\/\/schema.org\",\"@graph\":[{\"@type\":\"WebPage\",\"@id\":\"https:\/\/www.lengyelrobert.hu\/index.php\/2018\/09\/18\/2018-09-18-i-facebook-bejegyzes\/\",\"url\":\"https:\/\/www.lengyelrobert.hu\/index.php\/2018\/09\/18\/2018-09-18-i-facebook-bejegyzes\/\",\"name\":\"2018.09.18-i Facebook bejegyz\u00e9s - dr. Lengyel R\u00f3bert\",\"isPartOf\":{\"@id\":\"https:\/\/www.lengyelrobert.hu\/#website\"},\"datePublished\":\"2018-09-18T06:39:56+00:00\",\"dateModified\":\"2018-09-18T06:39:56+00:00\",\"author\":{\"@id\":\"https:\/\/www.lengyelrobert.hu\/#\/schema\/person\/2926fe5141a59e6530d8a411eb7bfb2d\"},\"breadcrumb\":{\"@id\":\"https:\/\/www.lengyelrobert.hu\/index.php\/2018\/09\/18\/2018-09-18-i-facebook-bejegyzes\/#breadcrumb\"},\"inLanguage\":\"hu\",\"potentialAction\":[{\"@type\":\"ReadAction\",\"target\":[\"https:\/\/www.lengyelrobert.hu\/index.php\/2018\/09\/18\/2018-09-18-i-facebook-bejegyzes\/\"]}]},{\"@type\":\"BreadcrumbList\",\"@id\":\"https:\/\/www.lengyelrobert.hu\/index.php\/2018\/09\/18\/2018-09-18-i-facebook-bejegyzes\/#breadcrumb\",\"itemListElement\":[{\"@type\":\"ListItem\",\"position\":1,\"name\":\"Home\",\"item\":\"https:\/\/www.lengyelrobert.hu\/\"},{\"@type\":\"ListItem\",\"position\":2,\"name\":\"2018.09.18-i Facebook bejegyz\u00e9s\"}]},{\"@type\":\"WebSite\",\"@id\":\"https:\/\/www.lengyelrobert.hu\/#website\",\"url\":\"https:\/\/www.lengyelrobert.hu\/\",\"name\":\"dr. Lengyel R\u00f3bert\",\"description\":\"A Becs\u00fclettel Si\u00f3fok\u00e9rt Egyes\u00fclet honlapja\",\"potentialAction\":[{\"@type\":\"SearchAction\",\"target\":{\"@type\":\"EntryPoint\",\"urlTemplate\":\"https:\/\/www.lengyelrobert.hu\/?s={search_term_string}\"},\"query-input\":{\"@type\":\"PropertyValueSpecification\",\"valueRequired\":true,\"valueName\":\"search_term_string\"}}],\"inLanguage\":\"hu\"},{\"@type\":\"Person\",\"@id\":\"https:\/\/www.lengyelrobert.hu\/#\/schema\/person\/2926fe5141a59e6530d8a411eb7bfb2d\",\"name\":\"webmaster\",\"image\":{\"@type\":\"ImageObject\",\"inLanguage\":\"hu\",\"@id\":\"https:\/\/www.lengyelrobert.hu\/#\/schema\/person\/image\/\",\"url\":\"https:\/\/secure.gravatar.com\/avatar\/d53f7fc01f188bb097ecc2caf950c777c2cdc1ec48a2d1726a8399a2188940b0?s=96&d=mm&r=g\",\"contentUrl\":\"https:\/\/secure.gravatar.com\/avatar\/d53f7fc01f188bb097ecc2caf950c777c2cdc1ec48a2d1726a8399a2188940b0?s=96&d=mm&r=g\",\"caption\":\"webmaster\"},\"sameAs\":[\"https:\/\/www.lengyelrobert.hu\"],\"url\":\"https:\/\/www.lengyelrobert.hu\/index.php\/author\/webmaster\/\"}]}<\/script>\n<!-- \/ Yoast SEO plugin. -->","yoast_head_json":{"title":"2018.09.18-i Facebook bejegyz\u00e9s - dr. Lengyel R\u00f3bert","robots":{"index":"index","follow":"follow","max-snippet":"max-snippet:-1","max-image-preview":"max-image-preview:large","max-video-preview":"max-video-preview:-1"},"canonical":"https:\/\/www.lengyelrobert.hu\/index.php\/2018\/09\/18\/2018-09-18-i-facebook-bejegyzes\/","og_locale":"hu_HU","og_type":"article","og_title":"2018.09.18-i Facebook bejegyz\u00e9s - dr. Lengyel R\u00f3bert","og_description":"Tisztelt Olvas\u00f3im! M\u00falt h\u00e9ten sz\u00e1moltam be arr\u00f3l, hogy a &#8220;nagy nemzeti hullad\u00e9kos c\u00e9g&#8221;, azaz az NHKV sz\u00e9kh\u00e1z\u00e1ban j\u00e1rtam Budapesten. Egyebek mellett pr\u00f3b\u00e1ltam magyar\u00e1zatot k\u00e9rni arra: vajon a lakoss\u00e1g mi\u00e9rt nem kapja eg\u00e9sz \u00e9vben a hullad\u00e9ksz\u00e1ll\u00edt\u00e1si csekkjeit, mi\u00e9rt hagyj\u00e1k a tartoz\u00e1sok folyamatos halmoz\u00f3d\u00e1s\u00e1t, ki v\u00e1llalja a felel\u0151ss\u00e9get, ha majd esetleg kar\u00e1csonyi aj\u00e1nd\u00e9kk\u00e9nt, egyben kapj\u00e1k az emberek [&hellip;]","og_url":"https:\/\/www.lengyelrobert.hu\/index.php\/2018\/09\/18\/2018-09-18-i-facebook-bejegyzes\/","og_site_name":"dr. Lengyel R\u00f3bert","article_published_time":"2018-09-18T06:39:56+00:00","author":"webmaster","twitter_card":"summary_large_image","twitter_misc":{"Szerz\u0151:":"webmaster","Becs\u00fclt olvas\u00e1si id\u0151":"2 perc"},"schema":{"@context":"https:\/\/schema.org","@graph":[{"@type":"WebPage","@id":"https:\/\/www.lengyelrobert.hu\/index.php\/2018\/09\/18\/2018-09-18-i-facebook-bejegyzes\/","url":"https:\/\/www.lengyelrobert.hu\/index.php\/2018\/09\/18\/2018-09-18-i-facebook-bejegyzes\/","name":"2018.09.18-i Facebook bejegyz\u00e9s - dr. Lengyel R\u00f3bert","isPartOf":{"@id":"https:\/\/www.lengyelrobert.hu\/#website"},"datePublished":"2018-09-18T06:39:56+00:00","dateModified":"2018-09-18T06:39:56+00:00","author":{"@id":"https:\/\/www.lengyelrobert.hu\/#\/schema\/person\/2926fe5141a59e6530d8a411eb7bfb2d"},"breadcrumb":{"@id":"https:\/\/www.lengyelrobert.hu\/index.php\/2018\/09\/18\/2018-09-18-i-facebook-bejegyzes\/#breadcrumb"},"inLanguage":"hu","potentialAction":[{"@type":"ReadAction","target":["https:\/\/www.lengyelrobert.hu\/index.php\/2018\/09\/18\/2018-09-18-i-facebook-bejegyzes\/"]}]},{"@type":"BreadcrumbList","@id":"https:\/\/www.lengyelrobert.hu\/index.php\/2018\/09\/18\/2018-09-18-i-facebook-bejegyzes\/#breadcrumb","itemListElement":[{"@type":"ListItem","position":1,"name":"Home","item":"https:\/\/www.lengyelrobert.hu\/"},{"@type":"ListItem","position":2,"name":"2018.09.18-i Facebook bejegyz\u00e9s"}]},{"@type":"WebSite","@id":"https:\/\/www.lengyelrobert.hu\/#website","url":"https:\/\/www.lengyelrobert.hu\/","name":"dr. Lengyel R\u00f3bert","description":"A Becs\u00fclettel Si\u00f3fok\u00e9rt Egyes\u00fclet honlapja","potentialAction":[{"@type":"SearchAction","target":{"@type":"EntryPoint","urlTemplate":"https:\/\/www.lengyelrobert.hu\/?s={search_term_string}"},"query-input":{"@type":"PropertyValueSpecification","valueRequired":true,"valueName":"search_term_string"}}],"inLanguage":"hu"},{"@type":"Person","@id":"https:\/\/www.lengyelrobert.hu\/#\/schema\/person\/2926fe5141a59e6530d8a411eb7bfb2d","name":"webmaster","image":{"@type":"ImageObject","inLanguage":"hu","@id":"https:\/\/www.lengyelrobert.hu\/#\/schema\/person\/image\/","url":"https:\/\/secure.gravatar.com\/avatar\/d53f7fc01f188bb097ecc2caf950c777c2cdc1ec48a2d1726a8399a2188940b0?s=96&d=mm&r=g","contentUrl":"https:\/\/secure.gravatar.com\/avatar\/d53f7fc01f188bb097ecc2caf950c777c2cdc1ec48a2d1726a8399a2188940b0?s=96&d=mm&r=g","caption":"webmaster"},"sameAs":["https:\/\/www.lengyelrobert.hu"],"url":"https:\/\/www.lengyelrobert.hu\/index.php\/author\/webmaster\/"}]}},"_links":{"self":[{"href":"https:\/\/www.lengyelrobert.hu\/index.php\/wp-json\/wp\/v2\/posts\/4528","targetHints":{"allow":["GET"]}}],"collection":[{"href":"https:\/\/www.lengyelrobert.hu\/index.php\/wp-json\/wp\/v2\/posts"}],"about":[{"href":"https:\/\/www.lengyelrobert.hu\/index.php\/wp-json\/wp\/v2\/types\/post"}],"author":[{"embeddable":true,"href":"https:\/\/www.lengyelrobert.hu\/index.php\/wp-json\/wp\/v2\/users\/1"}],"replies":[{"embeddable":true,"href":"https:\/\/www.lengyelrobert.hu\/index.php\/wp-json\/wp\/v2\/comments?post=4528"}],"version-history":[{"count":0,"href":"https:\/\/www.lengyelrobert.hu\/index.php\/wp-json\/wp\/v2\/posts\/4528\/revisions"}],"wp:attachment":[{"href":"https:\/\/www.lengyelrobert.hu\/index.php\/wp-json\/wp\/v2\/media?parent=4528"}],"wp:term":[{"taxonomy":"category","embeddable":true,"href":"https:\/\/www.lengyelrobert.hu\/index.php\/wp-json\/wp\/v2\/categories?post=4528"},{"taxonomy":"post_tag","embeddable":true,"href":"https:\/\/www.lengyelrobert.hu\/index.php\/wp-json\/wp\/v2\/tags?post=4528"}],"curies":[{"name":"wp","href":"https:\/\/api.w.org\/{rel}","templated":true}]}}