{"id":4514,"date":"2018-09-27T06:29:16","date_gmt":"2018-09-27T04:29:16","guid":{"rendered":"https:\/\/www.lengyelrobert.hu\/uncategorized\/2018-09-27-i-facebook-bejegyzes-2\/"},"modified":"2018-09-27T06:29:16","modified_gmt":"2018-09-27T04:29:16","slug":"2018-09-27-i-facebook-bejegyzes-2","status":"publish","type":"post","link":"https:\/\/www.lengyelrobert.hu\/index.php\/2018\/09\/27\/2018-09-27-i-facebook-bejegyzes-2\/","title":{"rendered":"2018.09.27-i Facebook bejegyz\u00e9s"},"content":{"rendered":"<p>Tisztelt Olvas\u00f3im!<\/p>\n<p>        Ma 13.00 \u00f3r\u00e1t\u00f3l k\u00e9pvisel\u0151 test\u00fcleti \u00fcl\u00e9s a hivatal 1. emeleti term\u00e9ben. V\u00e1rjuk az \u00e9rdekl\u0151d\u0151ket.<\/p>\n<p>        K\u00e9t \u00f3vod\u00e1nk, a Nyitnyik\u00e9k \u00e9s a Katicabog\u00e1r gyalogosan t\u00f6rt\u00e9n\u0151 megk\u00f6zel\u00edt\u00e9se egy kiad\u00f3s es\u0151z\u00e9s ut\u00e1n, komoly kih\u00edv\u00e1s a sz\u00fcl\u0151knek, gyerekeknek \u00e9s ott dolgoz\u00f3knak egyar\u00e1nt. A probl\u00e9m\u00e1kr\u00f3l \u00e9rtes\u00fcltem magam is \u00e9s azok megsz\u00fcntet\u00e9s\u00e9vel \u00f6sszef\u00fcgg\u00e9sben az al\u00e1bbiakat tudom t\u00e1j\u00e9koztat\u00e1sul le\u00edrni. A Katicabog\u00e1r eset\u00e9ben r\u00f6videsen indulnak a munk\u00e1latok \u00e9s az \u00fat, valamint a parkol\u00f3 is viacolort fog kapni v\u00e1rosi beruh\u00e1z\u00e1sk\u00e9nt. A Nyitnyik\u00e9k eset\u00e9ben kicsit bonyolultabb a helyzet. Az ovi melletti templom k\u00f6rnyezete egyh\u00e1zi beruh\u00e1z\u00e1sban teljes k\u00f6r\u0171 fel\u00faj\u00edt\u00e1son esik \u00e1t. A tervek m\u00e1r meg vannak, viszont azzal a fel\u00faj\u00edt\u00e1ssal \u00f6sszef\u00fcgg\u00e9sben, az \u00f3voda bej\u00e1rat\u00e1nak m\u00e9ly r\u00e9sz\u00e9ben -ahol a v\u00edz is \u00f6sszegy\u0171lik- talajf\u00far\u00e1sokat fognak v\u00e9gezni. Am\u00edg azok nem t\u00f6rt\u00e9nnek meg, addig ott v\u00e9gleges megold\u00e1st a v\u00edzelvezet\u00e9sre, szil\u00e1rd burkolat kialak\u00edt\u00e1sra nem c\u00e9lszer\u0171 elv\u00e9geztetni, mert \u00fajra fel k\u00e9ne t\u00f6rni. A templom-k\u00f6rny\u00e9k fel\u00faj\u00edt\u00e1sa id\u00e9n m\u00e1r v\u00e9lhet\u0151en nem fog elindulni, \u00edgy ideiglenes megold\u00e1sra k\u00e9rtem javaslatot munkat\u00e1rsaimt\u00f3l.<\/p>\n<p>        Bar\u00e1ts\u00e1ggal: R.<\/p>\n<p><a href=\"\"><\/a><\/p>\n","protected":false},"excerpt":{"rendered":"<p>Tisztelt Olvas\u00f3im! Ma 13.00 \u00f3r\u00e1t\u00f3l k\u00e9pvisel\u0151 test\u00fcleti \u00fcl\u00e9s a hivatal 1. emeleti term\u00e9ben. V\u00e1rjuk az \u00e9rdekl\u0151d\u0151ket. K\u00e9t \u00f3vod\u00e1nk, a Nyitnyik\u00e9k \u00e9s a Katicabog\u00e1r gyalogosan t\u00f6rt\u00e9n\u0151 megk\u00f6zel\u00edt\u00e9se egy kiad\u00f3s es\u0151z\u00e9s ut\u00e1n, komoly kih\u00edv\u00e1s a sz\u00fcl\u0151knek, gyerekeknek \u00e9s ott dolgoz\u00f3knak egyar\u00e1nt. A probl\u00e9m\u00e1kr\u00f3l \u00e9rtes\u00fcltem magam is \u00e9s azok megsz\u00fcntet\u00e9s\u00e9vel \u00f6sszef\u00fcgg\u00e9sben az al\u00e1bbiakat tudom t\u00e1j\u00e9koztat\u00e1sul le\u00edrni. A Katicabog\u00e1r [&hellip;]<\/p>\n","protected":false},"author":1,"featured_media":4515,"comment_status":"closed","ping_status":"closed","sticky":false,"template":"","format":"standard","meta":{"_acf_changed":false,"_et_pb_use_builder":"","_et_pb_old_content":"","_et_gb_content_width":"","footnotes":""},"categories":[1],"tags":[],"class_list":["post-4514","post","type-post","status-publish","format-standard","has-post-thumbnail","hentry","category-uncategorized"],"acf":[],"yoast_head":"<!-- This site is optimized with the Yoast SEO plugin v23.8 - https:\/\/yoast.com\/wordpress\/plugins\/seo\/ -->\n<title>2018.09.27-i Facebook bejegyz\u00e9s - dr. Lengyel R\u00f3bert<\/title>\n<meta name=\"robots\" content=\"index, follow, max-snippet:-1, max-image-preview:large, max-video-preview:-1\" \/>\n<link rel=\"canonical\" href=\"https:\/\/www.lengyelrobert.hu\/index.php\/2018\/09\/27\/2018-09-27-i-facebook-bejegyzes-2\/\" \/>\n<meta property=\"og:locale\" content=\"hu_HU\" \/>\n<meta property=\"og:type\" content=\"article\" \/>\n<meta property=\"og:title\" content=\"2018.09.27-i Facebook bejegyz\u00e9s - dr. Lengyel R\u00f3bert\" \/>\n<meta property=\"og:description\" content=\"Tisztelt Olvas\u00f3im! Ma 13.00 \u00f3r\u00e1t\u00f3l k\u00e9pvisel\u0151 test\u00fcleti \u00fcl\u00e9s a hivatal 1. emeleti term\u00e9ben. V\u00e1rjuk az \u00e9rdekl\u0151d\u0151ket. K\u00e9t \u00f3vod\u00e1nk, a Nyitnyik\u00e9k \u00e9s a Katicabog\u00e1r gyalogosan t\u00f6rt\u00e9n\u0151 megk\u00f6zel\u00edt\u00e9se egy kiad\u00f3s es\u0151z\u00e9s ut\u00e1n, komoly kih\u00edv\u00e1s a sz\u00fcl\u0151knek, gyerekeknek \u00e9s ott dolgoz\u00f3knak egyar\u00e1nt. A probl\u00e9m\u00e1kr\u00f3l \u00e9rtes\u00fcltem magam is \u00e9s azok megsz\u00fcntet\u00e9s\u00e9vel \u00f6sszef\u00fcgg\u00e9sben az al\u00e1bbiakat tudom t\u00e1j\u00e9koztat\u00e1sul le\u00edrni. A Katicabog\u00e1r [&hellip;]\" \/>\n<meta property=\"og:url\" content=\"https:\/\/www.lengyelrobert.hu\/index.php\/2018\/09\/27\/2018-09-27-i-facebook-bejegyzes-2\/\" \/>\n<meta property=\"og:site_name\" content=\"dr. Lengyel R\u00f3bert\" \/>\n<meta property=\"article:published_time\" content=\"2018-09-27T04:29:16+00:00\" \/>\n<meta property=\"og:image\" content=\"https:\/\/www.lengyelrobert.hu\/wp-content\/uploads\/2019\/04\/42570342_1176842629131713_7822816603589836800_o_1176842625798380-1.jpg\" \/>\n\t<meta property=\"og:image:width\" content=\"1280\" \/>\n\t<meta property=\"og:image:height\" content=\"720\" \/>\n\t<meta property=\"og:image:type\" content=\"image\/jpeg\" \/>\n<meta name=\"author\" content=\"webmaster\" \/>\n<meta name=\"twitter:card\" content=\"summary_large_image\" \/>\n<meta name=\"twitter:label1\" content=\"Szerz\u0151:\" \/>\n\t<meta name=\"twitter:data1\" content=\"webmaster\" \/>\n\t<meta name=\"twitter:label2\" content=\"Becs\u00fclt olvas\u00e1si id\u0151\" \/>\n\t<meta name=\"twitter:data2\" content=\"1 perc\" \/>\n<script type=\"application\/ld+json\" class=\"yoast-schema-graph\">{\"@context\":\"https:\/\/schema.org\",\"@graph\":[{\"@type\":\"WebPage\",\"@id\":\"https:\/\/www.lengyelrobert.hu\/index.php\/2018\/09\/27\/2018-09-27-i-facebook-bejegyzes-2\/\",\"url\":\"https:\/\/www.lengyelrobert.hu\/index.php\/2018\/09\/27\/2018-09-27-i-facebook-bejegyzes-2\/\",\"name\":\"2018.09.27-i Facebook bejegyz\u00e9s - dr. Lengyel R\u00f3bert\",\"isPartOf\":{\"@id\":\"https:\/\/www.lengyelrobert.hu\/#website\"},\"primaryImageOfPage\":{\"@id\":\"https:\/\/www.lengyelrobert.hu\/index.php\/2018\/09\/27\/2018-09-27-i-facebook-bejegyzes-2\/#primaryimage\"},\"image\":{\"@id\":\"https:\/\/www.lengyelrobert.hu\/index.php\/2018\/09\/27\/2018-09-27-i-facebook-bejegyzes-2\/#primaryimage\"},\"thumbnailUrl\":\"https:\/\/www.lengyelrobert.hu\/wp-content\/uploads\/2019\/04\/42570342_1176842629131713_7822816603589836800_o_1176842625798380-1.jpg\",\"datePublished\":\"2018-09-27T04:29:16+00:00\",\"dateModified\":\"2018-09-27T04:29:16+00:00\",\"author\":{\"@id\":\"https:\/\/www.lengyelrobert.hu\/#\/schema\/person\/2926fe5141a59e6530d8a411eb7bfb2d\"},\"breadcrumb\":{\"@id\":\"https:\/\/www.lengyelrobert.hu\/index.php\/2018\/09\/27\/2018-09-27-i-facebook-bejegyzes-2\/#breadcrumb\"},\"inLanguage\":\"hu\",\"potentialAction\":[{\"@type\":\"ReadAction\",\"target\":[\"https:\/\/www.lengyelrobert.hu\/index.php\/2018\/09\/27\/2018-09-27-i-facebook-bejegyzes-2\/\"]}]},{\"@type\":\"ImageObject\",\"inLanguage\":\"hu\",\"@id\":\"https:\/\/www.lengyelrobert.hu\/index.php\/2018\/09\/27\/2018-09-27-i-facebook-bejegyzes-2\/#primaryimage\",\"url\":\"https:\/\/www.lengyelrobert.hu\/wp-content\/uploads\/2019\/04\/42570342_1176842629131713_7822816603589836800_o_1176842625798380-1.jpg\",\"contentUrl\":\"https:\/\/www.lengyelrobert.hu\/wp-content\/uploads\/2019\/04\/42570342_1176842629131713_7822816603589836800_o_1176842625798380-1.jpg\",\"width\":1280,\"height\":720},{\"@type\":\"BreadcrumbList\",\"@id\":\"https:\/\/www.lengyelrobert.hu\/index.php\/2018\/09\/27\/2018-09-27-i-facebook-bejegyzes-2\/#breadcrumb\",\"itemListElement\":[{\"@type\":\"ListItem\",\"position\":1,\"name\":\"Home\",\"item\":\"https:\/\/www.lengyelrobert.hu\/\"},{\"@type\":\"ListItem\",\"position\":2,\"name\":\"2018.09.27-i Facebook bejegyz\u00e9s\"}]},{\"@type\":\"WebSite\",\"@id\":\"https:\/\/www.lengyelrobert.hu\/#website\",\"url\":\"https:\/\/www.lengyelrobert.hu\/\",\"name\":\"dr. Lengyel R\u00f3bert\",\"description\":\"A Becs\u00fclettel Si\u00f3fok\u00e9rt Egyes\u00fclet honlapja\",\"potentialAction\":[{\"@type\":\"SearchAction\",\"target\":{\"@type\":\"EntryPoint\",\"urlTemplate\":\"https:\/\/www.lengyelrobert.hu\/?s={search_term_string}\"},\"query-input\":{\"@type\":\"PropertyValueSpecification\",\"valueRequired\":true,\"valueName\":\"search_term_string\"}}],\"inLanguage\":\"hu\"},{\"@type\":\"Person\",\"@id\":\"https:\/\/www.lengyelrobert.hu\/#\/schema\/person\/2926fe5141a59e6530d8a411eb7bfb2d\",\"name\":\"webmaster\",\"image\":{\"@type\":\"ImageObject\",\"inLanguage\":\"hu\",\"@id\":\"https:\/\/www.lengyelrobert.hu\/#\/schema\/person\/image\/\",\"url\":\"https:\/\/secure.gravatar.com\/avatar\/d53f7fc01f188bb097ecc2caf950c777c2cdc1ec48a2d1726a8399a2188940b0?s=96&d=mm&r=g\",\"contentUrl\":\"https:\/\/secure.gravatar.com\/avatar\/d53f7fc01f188bb097ecc2caf950c777c2cdc1ec48a2d1726a8399a2188940b0?s=96&d=mm&r=g\",\"caption\":\"webmaster\"},\"sameAs\":[\"https:\/\/www.lengyelrobert.hu\"],\"url\":\"https:\/\/www.lengyelrobert.hu\/index.php\/author\/webmaster\/\"}]}<\/script>\n<!-- \/ Yoast SEO plugin. -->","yoast_head_json":{"title":"2018.09.27-i Facebook bejegyz\u00e9s - dr. Lengyel R\u00f3bert","robots":{"index":"index","follow":"follow","max-snippet":"max-snippet:-1","max-image-preview":"max-image-preview:large","max-video-preview":"max-video-preview:-1"},"canonical":"https:\/\/www.lengyelrobert.hu\/index.php\/2018\/09\/27\/2018-09-27-i-facebook-bejegyzes-2\/","og_locale":"hu_HU","og_type":"article","og_title":"2018.09.27-i Facebook bejegyz\u00e9s - dr. Lengyel R\u00f3bert","og_description":"Tisztelt Olvas\u00f3im! Ma 13.00 \u00f3r\u00e1t\u00f3l k\u00e9pvisel\u0151 test\u00fcleti \u00fcl\u00e9s a hivatal 1. emeleti term\u00e9ben. V\u00e1rjuk az \u00e9rdekl\u0151d\u0151ket. K\u00e9t \u00f3vod\u00e1nk, a Nyitnyik\u00e9k \u00e9s a Katicabog\u00e1r gyalogosan t\u00f6rt\u00e9n\u0151 megk\u00f6zel\u00edt\u00e9se egy kiad\u00f3s es\u0151z\u00e9s ut\u00e1n, komoly kih\u00edv\u00e1s a sz\u00fcl\u0151knek, gyerekeknek \u00e9s ott dolgoz\u00f3knak egyar\u00e1nt. A probl\u00e9m\u00e1kr\u00f3l \u00e9rtes\u00fcltem magam is \u00e9s azok megsz\u00fcntet\u00e9s\u00e9vel \u00f6sszef\u00fcgg\u00e9sben az al\u00e1bbiakat tudom t\u00e1j\u00e9koztat\u00e1sul le\u00edrni. A Katicabog\u00e1r [&hellip;]","og_url":"https:\/\/www.lengyelrobert.hu\/index.php\/2018\/09\/27\/2018-09-27-i-facebook-bejegyzes-2\/","og_site_name":"dr. Lengyel R\u00f3bert","article_published_time":"2018-09-27T04:29:16+00:00","og_image":[{"width":1280,"height":720,"url":"https:\/\/www.lengyelrobert.hu\/wp-content\/uploads\/2019\/04\/42570342_1176842629131713_7822816603589836800_o_1176842625798380-1.jpg","type":"image\/jpeg"}],"author":"webmaster","twitter_card":"summary_large_image","twitter_misc":{"Szerz\u0151:":"webmaster","Becs\u00fclt olvas\u00e1si id\u0151":"1 perc"},"schema":{"@context":"https:\/\/schema.org","@graph":[{"@type":"WebPage","@id":"https:\/\/www.lengyelrobert.hu\/index.php\/2018\/09\/27\/2018-09-27-i-facebook-bejegyzes-2\/","url":"https:\/\/www.lengyelrobert.hu\/index.php\/2018\/09\/27\/2018-09-27-i-facebook-bejegyzes-2\/","name":"2018.09.27-i Facebook bejegyz\u00e9s - dr. Lengyel R\u00f3bert","isPartOf":{"@id":"https:\/\/www.lengyelrobert.hu\/#website"},"primaryImageOfPage":{"@id":"https:\/\/www.lengyelrobert.hu\/index.php\/2018\/09\/27\/2018-09-27-i-facebook-bejegyzes-2\/#primaryimage"},"image":{"@id":"https:\/\/www.lengyelrobert.hu\/index.php\/2018\/09\/27\/2018-09-27-i-facebook-bejegyzes-2\/#primaryimage"},"thumbnailUrl":"https:\/\/www.lengyelrobert.hu\/wp-content\/uploads\/2019\/04\/42570342_1176842629131713_7822816603589836800_o_1176842625798380-1.jpg","datePublished":"2018-09-27T04:29:16+00:00","dateModified":"2018-09-27T04:29:16+00:00","author":{"@id":"https:\/\/www.lengyelrobert.hu\/#\/schema\/person\/2926fe5141a59e6530d8a411eb7bfb2d"},"breadcrumb":{"@id":"https:\/\/www.lengyelrobert.hu\/index.php\/2018\/09\/27\/2018-09-27-i-facebook-bejegyzes-2\/#breadcrumb"},"inLanguage":"hu","potentialAction":[{"@type":"ReadAction","target":["https:\/\/www.lengyelrobert.hu\/index.php\/2018\/09\/27\/2018-09-27-i-facebook-bejegyzes-2\/"]}]},{"@type":"ImageObject","inLanguage":"hu","@id":"https:\/\/www.lengyelrobert.hu\/index.php\/2018\/09\/27\/2018-09-27-i-facebook-bejegyzes-2\/#primaryimage","url":"https:\/\/www.lengyelrobert.hu\/wp-content\/uploads\/2019\/04\/42570342_1176842629131713_7822816603589836800_o_1176842625798380-1.jpg","contentUrl":"https:\/\/www.lengyelrobert.hu\/wp-content\/uploads\/2019\/04\/42570342_1176842629131713_7822816603589836800_o_1176842625798380-1.jpg","width":1280,"height":720},{"@type":"BreadcrumbList","@id":"https:\/\/www.lengyelrobert.hu\/index.php\/2018\/09\/27\/2018-09-27-i-facebook-bejegyzes-2\/#breadcrumb","itemListElement":[{"@type":"ListItem","position":1,"name":"Home","item":"https:\/\/www.lengyelrobert.hu\/"},{"@type":"ListItem","position":2,"name":"2018.09.27-i Facebook bejegyz\u00e9s"}]},{"@type":"WebSite","@id":"https:\/\/www.lengyelrobert.hu\/#website","url":"https:\/\/www.lengyelrobert.hu\/","name":"dr. Lengyel R\u00f3bert","description":"A Becs\u00fclettel Si\u00f3fok\u00e9rt Egyes\u00fclet honlapja","potentialAction":[{"@type":"SearchAction","target":{"@type":"EntryPoint","urlTemplate":"https:\/\/www.lengyelrobert.hu\/?s={search_term_string}"},"query-input":{"@type":"PropertyValueSpecification","valueRequired":true,"valueName":"search_term_string"}}],"inLanguage":"hu"},{"@type":"Person","@id":"https:\/\/www.lengyelrobert.hu\/#\/schema\/person\/2926fe5141a59e6530d8a411eb7bfb2d","name":"webmaster","image":{"@type":"ImageObject","inLanguage":"hu","@id":"https:\/\/www.lengyelrobert.hu\/#\/schema\/person\/image\/","url":"https:\/\/secure.gravatar.com\/avatar\/d53f7fc01f188bb097ecc2caf950c777c2cdc1ec48a2d1726a8399a2188940b0?s=96&d=mm&r=g","contentUrl":"https:\/\/secure.gravatar.com\/avatar\/d53f7fc01f188bb097ecc2caf950c777c2cdc1ec48a2d1726a8399a2188940b0?s=96&d=mm&r=g","caption":"webmaster"},"sameAs":["https:\/\/www.lengyelrobert.hu"],"url":"https:\/\/www.lengyelrobert.hu\/index.php\/author\/webmaster\/"}]}},"_links":{"self":[{"href":"https:\/\/www.lengyelrobert.hu\/index.php\/wp-json\/wp\/v2\/posts\/4514","targetHints":{"allow":["GET"]}}],"collection":[{"href":"https:\/\/www.lengyelrobert.hu\/index.php\/wp-json\/wp\/v2\/posts"}],"about":[{"href":"https:\/\/www.lengyelrobert.hu\/index.php\/wp-json\/wp\/v2\/types\/post"}],"author":[{"embeddable":true,"href":"https:\/\/www.lengyelrobert.hu\/index.php\/wp-json\/wp\/v2\/users\/1"}],"replies":[{"embeddable":true,"href":"https:\/\/www.lengyelrobert.hu\/index.php\/wp-json\/wp\/v2\/comments?post=4514"}],"version-history":[{"count":0,"href":"https:\/\/www.lengyelrobert.hu\/index.php\/wp-json\/wp\/v2\/posts\/4514\/revisions"}],"wp:featuredmedia":[{"embeddable":true,"href":"https:\/\/www.lengyelrobert.hu\/index.php\/wp-json\/wp\/v2\/media\/4515"}],"wp:attachment":[{"href":"https:\/\/www.lengyelrobert.hu\/index.php\/wp-json\/wp\/v2\/media?parent=4514"}],"wp:term":[{"taxonomy":"category","embeddable":true,"href":"https:\/\/www.lengyelrobert.hu\/index.php\/wp-json\/wp\/v2\/categories?post=4514"},{"taxonomy":"post_tag","embeddable":true,"href":"https:\/\/www.lengyelrobert.hu\/index.php\/wp-json\/wp\/v2\/tags?post=4514"}],"curies":[{"name":"wp","href":"https:\/\/api.w.org\/{rel}","templated":true}]}}