{"id":4511,"date":"2018-09-28T08:15:30","date_gmt":"2018-09-28T06:15:30","guid":{"rendered":"https:\/\/www.lengyelrobert.hu\/uncategorized\/2018-09-28-i-facebook-bejegyzes\/"},"modified":"2018-09-28T08:15:30","modified_gmt":"2018-09-28T06:15:30","slug":"2018-09-28-i-facebook-bejegyzes","status":"publish","type":"post","link":"https:\/\/www.lengyelrobert.hu\/index.php\/2018\/09\/28\/2018-09-28-i-facebook-bejegyzes\/","title":{"rendered":"2018.09.28-i Facebook bejegyz\u00e9s"},"content":{"rendered":"<p>Tisztelt Olvas\u00f3im!<\/p>\n<p>        A Sz\u00e9chenyi utc\u00e1ban a bark\u00e1csbolt, illetve z\u00e1logh\u00e1z el\u0151tti ter\u00fcleten a parkol\u00e1si szab\u00e1lyok ez id\u00e1ig nem voltak teljesen egy\u00e9rtelm\u0171ek. A boltok el\u0151tti \u00fcres placcon t\u00f6bb parkol\u00f3hely is kialak\u00edt\u00e1sra ker\u00fclt az ingatlan tulajdonosok \u00e1ltal, de ha azokra ak\u00e1r szem\u00e9lykocsival is valaki orral a fal fel\u00e9 be\u00e1llt, a j\u00e1rm\u0171ve a gyalogos k\u00f6zleked\u00e9st is korl\u00e1tozta, vagy \u00e9pp lehetetlen\u00edtette, praktikusan a gyalogosok k\u00e9nytelenek voltak az \u00fattesten ker\u00fclni. A minap egy\u00e9rtelm\u0171 burkolati jelekkel l\u00e1ttuk el a j\u00e1rd\u00e1t, kijel\u00f6lt\u00fck, hogy hol a j\u00e1rda \u00e9s a boltok mag\u00e1nter\u00fcleteinek a hat\u00e1ra. Sz\u00f3val az a j\u00e1rda szakasz most m\u00e1r vitathatatlanul kiz\u00e1r\u00f3lag a gyalogosok\u00e9, nem reklam\u00e1lhatnak a szab\u00e1lytalanul ott parkol\u00f3k. \/ Az \u00dajpiac t\u00e9ri gar\u00e1zssor mindk\u00e9t megk\u00f6zel\u00edt\u00e9si \u00fatj\u00e1t behajtani tilos t\u00e1bl\u00e1k z\u00e1rj\u00e1k le, \u00edgy a gar\u00e1zsok haszn\u00e1l\u00f3i jogszer\u0171en gyakorlatilag egyik ir\u00e1nyb\u00f3l sem hajthatn\u00e1nak be. Ez nonszensz. Kider\u00fclt, hogy az egyik t\u00e1bla al\u00f3l a tulajdonosok behajt\u00e1s\u00e1t enged\u00e9lyez\u0151 kieg\u00e9sz\u00edt\u0151 t\u00e1bl\u00e1t valamikor valaki leszerelte (vagy ellopta), p\u00f3tolva meg az\u00f3ta sem lett. Most lesz.<\/p>\n<p>        \u00c9vek \u00f3ta m\u0171k\u00f6dik amerikai testv\u00e9rv\u00e1rosunkkal, a Kalifornia \u00e1llamban l\u00e9v\u0151 Walnut Creek-kel cseredi\u00e1k programunk. Ennek keret\u00e9ben id\u00e9n a si\u00f3foki Besz\u00e9des iskola 11 di\u00e1kja utazhat Amerik\u00e1ba, ott csal\u00e1dokn\u00e1l ker\u00fclnek elhelyez\u00e9sre, majd onnan \u00e9rkeznek hozz\u00e1nk gyerekek az itteni csal\u00e1dokn\u00e1l elsz\u00e1ll\u00e1solva. A v\u00e1ros ad\u00f3forintokkal j\u00e1rult \u00e9s j\u00e1rul hozz\u00e1 ehhez a programhoz. A 11 si\u00f3foki di\u00e1k utaz\u00e1si k\u00f6lts\u00e9geinek a fel\u00e9t, a 2 k\u00eds\u00e9r\u0151 tan\u00e1r\u00e9nak teljes eg\u00e9sz\u00e9t kifizetj\u00fck. A tov\u00e1bbi k\u00f6lts\u00e9gek az \u00e9rintett sz\u00fcl\u0151ket terhelik. Az idei \u00e9vben az egyik kiutaz\u00f3 k\u00eds\u00e9r\u0151 pedag\u00f3gus jelezte, hogy a v\u00e1ros m\u00e9lyebben is a zseb\u00e9be ny\u00falhatna, mert a d\u00f6nt\u0151 t\u00f6bbs\u00e9g \u00f6r\u00fcl a lehet\u0151s\u00e9gnek, de van olyan sz\u00fcl\u0151, aki kevesli a t\u00e1mogat\u00e1st. \u00c9n meg azt gondolom, hogy kev\u00e9s olyan telep\u00fcl\u00e9s van Magyarorsz\u00e1gon, amely ily m\u00f3don igyekszik lehet\u0151v\u00e9 tenni ilyen program m\u0171k\u00f6d\u00e9s\u00e9t. \u00c9vi kb. 2 milli\u00f3 Ft a v\u00e1ros hozz\u00e1j\u00e1rul\u00e1sa. G\u0151zer\u0151vel dolgozunk azon is, hogy m\u00e1s si\u00f3foki iskol\u00e1k di\u00e1kjait is hasonl\u00f3 lehet\u0151s\u00e9gekhez juttassuk.  A Perczel gimn\u00e1zium \u00e9s az izraeli Netanya egyik k\u00f6z\u00e9piskol\u00e1j\u00e1nak hasonl\u00f3 programja most okt\u00f3berben indul, a Kr\u00fady, valamint a n\u00e9met testv\u00e9rv\u00e1rosunk, Waldheim eset\u00e9ben pedig el\u0151k\u00e9sz\u00edt\u00e9s alatt a projekt. Az ut\u00f3bbi k\u00e9t programot is hasonl\u00f3 elvek alapj\u00e1n k\u00edv\u00e1njuk t\u00e1mogatni. Egysz\u00f3val, hogy mi sok, vagy \u00e9pp kev\u00e9s, mindig relat\u00edv. Ez egy lehet\u0151s\u00e9g, mellyel lehet \u00e9lni, vagy nem \u00e9lni, viszont nem lehet vissza\u00e9lni&#8230;<\/p>\n<p>        Bar\u00e1ts\u00e1ggal: R.<\/p>\n<p><a href=\"\"><\/a><\/p>\n","protected":false},"excerpt":{"rendered":"<p>Tisztelt Olvas\u00f3im! A Sz\u00e9chenyi utc\u00e1ban a bark\u00e1csbolt, illetve z\u00e1logh\u00e1z el\u0151tti ter\u00fcleten a parkol\u00e1si szab\u00e1lyok ez id\u00e1ig nem voltak teljesen egy\u00e9rtelm\u0171ek. A boltok el\u0151tti \u00fcres placcon t\u00f6bb parkol\u00f3hely is kialak\u00edt\u00e1sra ker\u00fclt az ingatlan tulajdonosok \u00e1ltal, de ha azokra ak\u00e1r szem\u00e9lykocsival is valaki orral a fal fel\u00e9 be\u00e1llt, a j\u00e1rm\u0171ve a gyalogos k\u00f6zleked\u00e9st is korl\u00e1tozta, vagy \u00e9pp [&hellip;]<\/p>\n","protected":false},"author":1,"featured_media":4512,"comment_status":"closed","ping_status":"closed","sticky":false,"template":"","format":"standard","meta":{"_acf_changed":false,"_et_pb_use_builder":"","_et_pb_old_content":"","_et_gb_content_width":"","footnotes":""},"categories":[1],"tags":[],"class_list":["post-4511","post","type-post","status-publish","format-standard","has-post-thumbnail","hentry","category-uncategorized"],"acf":[],"yoast_head":"<!-- This site is optimized with the Yoast SEO plugin v23.8 - https:\/\/yoast.com\/wordpress\/plugins\/seo\/ -->\n<title>2018.09.28-i Facebook bejegyz\u00e9s - dr. Lengyel R\u00f3bert<\/title>\n<meta name=\"robots\" content=\"index, follow, max-snippet:-1, max-image-preview:large, max-video-preview:-1\" \/>\n<link rel=\"canonical\" href=\"https:\/\/www.lengyelrobert.hu\/index.php\/2018\/09\/28\/2018-09-28-i-facebook-bejegyzes\/\" \/>\n<meta property=\"og:locale\" content=\"hu_HU\" \/>\n<meta property=\"og:type\" content=\"article\" \/>\n<meta property=\"og:title\" content=\"2018.09.28-i Facebook bejegyz\u00e9s - dr. Lengyel R\u00f3bert\" \/>\n<meta property=\"og:description\" content=\"Tisztelt Olvas\u00f3im! A Sz\u00e9chenyi utc\u00e1ban a bark\u00e1csbolt, illetve z\u00e1logh\u00e1z el\u0151tti ter\u00fcleten a parkol\u00e1si szab\u00e1lyok ez id\u00e1ig nem voltak teljesen egy\u00e9rtelm\u0171ek. A boltok el\u0151tti \u00fcres placcon t\u00f6bb parkol\u00f3hely is kialak\u00edt\u00e1sra ker\u00fclt az ingatlan tulajdonosok \u00e1ltal, de ha azokra ak\u00e1r szem\u00e9lykocsival is valaki orral a fal fel\u00e9 be\u00e1llt, a j\u00e1rm\u0171ve a gyalogos k\u00f6zleked\u00e9st is korl\u00e1tozta, vagy \u00e9pp [&hellip;]\" \/>\n<meta property=\"og:url\" content=\"https:\/\/www.lengyelrobert.hu\/index.php\/2018\/09\/28\/2018-09-28-i-facebook-bejegyzes\/\" \/>\n<meta property=\"og:site_name\" content=\"dr. Lengyel R\u00f3bert\" \/>\n<meta property=\"article:published_time\" content=\"2018-09-28T06:15:30+00:00\" \/>\n<meta property=\"og:image\" content=\"https:\/\/www.lengyelrobert.hu\/wp-content\/uploads\/2019\/04\/42638405_1177624989053477_8426755392716931072_o_1177624985720144-1.jpg\" \/>\n\t<meta property=\"og:image:width\" content=\"1280\" \/>\n\t<meta property=\"og:image:height\" content=\"735\" \/>\n\t<meta property=\"og:image:type\" content=\"image\/jpeg\" \/>\n<meta name=\"author\" content=\"webmaster\" \/>\n<meta name=\"twitter:card\" content=\"summary_large_image\" \/>\n<meta name=\"twitter:label1\" content=\"Szerz\u0151:\" \/>\n\t<meta name=\"twitter:data1\" content=\"webmaster\" \/>\n\t<meta name=\"twitter:label2\" content=\"Becs\u00fclt olvas\u00e1si id\u0151\" \/>\n\t<meta name=\"twitter:data2\" content=\"3 perc\" \/>\n<script type=\"application\/ld+json\" class=\"yoast-schema-graph\">{\"@context\":\"https:\/\/schema.org\",\"@graph\":[{\"@type\":\"WebPage\",\"@id\":\"https:\/\/www.lengyelrobert.hu\/index.php\/2018\/09\/28\/2018-09-28-i-facebook-bejegyzes\/\",\"url\":\"https:\/\/www.lengyelrobert.hu\/index.php\/2018\/09\/28\/2018-09-28-i-facebook-bejegyzes\/\",\"name\":\"2018.09.28-i Facebook bejegyz\u00e9s - dr. Lengyel R\u00f3bert\",\"isPartOf\":{\"@id\":\"https:\/\/www.lengyelrobert.hu\/#website\"},\"primaryImageOfPage\":{\"@id\":\"https:\/\/www.lengyelrobert.hu\/index.php\/2018\/09\/28\/2018-09-28-i-facebook-bejegyzes\/#primaryimage\"},\"image\":{\"@id\":\"https:\/\/www.lengyelrobert.hu\/index.php\/2018\/09\/28\/2018-09-28-i-facebook-bejegyzes\/#primaryimage\"},\"thumbnailUrl\":\"https:\/\/www.lengyelrobert.hu\/wp-content\/uploads\/2019\/04\/42638405_1177624989053477_8426755392716931072_o_1177624985720144-1.jpg\",\"datePublished\":\"2018-09-28T06:15:30+00:00\",\"dateModified\":\"2018-09-28T06:15:30+00:00\",\"author\":{\"@id\":\"https:\/\/www.lengyelrobert.hu\/#\/schema\/person\/2926fe5141a59e6530d8a411eb7bfb2d\"},\"breadcrumb\":{\"@id\":\"https:\/\/www.lengyelrobert.hu\/index.php\/2018\/09\/28\/2018-09-28-i-facebook-bejegyzes\/#breadcrumb\"},\"inLanguage\":\"hu\",\"potentialAction\":[{\"@type\":\"ReadAction\",\"target\":[\"https:\/\/www.lengyelrobert.hu\/index.php\/2018\/09\/28\/2018-09-28-i-facebook-bejegyzes\/\"]}]},{\"@type\":\"ImageObject\",\"inLanguage\":\"hu\",\"@id\":\"https:\/\/www.lengyelrobert.hu\/index.php\/2018\/09\/28\/2018-09-28-i-facebook-bejegyzes\/#primaryimage\",\"url\":\"https:\/\/www.lengyelrobert.hu\/wp-content\/uploads\/2019\/04\/42638405_1177624989053477_8426755392716931072_o_1177624985720144-1.jpg\",\"contentUrl\":\"https:\/\/www.lengyelrobert.hu\/wp-content\/uploads\/2019\/04\/42638405_1177624989053477_8426755392716931072_o_1177624985720144-1.jpg\",\"width\":1280,\"height\":735},{\"@type\":\"BreadcrumbList\",\"@id\":\"https:\/\/www.lengyelrobert.hu\/index.php\/2018\/09\/28\/2018-09-28-i-facebook-bejegyzes\/#breadcrumb\",\"itemListElement\":[{\"@type\":\"ListItem\",\"position\":1,\"name\":\"Home\",\"item\":\"https:\/\/www.lengyelrobert.hu\/\"},{\"@type\":\"ListItem\",\"position\":2,\"name\":\"2018.09.28-i Facebook bejegyz\u00e9s\"}]},{\"@type\":\"WebSite\",\"@id\":\"https:\/\/www.lengyelrobert.hu\/#website\",\"url\":\"https:\/\/www.lengyelrobert.hu\/\",\"name\":\"dr. Lengyel R\u00f3bert\",\"description\":\"A Becs\u00fclettel Si\u00f3fok\u00e9rt Egyes\u00fclet honlapja\",\"potentialAction\":[{\"@type\":\"SearchAction\",\"target\":{\"@type\":\"EntryPoint\",\"urlTemplate\":\"https:\/\/www.lengyelrobert.hu\/?s={search_term_string}\"},\"query-input\":{\"@type\":\"PropertyValueSpecification\",\"valueRequired\":true,\"valueName\":\"search_term_string\"}}],\"inLanguage\":\"hu\"},{\"@type\":\"Person\",\"@id\":\"https:\/\/www.lengyelrobert.hu\/#\/schema\/person\/2926fe5141a59e6530d8a411eb7bfb2d\",\"name\":\"webmaster\",\"image\":{\"@type\":\"ImageObject\",\"inLanguage\":\"hu\",\"@id\":\"https:\/\/www.lengyelrobert.hu\/#\/schema\/person\/image\/\",\"url\":\"https:\/\/secure.gravatar.com\/avatar\/d53f7fc01f188bb097ecc2caf950c777c2cdc1ec48a2d1726a8399a2188940b0?s=96&d=mm&r=g\",\"contentUrl\":\"https:\/\/secure.gravatar.com\/avatar\/d53f7fc01f188bb097ecc2caf950c777c2cdc1ec48a2d1726a8399a2188940b0?s=96&d=mm&r=g\",\"caption\":\"webmaster\"},\"sameAs\":[\"https:\/\/www.lengyelrobert.hu\"],\"url\":\"https:\/\/www.lengyelrobert.hu\/index.php\/author\/webmaster\/\"}]}<\/script>\n<!-- \/ Yoast SEO plugin. -->","yoast_head_json":{"title":"2018.09.28-i Facebook bejegyz\u00e9s - dr. Lengyel R\u00f3bert","robots":{"index":"index","follow":"follow","max-snippet":"max-snippet:-1","max-image-preview":"max-image-preview:large","max-video-preview":"max-video-preview:-1"},"canonical":"https:\/\/www.lengyelrobert.hu\/index.php\/2018\/09\/28\/2018-09-28-i-facebook-bejegyzes\/","og_locale":"hu_HU","og_type":"article","og_title":"2018.09.28-i Facebook bejegyz\u00e9s - dr. Lengyel R\u00f3bert","og_description":"Tisztelt Olvas\u00f3im! A Sz\u00e9chenyi utc\u00e1ban a bark\u00e1csbolt, illetve z\u00e1logh\u00e1z el\u0151tti ter\u00fcleten a parkol\u00e1si szab\u00e1lyok ez id\u00e1ig nem voltak teljesen egy\u00e9rtelm\u0171ek. A boltok el\u0151tti \u00fcres placcon t\u00f6bb parkol\u00f3hely is kialak\u00edt\u00e1sra ker\u00fclt az ingatlan tulajdonosok \u00e1ltal, de ha azokra ak\u00e1r szem\u00e9lykocsival is valaki orral a fal fel\u00e9 be\u00e1llt, a j\u00e1rm\u0171ve a gyalogos k\u00f6zleked\u00e9st is korl\u00e1tozta, vagy \u00e9pp [&hellip;]","og_url":"https:\/\/www.lengyelrobert.hu\/index.php\/2018\/09\/28\/2018-09-28-i-facebook-bejegyzes\/","og_site_name":"dr. Lengyel R\u00f3bert","article_published_time":"2018-09-28T06:15:30+00:00","og_image":[{"width":1280,"height":735,"url":"https:\/\/www.lengyelrobert.hu\/wp-content\/uploads\/2019\/04\/42638405_1177624989053477_8426755392716931072_o_1177624985720144-1.jpg","type":"image\/jpeg"}],"author":"webmaster","twitter_card":"summary_large_image","twitter_misc":{"Szerz\u0151:":"webmaster","Becs\u00fclt olvas\u00e1si id\u0151":"3 perc"},"schema":{"@context":"https:\/\/schema.org","@graph":[{"@type":"WebPage","@id":"https:\/\/www.lengyelrobert.hu\/index.php\/2018\/09\/28\/2018-09-28-i-facebook-bejegyzes\/","url":"https:\/\/www.lengyelrobert.hu\/index.php\/2018\/09\/28\/2018-09-28-i-facebook-bejegyzes\/","name":"2018.09.28-i Facebook bejegyz\u00e9s - dr. Lengyel R\u00f3bert","isPartOf":{"@id":"https:\/\/www.lengyelrobert.hu\/#website"},"primaryImageOfPage":{"@id":"https:\/\/www.lengyelrobert.hu\/index.php\/2018\/09\/28\/2018-09-28-i-facebook-bejegyzes\/#primaryimage"},"image":{"@id":"https:\/\/www.lengyelrobert.hu\/index.php\/2018\/09\/28\/2018-09-28-i-facebook-bejegyzes\/#primaryimage"},"thumbnailUrl":"https:\/\/www.lengyelrobert.hu\/wp-content\/uploads\/2019\/04\/42638405_1177624989053477_8426755392716931072_o_1177624985720144-1.jpg","datePublished":"2018-09-28T06:15:30+00:00","dateModified":"2018-09-28T06:15:30+00:00","author":{"@id":"https:\/\/www.lengyelrobert.hu\/#\/schema\/person\/2926fe5141a59e6530d8a411eb7bfb2d"},"breadcrumb":{"@id":"https:\/\/www.lengyelrobert.hu\/index.php\/2018\/09\/28\/2018-09-28-i-facebook-bejegyzes\/#breadcrumb"},"inLanguage":"hu","potentialAction":[{"@type":"ReadAction","target":["https:\/\/www.lengyelrobert.hu\/index.php\/2018\/09\/28\/2018-09-28-i-facebook-bejegyzes\/"]}]},{"@type":"ImageObject","inLanguage":"hu","@id":"https:\/\/www.lengyelrobert.hu\/index.php\/2018\/09\/28\/2018-09-28-i-facebook-bejegyzes\/#primaryimage","url":"https:\/\/www.lengyelrobert.hu\/wp-content\/uploads\/2019\/04\/42638405_1177624989053477_8426755392716931072_o_1177624985720144-1.jpg","contentUrl":"https:\/\/www.lengyelrobert.hu\/wp-content\/uploads\/2019\/04\/42638405_1177624989053477_8426755392716931072_o_1177624985720144-1.jpg","width":1280,"height":735},{"@type":"BreadcrumbList","@id":"https:\/\/www.lengyelrobert.hu\/index.php\/2018\/09\/28\/2018-09-28-i-facebook-bejegyzes\/#breadcrumb","itemListElement":[{"@type":"ListItem","position":1,"name":"Home","item":"https:\/\/www.lengyelrobert.hu\/"},{"@type":"ListItem","position":2,"name":"2018.09.28-i Facebook bejegyz\u00e9s"}]},{"@type":"WebSite","@id":"https:\/\/www.lengyelrobert.hu\/#website","url":"https:\/\/www.lengyelrobert.hu\/","name":"dr. Lengyel R\u00f3bert","description":"A Becs\u00fclettel Si\u00f3fok\u00e9rt Egyes\u00fclet honlapja","potentialAction":[{"@type":"SearchAction","target":{"@type":"EntryPoint","urlTemplate":"https:\/\/www.lengyelrobert.hu\/?s={search_term_string}"},"query-input":{"@type":"PropertyValueSpecification","valueRequired":true,"valueName":"search_term_string"}}],"inLanguage":"hu"},{"@type":"Person","@id":"https:\/\/www.lengyelrobert.hu\/#\/schema\/person\/2926fe5141a59e6530d8a411eb7bfb2d","name":"webmaster","image":{"@type":"ImageObject","inLanguage":"hu","@id":"https:\/\/www.lengyelrobert.hu\/#\/schema\/person\/image\/","url":"https:\/\/secure.gravatar.com\/avatar\/d53f7fc01f188bb097ecc2caf950c777c2cdc1ec48a2d1726a8399a2188940b0?s=96&d=mm&r=g","contentUrl":"https:\/\/secure.gravatar.com\/avatar\/d53f7fc01f188bb097ecc2caf950c777c2cdc1ec48a2d1726a8399a2188940b0?s=96&d=mm&r=g","caption":"webmaster"},"sameAs":["https:\/\/www.lengyelrobert.hu"],"url":"https:\/\/www.lengyelrobert.hu\/index.php\/author\/webmaster\/"}]}},"_links":{"self":[{"href":"https:\/\/www.lengyelrobert.hu\/index.php\/wp-json\/wp\/v2\/posts\/4511","targetHints":{"allow":["GET"]}}],"collection":[{"href":"https:\/\/www.lengyelrobert.hu\/index.php\/wp-json\/wp\/v2\/posts"}],"about":[{"href":"https:\/\/www.lengyelrobert.hu\/index.php\/wp-json\/wp\/v2\/types\/post"}],"author":[{"embeddable":true,"href":"https:\/\/www.lengyelrobert.hu\/index.php\/wp-json\/wp\/v2\/users\/1"}],"replies":[{"embeddable":true,"href":"https:\/\/www.lengyelrobert.hu\/index.php\/wp-json\/wp\/v2\/comments?post=4511"}],"version-history":[{"count":0,"href":"https:\/\/www.lengyelrobert.hu\/index.php\/wp-json\/wp\/v2\/posts\/4511\/revisions"}],"wp:featuredmedia":[{"embeddable":true,"href":"https:\/\/www.lengyelrobert.hu\/index.php\/wp-json\/wp\/v2\/media\/4512"}],"wp:attachment":[{"href":"https:\/\/www.lengyelrobert.hu\/index.php\/wp-json\/wp\/v2\/media?parent=4511"}],"wp:term":[{"taxonomy":"category","embeddable":true,"href":"https:\/\/www.lengyelrobert.hu\/index.php\/wp-json\/wp\/v2\/categories?post=4511"},{"taxonomy":"post_tag","embeddable":true,"href":"https:\/\/www.lengyelrobert.hu\/index.php\/wp-json\/wp\/v2\/tags?post=4511"}],"curies":[{"name":"wp","href":"https:\/\/api.w.org\/{rel}","templated":true}]}}