{"id":4420,"date":"2018-11-26T13:22:37","date_gmt":"2018-11-26T12:22:37","guid":{"rendered":"https:\/\/www.lengyelrobert.hu\/uncategorized\/2018-11-26-i-facebook-bejegyzes\/"},"modified":"2018-11-26T13:22:37","modified_gmt":"2018-11-26T12:22:37","slug":"2018-11-26-i-facebook-bejegyzes","status":"publish","type":"post","link":"https:\/\/www.lengyelrobert.hu\/index.php\/2018\/11\/26\/2018-11-26-i-facebook-bejegyzes\/","title":{"rendered":"2018.11.26-i Facebook bejegyz\u00e9s"},"content":{"rendered":"<p>Tisztelt Olvas\u00f3im!<\/p>\n<p>        M\u00e1rai S\u00e1ndor az egyik nagy kedvencem. Az al\u00e1bbi sorokat 1980-ban vettette pap\u00edrra. Nem j\u00f3s volt, csup\u00e1n egy j\u00f3zan gondolkod\u00e1s\u00fa, zseni\u00e1lis m\u0171v\u00e9sz ember. De amit akkor \u00edrt, az bizony j\u00f3stehets\u00e9gre vall. Szerintetek, \u00f6n\u00f6k szerint?<\/p>\n<p>        &#8220;Olyan vil\u00e1g j\u00f6n,<br \/>\n        amikor mindenki gyan\u00fas, aki sz\u00e9p.<br \/>\n        \u00c9s aki tehets\u00e9ges.<br \/>\n        \u00c9s akinek jelleme van&#8230;<\/p>\n<p>        A sz\u00e9ps\u00e9g inzultus lesz.<br \/>\n        A tehets\u00e9g provok\u00e1ci\u00f3.<br \/>\n        \u00c9s a jellem mer\u00e9nylet!&#8230;<\/p>\n<p>        Mert most \u0151k j\u00f6nnek&#8230;<br \/>\n        A r\u00fatak.<br \/>\n        A tehets\u00e9gtelenek.<br \/>\n        A jellemtelenek.<\/p>\n<p>        \u00c9s le\u00f6ntik vitriollal a sz\u00e9pet.<br \/>\n        Bem\u00e1zolj\u00e1k szurokkal \u00e9s r\u00e1galommal a tehets\u00e9get.<br \/>\n        Sz\u00edven d\u00f6fik azt, akinek jelleme van.&#8221;<\/p>\n<p><a href=\"\"><\/a><\/p>\n","protected":false},"excerpt":{"rendered":"<p>Tisztelt Olvas\u00f3im! M\u00e1rai S\u00e1ndor az egyik nagy kedvencem. Az al\u00e1bbi sorokat 1980-ban vettette pap\u00edrra. Nem j\u00f3s volt, csup\u00e1n egy j\u00f3zan gondolkod\u00e1s\u00fa, zseni\u00e1lis m\u0171v\u00e9sz ember. De amit akkor \u00edrt, az bizony j\u00f3stehets\u00e9gre vall. Szerintetek, \u00f6n\u00f6k szerint? &#8220;Olyan vil\u00e1g j\u00f6n, amikor mindenki gyan\u00fas, aki sz\u00e9p. \u00c9s aki tehets\u00e9ges. \u00c9s akinek jelleme van&#8230; A sz\u00e9ps\u00e9g inzultus lesz. A [&hellip;]<\/p>\n","protected":false},"author":1,"featured_media":4421,"comment_status":"closed","ping_status":"closed","sticky":false,"template":"","format":"standard","meta":{"_acf_changed":false,"_et_pb_use_builder":"","_et_pb_old_content":"","_et_gb_content_width":"","footnotes":""},"categories":[1],"tags":[],"class_list":["post-4420","post","type-post","status-publish","format-standard","has-post-thumbnail","hentry","category-uncategorized"],"acf":[],"yoast_head":"<!-- This site is optimized with the Yoast SEO plugin v23.8 - https:\/\/yoast.com\/wordpress\/plugins\/seo\/ -->\n<title>2018.11.26-i Facebook bejegyz\u00e9s - dr. Lengyel R\u00f3bert<\/title>\n<meta name=\"robots\" content=\"index, follow, max-snippet:-1, max-image-preview:large, max-video-preview:-1\" \/>\n<link rel=\"canonical\" href=\"https:\/\/www.lengyelrobert.hu\/index.php\/2018\/11\/26\/2018-11-26-i-facebook-bejegyzes\/\" \/>\n<meta property=\"og:locale\" content=\"hu_HU\" \/>\n<meta property=\"og:type\" content=\"article\" \/>\n<meta property=\"og:title\" content=\"2018.11.26-i Facebook bejegyz\u00e9s - dr. Lengyel R\u00f3bert\" \/>\n<meta property=\"og:description\" content=\"Tisztelt Olvas\u00f3im! M\u00e1rai S\u00e1ndor az egyik nagy kedvencem. Az al\u00e1bbi sorokat 1980-ban vettette pap\u00edrra. Nem j\u00f3s volt, csup\u00e1n egy j\u00f3zan gondolkod\u00e1s\u00fa, zseni\u00e1lis m\u0171v\u00e9sz ember. De amit akkor \u00edrt, az bizony j\u00f3stehets\u00e9gre vall. Szerintetek, \u00f6n\u00f6k szerint? &#8220;Olyan vil\u00e1g j\u00f6n, amikor mindenki gyan\u00fas, aki sz\u00e9p. \u00c9s aki tehets\u00e9ges. \u00c9s akinek jelleme van&#8230; A sz\u00e9ps\u00e9g inzultus lesz. A [&hellip;]\" \/>\n<meta property=\"og:url\" content=\"https:\/\/www.lengyelrobert.hu\/index.php\/2018\/11\/26\/2018-11-26-i-facebook-bejegyzes\/\" \/>\n<meta property=\"og:site_name\" content=\"dr. Lengyel R\u00f3bert\" \/>\n<meta property=\"article:published_time\" content=\"2018-11-26T12:22:37+00:00\" \/>\n<meta property=\"og:image\" content=\"https:\/\/www.lengyelrobert.hu\/wp-content\/uploads\/2019\/04\/46852792_1214557912026851_6346407009880899584_n_1214557905360185-1.jpg\" \/>\n\t<meta property=\"og:image:width\" content=\"212\" \/>\n\t<meta property=\"og:image:height\" content=\"300\" \/>\n\t<meta property=\"og:image:type\" content=\"image\/jpeg\" \/>\n<meta name=\"author\" content=\"webmaster\" \/>\n<meta name=\"twitter:card\" content=\"summary_large_image\" \/>\n<meta name=\"twitter:label1\" content=\"Szerz\u0151:\" \/>\n\t<meta name=\"twitter:data1\" content=\"webmaster\" \/>\n\t<meta name=\"twitter:label2\" content=\"Becs\u00fclt olvas\u00e1si id\u0151\" \/>\n\t<meta name=\"twitter:data2\" content=\"1 perc\" \/>\n<script type=\"application\/ld+json\" class=\"yoast-schema-graph\">{\"@context\":\"https:\/\/schema.org\",\"@graph\":[{\"@type\":\"WebPage\",\"@id\":\"https:\/\/www.lengyelrobert.hu\/index.php\/2018\/11\/26\/2018-11-26-i-facebook-bejegyzes\/\",\"url\":\"https:\/\/www.lengyelrobert.hu\/index.php\/2018\/11\/26\/2018-11-26-i-facebook-bejegyzes\/\",\"name\":\"2018.11.26-i Facebook bejegyz\u00e9s - dr. Lengyel R\u00f3bert\",\"isPartOf\":{\"@id\":\"https:\/\/www.lengyelrobert.hu\/#website\"},\"primaryImageOfPage\":{\"@id\":\"https:\/\/www.lengyelrobert.hu\/index.php\/2018\/11\/26\/2018-11-26-i-facebook-bejegyzes\/#primaryimage\"},\"image\":{\"@id\":\"https:\/\/www.lengyelrobert.hu\/index.php\/2018\/11\/26\/2018-11-26-i-facebook-bejegyzes\/#primaryimage\"},\"thumbnailUrl\":\"https:\/\/www.lengyelrobert.hu\/wp-content\/uploads\/2019\/04\/46852792_1214557912026851_6346407009880899584_n_1214557905360185-1.jpg\",\"datePublished\":\"2018-11-26T12:22:37+00:00\",\"dateModified\":\"2018-11-26T12:22:37+00:00\",\"author\":{\"@id\":\"https:\/\/www.lengyelrobert.hu\/#\/schema\/person\/2926fe5141a59e6530d8a411eb7bfb2d\"},\"breadcrumb\":{\"@id\":\"https:\/\/www.lengyelrobert.hu\/index.php\/2018\/11\/26\/2018-11-26-i-facebook-bejegyzes\/#breadcrumb\"},\"inLanguage\":\"hu\",\"potentialAction\":[{\"@type\":\"ReadAction\",\"target\":[\"https:\/\/www.lengyelrobert.hu\/index.php\/2018\/11\/26\/2018-11-26-i-facebook-bejegyzes\/\"]}]},{\"@type\":\"ImageObject\",\"inLanguage\":\"hu\",\"@id\":\"https:\/\/www.lengyelrobert.hu\/index.php\/2018\/11\/26\/2018-11-26-i-facebook-bejegyzes\/#primaryimage\",\"url\":\"https:\/\/www.lengyelrobert.hu\/wp-content\/uploads\/2019\/04\/46852792_1214557912026851_6346407009880899584_n_1214557905360185-1.jpg\",\"contentUrl\":\"https:\/\/www.lengyelrobert.hu\/wp-content\/uploads\/2019\/04\/46852792_1214557912026851_6346407009880899584_n_1214557905360185-1.jpg\",\"width\":212,\"height\":300},{\"@type\":\"BreadcrumbList\",\"@id\":\"https:\/\/www.lengyelrobert.hu\/index.php\/2018\/11\/26\/2018-11-26-i-facebook-bejegyzes\/#breadcrumb\",\"itemListElement\":[{\"@type\":\"ListItem\",\"position\":1,\"name\":\"Home\",\"item\":\"https:\/\/www.lengyelrobert.hu\/\"},{\"@type\":\"ListItem\",\"position\":2,\"name\":\"2018.11.26-i Facebook bejegyz\u00e9s\"}]},{\"@type\":\"WebSite\",\"@id\":\"https:\/\/www.lengyelrobert.hu\/#website\",\"url\":\"https:\/\/www.lengyelrobert.hu\/\",\"name\":\"dr. Lengyel R\u00f3bert\",\"description\":\"A Becs\u00fclettel Si\u00f3fok\u00e9rt Egyes\u00fclet honlapja\",\"potentialAction\":[{\"@type\":\"SearchAction\",\"target\":{\"@type\":\"EntryPoint\",\"urlTemplate\":\"https:\/\/www.lengyelrobert.hu\/?s={search_term_string}\"},\"query-input\":{\"@type\":\"PropertyValueSpecification\",\"valueRequired\":true,\"valueName\":\"search_term_string\"}}],\"inLanguage\":\"hu\"},{\"@type\":\"Person\",\"@id\":\"https:\/\/www.lengyelrobert.hu\/#\/schema\/person\/2926fe5141a59e6530d8a411eb7bfb2d\",\"name\":\"webmaster\",\"image\":{\"@type\":\"ImageObject\",\"inLanguage\":\"hu\",\"@id\":\"https:\/\/www.lengyelrobert.hu\/#\/schema\/person\/image\/\",\"url\":\"https:\/\/secure.gravatar.com\/avatar\/d53f7fc01f188bb097ecc2caf950c777c2cdc1ec48a2d1726a8399a2188940b0?s=96&d=mm&r=g\",\"contentUrl\":\"https:\/\/secure.gravatar.com\/avatar\/d53f7fc01f188bb097ecc2caf950c777c2cdc1ec48a2d1726a8399a2188940b0?s=96&d=mm&r=g\",\"caption\":\"webmaster\"},\"sameAs\":[\"https:\/\/www.lengyelrobert.hu\"],\"url\":\"https:\/\/www.lengyelrobert.hu\/index.php\/author\/webmaster\/\"}]}<\/script>\n<!-- \/ Yoast SEO plugin. -->","yoast_head_json":{"title":"2018.11.26-i Facebook bejegyz\u00e9s - dr. Lengyel R\u00f3bert","robots":{"index":"index","follow":"follow","max-snippet":"max-snippet:-1","max-image-preview":"max-image-preview:large","max-video-preview":"max-video-preview:-1"},"canonical":"https:\/\/www.lengyelrobert.hu\/index.php\/2018\/11\/26\/2018-11-26-i-facebook-bejegyzes\/","og_locale":"hu_HU","og_type":"article","og_title":"2018.11.26-i Facebook bejegyz\u00e9s - dr. Lengyel R\u00f3bert","og_description":"Tisztelt Olvas\u00f3im! M\u00e1rai S\u00e1ndor az egyik nagy kedvencem. Az al\u00e1bbi sorokat 1980-ban vettette pap\u00edrra. Nem j\u00f3s volt, csup\u00e1n egy j\u00f3zan gondolkod\u00e1s\u00fa, zseni\u00e1lis m\u0171v\u00e9sz ember. De amit akkor \u00edrt, az bizony j\u00f3stehets\u00e9gre vall. Szerintetek, \u00f6n\u00f6k szerint? &#8220;Olyan vil\u00e1g j\u00f6n, amikor mindenki gyan\u00fas, aki sz\u00e9p. \u00c9s aki tehets\u00e9ges. \u00c9s akinek jelleme van&#8230; A sz\u00e9ps\u00e9g inzultus lesz. A [&hellip;]","og_url":"https:\/\/www.lengyelrobert.hu\/index.php\/2018\/11\/26\/2018-11-26-i-facebook-bejegyzes\/","og_site_name":"dr. Lengyel R\u00f3bert","article_published_time":"2018-11-26T12:22:37+00:00","og_image":[{"width":212,"height":300,"url":"https:\/\/www.lengyelrobert.hu\/wp-content\/uploads\/2019\/04\/46852792_1214557912026851_6346407009880899584_n_1214557905360185-1.jpg","type":"image\/jpeg"}],"author":"webmaster","twitter_card":"summary_large_image","twitter_misc":{"Szerz\u0151:":"webmaster","Becs\u00fclt olvas\u00e1si id\u0151":"1 perc"},"schema":{"@context":"https:\/\/schema.org","@graph":[{"@type":"WebPage","@id":"https:\/\/www.lengyelrobert.hu\/index.php\/2018\/11\/26\/2018-11-26-i-facebook-bejegyzes\/","url":"https:\/\/www.lengyelrobert.hu\/index.php\/2018\/11\/26\/2018-11-26-i-facebook-bejegyzes\/","name":"2018.11.26-i Facebook bejegyz\u00e9s - dr. Lengyel R\u00f3bert","isPartOf":{"@id":"https:\/\/www.lengyelrobert.hu\/#website"},"primaryImageOfPage":{"@id":"https:\/\/www.lengyelrobert.hu\/index.php\/2018\/11\/26\/2018-11-26-i-facebook-bejegyzes\/#primaryimage"},"image":{"@id":"https:\/\/www.lengyelrobert.hu\/index.php\/2018\/11\/26\/2018-11-26-i-facebook-bejegyzes\/#primaryimage"},"thumbnailUrl":"https:\/\/www.lengyelrobert.hu\/wp-content\/uploads\/2019\/04\/46852792_1214557912026851_6346407009880899584_n_1214557905360185-1.jpg","datePublished":"2018-11-26T12:22:37+00:00","dateModified":"2018-11-26T12:22:37+00:00","author":{"@id":"https:\/\/www.lengyelrobert.hu\/#\/schema\/person\/2926fe5141a59e6530d8a411eb7bfb2d"},"breadcrumb":{"@id":"https:\/\/www.lengyelrobert.hu\/index.php\/2018\/11\/26\/2018-11-26-i-facebook-bejegyzes\/#breadcrumb"},"inLanguage":"hu","potentialAction":[{"@type":"ReadAction","target":["https:\/\/www.lengyelrobert.hu\/index.php\/2018\/11\/26\/2018-11-26-i-facebook-bejegyzes\/"]}]},{"@type":"ImageObject","inLanguage":"hu","@id":"https:\/\/www.lengyelrobert.hu\/index.php\/2018\/11\/26\/2018-11-26-i-facebook-bejegyzes\/#primaryimage","url":"https:\/\/www.lengyelrobert.hu\/wp-content\/uploads\/2019\/04\/46852792_1214557912026851_6346407009880899584_n_1214557905360185-1.jpg","contentUrl":"https:\/\/www.lengyelrobert.hu\/wp-content\/uploads\/2019\/04\/46852792_1214557912026851_6346407009880899584_n_1214557905360185-1.jpg","width":212,"height":300},{"@type":"BreadcrumbList","@id":"https:\/\/www.lengyelrobert.hu\/index.php\/2018\/11\/26\/2018-11-26-i-facebook-bejegyzes\/#breadcrumb","itemListElement":[{"@type":"ListItem","position":1,"name":"Home","item":"https:\/\/www.lengyelrobert.hu\/"},{"@type":"ListItem","position":2,"name":"2018.11.26-i Facebook bejegyz\u00e9s"}]},{"@type":"WebSite","@id":"https:\/\/www.lengyelrobert.hu\/#website","url":"https:\/\/www.lengyelrobert.hu\/","name":"dr. Lengyel R\u00f3bert","description":"A Becs\u00fclettel Si\u00f3fok\u00e9rt Egyes\u00fclet honlapja","potentialAction":[{"@type":"SearchAction","target":{"@type":"EntryPoint","urlTemplate":"https:\/\/www.lengyelrobert.hu\/?s={search_term_string}"},"query-input":{"@type":"PropertyValueSpecification","valueRequired":true,"valueName":"search_term_string"}}],"inLanguage":"hu"},{"@type":"Person","@id":"https:\/\/www.lengyelrobert.hu\/#\/schema\/person\/2926fe5141a59e6530d8a411eb7bfb2d","name":"webmaster","image":{"@type":"ImageObject","inLanguage":"hu","@id":"https:\/\/www.lengyelrobert.hu\/#\/schema\/person\/image\/","url":"https:\/\/secure.gravatar.com\/avatar\/d53f7fc01f188bb097ecc2caf950c777c2cdc1ec48a2d1726a8399a2188940b0?s=96&d=mm&r=g","contentUrl":"https:\/\/secure.gravatar.com\/avatar\/d53f7fc01f188bb097ecc2caf950c777c2cdc1ec48a2d1726a8399a2188940b0?s=96&d=mm&r=g","caption":"webmaster"},"sameAs":["https:\/\/www.lengyelrobert.hu"],"url":"https:\/\/www.lengyelrobert.hu\/index.php\/author\/webmaster\/"}]}},"_links":{"self":[{"href":"https:\/\/www.lengyelrobert.hu\/index.php\/wp-json\/wp\/v2\/posts\/4420","targetHints":{"allow":["GET"]}}],"collection":[{"href":"https:\/\/www.lengyelrobert.hu\/index.php\/wp-json\/wp\/v2\/posts"}],"about":[{"href":"https:\/\/www.lengyelrobert.hu\/index.php\/wp-json\/wp\/v2\/types\/post"}],"author":[{"embeddable":true,"href":"https:\/\/www.lengyelrobert.hu\/index.php\/wp-json\/wp\/v2\/users\/1"}],"replies":[{"embeddable":true,"href":"https:\/\/www.lengyelrobert.hu\/index.php\/wp-json\/wp\/v2\/comments?post=4420"}],"version-history":[{"count":0,"href":"https:\/\/www.lengyelrobert.hu\/index.php\/wp-json\/wp\/v2\/posts\/4420\/revisions"}],"wp:featuredmedia":[{"embeddable":true,"href":"https:\/\/www.lengyelrobert.hu\/index.php\/wp-json\/wp\/v2\/media\/4421"}],"wp:attachment":[{"href":"https:\/\/www.lengyelrobert.hu\/index.php\/wp-json\/wp\/v2\/media?parent=4420"}],"wp:term":[{"taxonomy":"category","embeddable":true,"href":"https:\/\/www.lengyelrobert.hu\/index.php\/wp-json\/wp\/v2\/categories?post=4420"},{"taxonomy":"post_tag","embeddable":true,"href":"https:\/\/www.lengyelrobert.hu\/index.php\/wp-json\/wp\/v2\/tags?post=4420"}],"curies":[{"name":"wp","href":"https:\/\/api.w.org\/{rel}","templated":true}]}}