{"id":4393,"date":"2018-12-13T07:49:14","date_gmt":"2018-12-13T06:49:14","guid":{"rendered":"https:\/\/www.lengyelrobert.hu\/uncategorized\/2018-12-13-i-facebook-bejegyzes\/"},"modified":"2018-12-13T07:49:14","modified_gmt":"2018-12-13T06:49:14","slug":"2018-12-13-i-facebook-bejegyzes","status":"publish","type":"post","link":"https:\/\/www.lengyelrobert.hu\/index.php\/2018\/12\/13\/2018-12-13-i-facebook-bejegyzes\/","title":{"rendered":"2018.12.13-i Facebook bejegyz\u00e9s"},"content":{"rendered":"<p>Tisztelt Olvas\u00f3im!<\/p>\n<p>        Tegnap hivatalunk nyugd\u00edjasainak szervezt\u00fcnk kis kar\u00e1csonyi meglepet\u00e9st. Szerett\u00fck volna, ha kicsit egy\u00fctt lehetnek, nosztalgi\u00e1zhatnak, \u00e9s egy\u00fattal alkalmam lehet nekem is, jegyz\u0151n\u0151nek \u00e9s a szakszervezet vezet\u0151j\u00e9nek is, hogy k\u00f6sz\u00f6nts\u00fck \u0151ket a k\u00f6zelg\u0151 \u00fcnnepek alkalm\u00e1b\u00f3l. J\u00f3\u00edz\u0171 besz\u00e9lget\u00e9sek, kedves, biztat\u00f3 szavak, amiket \u00e9n kaptam t\u0151l\u00fck Kar\u00e1csonyra. K\u00f6sz\u00f6n\u00f6m!<\/p>\n<p>        D\u00e9lut\u00e1n a Magyar Cukorbetegek Si\u00f3foki Egyes\u00fclet\u00e9nek kar\u00e1csonyi rendezv\u00e9ny\u00e9re voltam hivatalos. B\u00edr\u00f3 L\u00e1szl\u00f3 eln\u00f6k \u00far csal\u00e1dias, szeretetteljes programot szervezett. Finom s\u00fctem\u00e9nyek, k\u00f6z\u00f6s \u00e9nekl\u00e9s. Egysz\u00f3val csak gratul\u00e1lni tudok neki, nekik is&#8230; <\/p>\n<p>        Vas\u00e1rnap pedig a Si\u00f3fok V\u00e1ros\u00e9rt Egyes\u00fclet j\u00f3t\u00e9konys\u00e1gi rendezv\u00e9nye lesz a KIKK-ben, melynek f\u0151v\u00e9dn\u00f6ks\u00e9g\u00e9re Havasi G\u00e1bor eln\u00f6k \u00far felk\u00e9rt \u00e9s term\u00e9szetesen igent is mondtam. V\u00e1rjuk az \u00e9rdekl\u0151d\u0151ket (ld. a leni plak\u00e1tot).<\/p>\n<p>        Bar\u00e1ts\u00e1ggal: R.<\/p>\n<p><a href=\"\"><\/a><\/p>\n","protected":false},"excerpt":{"rendered":"<p>Tisztelt Olvas\u00f3im! Tegnap hivatalunk nyugd\u00edjasainak szervezt\u00fcnk kis kar\u00e1csonyi meglepet\u00e9st. Szerett\u00fck volna, ha kicsit egy\u00fctt lehetnek, nosztalgi\u00e1zhatnak, \u00e9s egy\u00fattal alkalmam lehet nekem is, jegyz\u0151n\u0151nek \u00e9s a szakszervezet vezet\u0151j\u00e9nek is, hogy k\u00f6sz\u00f6nts\u00fck \u0151ket a k\u00f6zelg\u0151 \u00fcnnepek alkalm\u00e1b\u00f3l. J\u00f3\u00edz\u0171 besz\u00e9lget\u00e9sek, kedves, biztat\u00f3 szavak, amiket \u00e9n kaptam t\u0151l\u00fck Kar\u00e1csonyra. K\u00f6sz\u00f6n\u00f6m! D\u00e9lut\u00e1n a Magyar Cukorbetegek Si\u00f3foki Egyes\u00fclet\u00e9nek kar\u00e1csonyi rendezv\u00e9ny\u00e9re voltam [&hellip;]<\/p>\n","protected":false},"author":1,"featured_media":4394,"comment_status":"closed","ping_status":"closed","sticky":false,"template":"","format":"standard","meta":{"_acf_changed":false,"_et_pb_use_builder":"","_et_pb_old_content":"","_et_gb_content_width":"","footnotes":""},"categories":[1],"tags":[],"class_list":["post-4393","post","type-post","status-publish","format-standard","has-post-thumbnail","hentry","category-uncategorized"],"acf":[],"yoast_head":"<!-- This site is optimized with the Yoast SEO plugin v23.8 - https:\/\/yoast.com\/wordpress\/plugins\/seo\/ -->\n<title>2018.12.13-i Facebook bejegyz\u00e9s - dr. Lengyel R\u00f3bert<\/title>\n<meta name=\"robots\" content=\"index, follow, max-snippet:-1, max-image-preview:large, max-video-preview:-1\" \/>\n<link rel=\"canonical\" href=\"https:\/\/www.lengyelrobert.hu\/index.php\/2018\/12\/13\/2018-12-13-i-facebook-bejegyzes\/\" \/>\n<meta property=\"og:locale\" content=\"hu_HU\" \/>\n<meta property=\"og:type\" content=\"article\" \/>\n<meta property=\"og:title\" content=\"2018.12.13-i Facebook bejegyz\u00e9s - dr. Lengyel R\u00f3bert\" \/>\n<meta property=\"og:description\" content=\"Tisztelt Olvas\u00f3im! Tegnap hivatalunk nyugd\u00edjasainak szervezt\u00fcnk kis kar\u00e1csonyi meglepet\u00e9st. Szerett\u00fck volna, ha kicsit egy\u00fctt lehetnek, nosztalgi\u00e1zhatnak, \u00e9s egy\u00fattal alkalmam lehet nekem is, jegyz\u0151n\u0151nek \u00e9s a szakszervezet vezet\u0151j\u00e9nek is, hogy k\u00f6sz\u00f6nts\u00fck \u0151ket a k\u00f6zelg\u0151 \u00fcnnepek alkalm\u00e1b\u00f3l. J\u00f3\u00edz\u0171 besz\u00e9lget\u00e9sek, kedves, biztat\u00f3 szavak, amiket \u00e9n kaptam t\u0151l\u00fck Kar\u00e1csonyra. K\u00f6sz\u00f6n\u00f6m! D\u00e9lut\u00e1n a Magyar Cukorbetegek Si\u00f3foki Egyes\u00fclet\u00e9nek kar\u00e1csonyi rendezv\u00e9ny\u00e9re voltam [&hellip;]\" \/>\n<meta property=\"og:url\" content=\"https:\/\/www.lengyelrobert.hu\/index.php\/2018\/12\/13\/2018-12-13-i-facebook-bejegyzes\/\" \/>\n<meta property=\"og:site_name\" content=\"dr. Lengyel R\u00f3bert\" \/>\n<meta property=\"article:published_time\" content=\"2018-12-13T06:49:14+00:00\" \/>\n<meta property=\"og:image\" content=\"https:\/\/www.lengyelrobert.hu\/wp-content\/uploads\/2019\/04\/48264372_1226557817493527_2854638665982803968_o_1226557810826861-1.jpg\" \/>\n\t<meta property=\"og:image:width\" content=\"1226\" \/>\n\t<meta property=\"og:image:height\" content=\"1754\" \/>\n\t<meta property=\"og:image:type\" content=\"image\/jpeg\" \/>\n<meta name=\"author\" content=\"webmaster\" \/>\n<meta name=\"twitter:card\" content=\"summary_large_image\" \/>\n<meta name=\"twitter:label1\" content=\"Szerz\u0151:\" \/>\n\t<meta name=\"twitter:data1\" content=\"webmaster\" \/>\n\t<meta name=\"twitter:label2\" content=\"Becs\u00fclt olvas\u00e1si id\u0151\" \/>\n\t<meta name=\"twitter:data2\" content=\"1 perc\" \/>\n<script type=\"application\/ld+json\" class=\"yoast-schema-graph\">{\"@context\":\"https:\/\/schema.org\",\"@graph\":[{\"@type\":\"WebPage\",\"@id\":\"https:\/\/www.lengyelrobert.hu\/index.php\/2018\/12\/13\/2018-12-13-i-facebook-bejegyzes\/\",\"url\":\"https:\/\/www.lengyelrobert.hu\/index.php\/2018\/12\/13\/2018-12-13-i-facebook-bejegyzes\/\",\"name\":\"2018.12.13-i Facebook bejegyz\u00e9s - dr. Lengyel R\u00f3bert\",\"isPartOf\":{\"@id\":\"https:\/\/www.lengyelrobert.hu\/#website\"},\"primaryImageOfPage\":{\"@id\":\"https:\/\/www.lengyelrobert.hu\/index.php\/2018\/12\/13\/2018-12-13-i-facebook-bejegyzes\/#primaryimage\"},\"image\":{\"@id\":\"https:\/\/www.lengyelrobert.hu\/index.php\/2018\/12\/13\/2018-12-13-i-facebook-bejegyzes\/#primaryimage\"},\"thumbnailUrl\":\"https:\/\/www.lengyelrobert.hu\/wp-content\/uploads\/2019\/04\/48264372_1226557817493527_2854638665982803968_o_1226557810826861-1.jpg\",\"datePublished\":\"2018-12-13T06:49:14+00:00\",\"dateModified\":\"2018-12-13T06:49:14+00:00\",\"author\":{\"@id\":\"https:\/\/www.lengyelrobert.hu\/#\/schema\/person\/2926fe5141a59e6530d8a411eb7bfb2d\"},\"breadcrumb\":{\"@id\":\"https:\/\/www.lengyelrobert.hu\/index.php\/2018\/12\/13\/2018-12-13-i-facebook-bejegyzes\/#breadcrumb\"},\"inLanguage\":\"hu\",\"potentialAction\":[{\"@type\":\"ReadAction\",\"target\":[\"https:\/\/www.lengyelrobert.hu\/index.php\/2018\/12\/13\/2018-12-13-i-facebook-bejegyzes\/\"]}]},{\"@type\":\"ImageObject\",\"inLanguage\":\"hu\",\"@id\":\"https:\/\/www.lengyelrobert.hu\/index.php\/2018\/12\/13\/2018-12-13-i-facebook-bejegyzes\/#primaryimage\",\"url\":\"https:\/\/www.lengyelrobert.hu\/wp-content\/uploads\/2019\/04\/48264372_1226557817493527_2854638665982803968_o_1226557810826861-1.jpg\",\"contentUrl\":\"https:\/\/www.lengyelrobert.hu\/wp-content\/uploads\/2019\/04\/48264372_1226557817493527_2854638665982803968_o_1226557810826861-1.jpg\",\"width\":1226,\"height\":1754},{\"@type\":\"BreadcrumbList\",\"@id\":\"https:\/\/www.lengyelrobert.hu\/index.php\/2018\/12\/13\/2018-12-13-i-facebook-bejegyzes\/#breadcrumb\",\"itemListElement\":[{\"@type\":\"ListItem\",\"position\":1,\"name\":\"Home\",\"item\":\"https:\/\/www.lengyelrobert.hu\/\"},{\"@type\":\"ListItem\",\"position\":2,\"name\":\"2018.12.13-i Facebook bejegyz\u00e9s\"}]},{\"@type\":\"WebSite\",\"@id\":\"https:\/\/www.lengyelrobert.hu\/#website\",\"url\":\"https:\/\/www.lengyelrobert.hu\/\",\"name\":\"dr. Lengyel R\u00f3bert\",\"description\":\"A Becs\u00fclettel Si\u00f3fok\u00e9rt Egyes\u00fclet honlapja\",\"potentialAction\":[{\"@type\":\"SearchAction\",\"target\":{\"@type\":\"EntryPoint\",\"urlTemplate\":\"https:\/\/www.lengyelrobert.hu\/?s={search_term_string}\"},\"query-input\":{\"@type\":\"PropertyValueSpecification\",\"valueRequired\":true,\"valueName\":\"search_term_string\"}}],\"inLanguage\":\"hu\"},{\"@type\":\"Person\",\"@id\":\"https:\/\/www.lengyelrobert.hu\/#\/schema\/person\/2926fe5141a59e6530d8a411eb7bfb2d\",\"name\":\"webmaster\",\"image\":{\"@type\":\"ImageObject\",\"inLanguage\":\"hu\",\"@id\":\"https:\/\/www.lengyelrobert.hu\/#\/schema\/person\/image\/\",\"url\":\"https:\/\/secure.gravatar.com\/avatar\/d53f7fc01f188bb097ecc2caf950c777c2cdc1ec48a2d1726a8399a2188940b0?s=96&d=mm&r=g\",\"contentUrl\":\"https:\/\/secure.gravatar.com\/avatar\/d53f7fc01f188bb097ecc2caf950c777c2cdc1ec48a2d1726a8399a2188940b0?s=96&d=mm&r=g\",\"caption\":\"webmaster\"},\"sameAs\":[\"https:\/\/www.lengyelrobert.hu\"],\"url\":\"https:\/\/www.lengyelrobert.hu\/index.php\/author\/webmaster\/\"}]}<\/script>\n<!-- \/ Yoast SEO plugin. -->","yoast_head_json":{"title":"2018.12.13-i Facebook bejegyz\u00e9s - dr. Lengyel R\u00f3bert","robots":{"index":"index","follow":"follow","max-snippet":"max-snippet:-1","max-image-preview":"max-image-preview:large","max-video-preview":"max-video-preview:-1"},"canonical":"https:\/\/www.lengyelrobert.hu\/index.php\/2018\/12\/13\/2018-12-13-i-facebook-bejegyzes\/","og_locale":"hu_HU","og_type":"article","og_title":"2018.12.13-i Facebook bejegyz\u00e9s - dr. Lengyel R\u00f3bert","og_description":"Tisztelt Olvas\u00f3im! Tegnap hivatalunk nyugd\u00edjasainak szervezt\u00fcnk kis kar\u00e1csonyi meglepet\u00e9st. Szerett\u00fck volna, ha kicsit egy\u00fctt lehetnek, nosztalgi\u00e1zhatnak, \u00e9s egy\u00fattal alkalmam lehet nekem is, jegyz\u0151n\u0151nek \u00e9s a szakszervezet vezet\u0151j\u00e9nek is, hogy k\u00f6sz\u00f6nts\u00fck \u0151ket a k\u00f6zelg\u0151 \u00fcnnepek alkalm\u00e1b\u00f3l. J\u00f3\u00edz\u0171 besz\u00e9lget\u00e9sek, kedves, biztat\u00f3 szavak, amiket \u00e9n kaptam t\u0151l\u00fck Kar\u00e1csonyra. K\u00f6sz\u00f6n\u00f6m! D\u00e9lut\u00e1n a Magyar Cukorbetegek Si\u00f3foki Egyes\u00fclet\u00e9nek kar\u00e1csonyi rendezv\u00e9ny\u00e9re voltam [&hellip;]","og_url":"https:\/\/www.lengyelrobert.hu\/index.php\/2018\/12\/13\/2018-12-13-i-facebook-bejegyzes\/","og_site_name":"dr. Lengyel R\u00f3bert","article_published_time":"2018-12-13T06:49:14+00:00","og_image":[{"width":1226,"height":1754,"url":"https:\/\/www.lengyelrobert.hu\/wp-content\/uploads\/2019\/04\/48264372_1226557817493527_2854638665982803968_o_1226557810826861-1.jpg","type":"image\/jpeg"}],"author":"webmaster","twitter_card":"summary_large_image","twitter_misc":{"Szerz\u0151:":"webmaster","Becs\u00fclt olvas\u00e1si id\u0151":"1 perc"},"schema":{"@context":"https:\/\/schema.org","@graph":[{"@type":"WebPage","@id":"https:\/\/www.lengyelrobert.hu\/index.php\/2018\/12\/13\/2018-12-13-i-facebook-bejegyzes\/","url":"https:\/\/www.lengyelrobert.hu\/index.php\/2018\/12\/13\/2018-12-13-i-facebook-bejegyzes\/","name":"2018.12.13-i Facebook bejegyz\u00e9s - dr. Lengyel R\u00f3bert","isPartOf":{"@id":"https:\/\/www.lengyelrobert.hu\/#website"},"primaryImageOfPage":{"@id":"https:\/\/www.lengyelrobert.hu\/index.php\/2018\/12\/13\/2018-12-13-i-facebook-bejegyzes\/#primaryimage"},"image":{"@id":"https:\/\/www.lengyelrobert.hu\/index.php\/2018\/12\/13\/2018-12-13-i-facebook-bejegyzes\/#primaryimage"},"thumbnailUrl":"https:\/\/www.lengyelrobert.hu\/wp-content\/uploads\/2019\/04\/48264372_1226557817493527_2854638665982803968_o_1226557810826861-1.jpg","datePublished":"2018-12-13T06:49:14+00:00","dateModified":"2018-12-13T06:49:14+00:00","author":{"@id":"https:\/\/www.lengyelrobert.hu\/#\/schema\/person\/2926fe5141a59e6530d8a411eb7bfb2d"},"breadcrumb":{"@id":"https:\/\/www.lengyelrobert.hu\/index.php\/2018\/12\/13\/2018-12-13-i-facebook-bejegyzes\/#breadcrumb"},"inLanguage":"hu","potentialAction":[{"@type":"ReadAction","target":["https:\/\/www.lengyelrobert.hu\/index.php\/2018\/12\/13\/2018-12-13-i-facebook-bejegyzes\/"]}]},{"@type":"ImageObject","inLanguage":"hu","@id":"https:\/\/www.lengyelrobert.hu\/index.php\/2018\/12\/13\/2018-12-13-i-facebook-bejegyzes\/#primaryimage","url":"https:\/\/www.lengyelrobert.hu\/wp-content\/uploads\/2019\/04\/48264372_1226557817493527_2854638665982803968_o_1226557810826861-1.jpg","contentUrl":"https:\/\/www.lengyelrobert.hu\/wp-content\/uploads\/2019\/04\/48264372_1226557817493527_2854638665982803968_o_1226557810826861-1.jpg","width":1226,"height":1754},{"@type":"BreadcrumbList","@id":"https:\/\/www.lengyelrobert.hu\/index.php\/2018\/12\/13\/2018-12-13-i-facebook-bejegyzes\/#breadcrumb","itemListElement":[{"@type":"ListItem","position":1,"name":"Home","item":"https:\/\/www.lengyelrobert.hu\/"},{"@type":"ListItem","position":2,"name":"2018.12.13-i Facebook bejegyz\u00e9s"}]},{"@type":"WebSite","@id":"https:\/\/www.lengyelrobert.hu\/#website","url":"https:\/\/www.lengyelrobert.hu\/","name":"dr. Lengyel R\u00f3bert","description":"A Becs\u00fclettel Si\u00f3fok\u00e9rt Egyes\u00fclet honlapja","potentialAction":[{"@type":"SearchAction","target":{"@type":"EntryPoint","urlTemplate":"https:\/\/www.lengyelrobert.hu\/?s={search_term_string}"},"query-input":{"@type":"PropertyValueSpecification","valueRequired":true,"valueName":"search_term_string"}}],"inLanguage":"hu"},{"@type":"Person","@id":"https:\/\/www.lengyelrobert.hu\/#\/schema\/person\/2926fe5141a59e6530d8a411eb7bfb2d","name":"webmaster","image":{"@type":"ImageObject","inLanguage":"hu","@id":"https:\/\/www.lengyelrobert.hu\/#\/schema\/person\/image\/","url":"https:\/\/secure.gravatar.com\/avatar\/d53f7fc01f188bb097ecc2caf950c777c2cdc1ec48a2d1726a8399a2188940b0?s=96&d=mm&r=g","contentUrl":"https:\/\/secure.gravatar.com\/avatar\/d53f7fc01f188bb097ecc2caf950c777c2cdc1ec48a2d1726a8399a2188940b0?s=96&d=mm&r=g","caption":"webmaster"},"sameAs":["https:\/\/www.lengyelrobert.hu"],"url":"https:\/\/www.lengyelrobert.hu\/index.php\/author\/webmaster\/"}]}},"_links":{"self":[{"href":"https:\/\/www.lengyelrobert.hu\/index.php\/wp-json\/wp\/v2\/posts\/4393","targetHints":{"allow":["GET"]}}],"collection":[{"href":"https:\/\/www.lengyelrobert.hu\/index.php\/wp-json\/wp\/v2\/posts"}],"about":[{"href":"https:\/\/www.lengyelrobert.hu\/index.php\/wp-json\/wp\/v2\/types\/post"}],"author":[{"embeddable":true,"href":"https:\/\/www.lengyelrobert.hu\/index.php\/wp-json\/wp\/v2\/users\/1"}],"replies":[{"embeddable":true,"href":"https:\/\/www.lengyelrobert.hu\/index.php\/wp-json\/wp\/v2\/comments?post=4393"}],"version-history":[{"count":0,"href":"https:\/\/www.lengyelrobert.hu\/index.php\/wp-json\/wp\/v2\/posts\/4393\/revisions"}],"wp:featuredmedia":[{"embeddable":true,"href":"https:\/\/www.lengyelrobert.hu\/index.php\/wp-json\/wp\/v2\/media\/4394"}],"wp:attachment":[{"href":"https:\/\/www.lengyelrobert.hu\/index.php\/wp-json\/wp\/v2\/media?parent=4393"}],"wp:term":[{"taxonomy":"category","embeddable":true,"href":"https:\/\/www.lengyelrobert.hu\/index.php\/wp-json\/wp\/v2\/categories?post=4393"},{"taxonomy":"post_tag","embeddable":true,"href":"https:\/\/www.lengyelrobert.hu\/index.php\/wp-json\/wp\/v2\/tags?post=4393"}],"curies":[{"name":"wp","href":"https:\/\/api.w.org\/{rel}","templated":true}]}}