{"id":4384,"date":"2018-12-17T10:02:54","date_gmt":"2018-12-17T09:02:54","guid":{"rendered":"https:\/\/www.lengyelrobert.hu\/uncategorized\/2018-12-17-i-facebook-bejegyzes-3\/"},"modified":"2018-12-17T10:02:54","modified_gmt":"2018-12-17T09:02:54","slug":"2018-12-17-i-facebook-bejegyzes-3","status":"publish","type":"post","link":"https:\/\/www.lengyelrobert.hu\/index.php\/2018\/12\/17\/2018-12-17-i-facebook-bejegyzes-3\/","title":{"rendered":"2018.12.17-i Facebook bejegyz\u00e9s"},"content":{"rendered":"<p>Tisztelt Olvas\u00f3im!<\/p>\n<p>        Tegnap este m\u00e1sod magammal, egy exrend\u0151r koll\u00e9g\u00e1mmal felutaztunk Budapestre \u00e9s csatlakoztunk a TV sz\u00e9kh\u00e1z el\u0151tt tiltakoz\u00f3 t\u00f6meghez. Abszol\u00fat b\u00e9k\u00e9s t\u00fcntet\u0151kk\u00e9nt k\u00edv\u00e1ntunk r\u00e9szt venni a megmozdul\u00e1son, szem\u00e9lyes jelenl\u00e9t\u00fcnkkel tiltakozva egyebek mellett a &#8220;rabszolga t\u00f6rv\u00e9ny&#8221; \u00e9s a korm\u00e1nyzati vez\u00e9rl\u00e9s\u0171 k\u00f6zigazgat\u00e1si b\u00edr\u00f3s\u00e1g fel\u00e1ll\u00edt\u00e1sa ellen. Volt rend\u0151r\u00f6kk\u00e9nt el\u0151zetesen abban maradtunk, hogy az egyenruh\u00e1t tisztelve, amennyiben a megmozdul\u00e1s er\u0151szakoss\u00e1gba csap \u00e1t, a rend\u0151rs\u00e9g felsz\u00f3l\u00edt t\u00e1voz\u00e1sra, akkor eleget tesz\u00fcnk \u00e1llampolg\u00e1ri k\u00f6teless\u00e9g\u00fcnknek, kij\u00f6v\u00fcnk. Sajnos egyik pillanatr\u00f3l a m\u00e1sikra, el\u0151zetes felsz\u00f3l\u00edt\u00e1s n\u00e9lk\u00fcl, k\u00f6nnyfakaszt\u00f3 g\u00e1zcsap\u00e1st m\u00e9rtek volt koll\u00e9g\u00e1ink a t\u00f6megre. Az egyik g\u00e1zcs\u00f3va kb. 3-4 m\u00e9ter t\u00e1vols\u00e1gr\u00f3l az arcomba csap\u00f3dott. Aki demonstr\u00e1l, annak ezzel sz\u00e1molnia kell, b\u00e1r megjegyzem, ha a jogszab\u00e1lyban el\u0151\u00edrtak szerint el\u0151zetesen figyelmeztetnek hangsz\u00f3r\u00f3val, hogy k\u00e9nyszer\u00edt\u0151 eszk\u00f6z alkalmaz\u00e1sa k\u00f6vetkezik, kih\u00e1tr\u00e1ltunk volna. Ezt az es\u00e9lyt nem kaptuk meg. Igaz\u00e1b\u00f3l neh\u00e9z volt eld\u00f6nteni, hogy a sorfalban, egyenruh\u00e1ban \u00e1llni, vagy t\u00fcntet\u0151k\u00e9nt demonstr\u00e1lni volt-e rosszabb \u00e9jszaka. \u00c9n most m\u00e1r mindk\u00e9t oldalon \u00e1lltam, egyik sem k\u00f6nny\u0171. Magyarok itt is, ott is. Itt elkeseredett \u00e1llampolg\u00e1rok, ott a parancsuralmi g\u00e9pezet &#8220;apr\u00f3cska alkatr\u00e9szei&#8221;. A tv \u00e9p\u00fclet\u00e9ben eg\u00e9sz \u00e9jjel \u00e9s reggel is ment, az\u00f3ta is megy a &#8220;harc&#8221; az \u00e9p\u00fclet biztons\u00e1gi \u0151rei \u00e9s ellenz\u00e9ki orsz\u00e1ggy\u0171l\u00e9si k\u00e9pvisel\u0151k k\u00f6z\u00f6tt. Ha j\u00f3l \u00e9rtes\u00fcltem, az egyik k\u00e9pvisel\u0151t nemes egyszer\u0171s\u00e9ggel -\u00e9s \u00e1ll\u00e1spontom szerint jogszer\u0171tlen\u00fcl int\u00e9zkedve- kidobt\u00e1k a sz\u00e9kh\u00e1zb\u00f3l. Hol ennek a v\u00e9ge?<\/p>\n<p><a href=\"\"><\/a><\/p>\n","protected":false},"excerpt":{"rendered":"<p>Tisztelt Olvas\u00f3im! Tegnap este m\u00e1sod magammal, egy exrend\u0151r koll\u00e9g\u00e1mmal felutaztunk Budapestre \u00e9s csatlakoztunk a TV sz\u00e9kh\u00e1z el\u0151tt tiltakoz\u00f3 t\u00f6meghez. Abszol\u00fat b\u00e9k\u00e9s t\u00fcntet\u0151kk\u00e9nt k\u00edv\u00e1ntunk r\u00e9szt venni a megmozdul\u00e1son, szem\u00e9lyes jelenl\u00e9t\u00fcnkkel tiltakozva egyebek mellett a &#8220;rabszolga t\u00f6rv\u00e9ny&#8221; \u00e9s a korm\u00e1nyzati vez\u00e9rl\u00e9s\u0171 k\u00f6zigazgat\u00e1si b\u00edr\u00f3s\u00e1g fel\u00e1ll\u00edt\u00e1sa ellen. Volt rend\u0151r\u00f6kk\u00e9nt el\u0151zetesen abban maradtunk, hogy az egyenruh\u00e1t tisztelve, amennyiben a megmozdul\u00e1s [&hellip;]<\/p>\n","protected":false},"author":1,"featured_media":4385,"comment_status":"closed","ping_status":"closed","sticky":false,"template":"","format":"standard","meta":{"_acf_changed":false,"_et_pb_use_builder":"","_et_pb_old_content":"","_et_gb_content_width":"","footnotes":""},"categories":[1],"tags":[],"class_list":["post-4384","post","type-post","status-publish","format-standard","has-post-thumbnail","hentry","category-uncategorized"],"acf":[],"yoast_head":"<!-- This site is optimized with the Yoast SEO plugin v23.8 - https:\/\/yoast.com\/wordpress\/plugins\/seo\/ -->\n<title>2018.12.17-i Facebook bejegyz\u00e9s - dr. Lengyel R\u00f3bert<\/title>\n<meta name=\"robots\" content=\"index, follow, max-snippet:-1, max-image-preview:large, max-video-preview:-1\" \/>\n<link rel=\"canonical\" href=\"https:\/\/www.lengyelrobert.hu\/index.php\/2018\/12\/17\/2018-12-17-i-facebook-bejegyzes-3\/\" \/>\n<meta property=\"og:locale\" content=\"hu_HU\" \/>\n<meta property=\"og:type\" content=\"article\" \/>\n<meta property=\"og:title\" content=\"2018.12.17-i Facebook bejegyz\u00e9s - dr. Lengyel R\u00f3bert\" \/>\n<meta property=\"og:description\" content=\"Tisztelt Olvas\u00f3im! Tegnap este m\u00e1sod magammal, egy exrend\u0151r koll\u00e9g\u00e1mmal felutaztunk Budapestre \u00e9s csatlakoztunk a TV sz\u00e9kh\u00e1z el\u0151tt tiltakoz\u00f3 t\u00f6meghez. Abszol\u00fat b\u00e9k\u00e9s t\u00fcntet\u0151kk\u00e9nt k\u00edv\u00e1ntunk r\u00e9szt venni a megmozdul\u00e1son, szem\u00e9lyes jelenl\u00e9t\u00fcnkkel tiltakozva egyebek mellett a &#8220;rabszolga t\u00f6rv\u00e9ny&#8221; \u00e9s a korm\u00e1nyzati vez\u00e9rl\u00e9s\u0171 k\u00f6zigazgat\u00e1si b\u00edr\u00f3s\u00e1g fel\u00e1ll\u00edt\u00e1sa ellen. Volt rend\u0151r\u00f6kk\u00e9nt el\u0151zetesen abban maradtunk, hogy az egyenruh\u00e1t tisztelve, amennyiben a megmozdul\u00e1s [&hellip;]\" \/>\n<meta property=\"og:url\" content=\"https:\/\/www.lengyelrobert.hu\/index.php\/2018\/12\/17\/2018-12-17-i-facebook-bejegyzes-3\/\" \/>\n<meta property=\"og:site_name\" content=\"dr. Lengyel R\u00f3bert\" \/>\n<meta property=\"article:published_time\" content=\"2018-12-17T09:02:54+00:00\" \/>\n<meta property=\"og:image\" content=\"https:\/\/www.lengyelrobert.hu\/wp-content\/uploads\/2019\/04\/48896838_1229282337221075_3463721808023257088_o_1229282330554409-1.jpg\" \/>\n\t<meta property=\"og:image:width\" content=\"2000\" \/>\n\t<meta property=\"og:image:height\" content=\"1333\" \/>\n\t<meta property=\"og:image:type\" content=\"image\/jpeg\" \/>\n<meta name=\"author\" content=\"webmaster\" \/>\n<meta name=\"twitter:card\" content=\"summary_large_image\" \/>\n<meta name=\"twitter:label1\" content=\"Szerz\u0151:\" \/>\n\t<meta name=\"twitter:data1\" content=\"webmaster\" \/>\n\t<meta name=\"twitter:label2\" content=\"Becs\u00fclt olvas\u00e1si id\u0151\" \/>\n\t<meta name=\"twitter:data2\" content=\"2 perc\" \/>\n<script type=\"application\/ld+json\" class=\"yoast-schema-graph\">{\"@context\":\"https:\/\/schema.org\",\"@graph\":[{\"@type\":\"WebPage\",\"@id\":\"https:\/\/www.lengyelrobert.hu\/index.php\/2018\/12\/17\/2018-12-17-i-facebook-bejegyzes-3\/\",\"url\":\"https:\/\/www.lengyelrobert.hu\/index.php\/2018\/12\/17\/2018-12-17-i-facebook-bejegyzes-3\/\",\"name\":\"2018.12.17-i Facebook bejegyz\u00e9s - dr. Lengyel R\u00f3bert\",\"isPartOf\":{\"@id\":\"https:\/\/www.lengyelrobert.hu\/#website\"},\"primaryImageOfPage\":{\"@id\":\"https:\/\/www.lengyelrobert.hu\/index.php\/2018\/12\/17\/2018-12-17-i-facebook-bejegyzes-3\/#primaryimage\"},\"image\":{\"@id\":\"https:\/\/www.lengyelrobert.hu\/index.php\/2018\/12\/17\/2018-12-17-i-facebook-bejegyzes-3\/#primaryimage\"},\"thumbnailUrl\":\"https:\/\/www.lengyelrobert.hu\/wp-content\/uploads\/2019\/04\/48896838_1229282337221075_3463721808023257088_o_1229282330554409-1.jpg\",\"datePublished\":\"2018-12-17T09:02:54+00:00\",\"dateModified\":\"2018-12-17T09:02:54+00:00\",\"author\":{\"@id\":\"https:\/\/www.lengyelrobert.hu\/#\/schema\/person\/2926fe5141a59e6530d8a411eb7bfb2d\"},\"breadcrumb\":{\"@id\":\"https:\/\/www.lengyelrobert.hu\/index.php\/2018\/12\/17\/2018-12-17-i-facebook-bejegyzes-3\/#breadcrumb\"},\"inLanguage\":\"hu\",\"potentialAction\":[{\"@type\":\"ReadAction\",\"target\":[\"https:\/\/www.lengyelrobert.hu\/index.php\/2018\/12\/17\/2018-12-17-i-facebook-bejegyzes-3\/\"]}]},{\"@type\":\"ImageObject\",\"inLanguage\":\"hu\",\"@id\":\"https:\/\/www.lengyelrobert.hu\/index.php\/2018\/12\/17\/2018-12-17-i-facebook-bejegyzes-3\/#primaryimage\",\"url\":\"https:\/\/www.lengyelrobert.hu\/wp-content\/uploads\/2019\/04\/48896838_1229282337221075_3463721808023257088_o_1229282330554409-1.jpg\",\"contentUrl\":\"https:\/\/www.lengyelrobert.hu\/wp-content\/uploads\/2019\/04\/48896838_1229282337221075_3463721808023257088_o_1229282330554409-1.jpg\",\"width\":2000,\"height\":1333},{\"@type\":\"BreadcrumbList\",\"@id\":\"https:\/\/www.lengyelrobert.hu\/index.php\/2018\/12\/17\/2018-12-17-i-facebook-bejegyzes-3\/#breadcrumb\",\"itemListElement\":[{\"@type\":\"ListItem\",\"position\":1,\"name\":\"Home\",\"item\":\"https:\/\/www.lengyelrobert.hu\/\"},{\"@type\":\"ListItem\",\"position\":2,\"name\":\"2018.12.17-i Facebook bejegyz\u00e9s\"}]},{\"@type\":\"WebSite\",\"@id\":\"https:\/\/www.lengyelrobert.hu\/#website\",\"url\":\"https:\/\/www.lengyelrobert.hu\/\",\"name\":\"dr. Lengyel R\u00f3bert\",\"description\":\"A Becs\u00fclettel Si\u00f3fok\u00e9rt Egyes\u00fclet honlapja\",\"potentialAction\":[{\"@type\":\"SearchAction\",\"target\":{\"@type\":\"EntryPoint\",\"urlTemplate\":\"https:\/\/www.lengyelrobert.hu\/?s={search_term_string}\"},\"query-input\":{\"@type\":\"PropertyValueSpecification\",\"valueRequired\":true,\"valueName\":\"search_term_string\"}}],\"inLanguage\":\"hu\"},{\"@type\":\"Person\",\"@id\":\"https:\/\/www.lengyelrobert.hu\/#\/schema\/person\/2926fe5141a59e6530d8a411eb7bfb2d\",\"name\":\"webmaster\",\"image\":{\"@type\":\"ImageObject\",\"inLanguage\":\"hu\",\"@id\":\"https:\/\/www.lengyelrobert.hu\/#\/schema\/person\/image\/\",\"url\":\"https:\/\/secure.gravatar.com\/avatar\/d53f7fc01f188bb097ecc2caf950c777c2cdc1ec48a2d1726a8399a2188940b0?s=96&d=mm&r=g\",\"contentUrl\":\"https:\/\/secure.gravatar.com\/avatar\/d53f7fc01f188bb097ecc2caf950c777c2cdc1ec48a2d1726a8399a2188940b0?s=96&d=mm&r=g\",\"caption\":\"webmaster\"},\"sameAs\":[\"https:\/\/www.lengyelrobert.hu\"],\"url\":\"https:\/\/www.lengyelrobert.hu\/index.php\/author\/webmaster\/\"}]}<\/script>\n<!-- \/ Yoast SEO plugin. -->","yoast_head_json":{"title":"2018.12.17-i Facebook bejegyz\u00e9s - dr. Lengyel R\u00f3bert","robots":{"index":"index","follow":"follow","max-snippet":"max-snippet:-1","max-image-preview":"max-image-preview:large","max-video-preview":"max-video-preview:-1"},"canonical":"https:\/\/www.lengyelrobert.hu\/index.php\/2018\/12\/17\/2018-12-17-i-facebook-bejegyzes-3\/","og_locale":"hu_HU","og_type":"article","og_title":"2018.12.17-i Facebook bejegyz\u00e9s - dr. Lengyel R\u00f3bert","og_description":"Tisztelt Olvas\u00f3im! Tegnap este m\u00e1sod magammal, egy exrend\u0151r koll\u00e9g\u00e1mmal felutaztunk Budapestre \u00e9s csatlakoztunk a TV sz\u00e9kh\u00e1z el\u0151tt tiltakoz\u00f3 t\u00f6meghez. Abszol\u00fat b\u00e9k\u00e9s t\u00fcntet\u0151kk\u00e9nt k\u00edv\u00e1ntunk r\u00e9szt venni a megmozdul\u00e1son, szem\u00e9lyes jelenl\u00e9t\u00fcnkkel tiltakozva egyebek mellett a &#8220;rabszolga t\u00f6rv\u00e9ny&#8221; \u00e9s a korm\u00e1nyzati vez\u00e9rl\u00e9s\u0171 k\u00f6zigazgat\u00e1si b\u00edr\u00f3s\u00e1g fel\u00e1ll\u00edt\u00e1sa ellen. Volt rend\u0151r\u00f6kk\u00e9nt el\u0151zetesen abban maradtunk, hogy az egyenruh\u00e1t tisztelve, amennyiben a megmozdul\u00e1s [&hellip;]","og_url":"https:\/\/www.lengyelrobert.hu\/index.php\/2018\/12\/17\/2018-12-17-i-facebook-bejegyzes-3\/","og_site_name":"dr. Lengyel R\u00f3bert","article_published_time":"2018-12-17T09:02:54+00:00","og_image":[{"width":2000,"height":1333,"url":"https:\/\/www.lengyelrobert.hu\/wp-content\/uploads\/2019\/04\/48896838_1229282337221075_3463721808023257088_o_1229282330554409-1.jpg","type":"image\/jpeg"}],"author":"webmaster","twitter_card":"summary_large_image","twitter_misc":{"Szerz\u0151:":"webmaster","Becs\u00fclt olvas\u00e1si id\u0151":"2 perc"},"schema":{"@context":"https:\/\/schema.org","@graph":[{"@type":"WebPage","@id":"https:\/\/www.lengyelrobert.hu\/index.php\/2018\/12\/17\/2018-12-17-i-facebook-bejegyzes-3\/","url":"https:\/\/www.lengyelrobert.hu\/index.php\/2018\/12\/17\/2018-12-17-i-facebook-bejegyzes-3\/","name":"2018.12.17-i Facebook bejegyz\u00e9s - dr. Lengyel R\u00f3bert","isPartOf":{"@id":"https:\/\/www.lengyelrobert.hu\/#website"},"primaryImageOfPage":{"@id":"https:\/\/www.lengyelrobert.hu\/index.php\/2018\/12\/17\/2018-12-17-i-facebook-bejegyzes-3\/#primaryimage"},"image":{"@id":"https:\/\/www.lengyelrobert.hu\/index.php\/2018\/12\/17\/2018-12-17-i-facebook-bejegyzes-3\/#primaryimage"},"thumbnailUrl":"https:\/\/www.lengyelrobert.hu\/wp-content\/uploads\/2019\/04\/48896838_1229282337221075_3463721808023257088_o_1229282330554409-1.jpg","datePublished":"2018-12-17T09:02:54+00:00","dateModified":"2018-12-17T09:02:54+00:00","author":{"@id":"https:\/\/www.lengyelrobert.hu\/#\/schema\/person\/2926fe5141a59e6530d8a411eb7bfb2d"},"breadcrumb":{"@id":"https:\/\/www.lengyelrobert.hu\/index.php\/2018\/12\/17\/2018-12-17-i-facebook-bejegyzes-3\/#breadcrumb"},"inLanguage":"hu","potentialAction":[{"@type":"ReadAction","target":["https:\/\/www.lengyelrobert.hu\/index.php\/2018\/12\/17\/2018-12-17-i-facebook-bejegyzes-3\/"]}]},{"@type":"ImageObject","inLanguage":"hu","@id":"https:\/\/www.lengyelrobert.hu\/index.php\/2018\/12\/17\/2018-12-17-i-facebook-bejegyzes-3\/#primaryimage","url":"https:\/\/www.lengyelrobert.hu\/wp-content\/uploads\/2019\/04\/48896838_1229282337221075_3463721808023257088_o_1229282330554409-1.jpg","contentUrl":"https:\/\/www.lengyelrobert.hu\/wp-content\/uploads\/2019\/04\/48896838_1229282337221075_3463721808023257088_o_1229282330554409-1.jpg","width":2000,"height":1333},{"@type":"BreadcrumbList","@id":"https:\/\/www.lengyelrobert.hu\/index.php\/2018\/12\/17\/2018-12-17-i-facebook-bejegyzes-3\/#breadcrumb","itemListElement":[{"@type":"ListItem","position":1,"name":"Home","item":"https:\/\/www.lengyelrobert.hu\/"},{"@type":"ListItem","position":2,"name":"2018.12.17-i Facebook bejegyz\u00e9s"}]},{"@type":"WebSite","@id":"https:\/\/www.lengyelrobert.hu\/#website","url":"https:\/\/www.lengyelrobert.hu\/","name":"dr. Lengyel R\u00f3bert","description":"A Becs\u00fclettel Si\u00f3fok\u00e9rt Egyes\u00fclet honlapja","potentialAction":[{"@type":"SearchAction","target":{"@type":"EntryPoint","urlTemplate":"https:\/\/www.lengyelrobert.hu\/?s={search_term_string}"},"query-input":{"@type":"PropertyValueSpecification","valueRequired":true,"valueName":"search_term_string"}}],"inLanguage":"hu"},{"@type":"Person","@id":"https:\/\/www.lengyelrobert.hu\/#\/schema\/person\/2926fe5141a59e6530d8a411eb7bfb2d","name":"webmaster","image":{"@type":"ImageObject","inLanguage":"hu","@id":"https:\/\/www.lengyelrobert.hu\/#\/schema\/person\/image\/","url":"https:\/\/secure.gravatar.com\/avatar\/d53f7fc01f188bb097ecc2caf950c777c2cdc1ec48a2d1726a8399a2188940b0?s=96&d=mm&r=g","contentUrl":"https:\/\/secure.gravatar.com\/avatar\/d53f7fc01f188bb097ecc2caf950c777c2cdc1ec48a2d1726a8399a2188940b0?s=96&d=mm&r=g","caption":"webmaster"},"sameAs":["https:\/\/www.lengyelrobert.hu"],"url":"https:\/\/www.lengyelrobert.hu\/index.php\/author\/webmaster\/"}]}},"_links":{"self":[{"href":"https:\/\/www.lengyelrobert.hu\/index.php\/wp-json\/wp\/v2\/posts\/4384","targetHints":{"allow":["GET"]}}],"collection":[{"href":"https:\/\/www.lengyelrobert.hu\/index.php\/wp-json\/wp\/v2\/posts"}],"about":[{"href":"https:\/\/www.lengyelrobert.hu\/index.php\/wp-json\/wp\/v2\/types\/post"}],"author":[{"embeddable":true,"href":"https:\/\/www.lengyelrobert.hu\/index.php\/wp-json\/wp\/v2\/users\/1"}],"replies":[{"embeddable":true,"href":"https:\/\/www.lengyelrobert.hu\/index.php\/wp-json\/wp\/v2\/comments?post=4384"}],"version-history":[{"count":0,"href":"https:\/\/www.lengyelrobert.hu\/index.php\/wp-json\/wp\/v2\/posts\/4384\/revisions"}],"wp:featuredmedia":[{"embeddable":true,"href":"https:\/\/www.lengyelrobert.hu\/index.php\/wp-json\/wp\/v2\/media\/4385"}],"wp:attachment":[{"href":"https:\/\/www.lengyelrobert.hu\/index.php\/wp-json\/wp\/v2\/media?parent=4384"}],"wp:term":[{"taxonomy":"category","embeddable":true,"href":"https:\/\/www.lengyelrobert.hu\/index.php\/wp-json\/wp\/v2\/categories?post=4384"},{"taxonomy":"post_tag","embeddable":true,"href":"https:\/\/www.lengyelrobert.hu\/index.php\/wp-json\/wp\/v2\/tags?post=4384"}],"curies":[{"name":"wp","href":"https:\/\/api.w.org\/{rel}","templated":true}]}}