{"id":4379,"date":"2018-12-19T07:39:33","date_gmt":"2018-12-19T06:39:33","guid":{"rendered":"https:\/\/www.lengyelrobert.hu\/uncategorized\/2018-12-19-i-facebook-bejegyzes\/"},"modified":"2018-12-19T07:39:33","modified_gmt":"2018-12-19T06:39:33","slug":"2018-12-19-i-facebook-bejegyzes","status":"publish","type":"post","link":"https:\/\/www.lengyelrobert.hu\/index.php\/2018\/12\/19\/2018-12-19-i-facebook-bejegyzes\/","title":{"rendered":"2018.12.19-i Facebook bejegyz\u00e9s"},"content":{"rendered":"<p>Tisztelt Olvas\u00f3im!<\/p>\n<p>        Tegnap bemutatkoz\u00f3 l\u00e1togat\u00e1sra fogadtam az Si\u00f3fok KC operat\u00edv igazgat\u00f3j\u00e1t, Pint\u00e9r Zolt\u00e1n urat. A megbesz\u00e9l\u00e9s r\u00e9szleteit mell\u0151zve n\u00e9h\u00e1ny gondolat:<br \/>\n        A magam r\u00e9sz\u00e9r\u0151l elismer\u0151en nyilatkoztam az NB I-es n\u0151i k\u00e9zilabda csapat elm\u00falt id\u0151szaki eredm\u00e9nyeir\u0151l. A teljes\u00edtm\u00e9ny minden sport\u00e1gban gy\u00fcm\u00f6lcs\u00f6z\u0151, itt is. A telth\u00e1zas m\u00e9rk\u0151z\u00e9sek \u00f6nmaguk\u00e9rt besz\u00e9lnek. Nem vagyok ellene annak, hogy egy orsz\u00e1gosan jegyzett, Si\u00f3fok nev\u00e9t visel\u0151 \u00e9s komoly eredm\u00e9nyeket felmutat\u00f3, hangs\u00falyozom, eredm\u00e9nyeket felmutat\u00f3 profi csapat ir\u00e1ny\u00e1ba is tegyen gesztusokat az \u00e9rintett telep\u00fcl\u00e9s, jelen esetben Si\u00f3fok. De abb\u00e9li v\u00e9lem\u00e9nyem tov\u00e1bbra sem v\u00e1ltozott, hogy a t\u00f6meg- \u00e9s ut\u00e1np\u00f3tl\u00e1s sport az, ahol komolyabb v\u00e1rosi szerepv\u00e1llal\u00e1sra van, kell, hogy legyen lehet\u0151s\u00e9g. Janu\u00e1rban Pint\u00e9r \u00far gesztus\u00e1t \u00e9rt\u00e9kelve viszonozni fogom a l\u00e1togat\u00e1st.<\/p>\n<p>        Tegnap d\u00e9lut\u00e1n a Nyugd\u00edjasok Si\u00f3foki Egyes\u00fclete tartotta \u00e9vz\u00e1r\u00f3 rendezv\u00e9ny\u00e9t, melyen volt szerencs\u00e9m r\u00e9szt venni. A m\u0171sor a lenti vide\u00f3n megtekinthet\u0151. K\u00f6sz\u00f6n\u00f6m a megh\u00edv\u00e1st, val\u00f3ban j\u00f3l \u00e9reztem magam.<\/p>\n<p>        https:\/\/www.facebook.com\/folner\/videos\/10217833716264606\/?id=100009409911564<\/p>\n<p><a href=\"\"><\/a><\/p>\n","protected":false},"excerpt":{"rendered":"<p>Tisztelt Olvas\u00f3im! Tegnap bemutatkoz\u00f3 l\u00e1togat\u00e1sra fogadtam az Si\u00f3fok KC operat\u00edv igazgat\u00f3j\u00e1t, Pint\u00e9r Zolt\u00e1n urat. A megbesz\u00e9l\u00e9s r\u00e9szleteit mell\u0151zve n\u00e9h\u00e1ny gondolat: A magam r\u00e9sz\u00e9r\u0151l elismer\u0151en nyilatkoztam az NB I-es n\u0151i k\u00e9zilabda csapat elm\u00falt id\u0151szaki eredm\u00e9nyeir\u0151l. A teljes\u00edtm\u00e9ny minden sport\u00e1gban gy\u00fcm\u00f6lcs\u00f6z\u0151, itt is. A telth\u00e1zas m\u00e9rk\u0151z\u00e9sek \u00f6nmaguk\u00e9rt besz\u00e9lnek. Nem vagyok ellene annak, hogy egy orsz\u00e1gosan jegyzett, Si\u00f3fok [&hellip;]<\/p>\n","protected":false},"author":1,"featured_media":0,"comment_status":"closed","ping_status":"closed","sticky":false,"template":"","format":"standard","meta":{"_acf_changed":false,"_et_pb_use_builder":"","_et_pb_old_content":"","_et_gb_content_width":"","footnotes":""},"categories":[1],"tags":[],"class_list":["post-4379","post","type-post","status-publish","format-standard","hentry","category-uncategorized"],"acf":[],"yoast_head":"<!-- This site is optimized with the Yoast SEO plugin v23.8 - https:\/\/yoast.com\/wordpress\/plugins\/seo\/ -->\n<title>2018.12.19-i Facebook bejegyz\u00e9s - dr. Lengyel R\u00f3bert<\/title>\n<meta name=\"robots\" content=\"index, follow, max-snippet:-1, max-image-preview:large, max-video-preview:-1\" \/>\n<link rel=\"canonical\" href=\"https:\/\/www.lengyelrobert.hu\/index.php\/2018\/12\/19\/2018-12-19-i-facebook-bejegyzes\/\" \/>\n<meta property=\"og:locale\" content=\"hu_HU\" \/>\n<meta property=\"og:type\" content=\"article\" \/>\n<meta property=\"og:title\" content=\"2018.12.19-i Facebook bejegyz\u00e9s - dr. Lengyel R\u00f3bert\" \/>\n<meta property=\"og:description\" content=\"Tisztelt Olvas\u00f3im! Tegnap bemutatkoz\u00f3 l\u00e1togat\u00e1sra fogadtam az Si\u00f3fok KC operat\u00edv igazgat\u00f3j\u00e1t, Pint\u00e9r Zolt\u00e1n urat. A megbesz\u00e9l\u00e9s r\u00e9szleteit mell\u0151zve n\u00e9h\u00e1ny gondolat: A magam r\u00e9sz\u00e9r\u0151l elismer\u0151en nyilatkoztam az NB I-es n\u0151i k\u00e9zilabda csapat elm\u00falt id\u0151szaki eredm\u00e9nyeir\u0151l. A teljes\u00edtm\u00e9ny minden sport\u00e1gban gy\u00fcm\u00f6lcs\u00f6z\u0151, itt is. A telth\u00e1zas m\u00e9rk\u0151z\u00e9sek \u00f6nmaguk\u00e9rt besz\u00e9lnek. Nem vagyok ellene annak, hogy egy orsz\u00e1gosan jegyzett, Si\u00f3fok [&hellip;]\" \/>\n<meta property=\"og:url\" content=\"https:\/\/www.lengyelrobert.hu\/index.php\/2018\/12\/19\/2018-12-19-i-facebook-bejegyzes\/\" \/>\n<meta property=\"og:site_name\" content=\"dr. Lengyel R\u00f3bert\" \/>\n<meta property=\"article:published_time\" content=\"2018-12-19T06:39:33+00:00\" \/>\n<meta name=\"author\" content=\"webmaster\" \/>\n<meta name=\"twitter:card\" content=\"summary_large_image\" \/>\n<meta name=\"twitter:label1\" content=\"Szerz\u0151:\" \/>\n\t<meta name=\"twitter:data1\" content=\"webmaster\" \/>\n\t<meta name=\"twitter:label2\" content=\"Becs\u00fclt olvas\u00e1si id\u0151\" \/>\n\t<meta name=\"twitter:data2\" content=\"1 perc\" \/>\n<script type=\"application\/ld+json\" class=\"yoast-schema-graph\">{\"@context\":\"https:\/\/schema.org\",\"@graph\":[{\"@type\":\"WebPage\",\"@id\":\"https:\/\/www.lengyelrobert.hu\/index.php\/2018\/12\/19\/2018-12-19-i-facebook-bejegyzes\/\",\"url\":\"https:\/\/www.lengyelrobert.hu\/index.php\/2018\/12\/19\/2018-12-19-i-facebook-bejegyzes\/\",\"name\":\"2018.12.19-i Facebook bejegyz\u00e9s - dr. Lengyel R\u00f3bert\",\"isPartOf\":{\"@id\":\"https:\/\/www.lengyelrobert.hu\/#website\"},\"datePublished\":\"2018-12-19T06:39:33+00:00\",\"dateModified\":\"2018-12-19T06:39:33+00:00\",\"author\":{\"@id\":\"https:\/\/www.lengyelrobert.hu\/#\/schema\/person\/2926fe5141a59e6530d8a411eb7bfb2d\"},\"breadcrumb\":{\"@id\":\"https:\/\/www.lengyelrobert.hu\/index.php\/2018\/12\/19\/2018-12-19-i-facebook-bejegyzes\/#breadcrumb\"},\"inLanguage\":\"hu\",\"potentialAction\":[{\"@type\":\"ReadAction\",\"target\":[\"https:\/\/www.lengyelrobert.hu\/index.php\/2018\/12\/19\/2018-12-19-i-facebook-bejegyzes\/\"]}]},{\"@type\":\"BreadcrumbList\",\"@id\":\"https:\/\/www.lengyelrobert.hu\/index.php\/2018\/12\/19\/2018-12-19-i-facebook-bejegyzes\/#breadcrumb\",\"itemListElement\":[{\"@type\":\"ListItem\",\"position\":1,\"name\":\"Home\",\"item\":\"https:\/\/www.lengyelrobert.hu\/\"},{\"@type\":\"ListItem\",\"position\":2,\"name\":\"2018.12.19-i Facebook bejegyz\u00e9s\"}]},{\"@type\":\"WebSite\",\"@id\":\"https:\/\/www.lengyelrobert.hu\/#website\",\"url\":\"https:\/\/www.lengyelrobert.hu\/\",\"name\":\"dr. Lengyel R\u00f3bert\",\"description\":\"A Becs\u00fclettel Si\u00f3fok\u00e9rt Egyes\u00fclet honlapja\",\"potentialAction\":[{\"@type\":\"SearchAction\",\"target\":{\"@type\":\"EntryPoint\",\"urlTemplate\":\"https:\/\/www.lengyelrobert.hu\/?s={search_term_string}\"},\"query-input\":{\"@type\":\"PropertyValueSpecification\",\"valueRequired\":true,\"valueName\":\"search_term_string\"}}],\"inLanguage\":\"hu\"},{\"@type\":\"Person\",\"@id\":\"https:\/\/www.lengyelrobert.hu\/#\/schema\/person\/2926fe5141a59e6530d8a411eb7bfb2d\",\"name\":\"webmaster\",\"image\":{\"@type\":\"ImageObject\",\"inLanguage\":\"hu\",\"@id\":\"https:\/\/www.lengyelrobert.hu\/#\/schema\/person\/image\/\",\"url\":\"https:\/\/secure.gravatar.com\/avatar\/d53f7fc01f188bb097ecc2caf950c777c2cdc1ec48a2d1726a8399a2188940b0?s=96&d=mm&r=g\",\"contentUrl\":\"https:\/\/secure.gravatar.com\/avatar\/d53f7fc01f188bb097ecc2caf950c777c2cdc1ec48a2d1726a8399a2188940b0?s=96&d=mm&r=g\",\"caption\":\"webmaster\"},\"sameAs\":[\"https:\/\/www.lengyelrobert.hu\"],\"url\":\"https:\/\/www.lengyelrobert.hu\/index.php\/author\/webmaster\/\"}]}<\/script>\n<!-- \/ Yoast SEO plugin. -->","yoast_head_json":{"title":"2018.12.19-i Facebook bejegyz\u00e9s - dr. Lengyel R\u00f3bert","robots":{"index":"index","follow":"follow","max-snippet":"max-snippet:-1","max-image-preview":"max-image-preview:large","max-video-preview":"max-video-preview:-1"},"canonical":"https:\/\/www.lengyelrobert.hu\/index.php\/2018\/12\/19\/2018-12-19-i-facebook-bejegyzes\/","og_locale":"hu_HU","og_type":"article","og_title":"2018.12.19-i Facebook bejegyz\u00e9s - dr. Lengyel R\u00f3bert","og_description":"Tisztelt Olvas\u00f3im! Tegnap bemutatkoz\u00f3 l\u00e1togat\u00e1sra fogadtam az Si\u00f3fok KC operat\u00edv igazgat\u00f3j\u00e1t, Pint\u00e9r Zolt\u00e1n urat. A megbesz\u00e9l\u00e9s r\u00e9szleteit mell\u0151zve n\u00e9h\u00e1ny gondolat: A magam r\u00e9sz\u00e9r\u0151l elismer\u0151en nyilatkoztam az NB I-es n\u0151i k\u00e9zilabda csapat elm\u00falt id\u0151szaki eredm\u00e9nyeir\u0151l. A teljes\u00edtm\u00e9ny minden sport\u00e1gban gy\u00fcm\u00f6lcs\u00f6z\u0151, itt is. A telth\u00e1zas m\u00e9rk\u0151z\u00e9sek \u00f6nmaguk\u00e9rt besz\u00e9lnek. Nem vagyok ellene annak, hogy egy orsz\u00e1gosan jegyzett, Si\u00f3fok [&hellip;]","og_url":"https:\/\/www.lengyelrobert.hu\/index.php\/2018\/12\/19\/2018-12-19-i-facebook-bejegyzes\/","og_site_name":"dr. Lengyel R\u00f3bert","article_published_time":"2018-12-19T06:39:33+00:00","author":"webmaster","twitter_card":"summary_large_image","twitter_misc":{"Szerz\u0151:":"webmaster","Becs\u00fclt olvas\u00e1si id\u0151":"1 perc"},"schema":{"@context":"https:\/\/schema.org","@graph":[{"@type":"WebPage","@id":"https:\/\/www.lengyelrobert.hu\/index.php\/2018\/12\/19\/2018-12-19-i-facebook-bejegyzes\/","url":"https:\/\/www.lengyelrobert.hu\/index.php\/2018\/12\/19\/2018-12-19-i-facebook-bejegyzes\/","name":"2018.12.19-i Facebook bejegyz\u00e9s - dr. Lengyel R\u00f3bert","isPartOf":{"@id":"https:\/\/www.lengyelrobert.hu\/#website"},"datePublished":"2018-12-19T06:39:33+00:00","dateModified":"2018-12-19T06:39:33+00:00","author":{"@id":"https:\/\/www.lengyelrobert.hu\/#\/schema\/person\/2926fe5141a59e6530d8a411eb7bfb2d"},"breadcrumb":{"@id":"https:\/\/www.lengyelrobert.hu\/index.php\/2018\/12\/19\/2018-12-19-i-facebook-bejegyzes\/#breadcrumb"},"inLanguage":"hu","potentialAction":[{"@type":"ReadAction","target":["https:\/\/www.lengyelrobert.hu\/index.php\/2018\/12\/19\/2018-12-19-i-facebook-bejegyzes\/"]}]},{"@type":"BreadcrumbList","@id":"https:\/\/www.lengyelrobert.hu\/index.php\/2018\/12\/19\/2018-12-19-i-facebook-bejegyzes\/#breadcrumb","itemListElement":[{"@type":"ListItem","position":1,"name":"Home","item":"https:\/\/www.lengyelrobert.hu\/"},{"@type":"ListItem","position":2,"name":"2018.12.19-i Facebook bejegyz\u00e9s"}]},{"@type":"WebSite","@id":"https:\/\/www.lengyelrobert.hu\/#website","url":"https:\/\/www.lengyelrobert.hu\/","name":"dr. Lengyel R\u00f3bert","description":"A Becs\u00fclettel Si\u00f3fok\u00e9rt Egyes\u00fclet honlapja","potentialAction":[{"@type":"SearchAction","target":{"@type":"EntryPoint","urlTemplate":"https:\/\/www.lengyelrobert.hu\/?s={search_term_string}"},"query-input":{"@type":"PropertyValueSpecification","valueRequired":true,"valueName":"search_term_string"}}],"inLanguage":"hu"},{"@type":"Person","@id":"https:\/\/www.lengyelrobert.hu\/#\/schema\/person\/2926fe5141a59e6530d8a411eb7bfb2d","name":"webmaster","image":{"@type":"ImageObject","inLanguage":"hu","@id":"https:\/\/www.lengyelrobert.hu\/#\/schema\/person\/image\/","url":"https:\/\/secure.gravatar.com\/avatar\/d53f7fc01f188bb097ecc2caf950c777c2cdc1ec48a2d1726a8399a2188940b0?s=96&d=mm&r=g","contentUrl":"https:\/\/secure.gravatar.com\/avatar\/d53f7fc01f188bb097ecc2caf950c777c2cdc1ec48a2d1726a8399a2188940b0?s=96&d=mm&r=g","caption":"webmaster"},"sameAs":["https:\/\/www.lengyelrobert.hu"],"url":"https:\/\/www.lengyelrobert.hu\/index.php\/author\/webmaster\/"}]}},"_links":{"self":[{"href":"https:\/\/www.lengyelrobert.hu\/index.php\/wp-json\/wp\/v2\/posts\/4379","targetHints":{"allow":["GET"]}}],"collection":[{"href":"https:\/\/www.lengyelrobert.hu\/index.php\/wp-json\/wp\/v2\/posts"}],"about":[{"href":"https:\/\/www.lengyelrobert.hu\/index.php\/wp-json\/wp\/v2\/types\/post"}],"author":[{"embeddable":true,"href":"https:\/\/www.lengyelrobert.hu\/index.php\/wp-json\/wp\/v2\/users\/1"}],"replies":[{"embeddable":true,"href":"https:\/\/www.lengyelrobert.hu\/index.php\/wp-json\/wp\/v2\/comments?post=4379"}],"version-history":[{"count":0,"href":"https:\/\/www.lengyelrobert.hu\/index.php\/wp-json\/wp\/v2\/posts\/4379\/revisions"}],"wp:attachment":[{"href":"https:\/\/www.lengyelrobert.hu\/index.php\/wp-json\/wp\/v2\/media?parent=4379"}],"wp:term":[{"taxonomy":"category","embeddable":true,"href":"https:\/\/www.lengyelrobert.hu\/index.php\/wp-json\/wp\/v2\/categories?post=4379"},{"taxonomy":"post_tag","embeddable":true,"href":"https:\/\/www.lengyelrobert.hu\/index.php\/wp-json\/wp\/v2\/tags?post=4379"}],"curies":[{"name":"wp","href":"https:\/\/api.w.org\/{rel}","templated":true}]}}