{"id":4367,"date":"2018-12-23T09:47:48","date_gmt":"2018-12-23T08:47:48","guid":{"rendered":"https:\/\/www.lengyelrobert.hu\/uncategorized\/2018-12-23-i-facebook-bejegyzes\/"},"modified":"2018-12-23T09:47:48","modified_gmt":"2018-12-23T08:47:48","slug":"2018-12-23-i-facebook-bejegyzes","status":"publish","type":"post","link":"https:\/\/www.lengyelrobert.hu\/index.php\/2018\/12\/23\/2018-12-23-i-facebook-bejegyzes\/","title":{"rendered":"2018.12.23-i Facebook bejegyz\u00e9s"},"content":{"rendered":"<p>Kar\u00e1csony&#8230;<\/p>\n<p>        Hogy mi is a Kar\u00e1csony? Hogy nekem mi is a Kar\u00e1csony? El\u0151sz\u00f6r is, a gyerekkoromb\u00f3l felsejl\u0151 gy\u00f6ny\u00f6r\u0171 eml\u00e9kek sokas\u00e1ga. Az akkor m\u00e9g havas Szentest\u00e9k var\u00e1zsa, a gyermeki lelket l\u00e1zban tart\u00f3 J\u00e9zuska-v\u00e1r\u00e1s, a szeretetteljes \u00fcnnepi vacsor\u00e1k, eb\u00e9dek ap\u00e1mmal, any\u00e1mmal \u00e9s a k\u00e9t testv\u00e9remmel.<br \/>\n        K\u00e9s\u0151bb a kar\u00e1csonyfa d\u00edsz\u00edt\u00e9sek az akkor m\u00e9g kicsi fiammal, a J\u00e9zuska elj\u00f6vetel\u00e9t jelz\u0151 csengetty\u0171sz\u00f3.  De akkor is, most is a szeretet, a csal\u00e1dtagok \u00f6sszetartoz\u00e1s\u00e1nak leggy\u00f6ny\u00f6r\u0171bb szimb\u00f3luma. A m\u00e9lt\u00f3s\u00e1gteljes csend, a b\u00e9kess\u00e9g, az elm\u00e9lked\u00e9s \u00e9s eml\u00e9kez\u00e9s id\u0151szaka. Az Istent\u0151l kapott emberi l\u00e9tez\u00e9s nagyszer\u0171s\u00e9g\u00e9nek egyik csod\u00e1latos bizony\u00edt\u00e9ka. Nekem, akinek a sz\u0171kebb \u00e9s t\u00e1gabb csal\u00e1d is megadatott, szavakba foglalva valami ilyesmit jelent. <\/p>\n<p>        De ne feledj\u00fck, sok-sok embernek szerte az orsz\u00e1gban nem adatik meg a csal\u00e1d, vagy nem t\u00f6r\u0151dik vel\u00fck a csal\u00e1d, teh\u00e1t mag\u00e1nyosak az \u00fcnnep ideje alatt is. Sokaknak nem adatik meg a meleg hajl\u00e9k, az \u00fcnnepi \u00e9tek sem, h\u00e1t f\u00e1znak \u00e9s \u00e9hesen teng\u0151dnek majd. Amennyit tudtam, a napokban seg\u00edtettem \u00e9s nagyon sokan m\u00e1sok is seg\u00edtettek, hogy nekik is lehessen kicsit jobb. Annyit m\u00e9g megtehet\u00fcnk, hogy egy halk im\u00e1t Szenteste elmormolunk \u00e9rt\u00fck is. A mag\u00e1nyosok\u00e9rt, a f\u00e1z\u00f3k\u00e9rt \u00e9s \u00e9hez\u0151k\u00e9rt. Egysz\u00f3val k\u00edv\u00e1nom, min\u00e9l t\u00f6bb honfit\u00e1rsamat j\u00e1rja \u00e1t az \u00fcnnep p\u00e1toszos hangulata, min\u00e9l t\u00f6bben \u00e9rezz\u00fck a szeretetet magunk k\u00f6r\u00fcl \u00e9s min\u00e9l t\u00f6bben mondhassuk majd p\u00e1r nap m\u00falva, hogy igaz\u00e1n gy\u00f6ny\u00f6r\u0171 Kar\u00e1csonyunk volt. B\u00e9k\u00e9s \u00fcnnepet Si\u00f3fok, b\u00e9k\u00e9s \u00fcnnepet Magyarorsz\u00e1g!<\/p>\n<p><a href=\"\"><\/a><\/p>\n","protected":false},"excerpt":{"rendered":"<p>Kar\u00e1csony&#8230; Hogy mi is a Kar\u00e1csony? Hogy nekem mi is a Kar\u00e1csony? El\u0151sz\u00f6r is, a gyerekkoromb\u00f3l felsejl\u0151 gy\u00f6ny\u00f6r\u0171 eml\u00e9kek sokas\u00e1ga. Az akkor m\u00e9g havas Szentest\u00e9k var\u00e1zsa, a gyermeki lelket l\u00e1zban tart\u00f3 J\u00e9zuska-v\u00e1r\u00e1s, a szeretetteljes \u00fcnnepi vacsor\u00e1k, eb\u00e9dek ap\u00e1mmal, any\u00e1mmal \u00e9s a k\u00e9t testv\u00e9remmel. K\u00e9s\u0151bb a kar\u00e1csonyfa d\u00edsz\u00edt\u00e9sek az akkor m\u00e9g kicsi fiammal, a J\u00e9zuska elj\u00f6vetel\u00e9t [&hellip;]<\/p>\n","protected":false},"author":1,"featured_media":4368,"comment_status":"closed","ping_status":"closed","sticky":false,"template":"","format":"standard","meta":{"_acf_changed":false,"_et_pb_use_builder":"","_et_pb_old_content":"","_et_gb_content_width":"","footnotes":""},"categories":[1],"tags":[],"class_list":["post-4367","post","type-post","status-publish","format-standard","has-post-thumbnail","hentry","category-uncategorized"],"acf":[],"yoast_head":"<!-- This site is optimized with the Yoast SEO plugin v23.8 - https:\/\/yoast.com\/wordpress\/plugins\/seo\/ -->\n<title>2018.12.23-i Facebook bejegyz\u00e9s - dr. Lengyel R\u00f3bert<\/title>\n<meta name=\"robots\" content=\"index, follow, max-snippet:-1, max-image-preview:large, max-video-preview:-1\" \/>\n<link rel=\"canonical\" href=\"https:\/\/www.lengyelrobert.hu\/index.php\/2018\/12\/23\/2018-12-23-i-facebook-bejegyzes\/\" \/>\n<meta property=\"og:locale\" content=\"hu_HU\" \/>\n<meta property=\"og:type\" content=\"article\" \/>\n<meta property=\"og:title\" content=\"2018.12.23-i Facebook bejegyz\u00e9s - dr. Lengyel R\u00f3bert\" \/>\n<meta property=\"og:description\" content=\"Kar\u00e1csony&#8230; Hogy mi is a Kar\u00e1csony? Hogy nekem mi is a Kar\u00e1csony? El\u0151sz\u00f6r is, a gyerekkoromb\u00f3l felsejl\u0151 gy\u00f6ny\u00f6r\u0171 eml\u00e9kek sokas\u00e1ga. Az akkor m\u00e9g havas Szentest\u00e9k var\u00e1zsa, a gyermeki lelket l\u00e1zban tart\u00f3 J\u00e9zuska-v\u00e1r\u00e1s, a szeretetteljes \u00fcnnepi vacsor\u00e1k, eb\u00e9dek ap\u00e1mmal, any\u00e1mmal \u00e9s a k\u00e9t testv\u00e9remmel. K\u00e9s\u0151bb a kar\u00e1csonyfa d\u00edsz\u00edt\u00e9sek az akkor m\u00e9g kicsi fiammal, a J\u00e9zuska elj\u00f6vetel\u00e9t [&hellip;]\" \/>\n<meta property=\"og:url\" content=\"https:\/\/www.lengyelrobert.hu\/index.php\/2018\/12\/23\/2018-12-23-i-facebook-bejegyzes\/\" \/>\n<meta property=\"og:site_name\" content=\"dr. Lengyel R\u00f3bert\" \/>\n<meta property=\"article:published_time\" content=\"2018-12-23T08:47:48+00:00\" \/>\n<meta property=\"og:image\" content=\"https:\/\/www.lengyelrobert.hu\/wp-content\/uploads\/2019\/04\/48921859_1233292063486769_7536508848073342976_n_1233292060153436-1.jpg\" \/>\n\t<meta property=\"og:image:width\" content=\"640\" \/>\n\t<meta property=\"og:image:height\" content=\"412\" \/>\n\t<meta property=\"og:image:type\" content=\"image\/jpeg\" \/>\n<meta name=\"author\" content=\"webmaster\" \/>\n<meta name=\"twitter:card\" content=\"summary_large_image\" \/>\n<meta name=\"twitter:label1\" content=\"Szerz\u0151:\" \/>\n\t<meta name=\"twitter:data1\" content=\"webmaster\" \/>\n\t<meta name=\"twitter:label2\" content=\"Becs\u00fclt olvas\u00e1si id\u0151\" \/>\n\t<meta name=\"twitter:data2\" content=\"2 perc\" \/>\n<script type=\"application\/ld+json\" class=\"yoast-schema-graph\">{\"@context\":\"https:\/\/schema.org\",\"@graph\":[{\"@type\":\"WebPage\",\"@id\":\"https:\/\/www.lengyelrobert.hu\/index.php\/2018\/12\/23\/2018-12-23-i-facebook-bejegyzes\/\",\"url\":\"https:\/\/www.lengyelrobert.hu\/index.php\/2018\/12\/23\/2018-12-23-i-facebook-bejegyzes\/\",\"name\":\"2018.12.23-i Facebook bejegyz\u00e9s - dr. Lengyel R\u00f3bert\",\"isPartOf\":{\"@id\":\"https:\/\/www.lengyelrobert.hu\/#website\"},\"primaryImageOfPage\":{\"@id\":\"https:\/\/www.lengyelrobert.hu\/index.php\/2018\/12\/23\/2018-12-23-i-facebook-bejegyzes\/#primaryimage\"},\"image\":{\"@id\":\"https:\/\/www.lengyelrobert.hu\/index.php\/2018\/12\/23\/2018-12-23-i-facebook-bejegyzes\/#primaryimage\"},\"thumbnailUrl\":\"https:\/\/www.lengyelrobert.hu\/wp-content\/uploads\/2019\/04\/48921859_1233292063486769_7536508848073342976_n_1233292060153436-1.jpg\",\"datePublished\":\"2018-12-23T08:47:48+00:00\",\"dateModified\":\"2018-12-23T08:47:48+00:00\",\"author\":{\"@id\":\"https:\/\/www.lengyelrobert.hu\/#\/schema\/person\/2926fe5141a59e6530d8a411eb7bfb2d\"},\"breadcrumb\":{\"@id\":\"https:\/\/www.lengyelrobert.hu\/index.php\/2018\/12\/23\/2018-12-23-i-facebook-bejegyzes\/#breadcrumb\"},\"inLanguage\":\"hu\",\"potentialAction\":[{\"@type\":\"ReadAction\",\"target\":[\"https:\/\/www.lengyelrobert.hu\/index.php\/2018\/12\/23\/2018-12-23-i-facebook-bejegyzes\/\"]}]},{\"@type\":\"ImageObject\",\"inLanguage\":\"hu\",\"@id\":\"https:\/\/www.lengyelrobert.hu\/index.php\/2018\/12\/23\/2018-12-23-i-facebook-bejegyzes\/#primaryimage\",\"url\":\"https:\/\/www.lengyelrobert.hu\/wp-content\/uploads\/2019\/04\/48921859_1233292063486769_7536508848073342976_n_1233292060153436-1.jpg\",\"contentUrl\":\"https:\/\/www.lengyelrobert.hu\/wp-content\/uploads\/2019\/04\/48921859_1233292063486769_7536508848073342976_n_1233292060153436-1.jpg\",\"width\":640,\"height\":412},{\"@type\":\"BreadcrumbList\",\"@id\":\"https:\/\/www.lengyelrobert.hu\/index.php\/2018\/12\/23\/2018-12-23-i-facebook-bejegyzes\/#breadcrumb\",\"itemListElement\":[{\"@type\":\"ListItem\",\"position\":1,\"name\":\"Home\",\"item\":\"https:\/\/www.lengyelrobert.hu\/\"},{\"@type\":\"ListItem\",\"position\":2,\"name\":\"2018.12.23-i Facebook bejegyz\u00e9s\"}]},{\"@type\":\"WebSite\",\"@id\":\"https:\/\/www.lengyelrobert.hu\/#website\",\"url\":\"https:\/\/www.lengyelrobert.hu\/\",\"name\":\"dr. Lengyel R\u00f3bert\",\"description\":\"A Becs\u00fclettel Si\u00f3fok\u00e9rt Egyes\u00fclet honlapja\",\"potentialAction\":[{\"@type\":\"SearchAction\",\"target\":{\"@type\":\"EntryPoint\",\"urlTemplate\":\"https:\/\/www.lengyelrobert.hu\/?s={search_term_string}\"},\"query-input\":{\"@type\":\"PropertyValueSpecification\",\"valueRequired\":true,\"valueName\":\"search_term_string\"}}],\"inLanguage\":\"hu\"},{\"@type\":\"Person\",\"@id\":\"https:\/\/www.lengyelrobert.hu\/#\/schema\/person\/2926fe5141a59e6530d8a411eb7bfb2d\",\"name\":\"webmaster\",\"image\":{\"@type\":\"ImageObject\",\"inLanguage\":\"hu\",\"@id\":\"https:\/\/www.lengyelrobert.hu\/#\/schema\/person\/image\/\",\"url\":\"https:\/\/secure.gravatar.com\/avatar\/d53f7fc01f188bb097ecc2caf950c777c2cdc1ec48a2d1726a8399a2188940b0?s=96&d=mm&r=g\",\"contentUrl\":\"https:\/\/secure.gravatar.com\/avatar\/d53f7fc01f188bb097ecc2caf950c777c2cdc1ec48a2d1726a8399a2188940b0?s=96&d=mm&r=g\",\"caption\":\"webmaster\"},\"sameAs\":[\"https:\/\/www.lengyelrobert.hu\"],\"url\":\"https:\/\/www.lengyelrobert.hu\/index.php\/author\/webmaster\/\"}]}<\/script>\n<!-- \/ Yoast SEO plugin. -->","yoast_head_json":{"title":"2018.12.23-i Facebook bejegyz\u00e9s - dr. Lengyel R\u00f3bert","robots":{"index":"index","follow":"follow","max-snippet":"max-snippet:-1","max-image-preview":"max-image-preview:large","max-video-preview":"max-video-preview:-1"},"canonical":"https:\/\/www.lengyelrobert.hu\/index.php\/2018\/12\/23\/2018-12-23-i-facebook-bejegyzes\/","og_locale":"hu_HU","og_type":"article","og_title":"2018.12.23-i Facebook bejegyz\u00e9s - dr. Lengyel R\u00f3bert","og_description":"Kar\u00e1csony&#8230; Hogy mi is a Kar\u00e1csony? Hogy nekem mi is a Kar\u00e1csony? El\u0151sz\u00f6r is, a gyerekkoromb\u00f3l felsejl\u0151 gy\u00f6ny\u00f6r\u0171 eml\u00e9kek sokas\u00e1ga. Az akkor m\u00e9g havas Szentest\u00e9k var\u00e1zsa, a gyermeki lelket l\u00e1zban tart\u00f3 J\u00e9zuska-v\u00e1r\u00e1s, a szeretetteljes \u00fcnnepi vacsor\u00e1k, eb\u00e9dek ap\u00e1mmal, any\u00e1mmal \u00e9s a k\u00e9t testv\u00e9remmel. K\u00e9s\u0151bb a kar\u00e1csonyfa d\u00edsz\u00edt\u00e9sek az akkor m\u00e9g kicsi fiammal, a J\u00e9zuska elj\u00f6vetel\u00e9t [&hellip;]","og_url":"https:\/\/www.lengyelrobert.hu\/index.php\/2018\/12\/23\/2018-12-23-i-facebook-bejegyzes\/","og_site_name":"dr. Lengyel R\u00f3bert","article_published_time":"2018-12-23T08:47:48+00:00","og_image":[{"width":640,"height":412,"url":"https:\/\/www.lengyelrobert.hu\/wp-content\/uploads\/2019\/04\/48921859_1233292063486769_7536508848073342976_n_1233292060153436-1.jpg","type":"image\/jpeg"}],"author":"webmaster","twitter_card":"summary_large_image","twitter_misc":{"Szerz\u0151:":"webmaster","Becs\u00fclt olvas\u00e1si id\u0151":"2 perc"},"schema":{"@context":"https:\/\/schema.org","@graph":[{"@type":"WebPage","@id":"https:\/\/www.lengyelrobert.hu\/index.php\/2018\/12\/23\/2018-12-23-i-facebook-bejegyzes\/","url":"https:\/\/www.lengyelrobert.hu\/index.php\/2018\/12\/23\/2018-12-23-i-facebook-bejegyzes\/","name":"2018.12.23-i Facebook bejegyz\u00e9s - dr. Lengyel R\u00f3bert","isPartOf":{"@id":"https:\/\/www.lengyelrobert.hu\/#website"},"primaryImageOfPage":{"@id":"https:\/\/www.lengyelrobert.hu\/index.php\/2018\/12\/23\/2018-12-23-i-facebook-bejegyzes\/#primaryimage"},"image":{"@id":"https:\/\/www.lengyelrobert.hu\/index.php\/2018\/12\/23\/2018-12-23-i-facebook-bejegyzes\/#primaryimage"},"thumbnailUrl":"https:\/\/www.lengyelrobert.hu\/wp-content\/uploads\/2019\/04\/48921859_1233292063486769_7536508848073342976_n_1233292060153436-1.jpg","datePublished":"2018-12-23T08:47:48+00:00","dateModified":"2018-12-23T08:47:48+00:00","author":{"@id":"https:\/\/www.lengyelrobert.hu\/#\/schema\/person\/2926fe5141a59e6530d8a411eb7bfb2d"},"breadcrumb":{"@id":"https:\/\/www.lengyelrobert.hu\/index.php\/2018\/12\/23\/2018-12-23-i-facebook-bejegyzes\/#breadcrumb"},"inLanguage":"hu","potentialAction":[{"@type":"ReadAction","target":["https:\/\/www.lengyelrobert.hu\/index.php\/2018\/12\/23\/2018-12-23-i-facebook-bejegyzes\/"]}]},{"@type":"ImageObject","inLanguage":"hu","@id":"https:\/\/www.lengyelrobert.hu\/index.php\/2018\/12\/23\/2018-12-23-i-facebook-bejegyzes\/#primaryimage","url":"https:\/\/www.lengyelrobert.hu\/wp-content\/uploads\/2019\/04\/48921859_1233292063486769_7536508848073342976_n_1233292060153436-1.jpg","contentUrl":"https:\/\/www.lengyelrobert.hu\/wp-content\/uploads\/2019\/04\/48921859_1233292063486769_7536508848073342976_n_1233292060153436-1.jpg","width":640,"height":412},{"@type":"BreadcrumbList","@id":"https:\/\/www.lengyelrobert.hu\/index.php\/2018\/12\/23\/2018-12-23-i-facebook-bejegyzes\/#breadcrumb","itemListElement":[{"@type":"ListItem","position":1,"name":"Home","item":"https:\/\/www.lengyelrobert.hu\/"},{"@type":"ListItem","position":2,"name":"2018.12.23-i Facebook bejegyz\u00e9s"}]},{"@type":"WebSite","@id":"https:\/\/www.lengyelrobert.hu\/#website","url":"https:\/\/www.lengyelrobert.hu\/","name":"dr. Lengyel R\u00f3bert","description":"A Becs\u00fclettel Si\u00f3fok\u00e9rt Egyes\u00fclet honlapja","potentialAction":[{"@type":"SearchAction","target":{"@type":"EntryPoint","urlTemplate":"https:\/\/www.lengyelrobert.hu\/?s={search_term_string}"},"query-input":{"@type":"PropertyValueSpecification","valueRequired":true,"valueName":"search_term_string"}}],"inLanguage":"hu"},{"@type":"Person","@id":"https:\/\/www.lengyelrobert.hu\/#\/schema\/person\/2926fe5141a59e6530d8a411eb7bfb2d","name":"webmaster","image":{"@type":"ImageObject","inLanguage":"hu","@id":"https:\/\/www.lengyelrobert.hu\/#\/schema\/person\/image\/","url":"https:\/\/secure.gravatar.com\/avatar\/d53f7fc01f188bb097ecc2caf950c777c2cdc1ec48a2d1726a8399a2188940b0?s=96&d=mm&r=g","contentUrl":"https:\/\/secure.gravatar.com\/avatar\/d53f7fc01f188bb097ecc2caf950c777c2cdc1ec48a2d1726a8399a2188940b0?s=96&d=mm&r=g","caption":"webmaster"},"sameAs":["https:\/\/www.lengyelrobert.hu"],"url":"https:\/\/www.lengyelrobert.hu\/index.php\/author\/webmaster\/"}]}},"_links":{"self":[{"href":"https:\/\/www.lengyelrobert.hu\/index.php\/wp-json\/wp\/v2\/posts\/4367","targetHints":{"allow":["GET"]}}],"collection":[{"href":"https:\/\/www.lengyelrobert.hu\/index.php\/wp-json\/wp\/v2\/posts"}],"about":[{"href":"https:\/\/www.lengyelrobert.hu\/index.php\/wp-json\/wp\/v2\/types\/post"}],"author":[{"embeddable":true,"href":"https:\/\/www.lengyelrobert.hu\/index.php\/wp-json\/wp\/v2\/users\/1"}],"replies":[{"embeddable":true,"href":"https:\/\/www.lengyelrobert.hu\/index.php\/wp-json\/wp\/v2\/comments?post=4367"}],"version-history":[{"count":0,"href":"https:\/\/www.lengyelrobert.hu\/index.php\/wp-json\/wp\/v2\/posts\/4367\/revisions"}],"wp:featuredmedia":[{"embeddable":true,"href":"https:\/\/www.lengyelrobert.hu\/index.php\/wp-json\/wp\/v2\/media\/4368"}],"wp:attachment":[{"href":"https:\/\/www.lengyelrobert.hu\/index.php\/wp-json\/wp\/v2\/media?parent=4367"}],"wp:term":[{"taxonomy":"category","embeddable":true,"href":"https:\/\/www.lengyelrobert.hu\/index.php\/wp-json\/wp\/v2\/categories?post=4367"},{"taxonomy":"post_tag","embeddable":true,"href":"https:\/\/www.lengyelrobert.hu\/index.php\/wp-json\/wp\/v2\/tags?post=4367"}],"curies":[{"name":"wp","href":"https:\/\/api.w.org\/{rel}","templated":true}]}}