{"id":4300,"date":"2019-01-23T08:20:30","date_gmt":"2019-01-23T07:20:30","guid":{"rendered":"https:\/\/www.lengyelrobert.hu\/uncategorized\/2019-01-23-i-facebook-bejegyzes-2\/"},"modified":"2019-01-23T08:20:30","modified_gmt":"2019-01-23T07:20:30","slug":"2019-01-23-i-facebook-bejegyzes-2","status":"publish","type":"post","link":"https:\/\/www.lengyelrobert.hu\/index.php\/2019\/01\/23\/2019-01-23-i-facebook-bejegyzes-2\/","title":{"rendered":"2019.01.23-i Facebook bejegyz\u00e9s"},"content":{"rendered":"<p>Tisztelt Olvas\u00f3im!<\/p>\n<p>        Havas napra \u00e9bredt\u00fcnk ma. S b\u00e1r a reggeli cs\u00facs id\u0151szak\u00e1ban g\u0151zer\u0151vel dolgoztak a Si\u00f3kom h\u00f3tol\u00f3i a j\u00e1rd\u00e1kon \u00e9s utakon, nem voltam marad\u00e9ktalanul el\u00e9gedett a tapasztaltakkal. Tal\u00e1n lehetett volna kor\u00e1bban is kezdeni a munk\u00e1t, el\u0151r\u00e9bb lenn\u00e9nk. Hivatali munkat\u00e1rsaimat kik\u00fcldtem a ter\u00fclet ellen\u0151rz\u00e9s\u00e9re, de ett\u0151l f\u00fcggetlen\u00fcl, miut\u00e1n az es\u00e9s al\u00e1bb hagyott, r\u00f6videsen k\u00f6zleked\u00e9sre alkalmas \u00e1llapotba ker\u00fcl valamennyi jelent\u0151sebb gyalogos \u00e9s g\u00e9pj\u00e1rm\u0171 forgalmat bonyol\u00edt\u00f3 utunk, j\u00e1rd\u00e1nk. Az viszont t\u00e9ny, hogy az \u00e1llami k\u00f6z\u00fat \u00e1ltal kezelt 4 s\u00e1vos v\u00e1rosi szakasza ma m\u00e9g nem l\u00e1tott h\u00f3tol\u00f3t, bok\u00e1ig \u00e9r\u0151 latyakban mennek az aut\u00f3k, amelyre \u00edr\u00e1sban k\u00e9rek magyar\u00e1zatot az \u00e9rintett c\u00e9gt\u0151l.<\/p>\n<p>        \u00c9s egy j\u00f3 h\u00edr a t\u00f6rt\u00e9nelem, k\u00fcl\u00f6n\u00f6sen a r\u00f3mai kori t\u00f6rt\u00e9nelem szerelmeseinek. A Magyarorsz\u00e1gon titokzatos k\u00f6r\u00fclm\u00e9nyek k\u00f6z\u00f6tt megtal\u00e1lt, majd krimibe ill\u0151 m\u00f3don elt\u0171nt, azt\u00e1n \u00fajra el\u0151ker\u00fclt r\u00f3mai kori Seuzo kincsekr\u0151l sz\u00f3l\u00f3 el\u0151ad\u00e1s lesz holnap a k\u00f6nyvt\u00e1rban.<\/p>\n<p>        Bar\u00e1ts\u00e1ggal: R.<\/p>\n<p><a href=\"\"><\/a><\/p>\n","protected":false},"excerpt":{"rendered":"<p>Tisztelt Olvas\u00f3im! Havas napra \u00e9bredt\u00fcnk ma. S b\u00e1r a reggeli cs\u00facs id\u0151szak\u00e1ban g\u0151zer\u0151vel dolgoztak a Si\u00f3kom h\u00f3tol\u00f3i a j\u00e1rd\u00e1kon \u00e9s utakon, nem voltam marad\u00e9ktalanul el\u00e9gedett a tapasztaltakkal. Tal\u00e1n lehetett volna kor\u00e1bban is kezdeni a munk\u00e1t, el\u0151r\u00e9bb lenn\u00e9nk. Hivatali munkat\u00e1rsaimat kik\u00fcldtem a ter\u00fclet ellen\u0151rz\u00e9s\u00e9re, de ett\u0151l f\u00fcggetlen\u00fcl, miut\u00e1n az es\u00e9s al\u00e1bb hagyott, r\u00f6videsen k\u00f6zleked\u00e9sre alkalmas \u00e1llapotba [&hellip;]<\/p>\n","protected":false},"author":1,"featured_media":4301,"comment_status":"closed","ping_status":"closed","sticky":false,"template":"","format":"standard","meta":{"_acf_changed":false,"_et_pb_use_builder":"","_et_pb_old_content":"","_et_gb_content_width":"","footnotes":""},"categories":[1],"tags":[],"class_list":["post-4300","post","type-post","status-publish","format-standard","has-post-thumbnail","hentry","category-uncategorized"],"acf":[],"yoast_head":"<!-- This site is optimized with the Yoast SEO plugin v23.8 - https:\/\/yoast.com\/wordpress\/plugins\/seo\/ -->\n<title>2019.01.23-i Facebook bejegyz\u00e9s - dr. Lengyel R\u00f3bert<\/title>\n<meta name=\"robots\" content=\"index, follow, max-snippet:-1, max-image-preview:large, max-video-preview:-1\" \/>\n<link rel=\"canonical\" href=\"https:\/\/www.lengyelrobert.hu\/index.php\/2019\/01\/23\/2019-01-23-i-facebook-bejegyzes-2\/\" \/>\n<meta property=\"og:locale\" content=\"hu_HU\" \/>\n<meta property=\"og:type\" content=\"article\" \/>\n<meta property=\"og:title\" content=\"2019.01.23-i Facebook bejegyz\u00e9s - dr. Lengyel R\u00f3bert\" \/>\n<meta property=\"og:description\" content=\"Tisztelt Olvas\u00f3im! Havas napra \u00e9bredt\u00fcnk ma. S b\u00e1r a reggeli cs\u00facs id\u0151szak\u00e1ban g\u0151zer\u0151vel dolgoztak a Si\u00f3kom h\u00f3tol\u00f3i a j\u00e1rd\u00e1kon \u00e9s utakon, nem voltam marad\u00e9ktalanul el\u00e9gedett a tapasztaltakkal. Tal\u00e1n lehetett volna kor\u00e1bban is kezdeni a munk\u00e1t, el\u0151r\u00e9bb lenn\u00e9nk. Hivatali munkat\u00e1rsaimat kik\u00fcldtem a ter\u00fclet ellen\u0151rz\u00e9s\u00e9re, de ett\u0151l f\u00fcggetlen\u00fcl, miut\u00e1n az es\u00e9s al\u00e1bb hagyott, r\u00f6videsen k\u00f6zleked\u00e9sre alkalmas \u00e1llapotba [&hellip;]\" \/>\n<meta property=\"og:url\" content=\"https:\/\/www.lengyelrobert.hu\/index.php\/2019\/01\/23\/2019-01-23-i-facebook-bejegyzes-2\/\" \/>\n<meta property=\"og:site_name\" content=\"dr. Lengyel R\u00f3bert\" \/>\n<meta property=\"article:published_time\" content=\"2019-01-23T07:20:30+00:00\" \/>\n<meta property=\"og:image\" content=\"https:\/\/www.lengyelrobert.hu\/wp-content\/uploads\/2019\/04\/50726029_1254288578053784_5976903654781747200_n_1254288574720451-1.jpg\" \/>\n\t<meta property=\"og:image:width\" content=\"502\" \/>\n\t<meta property=\"og:image:height\" content=\"686\" \/>\n\t<meta property=\"og:image:type\" content=\"image\/jpeg\" \/>\n<meta name=\"author\" content=\"webmaster\" \/>\n<meta name=\"twitter:card\" content=\"summary_large_image\" \/>\n<meta name=\"twitter:label1\" content=\"Szerz\u0151:\" \/>\n\t<meta name=\"twitter:data1\" content=\"webmaster\" \/>\n\t<meta name=\"twitter:label2\" content=\"Becs\u00fclt olvas\u00e1si id\u0151\" \/>\n\t<meta name=\"twitter:data2\" content=\"1 perc\" \/>\n<script type=\"application\/ld+json\" class=\"yoast-schema-graph\">{\"@context\":\"https:\/\/schema.org\",\"@graph\":[{\"@type\":\"WebPage\",\"@id\":\"https:\/\/www.lengyelrobert.hu\/index.php\/2019\/01\/23\/2019-01-23-i-facebook-bejegyzes-2\/\",\"url\":\"https:\/\/www.lengyelrobert.hu\/index.php\/2019\/01\/23\/2019-01-23-i-facebook-bejegyzes-2\/\",\"name\":\"2019.01.23-i Facebook bejegyz\u00e9s - dr. Lengyel R\u00f3bert\",\"isPartOf\":{\"@id\":\"https:\/\/www.lengyelrobert.hu\/#website\"},\"primaryImageOfPage\":{\"@id\":\"https:\/\/www.lengyelrobert.hu\/index.php\/2019\/01\/23\/2019-01-23-i-facebook-bejegyzes-2\/#primaryimage\"},\"image\":{\"@id\":\"https:\/\/www.lengyelrobert.hu\/index.php\/2019\/01\/23\/2019-01-23-i-facebook-bejegyzes-2\/#primaryimage\"},\"thumbnailUrl\":\"https:\/\/www.lengyelrobert.hu\/wp-content\/uploads\/2019\/04\/50726029_1254288578053784_5976903654781747200_n_1254288574720451-1.jpg\",\"datePublished\":\"2019-01-23T07:20:30+00:00\",\"dateModified\":\"2019-01-23T07:20:30+00:00\",\"author\":{\"@id\":\"https:\/\/www.lengyelrobert.hu\/#\/schema\/person\/2926fe5141a59e6530d8a411eb7bfb2d\"},\"breadcrumb\":{\"@id\":\"https:\/\/www.lengyelrobert.hu\/index.php\/2019\/01\/23\/2019-01-23-i-facebook-bejegyzes-2\/#breadcrumb\"},\"inLanguage\":\"hu\",\"potentialAction\":[{\"@type\":\"ReadAction\",\"target\":[\"https:\/\/www.lengyelrobert.hu\/index.php\/2019\/01\/23\/2019-01-23-i-facebook-bejegyzes-2\/\"]}]},{\"@type\":\"ImageObject\",\"inLanguage\":\"hu\",\"@id\":\"https:\/\/www.lengyelrobert.hu\/index.php\/2019\/01\/23\/2019-01-23-i-facebook-bejegyzes-2\/#primaryimage\",\"url\":\"https:\/\/www.lengyelrobert.hu\/wp-content\/uploads\/2019\/04\/50726029_1254288578053784_5976903654781747200_n_1254288574720451-1.jpg\",\"contentUrl\":\"https:\/\/www.lengyelrobert.hu\/wp-content\/uploads\/2019\/04\/50726029_1254288578053784_5976903654781747200_n_1254288574720451-1.jpg\",\"width\":502,\"height\":686},{\"@type\":\"BreadcrumbList\",\"@id\":\"https:\/\/www.lengyelrobert.hu\/index.php\/2019\/01\/23\/2019-01-23-i-facebook-bejegyzes-2\/#breadcrumb\",\"itemListElement\":[{\"@type\":\"ListItem\",\"position\":1,\"name\":\"Home\",\"item\":\"https:\/\/www.lengyelrobert.hu\/\"},{\"@type\":\"ListItem\",\"position\":2,\"name\":\"2019.01.23-i Facebook bejegyz\u00e9s\"}]},{\"@type\":\"WebSite\",\"@id\":\"https:\/\/www.lengyelrobert.hu\/#website\",\"url\":\"https:\/\/www.lengyelrobert.hu\/\",\"name\":\"dr. Lengyel R\u00f3bert\",\"description\":\"A Becs\u00fclettel Si\u00f3fok\u00e9rt Egyes\u00fclet honlapja\",\"potentialAction\":[{\"@type\":\"SearchAction\",\"target\":{\"@type\":\"EntryPoint\",\"urlTemplate\":\"https:\/\/www.lengyelrobert.hu\/?s={search_term_string}\"},\"query-input\":{\"@type\":\"PropertyValueSpecification\",\"valueRequired\":true,\"valueName\":\"search_term_string\"}}],\"inLanguage\":\"hu\"},{\"@type\":\"Person\",\"@id\":\"https:\/\/www.lengyelrobert.hu\/#\/schema\/person\/2926fe5141a59e6530d8a411eb7bfb2d\",\"name\":\"webmaster\",\"image\":{\"@type\":\"ImageObject\",\"inLanguage\":\"hu\",\"@id\":\"https:\/\/www.lengyelrobert.hu\/#\/schema\/person\/image\/\",\"url\":\"https:\/\/secure.gravatar.com\/avatar\/d53f7fc01f188bb097ecc2caf950c777c2cdc1ec48a2d1726a8399a2188940b0?s=96&d=mm&r=g\",\"contentUrl\":\"https:\/\/secure.gravatar.com\/avatar\/d53f7fc01f188bb097ecc2caf950c777c2cdc1ec48a2d1726a8399a2188940b0?s=96&d=mm&r=g\",\"caption\":\"webmaster\"},\"sameAs\":[\"https:\/\/www.lengyelrobert.hu\"],\"url\":\"https:\/\/www.lengyelrobert.hu\/index.php\/author\/webmaster\/\"}]}<\/script>\n<!-- \/ Yoast SEO plugin. -->","yoast_head_json":{"title":"2019.01.23-i Facebook bejegyz\u00e9s - dr. Lengyel R\u00f3bert","robots":{"index":"index","follow":"follow","max-snippet":"max-snippet:-1","max-image-preview":"max-image-preview:large","max-video-preview":"max-video-preview:-1"},"canonical":"https:\/\/www.lengyelrobert.hu\/index.php\/2019\/01\/23\/2019-01-23-i-facebook-bejegyzes-2\/","og_locale":"hu_HU","og_type":"article","og_title":"2019.01.23-i Facebook bejegyz\u00e9s - dr. Lengyel R\u00f3bert","og_description":"Tisztelt Olvas\u00f3im! Havas napra \u00e9bredt\u00fcnk ma. S b\u00e1r a reggeli cs\u00facs id\u0151szak\u00e1ban g\u0151zer\u0151vel dolgoztak a Si\u00f3kom h\u00f3tol\u00f3i a j\u00e1rd\u00e1kon \u00e9s utakon, nem voltam marad\u00e9ktalanul el\u00e9gedett a tapasztaltakkal. Tal\u00e1n lehetett volna kor\u00e1bban is kezdeni a munk\u00e1t, el\u0151r\u00e9bb lenn\u00e9nk. Hivatali munkat\u00e1rsaimat kik\u00fcldtem a ter\u00fclet ellen\u0151rz\u00e9s\u00e9re, de ett\u0151l f\u00fcggetlen\u00fcl, miut\u00e1n az es\u00e9s al\u00e1bb hagyott, r\u00f6videsen k\u00f6zleked\u00e9sre alkalmas \u00e1llapotba [&hellip;]","og_url":"https:\/\/www.lengyelrobert.hu\/index.php\/2019\/01\/23\/2019-01-23-i-facebook-bejegyzes-2\/","og_site_name":"dr. Lengyel R\u00f3bert","article_published_time":"2019-01-23T07:20:30+00:00","og_image":[{"width":502,"height":686,"url":"https:\/\/www.lengyelrobert.hu\/wp-content\/uploads\/2019\/04\/50726029_1254288578053784_5976903654781747200_n_1254288574720451-1.jpg","type":"image\/jpeg"}],"author":"webmaster","twitter_card":"summary_large_image","twitter_misc":{"Szerz\u0151:":"webmaster","Becs\u00fclt olvas\u00e1si id\u0151":"1 perc"},"schema":{"@context":"https:\/\/schema.org","@graph":[{"@type":"WebPage","@id":"https:\/\/www.lengyelrobert.hu\/index.php\/2019\/01\/23\/2019-01-23-i-facebook-bejegyzes-2\/","url":"https:\/\/www.lengyelrobert.hu\/index.php\/2019\/01\/23\/2019-01-23-i-facebook-bejegyzes-2\/","name":"2019.01.23-i Facebook bejegyz\u00e9s - dr. Lengyel R\u00f3bert","isPartOf":{"@id":"https:\/\/www.lengyelrobert.hu\/#website"},"primaryImageOfPage":{"@id":"https:\/\/www.lengyelrobert.hu\/index.php\/2019\/01\/23\/2019-01-23-i-facebook-bejegyzes-2\/#primaryimage"},"image":{"@id":"https:\/\/www.lengyelrobert.hu\/index.php\/2019\/01\/23\/2019-01-23-i-facebook-bejegyzes-2\/#primaryimage"},"thumbnailUrl":"https:\/\/www.lengyelrobert.hu\/wp-content\/uploads\/2019\/04\/50726029_1254288578053784_5976903654781747200_n_1254288574720451-1.jpg","datePublished":"2019-01-23T07:20:30+00:00","dateModified":"2019-01-23T07:20:30+00:00","author":{"@id":"https:\/\/www.lengyelrobert.hu\/#\/schema\/person\/2926fe5141a59e6530d8a411eb7bfb2d"},"breadcrumb":{"@id":"https:\/\/www.lengyelrobert.hu\/index.php\/2019\/01\/23\/2019-01-23-i-facebook-bejegyzes-2\/#breadcrumb"},"inLanguage":"hu","potentialAction":[{"@type":"ReadAction","target":["https:\/\/www.lengyelrobert.hu\/index.php\/2019\/01\/23\/2019-01-23-i-facebook-bejegyzes-2\/"]}]},{"@type":"ImageObject","inLanguage":"hu","@id":"https:\/\/www.lengyelrobert.hu\/index.php\/2019\/01\/23\/2019-01-23-i-facebook-bejegyzes-2\/#primaryimage","url":"https:\/\/www.lengyelrobert.hu\/wp-content\/uploads\/2019\/04\/50726029_1254288578053784_5976903654781747200_n_1254288574720451-1.jpg","contentUrl":"https:\/\/www.lengyelrobert.hu\/wp-content\/uploads\/2019\/04\/50726029_1254288578053784_5976903654781747200_n_1254288574720451-1.jpg","width":502,"height":686},{"@type":"BreadcrumbList","@id":"https:\/\/www.lengyelrobert.hu\/index.php\/2019\/01\/23\/2019-01-23-i-facebook-bejegyzes-2\/#breadcrumb","itemListElement":[{"@type":"ListItem","position":1,"name":"Home","item":"https:\/\/www.lengyelrobert.hu\/"},{"@type":"ListItem","position":2,"name":"2019.01.23-i Facebook bejegyz\u00e9s"}]},{"@type":"WebSite","@id":"https:\/\/www.lengyelrobert.hu\/#website","url":"https:\/\/www.lengyelrobert.hu\/","name":"dr. Lengyel R\u00f3bert","description":"A Becs\u00fclettel Si\u00f3fok\u00e9rt Egyes\u00fclet honlapja","potentialAction":[{"@type":"SearchAction","target":{"@type":"EntryPoint","urlTemplate":"https:\/\/www.lengyelrobert.hu\/?s={search_term_string}"},"query-input":{"@type":"PropertyValueSpecification","valueRequired":true,"valueName":"search_term_string"}}],"inLanguage":"hu"},{"@type":"Person","@id":"https:\/\/www.lengyelrobert.hu\/#\/schema\/person\/2926fe5141a59e6530d8a411eb7bfb2d","name":"webmaster","image":{"@type":"ImageObject","inLanguage":"hu","@id":"https:\/\/www.lengyelrobert.hu\/#\/schema\/person\/image\/","url":"https:\/\/secure.gravatar.com\/avatar\/d53f7fc01f188bb097ecc2caf950c777c2cdc1ec48a2d1726a8399a2188940b0?s=96&d=mm&r=g","contentUrl":"https:\/\/secure.gravatar.com\/avatar\/d53f7fc01f188bb097ecc2caf950c777c2cdc1ec48a2d1726a8399a2188940b0?s=96&d=mm&r=g","caption":"webmaster"},"sameAs":["https:\/\/www.lengyelrobert.hu"],"url":"https:\/\/www.lengyelrobert.hu\/index.php\/author\/webmaster\/"}]}},"_links":{"self":[{"href":"https:\/\/www.lengyelrobert.hu\/index.php\/wp-json\/wp\/v2\/posts\/4300","targetHints":{"allow":["GET"]}}],"collection":[{"href":"https:\/\/www.lengyelrobert.hu\/index.php\/wp-json\/wp\/v2\/posts"}],"about":[{"href":"https:\/\/www.lengyelrobert.hu\/index.php\/wp-json\/wp\/v2\/types\/post"}],"author":[{"embeddable":true,"href":"https:\/\/www.lengyelrobert.hu\/index.php\/wp-json\/wp\/v2\/users\/1"}],"replies":[{"embeddable":true,"href":"https:\/\/www.lengyelrobert.hu\/index.php\/wp-json\/wp\/v2\/comments?post=4300"}],"version-history":[{"count":0,"href":"https:\/\/www.lengyelrobert.hu\/index.php\/wp-json\/wp\/v2\/posts\/4300\/revisions"}],"wp:featuredmedia":[{"embeddable":true,"href":"https:\/\/www.lengyelrobert.hu\/index.php\/wp-json\/wp\/v2\/media\/4301"}],"wp:attachment":[{"href":"https:\/\/www.lengyelrobert.hu\/index.php\/wp-json\/wp\/v2\/media?parent=4300"}],"wp:term":[{"taxonomy":"category","embeddable":true,"href":"https:\/\/www.lengyelrobert.hu\/index.php\/wp-json\/wp\/v2\/categories?post=4300"},{"taxonomy":"post_tag","embeddable":true,"href":"https:\/\/www.lengyelrobert.hu\/index.php\/wp-json\/wp\/v2\/tags?post=4300"}],"curies":[{"name":"wp","href":"https:\/\/api.w.org\/{rel}","templated":true}]}}